{"id":7783,"date":"2019-07-17T11:47:58","date_gmt":"2019-07-17T09:47:58","guid":{"rendered":"https:\/\/www.naturparkmagazin.de\/schwaebisch-fraenkischer-wald\/?p=7783"},"modified":"2019-07-16T11:52:28","modified_gmt":"2019-07-16T09:52:28","slug":"mit-den-naturparkfuehrern-zu-kuehlen-waeldern-und-schluchten","status":"publish","type":"post","link":"https:\/\/www.naturparkmagazin.de\/schwaebisch-fraenkischer-wald\/mit-den-naturparkfuehrern-zu-kuehlen-waeldern-und-schluchten\/","title":{"rendered":"Mit den Naturparkf\u00fchrern zu k\u00fchlen W\u00e4ldern und Schluchten"},"content":{"rendered":"<p>Wenn am Himmel die warme Sommersonne strahlt, dann ist dies das perfekte Wetter, um in den k\u00fchlen W\u00e4ldern und Klingen des Naturparks Schw\u00e4bisch-Fr\u00e4nkischer Wald wandern zu gehen.<\/p>\n<div id=\"attachment_7784\" style=\"width: 510px\" class=\"wp-caption alignright\"><a href=\"https:\/\/www.naturparkmagazin.de\/schwaebisch-fraenkischer-wald\/wp-content\/uploads\/sites\/34\/190624_BILD_Sommer_Kuehnle.jpg\"><img aria-describedby=\"caption-attachment-7784\" decoding=\"async\" loading=\"lazy\" class=\"size-full wp-image-7784\" src=\"https:\/\/www.naturparkmagazin.de\/schwaebisch-fraenkischer-wald\/wp-content\/uploads\/sites\/34\/190624_BILD_Sommer_Kuehnle.jpg\" alt=\"Mit den Naturparkf\u00fchrern zu k\u00fchlen W\u00e4ldern und Schluchten \" width=\"500\" height=\"300\" srcset=\"https:\/\/www.naturparkmagazin.de\/schwaebisch-fraenkischer-wald\/wp-content\/uploads\/sites\/34\/190624_BILD_Sommer_Kuehnle.jpg 500w, https:\/\/www.naturparkmagazin.de\/schwaebisch-fraenkischer-wald\/wp-content\/uploads\/sites\/34\/190624_BILD_Sommer_Kuehnle-300x180.jpg 300w, https:\/\/www.naturparkmagazin.de\/schwaebisch-fraenkischer-wald\/wp-content\/uploads\/sites\/34\/190624_BILD_Sommer_Kuehnle-200x120.jpg 200w\" sizes=\"(max-width: 500px) 100vw, 500px\" \/><\/a><p id=\"caption-attachment-7784\" class=\"wp-caption-text\">Mit den Naturparkf\u00fchrern zu k\u00fchlen W\u00e4ldern und Schluchten<\/p><\/div>\n<p>Die Naturparkf\u00fchrer bringen ihre G\u00e4ste gerne zu solch idyllischen Orten. Z.B. geht es durch die faszinierende Bodenbachschlucht, zu den rauschenden H\u00f6rschbachwasserf\u00e4llen, zum geheimnisvollen Kupfermoor oder auf gem\u00fctlichen Wegen an kleinen Waldb\u00e4chen entlang. Oder wie w\u00e4re es mit einer landschaftlich abwechslungsreichen E-Bike-Tour? Entspannung pur bieten hingegen Yoga und andere meditative \u00dcbungen im Wald oder am Ebnisee. Und was w\u00e4chst und bl\u00fcht im Sommer in Feld und Flur? Welches Wildgem\u00fcse ist momentan reif und welche Kr\u00e4uter wurden traditionell zu Weihb\u00fcscheln verarbeitet?<\/p>\n<p>Dies und vieles mehr wird auf den kurzweiligen Touren der Naturparkf\u00fchrer thematisiert. Speziell f\u00fcr die jungen G\u00e4ste werden verschiedene Ferienfreizeiten, das \u201eNaturerlebniscamp W\u00fcstenrot\u201c oder \u201eEbnisee f\u00fcr alle\u201c angeboten.<\/p>\n<p>Diese und viele weitere Termine finden sich in der \u201eNaturpark aktiv\u201c-Brosch\u00fcre und auf <a href=\"http:\/\/www.die-naturparkfuehrer.de\" target=\"_blank\">www.die-naturparkfuehrer.de<\/a><\/p>\n","protected":false},"excerpt":{"rendered":"<p>Die Naturparkf\u00fchrer begleiten ihre G\u00e4ste gerne an idyllische Orte<\/p>\n","protected":false},"author":25,"featured_media":7785,"comment_status":"open","ping_status":"open","sticky":false,"template":"","format":"standard","meta":[],"categories":[617],"tags":[1253],"yoast_head":"<!-- This site is optimized with the Yoast SEO plugin v19.10 - https:\/\/yoast.com\/wordpress\/plugins\/seo\/ -->\n<title>Mit den Naturparkf\u00fchrern zu k\u00fchlen W\u00e4ldern und Schluchten - Naturpark Schw\u00e4bisch-Fr\u00e4nkischer Wald<\/title>\n<meta name=\"robots\" content=\"index, follow, max-snippet:-1, max-image-preview:large, max-video-preview:-1\" \/>\n<link rel=\"canonical\" href=\"https:\/\/www.naturparkmagazin.de\/schwaebisch-fraenkischer-wald\/mit-den-naturparkfuehrern-zu-kuehlen-waeldern-und-schluchten\/\" \/>\n<meta property=\"og:locale\" content=\"de_DE\" \/>\n<meta property=\"og:type\" content=\"article\" \/>\n<meta property=\"og:title\" content=\"Mit den Naturparkf\u00fchrern zu k\u00fchlen W\u00e4ldern und Schluchten - Naturpark Schw\u00e4bisch-Fr\u00e4nkischer Wald\" \/>\n<meta property=\"og:description\" content=\"Die Naturparkf\u00fchrer begleiten ihre G\u00e4ste gerne an idyllische Orte\" \/>\n<meta property=\"og:url\" content=\"https:\/\/www.naturparkmagazin.de\/schwaebisch-fraenkischer-wald\/mit-den-naturparkfuehrern-zu-kuehlen-waeldern-und-schluchten\/\" \/>\n<meta property=\"og:site_name\" content=\"Naturpark Schw\u00e4bisch-Fr\u00e4nkischer Wald\" \/>\n<meta property=\"article:author\" content=\"https:\/\/www.facebook.com\/naturparkSFW\" \/>\n<meta property=\"article:published_time\" content=\"2019-07-17T09:47:58+00:00\" \/>\n<meta property=\"article:modified_time\" content=\"2019-07-16T09:52:28+00:00\" \/>\n<meta property=\"og:image\" content=\"https:\/\/www.naturparkmagazin.de\/schwaebisch-fraenkischer-wald\/wp-content\/uploads\/sites\/34\/190624_BILD_Sommer_Kuehnle1.jpg\" \/>\n\t<meta property=\"og:image:width\" content=\"200\" \/>\n\t<meta property=\"og:image:height\" content=\"200\" \/>\n\t<meta property=\"og:image:type\" content=\"image\/jpeg\" \/>\n<meta name=\"author\" content=\"Naturpark-Team\" \/>\n<meta name=\"twitter:label1\" content=\"Verfasst von\" \/>\n\t<meta name=\"twitter:data1\" content=\"Naturpark-Team\" \/>\n\t<meta name=\"twitter:label2\" content=\"Gesch\u00e4tzte Lesezeit\" \/>\n\t<meta name=\"twitter:data2\" content=\"1\u00a0Minute\" \/>\n<script type=\"application\/ld+json\" class=\"yoast-schema-graph\">{\"@context\":\"https:\/\/schema.org\",\"@graph\":[{\"@type\":\"WebPage\",\"@id\":\"https:\/\/www.naturparkmagazin.de\/schwaebisch-fraenkischer-wald\/mit-den-naturparkfuehrern-zu-kuehlen-waeldern-und-schluchten\/\",\"url\":\"https:\/\/www.naturparkmagazin.de\/schwaebisch-fraenkischer-wald\/mit-den-naturparkfuehrern-zu-kuehlen-waeldern-und-schluchten\/\",\"name\":\"Mit den Naturparkf\u00fchrern zu k\u00fchlen W\u00e4ldern und Schluchten - Naturpark Schw\u00e4bisch-Fr\u00e4nkischer Wald\",\"isPartOf\":{\"@id\":\"https:\/\/www.naturparkmagazin.de\/schwaebisch-fraenkischer-wald\/#website\"},\"datePublished\":\"2019-07-17T09:47:58+00:00\",\"dateModified\":\"2019-07-16T09:52:28+00:00\",\"author\":{\"@id\":\"https:\/\/www.naturparkmagazin.de\/schwaebisch-fraenkischer-wald\/#\/schema\/person\/f047a3702ae747fd7830cf8ac95e6066\"},\"breadcrumb\":{\"@id\":\"https:\/\/www.naturparkmagazin.de\/schwaebisch-fraenkischer-wald\/mit-den-naturparkfuehrern-zu-kuehlen-waeldern-und-schluchten\/#breadcrumb\"},\"inLanguage\":\"de\",\"potentialAction\":[{\"@type\":\"ReadAction\",\"target\":[\"https:\/\/www.naturparkmagazin.de\/schwaebisch-fraenkischer-wald\/mit-den-naturparkfuehrern-zu-kuehlen-waeldern-und-schluchten\/\"]}]},{\"@type\":\"BreadcrumbList\",\"@id\":\"https:\/\/www.naturparkmagazin.de\/schwaebisch-fraenkischer-wald\/mit-den-naturparkfuehrern-zu-kuehlen-waeldern-und-schluchten\/#breadcrumb\",\"itemListElement\":[{\"@type\":\"ListItem\",\"position\":1,\"name\":\"Home\",\"item\":\"https:\/\/www.naturparkmagazin.de\/schwaebisch-fraenkischer-wald\/\"},{\"@type\":\"ListItem\",\"position\":2,\"name\":\"Mit den Naturparkf\u00fchrern zu k\u00fchlen W\u00e4ldern und Schluchten\"}]},{\"@type\":\"WebSite\",\"@id\":\"https:\/\/www.naturparkmagazin.de\/schwaebisch-fraenkischer-wald\/#website\",\"url\":\"https:\/\/www.naturparkmagazin.de\/schwaebisch-fraenkischer-wald\/\",\"name\":\"Naturpark Schw\u00e4bisch-Fr\u00e4nkischer Wald\",\"description\":\"\",\"potentialAction\":[{\"@type\":\"SearchAction\",\"target\":{\"@type\":\"EntryPoint\",\"urlTemplate\":\"https:\/\/www.naturparkmagazin.de\/schwaebisch-fraenkischer-wald\/?s={search_term_string}\"},\"query-input\":\"required name=search_term_string\"}],\"inLanguage\":\"de\"},{\"@type\":\"Person\",\"@id\":\"https:\/\/www.naturparkmagazin.de\/schwaebisch-fraenkischer-wald\/#\/schema\/person\/f047a3702ae747fd7830cf8ac95e6066\",\"name\":\"Naturpark-Team\",\"sameAs\":[\"http:\/\/www.naturpark-sfw.de\",\"https:\/\/www.facebook.com\/naturparkSFW\"],\"url\":\"https:\/\/www.naturparkmagazin.de\/schwaebisch-fraenkischer-wald\/author\/bernharddrixler\/\"}]}<\/script>\n<!-- \/ Yoast SEO plugin. -->","yoast_head_json":{"title":"Mit den Naturparkf\u00fchrern zu k\u00fchlen W\u00e4ldern und Schluchten - Naturpark Schw\u00e4bisch-Fr\u00e4nkischer Wald","robots":{"index":"index","follow":"follow","max-snippet":"max-snippet:-1","max-image-preview":"max-image-preview:large","max-video-preview":"max-video-preview:-1"},"canonical":"https:\/\/www.naturparkmagazin.de\/schwaebisch-fraenkischer-wald\/mit-den-naturparkfuehrern-zu-kuehlen-waeldern-und-schluchten\/","og_locale":"de_DE","og_type":"article","og_title":"Mit den Naturparkf\u00fchrern zu k\u00fchlen W\u00e4ldern und Schluchten - Naturpark Schw\u00e4bisch-Fr\u00e4nkischer Wald","og_description":"Die Naturparkf\u00fchrer begleiten ihre G\u00e4ste gerne an idyllische Orte","og_url":"https:\/\/www.naturparkmagazin.de\/schwaebisch-fraenkischer-wald\/mit-den-naturparkfuehrern-zu-kuehlen-waeldern-und-schluchten\/","og_site_name":"Naturpark Schw\u00e4bisch-Fr\u00e4nkischer Wald","article_author":"https:\/\/www.facebook.com\/naturparkSFW","article_published_time":"2019-07-17T09:47:58+00:00","article_modified_time":"2019-07-16T09:52:28+00:00","og_image":[{"width":200,"height":200,"url":"https:\/\/www.naturparkmagazin.de\/schwaebisch-fraenkischer-wald\/wp-content\/uploads\/sites\/34\/190624_BILD_Sommer_Kuehnle1.jpg","type":"image\/jpeg"}],"author":"Naturpark-Team","twitter_misc":{"Verfasst von":"Naturpark-Team","Gesch\u00e4tzte Lesezeit":"1\u00a0Minute"},"schema":{"@context":"https:\/\/schema.org","@graph":[{"@type":"WebPage","@id":"https:\/\/www.naturparkmagazin.de\/schwaebisch-fraenkischer-wald\/mit-den-naturparkfuehrern-zu-kuehlen-waeldern-und-schluchten\/","url":"https:\/\/www.naturparkmagazin.de\/schwaebisch-fraenkischer-wald\/mit-den-naturparkfuehrern-zu-kuehlen-waeldern-und-schluchten\/","name":"Mit den Naturparkf\u00fchrern zu k\u00fchlen W\u00e4ldern und Schluchten - Naturpark Schw\u00e4bisch-Fr\u00e4nkischer Wald","isPartOf":{"@id":"https:\/\/www.naturparkmagazin.de\/schwaebisch-fraenkischer-wald\/#website"},"datePublished":"2019-07-17T09:47:58+00:00","dateModified":"2019-07-16T09:52:28+00:00","author":{"@id":"https:\/\/www.naturparkmagazin.de\/schwaebisch-fraenkischer-wald\/#\/schema\/person\/f047a3702ae747fd7830cf8ac95e6066"},"breadcrumb":{"@id":"https:\/\/www.naturparkmagazin.de\/schwaebisch-fraenkischer-wald\/mit-den-naturparkfuehrern-zu-kuehlen-waeldern-und-schluchten\/#breadcrumb"},"inLanguage":"de","potentialAction":[{"@type":"ReadAction","target":["https:\/\/www.naturparkmagazin.de\/schwaebisch-fraenkischer-wald\/mit-den-naturparkfuehrern-zu-kuehlen-waeldern-und-schluchten\/"]}]},{"@type":"BreadcrumbList","@id":"https:\/\/www.naturparkmagazin.de\/schwaebisch-fraenkischer-wald\/mit-den-naturparkfuehrern-zu-kuehlen-waeldern-und-schluchten\/#breadcrumb","itemListElement":[{"@type":"ListItem","position":1,"name":"Home","item":"https:\/\/www.naturparkmagazin.de\/schwaebisch-fraenkischer-wald\/"},{"@type":"ListItem","position":2,"name":"Mit den Naturparkf\u00fchrern zu k\u00fchlen W\u00e4ldern und Schluchten"}]},{"@type":"WebSite","@id":"https:\/\/www.naturparkmagazin.de\/schwaebisch-fraenkischer-wald\/#website","url":"https:\/\/www.naturparkmagazin.de\/schwaebisch-fraenkischer-wald\/","name":"Naturpark Schw\u00e4bisch-Fr\u00e4nkischer Wald","description":"","potentialAction":[{"@type":"SearchAction","target":{"@type":"EntryPoint","urlTemplate":"https:\/\/www.naturparkmagazin.de\/schwaebisch-fraenkischer-wald\/?s={search_term_string}"},"query-input":"required name=search_term_string"}],"inLanguage":"de"},{"@type":"Person","@id":"https:\/\/www.naturparkmagazin.de\/schwaebisch-fraenkischer-wald\/#\/schema\/person\/f047a3702ae747fd7830cf8ac95e6066","name":"Naturpark-Team","sameAs":["http:\/\/www.naturpark-sfw.de","https:\/\/www.facebook.com\/naturparkSFW"],"url":"https:\/\/www.naturparkmagazin.de\/schwaebisch-fraenkischer-wald\/author\/bernharddrixler\/"}]}},"_links":{"self":[{"href":"https:\/\/www.naturparkmagazin.de\/schwaebisch-fraenkischer-wald\/wp-json\/wp\/v2\/posts\/7783"}],"collection":[{"href":"https:\/\/www.naturparkmagazin.de\/schwaebisch-fraenkischer-wald\/wp-json\/wp\/v2\/posts"}],"about":[{"href":"https:\/\/www.naturparkmagazin.de\/schwaebisch-fraenkischer-wald\/wp-json\/wp\/v2\/types\/post"}],"author":[{"embeddable":true,"href":"https:\/\/www.naturparkmagazin.de\/schwaebisch-fraenkischer-wald\/wp-json\/wp\/v2\/users\/25"}],"replies":[{"embeddable":true,"href":"https:\/\/www.naturparkmagazin.de\/schwaebisch-fraenkischer-wald\/wp-json\/wp\/v2\/comments?post=7783"}],"version-history":[{"count":1,"href":"https:\/\/www.naturparkmagazin.de\/schwaebisch-fraenkischer-wald\/wp-json\/wp\/v2\/posts\/7783\/revisions"}],"predecessor-version":[{"id":7786,"href":"https:\/\/www.naturparkmagazin.de\/schwaebisch-fraenkischer-wald\/wp-json\/wp\/v2\/posts\/7783\/revisions\/7786"}],"wp:featuredmedia":[{"embeddable":true,"href":"https:\/\/www.naturparkmagazin.de\/schwaebisch-fraenkischer-wald\/wp-json\/wp\/v2\/media\/7785"}],"wp:attachment":[{"href":"https:\/\/www.naturparkmagazin.de\/schwaebisch-fraenkischer-wald\/wp-json\/wp\/v2\/media?parent=7783"}],"wp:term":[{"taxonomy":"category","embeddable":true,"href":"https:\/\/www.naturparkmagazin.de\/schwaebisch-fraenkischer-wald\/wp-json\/wp\/v2\/categories?post=7783"},{"taxonomy":"post_tag","embeddable":true,"href":"https:\/\/www.naturparkmagazin.de\/schwaebisch-fraenkischer-wald\/wp-json\/wp\/v2\/tags?post=7783"}],"curies":[{"name":"wp","href":"https:\/\/api.w.org\/{rel}","templated":true}]}}