{"id":7801,"date":"2019-07-17T16:14:26","date_gmt":"2019-07-17T14:14:26","guid":{"rendered":"https:\/\/www.naturparkmagazin.de\/schwaebisch-fraenkischer-wald\/?p=7801"},"modified":"2019-07-16T16:23:26","modified_gmt":"2019-07-16T14:23:26","slug":"feenspuren-werden-im-schwaebischen-wald-ausgeschildert","status":"publish","type":"post","link":"https:\/\/www.naturparkmagazin.de\/schwaebisch-fraenkischer-wald\/feenspuren-werden-im-schwaebischen-wald-ausgeschildert\/","title":{"rendered":"\u201eFeenspuren\u201c werden im Schw\u00e4bischen Wald ausgeschildert"},"content":{"rendered":"<div id=\"attachment_7802\" style=\"width: 510px\" class=\"wp-caption alignright\"><a href=\"https:\/\/www.naturparkmagazin.de\/schwaebisch-fraenkischer-wald\/wp-content\/uploads\/sites\/34\/2019-07-16-Zwischenwegweiser_-Premiumwanderweg-Felsenmeer-Feenspuren-Foto-Stadt-Murrhardt.jpg\"><img aria-describedby=\"caption-attachment-7802\" decoding=\"async\" loading=\"lazy\" class=\"wp-image-7802 size-full\" src=\"https:\/\/www.naturparkmagazin.de\/schwaebisch-fraenkischer-wald\/wp-content\/uploads\/sites\/34\/2019-07-16-Zwischenwegweiser_-Premiumwanderweg-Felsenmeer-Feenspuren-Foto-Stadt-Murrhardt.jpg\" alt=\"\u201eFeenspuren\u201c werden im Schw\u00e4bischen Wald ausgeschildert\" width=\"500\" height=\"300\" srcset=\"https:\/\/www.naturparkmagazin.de\/schwaebisch-fraenkischer-wald\/wp-content\/uploads\/sites\/34\/2019-07-16-Zwischenwegweiser_-Premiumwanderweg-Felsenmeer-Feenspuren-Foto-Stadt-Murrhardt.jpg 500w, https:\/\/www.naturparkmagazin.de\/schwaebisch-fraenkischer-wald\/wp-content\/uploads\/sites\/34\/2019-07-16-Zwischenwegweiser_-Premiumwanderweg-Felsenmeer-Feenspuren-Foto-Stadt-Murrhardt-300x180.jpg 300w, https:\/\/www.naturparkmagazin.de\/schwaebisch-fraenkischer-wald\/wp-content\/uploads\/sites\/34\/2019-07-16-Zwischenwegweiser_-Premiumwanderweg-Felsenmeer-Feenspuren-Foto-Stadt-Murrhardt-200x120.jpg 200w\" sizes=\"(max-width: 500px) 100vw, 500px\" \/><\/a><p id=\"caption-attachment-7802\" class=\"wp-caption-text\">\u201eFeenspuren\u201c werden im Schw\u00e4bischen Wald ausgeschildert<\/p><\/div>\n<p>Vier neue Premiumwanderwege im Rems-Murr-Kreis sind auf der Zielgeraden. Bei einem Ortstermin am Riesberg in Murrhardt gaben die B\u00fcrgermeister Thomas Bernl\u00f6hr, Welzheim, und Armin M\u00f6\u00dfner, Murrhardt, gemeinsam mit dem Rems-Murr-Kreis den Startschuss f\u00fcr die Beschilderung der Premiumwanderwege Feenspuren in Murrhardt und Welzheim im Schw\u00e4bischen Wald.\nDie mit dem Deutschen Wandersiegel ausgezeichneten Premiumwanderwege garantieren Wanderern ein qualitativ hochwertiges, abwechslungsreiches Wandererlebnis auf h\u00f6chstem Niveau.<\/p>\n<p>Im Schw\u00e4bischen Wald befinden sich aktuell vier Premiumwander- und -spazierwanderwege in der Umsetzung: Die Feenspuren R\u00f6merwald und Dreischluchten in Welzheim sowie die Feenspuren Waldklingen und Felsenmeer in Murrhardt.\nDie Planung, Beschilderung und Zertifizierung der Qualit\u00e4ts- und Premiumwanderwege ist das Ergebnis der Qualit\u00e4tsinitiative Wandern. Das Projekt hat der Rems-Murr-Kreis in Zusammenarbeit mit den beteiligten Kommunen, der Fremdenverkehrsgemeinschaft Schw\u00e4bischer Wald und dem Tourismusverein Remstal-Route, mit Unterst\u00fctzung des Verbands Region Stuttgart durchgef\u00fchrt.\n\u201eWandern als eine klimaneutrale Form des sanften Tourismus ist ein zentraler Baustein der Tourismuskonzeption des Landkreises,\u201c so Landrat Dr. Richard Sigel anl\u00e4sslich der Montage des ersten Schilds. \u201e2016 haben wir das kreisweite Projekt Qualit\u00e4tsinitiative Wandern aufgesetzt, aus dem Anfang des Jahres im Remstal schon sechs Qualit\u00e4tswanderwege hervorgegangen sind. Ich freue mich, das nun auch Premiumwanderwege Feenspuren im Schw\u00e4bischen Wald umgesetzt werden.\u201c\n\u201eIn Murrhardt waren wir sofort von der M\u00f6glichkeit begeistert, durch das hochwertige Zertifikat Premiumwanderweg dem schon jetzt qualitativ hochwertigen Wanderangebot im Schw\u00e4bischen Wald eine Top-Qualit\u00e4t zu verleihen\u201c, so Murrhardts B\u00fcrgermeister Armin M\u00f6\u00dfner. \u201eDass unsere Wege Premiumqualit\u00e4ten aufweisen, war schon immer klar\u201c, betont Thomas Bernl\u00f6hr, B\u00fcrgermeister der Stadt Welzheim. \u201eAber mit der Zertifizierung k\u00f6nnen wir auf die Sch\u00f6nheit und Vielfalt der Angebote nochmals ganz anders aufmerksam machen. Das vergr\u00f6\u00dfert auch das Potenzial der privatwirtschaftlichen Wertsch\u00f6pfung. Es ist sch\u00f6n was in den letzten Jahren an Direktvermarktung und Gastgewerbe gewachsen ist.\u201c\n\u201eUnser Ziel ist die F\u00f6rderung qualit\u00e4tssteigender Ma\u00dfnahmen f\u00fcr das Freizeit- und Tourismusangebot in der Region Stuttgart, so Regionaldirektorin Dr. Nicola Schelling, Verband Region Stuttgart. \u201e\u00dcber unser Kofinanzierungsprogramm f\u00fcr interkommunale Modellprojekte in den Bereichen Wirtschaft und Tourismus unterst\u00fctzen wir sehr gerne Konzeption, Realisierung und Vermarktung f\u00fcr die Pr\u00e4dikatswanderwege im Rems-Murr-Kreis. Wir freuen uns schon auf die Einweihung der \u201eFeenspuren\u201c im kommenden Jahr.\u201c\nDie Ausstattung der Wanderwege (beispielsweise mit B\u00e4nken und Grillpl\u00e4tzen) \u00fcbernehmen die St\u00e4dte Murrhardt und Welzheim \u2013 daf\u00fcr bekommen sie eine F\u00f6rderung des Naturparks. Geplant ist, die notwendigen Arbeiten an den Wanderwegen bis zum Herbst 2019 fertigzustellen, sodass die Wege bis Ende 2019 vom Deutschen Wanderinstitut als Premiumwander- bzw. spazierwanderweg zertifiziert werden k\u00f6nnen. Die Vorschl\u00e4ge f\u00fcr die Wegef\u00fchrung gingen aus einer Machbarkeitsstudie f\u00fcr den gesamten Rems-Murr-Kreis hervor, die das Deutsche Wanderinstitut im Auftrag des Rems-Murr-Kreises erstellt hat. Offizieller Start f\u00fcr die Premiumwanderwege im Schw\u00e4bischen Wald ist im Fr\u00fchjahr 2020.\nMit der Planung der Wege und Erlebnisstationen sowie der Katastererstellung sind die Naturparkf\u00fchrer Walter Hieber und Professor Dr. Manfred Krautter (WaldMeister) \u2013 von den Projektpartnern beauftragt. So ist sichergestellt, dass in die Planung und Umsetzung sowohl Ortskenntnisse einflie\u00dfen als auch Gesichtspunkte des Umwelt- und Naturschutzes ber\u00fccksichtigt werden.<a href=\"https:\/\/www.naturparkmagazin.de\/schwaebisch-fraenkischer-wald\/wp-content\/uploads\/sites\/34\/2019-07-19-Beschilderung_Premiumwanderwege-Feenspuren_Gruppenfoto-Foto-Stadt-Murrhardt.jpg\"><img decoding=\"async\" loading=\"lazy\" class=\" size-full wp-image-7803 aligncenter\" src=\"https:\/\/www.naturparkmagazin.de\/schwaebisch-fraenkischer-wald\/wp-content\/uploads\/sites\/34\/2019-07-19-Beschilderung_Premiumwanderwege-Feenspuren_Gruppenfoto-Foto-Stadt-Murrhardt.jpg\" alt=\"2019-07-19 Beschilderung_Premiumwanderwege Feenspuren_Gruppenfoto Foto Stadt Murrhardt\" width=\"500\" height=\"300\" srcset=\"https:\/\/www.naturparkmagazin.de\/schwaebisch-fraenkischer-wald\/wp-content\/uploads\/sites\/34\/2019-07-19-Beschilderung_Premiumwanderwege-Feenspuren_Gruppenfoto-Foto-Stadt-Murrhardt.jpg 500w, https:\/\/www.naturparkmagazin.de\/schwaebisch-fraenkischer-wald\/wp-content\/uploads\/sites\/34\/2019-07-19-Beschilderung_Premiumwanderwege-Feenspuren_Gruppenfoto-Foto-Stadt-Murrhardt-300x180.jpg 300w, https:\/\/www.naturparkmagazin.de\/schwaebisch-fraenkischer-wald\/wp-content\/uploads\/sites\/34\/2019-07-19-Beschilderung_Premiumwanderwege-Feenspuren_Gruppenfoto-Foto-Stadt-Murrhardt-200x120.jpg 200w\" sizes=\"(max-width: 500px) 100vw, 500px\" \/><\/a><\/p>\n","protected":false},"excerpt":{"rendered":"<p>Beschilderung der Premiumwanderwege Feenspuren in Murrhardt und Welzheim im Schw\u00e4bischen Wald gestartet<\/p>\n","protected":false},"author":25,"featured_media":7804,"comment_status":"open","ping_status":"open","sticky":false,"template":"","format":"standard","meta":[],"categories":[7],"tags":[1253],"yoast_head":"<!-- This site is optimized with the Yoast SEO plugin v19.10 - https:\/\/yoast.com\/wordpress\/plugins\/seo\/ -->\n<title>\u201eFeenspuren\u201c werden im Schw\u00e4bischen Wald ausgeschildert - Naturpark Schw\u00e4bisch-Fr\u00e4nkischer Wald<\/title>\n<meta name=\"robots\" content=\"index, follow, max-snippet:-1, max-image-preview:large, max-video-preview:-1\" \/>\n<link rel=\"canonical\" href=\"https:\/\/www.naturparkmagazin.de\/schwaebisch-fraenkischer-wald\/feenspuren-werden-im-schwaebischen-wald-ausgeschildert\/\" \/>\n<meta property=\"og:locale\" content=\"de_DE\" \/>\n<meta property=\"og:type\" content=\"article\" \/>\n<meta property=\"og:title\" content=\"\u201eFeenspuren\u201c werden im Schw\u00e4bischen Wald ausgeschildert - Naturpark Schw\u00e4bisch-Fr\u00e4nkischer Wald\" \/>\n<meta property=\"og:description\" content=\"Beschilderung der Premiumwanderwege Feenspuren in Murrhardt und Welzheim im Schw\u00e4bischen Wald gestartet\" \/>\n<meta property=\"og:url\" content=\"https:\/\/www.naturparkmagazin.de\/schwaebisch-fraenkischer-wald\/feenspuren-werden-im-schwaebischen-wald-ausgeschildert\/\" \/>\n<meta property=\"og:site_name\" content=\"Naturpark Schw\u00e4bisch-Fr\u00e4nkischer Wald\" \/>\n<meta property=\"article:author\" content=\"https:\/\/www.facebook.com\/naturparkSFW\" \/>\n<meta property=\"article:published_time\" content=\"2019-07-17T14:14:26+00:00\" \/>\n<meta property=\"article:modified_time\" content=\"2019-07-16T14:23:26+00:00\" \/>\n<meta property=\"og:image\" content=\"https:\/\/www.naturparkmagazin.de\/schwaebisch-fraenkischer-wald\/wp-content\/uploads\/sites\/34\/2019-07-16-Zwischenwegweiser_-Premiumwanderweg-Felsenmeer-Feenspuren-Foto-Stadt-Murrhardt1.jpg\" \/>\n\t<meta property=\"og:image:width\" content=\"500\" \/>\n\t<meta property=\"og:image:height\" content=\"300\" \/>\n\t<meta property=\"og:image:type\" content=\"image\/jpeg\" \/>\n<meta name=\"author\" content=\"Naturpark-Team\" \/>\n<meta name=\"twitter:label1\" content=\"Verfasst von\" \/>\n\t<meta name=\"twitter:data1\" content=\"Naturpark-Team\" \/>\n\t<meta name=\"twitter:label2\" content=\"Gesch\u00e4tzte Lesezeit\" \/>\n\t<meta name=\"twitter:data2\" content=\"3\u00a0Minuten\" \/>\n<script type=\"application\/ld+json\" class=\"yoast-schema-graph\">{\"@context\":\"https:\/\/schema.org\",\"@graph\":[{\"@type\":\"WebPage\",\"@id\":\"https:\/\/www.naturparkmagazin.de\/schwaebisch-fraenkischer-wald\/feenspuren-werden-im-schwaebischen-wald-ausgeschildert\/\",\"url\":\"https:\/\/www.naturparkmagazin.de\/schwaebisch-fraenkischer-wald\/feenspuren-werden-im-schwaebischen-wald-ausgeschildert\/\",\"name\":\"\u201eFeenspuren\u201c werden im Schw\u00e4bischen Wald ausgeschildert - Naturpark Schw\u00e4bisch-Fr\u00e4nkischer Wald\",\"isPartOf\":{\"@id\":\"https:\/\/www.naturparkmagazin.de\/schwaebisch-fraenkischer-wald\/#website\"},\"datePublished\":\"2019-07-17T14:14:26+00:00\",\"dateModified\":\"2019-07-16T14:23:26+00:00\",\"author\":{\"@id\":\"https:\/\/www.naturparkmagazin.de\/schwaebisch-fraenkischer-wald\/#\/schema\/person\/f047a3702ae747fd7830cf8ac95e6066\"},\"breadcrumb\":{\"@id\":\"https:\/\/www.naturparkmagazin.de\/schwaebisch-fraenkischer-wald\/feenspuren-werden-im-schwaebischen-wald-ausgeschildert\/#breadcrumb\"},\"inLanguage\":\"de\",\"potentialAction\":[{\"@type\":\"ReadAction\",\"target\":[\"https:\/\/www.naturparkmagazin.de\/schwaebisch-fraenkischer-wald\/feenspuren-werden-im-schwaebischen-wald-ausgeschildert\/\"]}]},{\"@type\":\"BreadcrumbList\",\"@id\":\"https:\/\/www.naturparkmagazin.de\/schwaebisch-fraenkischer-wald\/feenspuren-werden-im-schwaebischen-wald-ausgeschildert\/#breadcrumb\",\"itemListElement\":[{\"@type\":\"ListItem\",\"position\":1,\"name\":\"Home\",\"item\":\"https:\/\/www.naturparkmagazin.de\/schwaebisch-fraenkischer-wald\/\"},{\"@type\":\"ListItem\",\"position\":2,\"name\":\"\u201eFeenspuren\u201c werden im Schw\u00e4bischen Wald ausgeschildert\"}]},{\"@type\":\"WebSite\",\"@id\":\"https:\/\/www.naturparkmagazin.de\/schwaebisch-fraenkischer-wald\/#website\",\"url\":\"https:\/\/www.naturparkmagazin.de\/schwaebisch-fraenkischer-wald\/\",\"name\":\"Naturpark Schw\u00e4bisch-Fr\u00e4nkischer Wald\",\"description\":\"\",\"potentialAction\":[{\"@type\":\"SearchAction\",\"target\":{\"@type\":\"EntryPoint\",\"urlTemplate\":\"https:\/\/www.naturparkmagazin.de\/schwaebisch-fraenkischer-wald\/?s={search_term_string}\"},\"query-input\":\"required name=search_term_string\"}],\"inLanguage\":\"de\"},{\"@type\":\"Person\",\"@id\":\"https:\/\/www.naturparkmagazin.de\/schwaebisch-fraenkischer-wald\/#\/schema\/person\/f047a3702ae747fd7830cf8ac95e6066\",\"name\":\"Naturpark-Team\",\"sameAs\":[\"http:\/\/www.naturpark-sfw.de\",\"https:\/\/www.facebook.com\/naturparkSFW\"],\"url\":\"https:\/\/www.naturparkmagazin.de\/schwaebisch-fraenkischer-wald\/author\/bernharddrixler\/\"}]}<\/script>\n<!-- \/ Yoast SEO plugin. -->","yoast_head_json":{"title":"\u201eFeenspuren\u201c werden im Schw\u00e4bischen Wald ausgeschildert - Naturpark Schw\u00e4bisch-Fr\u00e4nkischer Wald","robots":{"index":"index","follow":"follow","max-snippet":"max-snippet:-1","max-image-preview":"max-image-preview:large","max-video-preview":"max-video-preview:-1"},"canonical":"https:\/\/www.naturparkmagazin.de\/schwaebisch-fraenkischer-wald\/feenspuren-werden-im-schwaebischen-wald-ausgeschildert\/","og_locale":"de_DE","og_type":"article","og_title":"\u201eFeenspuren\u201c werden im Schw\u00e4bischen Wald ausgeschildert - Naturpark Schw\u00e4bisch-Fr\u00e4nkischer Wald","og_description":"Beschilderung der Premiumwanderwege Feenspuren in Murrhardt und Welzheim im Schw\u00e4bischen Wald gestartet","og_url":"https:\/\/www.naturparkmagazin.de\/schwaebisch-fraenkischer-wald\/feenspuren-werden-im-schwaebischen-wald-ausgeschildert\/","og_site_name":"Naturpark Schw\u00e4bisch-Fr\u00e4nkischer Wald","article_author":"https:\/\/www.facebook.com\/naturparkSFW","article_published_time":"2019-07-17T14:14:26+00:00","article_modified_time":"2019-07-16T14:23:26+00:00","og_image":[{"width":500,"height":300,"url":"https:\/\/www.naturparkmagazin.de\/schwaebisch-fraenkischer-wald\/wp-content\/uploads\/sites\/34\/2019-07-16-Zwischenwegweiser_-Premiumwanderweg-Felsenmeer-Feenspuren-Foto-Stadt-Murrhardt1.jpg","type":"image\/jpeg"}],"author":"Naturpark-Team","twitter_misc":{"Verfasst von":"Naturpark-Team","Gesch\u00e4tzte Lesezeit":"3\u00a0Minuten"},"schema":{"@context":"https:\/\/schema.org","@graph":[{"@type":"WebPage","@id":"https:\/\/www.naturparkmagazin.de\/schwaebisch-fraenkischer-wald\/feenspuren-werden-im-schwaebischen-wald-ausgeschildert\/","url":"https:\/\/www.naturparkmagazin.de\/schwaebisch-fraenkischer-wald\/feenspuren-werden-im-schwaebischen-wald-ausgeschildert\/","name":"\u201eFeenspuren\u201c werden im Schw\u00e4bischen Wald ausgeschildert - Naturpark Schw\u00e4bisch-Fr\u00e4nkischer Wald","isPartOf":{"@id":"https:\/\/www.naturparkmagazin.de\/schwaebisch-fraenkischer-wald\/#website"},"datePublished":"2019-07-17T14:14:26+00:00","dateModified":"2019-07-16T14:23:26+00:00","author":{"@id":"https:\/\/www.naturparkmagazin.de\/schwaebisch-fraenkischer-wald\/#\/schema\/person\/f047a3702ae747fd7830cf8ac95e6066"},"breadcrumb":{"@id":"https:\/\/www.naturparkmagazin.de\/schwaebisch-fraenkischer-wald\/feenspuren-werden-im-schwaebischen-wald-ausgeschildert\/#breadcrumb"},"inLanguage":"de","potentialAction":[{"@type":"ReadAction","target":["https:\/\/www.naturparkmagazin.de\/schwaebisch-fraenkischer-wald\/feenspuren-werden-im-schwaebischen-wald-ausgeschildert\/"]}]},{"@type":"BreadcrumbList","@id":"https:\/\/www.naturparkmagazin.de\/schwaebisch-fraenkischer-wald\/feenspuren-werden-im-schwaebischen-wald-ausgeschildert\/#breadcrumb","itemListElement":[{"@type":"ListItem","position":1,"name":"Home","item":"https:\/\/www.naturparkmagazin.de\/schwaebisch-fraenkischer-wald\/"},{"@type":"ListItem","position":2,"name":"\u201eFeenspuren\u201c werden im Schw\u00e4bischen Wald ausgeschildert"}]},{"@type":"WebSite","@id":"https:\/\/www.naturparkmagazin.de\/schwaebisch-fraenkischer-wald\/#website","url":"https:\/\/www.naturparkmagazin.de\/schwaebisch-fraenkischer-wald\/","name":"Naturpark Schw\u00e4bisch-Fr\u00e4nkischer Wald","description":"","potentialAction":[{"@type":"SearchAction","target":{"@type":"EntryPoint","urlTemplate":"https:\/\/www.naturparkmagazin.de\/schwaebisch-fraenkischer-wald\/?s={search_term_string}"},"query-input":"required name=search_term_string"}],"inLanguage":"de"},{"@type":"Person","@id":"https:\/\/www.naturparkmagazin.de\/schwaebisch-fraenkischer-wald\/#\/schema\/person\/f047a3702ae747fd7830cf8ac95e6066","name":"Naturpark-Team","sameAs":["http:\/\/www.naturpark-sfw.de","https:\/\/www.facebook.com\/naturparkSFW"],"url":"https:\/\/www.naturparkmagazin.de\/schwaebisch-fraenkischer-wald\/author\/bernharddrixler\/"}]}},"_links":{"self":[{"href":"https:\/\/www.naturparkmagazin.de\/schwaebisch-fraenkischer-wald\/wp-json\/wp\/v2\/posts\/7801"}],"collection":[{"href":"https:\/\/www.naturparkmagazin.de\/schwaebisch-fraenkischer-wald\/wp-json\/wp\/v2\/posts"}],"about":[{"href":"https:\/\/www.naturparkmagazin.de\/schwaebisch-fraenkischer-wald\/wp-json\/wp\/v2\/types\/post"}],"author":[{"embeddable":true,"href":"https:\/\/www.naturparkmagazin.de\/schwaebisch-fraenkischer-wald\/wp-json\/wp\/v2\/users\/25"}],"replies":[{"embeddable":true,"href":"https:\/\/www.naturparkmagazin.de\/schwaebisch-fraenkischer-wald\/wp-json\/wp\/v2\/comments?post=7801"}],"version-history":[{"count":1,"href":"https:\/\/www.naturparkmagazin.de\/schwaebisch-fraenkischer-wald\/wp-json\/wp\/v2\/posts\/7801\/revisions"}],"predecessor-version":[{"id":7805,"href":"https:\/\/www.naturparkmagazin.de\/schwaebisch-fraenkischer-wald\/wp-json\/wp\/v2\/posts\/7801\/revisions\/7805"}],"wp:featuredmedia":[{"embeddable":true,"href":"https:\/\/www.naturparkmagazin.de\/schwaebisch-fraenkischer-wald\/wp-json\/wp\/v2\/media\/7804"}],"wp:attachment":[{"href":"https:\/\/www.naturparkmagazin.de\/schwaebisch-fraenkischer-wald\/wp-json\/wp\/v2\/media?parent=7801"}],"wp:term":[{"taxonomy":"category","embeddable":true,"href":"https:\/\/www.naturparkmagazin.de\/schwaebisch-fraenkischer-wald\/wp-json\/wp\/v2\/categories?post=7801"},{"taxonomy":"post_tag","embeddable":true,"href":"https:\/\/www.naturparkmagazin.de\/schwaebisch-fraenkischer-wald\/wp-json\/wp\/v2\/tags?post=7801"}],"curies":[{"name":"wp","href":"https:\/\/api.w.org\/{rel}","templated":true}]}}