{"id":782,"date":"2014-05-20T21:28:55","date_gmt":"2014-05-20T19:28:55","guid":{"rendered":"http:\/\/www.naturparkmagazin.de\/schwaebisch-fraenkischer-wald\/?p=782"},"modified":"2014-05-22T13:03:42","modified_gmt":"2014-05-22T11:03:42","slug":"unterwegs-mit-den-naturparkfuehrern-im-juni-2014","status":"publish","type":"post","link":"https:\/\/www.naturparkmagazin.de\/schwaebisch-fraenkischer-wald\/unterwegs-mit-den-naturparkfuehrern-im-juni-2014\/","title":{"rendered":"Unterwegs mit den Naturparkf\u00fchrern im Juni 2014"},"content":{"rendered":"<p>Der Fr\u00fchling hat so allm\u00e4hlich seinen Dienst getan und schickt uns nun in die Junizeit um das gute Wetter zu nutzen und Natur und Landschaft zu erkunden. Diesen Monat k\u00f6nnen Sie mit den Naturparkf\u00fchrern die Natur richtig genie\u00dfen. Sie haben die Auswahl zwischen einer Wildkr\u00e4uterwanderung, oder einer Nachtwanderung an M\u00fchlen vorbei, einer Abenteuertour rund um Siebenknie, oder blicken Sie auf die alten Br\u00e4uche am Fronleichnam. Der Juni hat also einiges zu bieten. Dies und mehr k\u00f6nnen Sie erleben. Freuen Sie sich auf attraktive Wanderungen im Naturpark Schw\u00e4bisch-Fr\u00e4nkischer Wald.<\/p>\n<p>&nbsp;<\/p>\n<p><strong>Sonntag, 1. Juni<\/strong><\/p>\n<p>Wildkr\u00e4uter mit Aussicht<a href=\"https:\/\/www.naturparkmagazin.de\/schwaebisch-fraenkischer-wald\/wp-content\/uploads\/sites\/34\/070623_UG054_klein.jpg\"><img decoding=\"async\" loading=\"lazy\" class=\"alignright size-thumbnail wp-image-291\" alt=\"(c) Naturpark Schw\u00e4bisch-Fr\u00e4nkischer Wald\" src=\"https:\/\/www.naturparkmagazin.de\/schwaebisch-fraenkischer-wald\/wp-content\/uploads\/sites\/34\/070623_UG054_klein-300x199.jpg\" width=\"300\" height=\"199\" \/><\/a><\/p>\n<p>&nbsp;<\/p>\n<p>W\u00e4hrend eines gem\u00fctlichen Spaziergangs erfahren Sie allerlei Interessantes und Kurioses \u00fcber gro\u00dfe und kleine Pflanzen. Dabei werden wir riechen, schmecken, staunen und die Aussicht genie\u00dfen.<\/p>\n<p>&nbsp;<\/p>\n<p>Naturparkf\u00fchrerin Andrea Schr\u00f6der empf\u00e4ngt Sie um 10 Uhr am Auenwald-Schloss Ebersberg. Treffpunkt ist der Park-, Rast- und Spielplatz. Dauer der Wanderung ca. 2 Stunden. Kosten pro Person 5 \u20ac, Kinder frei. Die Strecke ist nicht barrierefrei. Anmeldung bis 30. Mai. Weitere Informationen erhalten Sie telefonisch unter 0171 \/ 767 37 117, oder 07 19 1 \/ 300 738, oder unter <a href=\"mailto:schroeder@die-naturparkfuehrer.de\">schroeder@die-naturparkfuehrer.de<\/a>.<\/p>\n<p>&nbsp;<\/p>\n<p><strong>Sonntag, 1. Juni<\/strong><\/p>\n<p>&nbsp;<\/p>\n<p>Zwischen Wald und Wein rund um Reisach<\/p>\n<p>&nbsp;<\/p>\n<p>L\u00f6wensteiner Bergtour: Gem\u00fctliche Wanderung rund um das Wein\u00f6rtchen Reisach. Zwischen alten Streuobstwiesen und Schafweiden geht es hinauf zum L\u00f6wensteiner Aussichtsplatz \u201eSch\u00f6nblick&#8220;. Durch die Weinberge und \u00fcber die Weiden der Angusrinder im Hasensprung gelangen wir dann zum Wohlfahrtsberg, dem Hausberg L\u00f6wensteins, mit Blick zum St\u00e4dtle und ins Weinsberger Tal. Zum Abschluss gibt es ein Gl\u00e4schen Wein oder Traubensaft der Winzer vom Weinsberger Tal.<\/p>\n<p>&nbsp;<\/p>\n<p>Naturparkf\u00fchrerin Sabine R\u00fccker empf\u00e4ngt Sie in L\u00f6wenstein-Reisach, am Parkplatz Alte Schule \u201eGei\u00dfb\u00fchl 7\u201c um 14 Uhr. Die Wanderung dauert ca. 3 Stunden und kostet 7,50 \u20ac pro Person inkl. Umtrunk. Streckenl\u00e4nge bel\u00e4uft sich auf ca. 5 Km, mit kleineren steilen Anstiegen. Eine Anmeldung ist nicht erforderlich. Weitere Informationen telefonisch unter 07 13 0 \/ 40 11 20, oder unter:<\/p>\n<p>ruecker@die-naturparkfuehrer.de<\/p>\n<p>&nbsp;<\/p>\n<p><strong>Pfingstsonntag, 8. Juni<\/strong><\/p>\n<p>&nbsp;<\/p>\n<p>Wilde Orchideen und alte M\u00fchlen<\/p>\n<p>&nbsp;<\/p>\n<p>Die Tour f\u00fchrt ins Naturschutzgebiet H\u00e4geles- und Brunnenklinge, einem urt\u00fcmlichen Felslabyrinth und dann weiter durch das Naturschutzgebiet \u201eWiesent\u00e4ler bei der Menzlesm\u00fchle\u201c. Hier kann die faszinierende Sch\u00f6nheit der Orchideenwelt bestaunt werden. An der Menzles- und der Heinlesm\u00fchle entdecken wir die M\u00fchlentechnik und h\u00f6ren Sagen und Geschichten rund um die M\u00fchlen. Die Tour endet in Alfdorf-H\u00fcttenb\u00fchlsee. Dort k\u00f6nnen wir mit dem Waldbus zur\u00fcckfahren.<a href=\"https:\/\/www.naturparkmagazin.de\/schwaebisch-fraenkischer-wald\/wp-content\/uploads\/sites\/34\/Oelmuehle_Michelau1_Rudersberg.jpg\"><img decoding=\"async\" loading=\"lazy\" class=\"alignright size-thumbnail wp-image-796\" alt=\"Oelmuehle_Michelau1_Rudersberg\" src=\"https:\/\/www.naturparkmagazin.de\/schwaebisch-fraenkischer-wald\/wp-content\/uploads\/sites\/34\/Oelmuehle_Michelau1_Rudersberg-300x453.jpg\" width=\"300\" height=\"453\" srcset=\"https:\/\/www.naturparkmagazin.de\/schwaebisch-fraenkischer-wald\/wp-content\/uploads\/sites\/34\/Oelmuehle_Michelau1_Rudersberg-300x453.jpg 300w, https:\/\/www.naturparkmagazin.de\/schwaebisch-fraenkischer-wald\/wp-content\/uploads\/sites\/34\/Oelmuehle_Michelau1_Rudersberg-200x302.jpg 200w, https:\/\/www.naturparkmagazin.de\/schwaebisch-fraenkischer-wald\/wp-content\/uploads\/sites\/34\/Oelmuehle_Michelau1_Rudersberg.jpg 486w\" sizes=\"(max-width: 300px) 100vw, 300px\" \/><\/a><\/p>\n<p>&nbsp;<\/p>\n<p>Auf die Tour l\u00e4d Sie recht herzlich ein, Naturparkf\u00fchrerin Eva Rombach um 11 Uhr in Kaisersbach-T\u00e4le. Treffpunkt ist der Wanderparkplatz und die Waldbushaltestelle, an der K 1892. Die Wanderung dauert ca. 3,5 Stunden und kostet pro Person 7 \u20ac, Kinder frei, ohne Waldbusticket. Zur Verst\u00e4rkung ist eine Einkehr an der Heinlesm\u00fchle geplant. Die Strecke ist nicht barrierefrei. Anmeldung nicht erforderlich. Weitere Informationen telefonisch unter 07 18 1 \/ 99 47 38, oder per E-Mail an<\/p>\n<p>rombach@die-naturparkfuehrer.de.<\/p>\n<p>&nbsp;<\/p>\n<p><strong>Pfingstsonntag, 8. Juni<\/strong><\/p>\n<p>&nbsp;<\/p>\n<p>Der Geist in der M\u00fchle<\/p>\n<p>&nbsp;<\/p>\n<p>Kurz vor dem M\u00fchlentag machen wir uns auf einen spannenden Weg in die Nacht, vorbei an der stattlichen Heinlesm\u00fchle zur Hummelgautsche. Unterwegs begleiten uns Gedichte und Geschichten aus alter Zeit von M\u00fchlengeistern, Erdluitle und dem Wilden Heer. Den R\u00fcckweg durch die Dunkelheit erleuchten unsere Fackeln, die geheimnisvolle Schatten werfen \u2026<\/p>\n<p>&nbsp;<\/p>\n<p>Naturparkf\u00fchrer Walter Hieber erwartet Sie um 21 Uhr in Alfdorf am Wanderparkplatz Heinlesm\u00fchle, zwischen Hellershof und Hundsberg an der L 1080. Dauer der Nachttour ca. 1,5 Stunden. Kosten pro Person 8 \u20ac, Kinder 5 \u20ac inkl. Fackel und \u201eGeist\u201c bzw. alkoholfreie Alternative. Anmeldung bis 6. Juni. Weitere Informationen telefonisch unter 07 18 2 \/ 93 56 97 oder unter <a href=\"mailto:hieber@die-naturparkfuehrer.de\">hieber@die-naturparkfuehrer.de<\/a>.<\/p>\n<p>&nbsp;<\/p>\n<p><strong>Pfingstsonntag, 8. Juni<\/strong><\/p>\n<p>&nbsp;<\/p>\n<p>Der Schatz in der M\u00fchle<\/p>\n<p>&nbsp;<\/p>\n<p>Kurz vor dem M\u00fchlentag machen wir uns gemeinsam auf eine spannende Schatzsuche: Irgendwo bei der stattlichen Heinlesm\u00fchle &#8211; oder war es doch bei Hummelgautsche? &#8211; hat der geizige, alte M\u00fcller sein gesamtes Erspartes versteckt &#8211; und er hat Spuren hinterlassen! Ob wir den M\u00fchlenschatz finden? Anschlie\u00dfend wird Feuer gemacht und gegrillt.<\/p>\n<p>&nbsp;<\/p>\n<p>Naturparkf\u00fchrer Walter Hieber erwartet Sie in Alfdorf am Wanderparkplatz Heinlesm\u00fchle um 14 Uhr an der L 1080, zwischen Hellershof und Hundsberg. Die Schatzsuche mit anschlie\u00dfendem Grillen dauert ca. 2,5 Stunden. Um Selbstverpfelgung in Form von Getr\u00e4nken und Grillgut wird gebeten. Preis pro Person 7 \u20ac, Kinder frei. Anmeldung bis 6. Juni. Weitere Informationen telefonisch unter 07 18 2 \/ 93 56 97, oder unter hieber@die-naturparkfuehrer.de.<\/p>\n<p>&nbsp;<\/p>\n<p><strong>Pfingstmontag, 9. Juni<\/strong><\/p>\n<p>&nbsp;<\/p>\n<p>Kirchenkirnberger M\u00fchle \u2013 M\u00fchlentechnik von 1756<\/p>\n<p>&nbsp;<\/p>\n<p>Im Verlauf unserer Familienwanderung folgen wir entlegenen Pfaden durch die W\u00e4lder. Wir besuchen eine Waldsiedlung, deren M\u00fchlsee den ehemaligen Standort einer S\u00e4gem\u00fchle noch heute bezeugt. Spiele und M\u00e4rchen lassen uns in eine andere Welt eintauchen. Den Abschluss bildet eine kurze F\u00fchrung durch die Kirchenkirnberger M\u00fchle oder auch Glattenzainbachm\u00fchle genannt.<\/p>\n<p>&nbsp;<\/p>\n<p>Naturparkf\u00fchrerin Ruth Bohn erwartet Sie in Murrhardt-Kirchenkirnberg in der Ortsmitte am Parkplatz Gemeindehalle &#8211; Limesbus Haltestelle um 14 Uhr. Die Dauer der Strecke bel\u00e4uft sich auf ca. 2,5 Stunden. Preis pro Person 8 \u20ac, Kinder 4 \u20ac. Kinderwagen k\u00f6nnen Sie problemlos mitf\u00fchren. Denken Sie bitte evtl. an Getr\u00e4nke, ansonsten bietet sich die M\u00f6glichkeit des Einkehrens an der M\u00fchle. Anmeldung bis 7. Juni.<\/p>\n<p>&nbsp;<\/p>\n<p>Infos unter:<\/p>\n<p>Telefon 07184-2198<\/p>\n<p>bohn@die-naturparkfuehrer.de<\/p>\n<p>&nbsp;<\/p>\n<p><strong>Sonntag 15. Juni<\/strong><\/p>\n<p>&nbsp;<\/p>\n<p>Limeswanderung von Kaisersbach nach Welzheim<a href=\"https:\/\/www.naturparkmagazin.de\/schwaebisch-fraenkischer-wald\/wp-content\/uploads\/sites\/34\/NPSFW_Limes_Grab.jpg\"><img decoding=\"async\" loading=\"lazy\" class=\"alignright size-thumbnail wp-image-801\" alt=\"NPSFW_Limes_Grab\" src=\"https:\/\/www.naturparkmagazin.de\/schwaebisch-fraenkischer-wald\/wp-content\/uploads\/sites\/34\/NPSFW_Limes_Grab-300x225.jpg\" width=\"300\" height=\"225\" srcset=\"https:\/\/www.naturparkmagazin.de\/schwaebisch-fraenkischer-wald\/wp-content\/uploads\/sites\/34\/NPSFW_Limes_Grab-300x225.jpg 300w, https:\/\/www.naturparkmagazin.de\/schwaebisch-fraenkischer-wald\/wp-content\/uploads\/sites\/34\/NPSFW_Limes_Grab-620x465.jpg 620w, https:\/\/www.naturparkmagazin.de\/schwaebisch-fraenkischer-wald\/wp-content\/uploads\/sites\/34\/NPSFW_Limes_Grab-940x705.jpg 940w, https:\/\/www.naturparkmagazin.de\/schwaebisch-fraenkischer-wald\/wp-content\/uploads\/sites\/34\/NPSFW_Limes_Grab-580x435.jpg 580w, https:\/\/www.naturparkmagazin.de\/schwaebisch-fraenkischer-wald\/wp-content\/uploads\/sites\/34\/NPSFW_Limes_Grab-420x315.jpg 420w, https:\/\/www.naturparkmagazin.de\/schwaebisch-fraenkischer-wald\/wp-content\/uploads\/sites\/34\/NPSFW_Limes_Grab-180x135.jpg 180w, https:\/\/www.naturparkmagazin.de\/schwaebisch-fraenkischer-wald\/wp-content\/uploads\/sites\/34\/NPSFW_Limes_Grab-95x71.jpg 95w, https:\/\/www.naturparkmagazin.de\/schwaebisch-fraenkischer-wald\/wp-content\/uploads\/sites\/34\/NPSFW_Limes_Grab-670x503.jpg 670w, https:\/\/www.naturparkmagazin.de\/schwaebisch-fraenkischer-wald\/wp-content\/uploads\/sites\/34\/NPSFW_Limes_Grab-200x150.jpg 200w\" sizes=\"(max-width: 300px) 100vw, 300px\" \/><\/a><\/p>\n<p>&nbsp;<\/p>\n<p>Mit dem \u201eLimesbus\u201c geht es nach Kaisersbach um dann am Welterbe Limes entlang zur\u00fcck nach Welzheim zu wandern. Neben dem rekonstruierten Turmsockel, dem Ostkastell und den Kleinkastellen \u201eEbnisee\u201c und \u201eR\u00f6telsee\u201c werden besonders die nicht so gut sichtbaren Spuren der R\u00f6mer im Gel\u00e4nde gezeigt und auch der Limesverlauf visualisiert.<\/p>\n<p>&nbsp;<\/p>\n<p>Naturparkf\u00fchrer Wolfgang Grabe erwartet Sie um 10.15 Uhr in Welzheim am Busbahnhof. Abfahrt mit dem Limesbus um 10.36 Uhr. Um P\u00fcnktlichkeit wird gebeten. Die Wanderung dauert ca. 4,5 Stunden und kostet pro Person 8 \u20ac, zzgl. Fahrkarte, Kinder frei. Streckenl\u00e4nge ca. 12 Km auf nicht immer festem Boden. Stabiles Schuhwerk empfehlenswert! Selbstverpflegung. Anmeldung nicht erforderlich.<\/p>\n<p>&nbsp;<\/p>\n<p>Infos unter:<\/p>\n<p>Telefon 07182-7726<\/p>\n<p>grabe@die-naturparkfuehrer.de<\/p>\n<p>&nbsp;<\/p>\n<p><strong>Sonntag, 15. Juni<\/strong><\/p>\n<p>&nbsp;<\/p>\n<p>Wilde Wald-Abenteuer<\/p>\n<p>&nbsp;<\/p>\n<p>Es erwartet uns eine spannende Abenteuertour rund um Siebenknie. Flankiert von dunkelgr\u00fcnen Nadelb\u00e4umen und dichtem Unterholz entdecken und erforschen wir gemeinsam die Welt des Waldes und des Wildes. Wir folgen den Spuren von Rehen, Wildschweinen und F\u00fcchsen und tauchen ein in das Leben dieser wilden \u00dcberlebensk\u00fcnstler. Der Tag klingt schlie\u00dflich mit einem eigens von Gastwirt Horst Kircher vorbereiteten k\u00f6stlichen Wild-Men\u00fc, langsam aus.<\/p>\n<p>&nbsp;<\/p>\n<p>Naturparkf\u00fchrerin Ruth Bohn empf\u00e4ngt Sie um 14 Uhr in Murrhardt-Siebenknie am Parkplatz Gasthaus Waldeck. Dauer der Wanderung ca. 2,5 Stunden. Preis pro Person 8 \u20ac, Kinder bis 10 Jahre 4 \u20ac (Wild-Men\u00fc nicht im Preis inbegriffen). Nicht barrierefrei. Anmeldung bis 11. Juni.<\/p>\n<p>&nbsp;<\/p>\n<p>Infos unter:<\/p>\n<p>Telefon 07184-2198<\/p>\n<p>bohn@die-naturparkfuehrer.de<\/p>\n<p>&nbsp;<\/p>\n<p><strong>Sonntag, 15. Juni<\/strong><\/p>\n<p>&nbsp;<\/p>\n<p>Familien-Abenteuer-Tour ins wilde Bernbachtal<\/p>\n<p>&nbsp;<\/p>\n<p>Wanderbares Obersulm: Auf der abenteuerlichen Survival-Tour f\u00fcr die ganze Familie werden wir \u00fcber einen Tastpfad gehen, Bogen bauen, schnitzen, Feuer machen, Tierspuren suchen, Orientierungssinn testen und mehr. Zum Abschluss gibt es ein gemeinsames Grillen am Lagerfeuer.<\/p>\n<p>&nbsp;<\/p>\n<p>Naturparkf\u00fchrerin Sabine R\u00fccker wartet in Obersulm-Friedrichshof am Parkplatz Zigeunerfohrle um 10 Uhr auf Sie. Dauer der Strecke ca. 5 Stunden. Kosten pro Person 12 \u20ac, Kinder ab 7 Jahre 6 \u20ac. Bitte bringen Sie mit, ein Sitzkissen, ein Taschenmesser, Vesper, Getr\u00e4nke und Grillzeug. \u00a0Anmeldung bis 14. Juni.<\/p>\n<p>&nbsp;<\/p>\n<p>Infos unter:<\/p>\n<p>Telefon 07130-401120<\/p>\n<p>ruecker@die-naturparkfuehrer.de<\/p>\n<p>&nbsp;<\/p>\n<p><strong>Donnerstag, 19. Juni<\/strong><\/p>\n<p>Fronleichnam<\/p>\n<p>&nbsp;<\/p>\n<p>Alte Br\u00e4uche an Fronleichnam<\/p>\n<p>&nbsp;<\/p>\n<p>Woher kommt der Feiertag, was bedeutet der Name? Welche Br\u00e4uche h\u00e4ngen damit zusammen? Gemeinsam legen wir einen Blumenteppich von den Bl\u00fcten, die wir unterwegs sammeln. Von Gei\u00dfelhardt aus wandern wir entlang des Welterbes Limes bis nach D\u00fcrrnast zur Hofk\u00e4serei Bundschuh. Dort k\u00f6nnen wir bei einem leckeren K\u00e4sevesper die Wanderung ausklingen lassen.<\/p>\n<p>&nbsp;<\/p>\n<p>Naturparkf\u00fchrerin Michaela K\u00f6hler erwartet Sie um 14 Uhr in \u00a0Mainhardt-Gei\u00dfelhardt, Parkplatz Festhalle. Dauer der Strecke ca. 3 Stunden. Kosten pro Person 6 \u20ac, Kinder 3 \u20ac. Das K\u00e4sevesper kostet 10 \u20ac. Tasse und sch\u00f6ne Bl\u00fcten bitte mitbringen. Anmeldung bis 15. Juni.<\/p>\n<p>&nbsp;<\/p>\n<p>Infos unter:<\/p>\n<p>Telefon 0160 3557 831<\/p>\n<p>koehler@die-naturparkfuehrer.de<\/p>\n<p>&nbsp;<\/p>\n<p><strong>Sonntag, 22. Juni<\/strong><\/p>\n<p>&nbsp;<\/p>\n<p>Querfeldein \u00fcber Stock und Stein<\/p>\n<p>&nbsp;<\/p>\n<p>Der Wildnis-Sonntag ist nichts f\u00fcr Stubenhocker, sondern f\u00fcr neugierige Kinder mit einer Begleitperson. Urspr\u00fcngliche Natur erleben in der Wildnis des Naturparks \u2013 gibt es das \u00fcberhaupt? Lasst Euch \u00fcberraschen! Entlang am Bach, durchs Gestr\u00fcpp und zur fantastischen Klinge entdecken wir Spuren und lauschen dem Vogelgezwitscher.<\/p>\n<p>&nbsp;<\/p>\n<p>Tauchen Sie ein in das Wildnis-Erlebnis mit Naturparkf\u00fchrerin Gerda Drexel-Stich um 11 Uhr in Alfdorf-Vordersteinberg am Parkplatz Rathaus. Dauer der Veranstaltung ca. 5 Stunden. Preis pro Person 10 \u20ac. Diese Wanderung ist ausschlie\u00dflich f\u00fcr Kinder ab 8 Jahren mit einer Begleitperson geeignet. Um wetterfeste Kleidung und Schuhwerk, sowie Getr\u00e4nke und Grillgut f\u00fcr den Stecken wird gebeten. Anmeldung bis 19. Juni. Teilnehmeranzahl begrenzt.<\/p>\n<p>&nbsp;<\/p>\n<p>Infos unter:<\/p>\n<p>Telefon 07176-3139<\/p>\n<p>drexel-stich@die-naturparkfuehrer.de<\/p>\n<p>&nbsp;<\/p>\n<p><strong>Sonntag, 22. Juni<\/strong><\/p>\n<p>&nbsp;<\/p>\n<p>Im Westen etwas Neues<\/p>\n<p>&nbsp;<\/p>\n<p>Auf dieser natur- und heimatkundlichen F\u00fchrung gehen wir auf Spurensuche rund um \u00d6schelbronn und durchstreifen das Naturschutzgebiet \u201eSommerrain&#8220;. Wir erfahren nicht nur etwas \u00fcber die Bewirtschaftung von Wald und Wiesen in alten Zeiten, und wie sich dies in der Landschaft ablesen l\u00e4sst, sondern genie\u00dfen auch faszinierende Ausblicke von den H\u00f6hen der Berglen.<\/p>\n<p>&nbsp;<\/p>\n<p>Naturparkf\u00fchrerin Eva Rombach erwartet Sie um 11 Uhr in Berglen-St\u00f6ckenhof am Wanderparkplatz Gabrain (L 11200 Richtung K\u00f6nigsbronnhof). Dauer der Wanderung ca. 3,5 Stunden. Kosten pro Person 7 \u20ac, Kinder frei. Getr\u00e4nke und Rucksackvesper bitte selbst mitbringen. Anmeldung nicht erforderlich.<\/p>\n<p>&nbsp;<\/p>\n<p>Infos unter:<\/p>\n<p>Telefon 07181-994738<\/p>\n<p>rombach@die-naturparkfuehrer.de<\/p>\n<p>&nbsp;<\/p>\n<p><strong>Sonntag, 29. Juni<\/strong><\/p>\n<p>&nbsp;<\/p>\n<p>Wandern mit Pferden<a href=\"https:\/\/www.naturparkmagazin.de\/schwaebisch-fraenkischer-wald\/wp-content\/uploads\/sites\/34\/130519_Ebnisee_Drixler_079_klein.jpg\"><img decoding=\"async\" loading=\"lazy\" class=\"alignright size-full wp-image-188\" alt=\"130519_Ebnisee_Drixler_079_klein\" src=\"https:\/\/www.naturparkmagazin.de\/schwaebisch-fraenkischer-wald\/wp-content\/uploads\/sites\/34\/130519_Ebnisee_Drixler_079_klein.jpg\" width=\"283\" height=\"227\" srcset=\"https:\/\/www.naturparkmagazin.de\/schwaebisch-fraenkischer-wald\/wp-content\/uploads\/sites\/34\/130519_Ebnisee_Drixler_079_klein.jpg 283w, https:\/\/www.naturparkmagazin.de\/schwaebisch-fraenkischer-wald\/wp-content\/uploads\/sites\/34\/130519_Ebnisee_Drixler_079_klein-200x160.jpg 200w\" sizes=\"(max-width: 283px) 100vw, 283px\" \/><\/a><\/p>\n<p>&nbsp;<\/p>\n<p>Zu Fu\u00df und zu Pferd erkunden wir Wald und Flur rund um Gschwend. Unterwegs spielen wir Gel\u00e4ndespiele, reiten abwechselnd und h\u00f6ren spannende Geschichten. Gegen 17 Uhr besteht die M\u00f6glichkeit Stockbrot zu backen und zu grillen. Die vielf\u00e4ltigen Aktivit\u00e4ten und der enge Kontakt zu den Pferden machen den Tag f\u00fcr alle zu einem besonderen Erlebnis.<\/p>\n<p>&nbsp;<\/p>\n<p>Naturparkf\u00fchrerin Ruth Bohn empf\u00e4ngt Sie um 14 Uhr in Gschwend am Parkplatz \u201eSkilift\u201c (B 289 Richtung Spraitbach). Dauer der Strecke ca. 3 Stunden. Preis pro Person 10 \u20ac, Kinder 6 \u20ac inkl. Stockbrot und Getr\u00e4nk. Bedingt Kinderwagentauglich. Bitte bringen Sie ein Taschenmesser und Grillgut selber mit. Anmeldung bis 27. Juni.<\/p>\n<p>&nbsp;<\/p>\n<p>Infos unter:<\/p>\n<p>Telefon 07184-2198<\/p>\n<p>bohn@die-naturparkfuehrer.de<\/p>\n<p>&nbsp;<\/p>\n<p>&nbsp;<\/p>\n<p>&nbsp;<\/p>\n<p>&nbsp;<\/p>\n<p>&nbsp;<\/p>\n<p>&nbsp;<\/p>\n<p>&nbsp;<\/p>\n<p>&nbsp;<\/p>\n<p>&nbsp;<\/p>\n<p>&nbsp;<\/p>\n<p>&nbsp;<\/p>\n<p>&nbsp;<\/p>\n<p>&nbsp;<\/p>\n<p>&nbsp;<\/p>\n","protected":false},"excerpt":{"rendered":"<p>Der Fr\u00fchling hat so allm\u00e4hlich seinen Dienst getan und schickt uns nun in die Junizeit um das gute Wetter zu nutzen und Natur und Landschaft zu erkunden. Diesen Monat k\u00f6nnen Sie mit den Naturparkf\u00fchrern die Natur richtig genie\u00dfen. <\/p>\n","protected":false},"author":25,"featured_media":669,"comment_status":"open","ping_status":"open","sticky":false,"template":"","format":"standard","meta":[],"categories":[11],"tags":[186],"yoast_head":"<!-- This site is optimized with the Yoast SEO plugin v19.10 - https:\/\/yoast.com\/wordpress\/plugins\/seo\/ -->\n<title>Unterwegs mit den Naturparkf\u00fchrern im Juni 2014 - Naturpark Schw\u00e4bisch-Fr\u00e4nkischer Wald<\/title>\n<meta name=\"robots\" content=\"index, follow, max-snippet:-1, max-image-preview:large, max-video-preview:-1\" \/>\n<link rel=\"canonical\" href=\"https:\/\/www.naturparkmagazin.de\/schwaebisch-fraenkischer-wald\/unterwegs-mit-den-naturparkfuehrern-im-juni-2014\/\" \/>\n<meta property=\"og:locale\" content=\"de_DE\" \/>\n<meta property=\"og:type\" content=\"article\" \/>\n<meta property=\"og:title\" content=\"Unterwegs mit den Naturparkf\u00fchrern im Juni 2014 - Naturpark Schw\u00e4bisch-Fr\u00e4nkischer Wald\" \/>\n<meta property=\"og:description\" content=\"Der Fr\u00fchling hat so allm\u00e4hlich seinen Dienst getan und schickt uns nun in die Junizeit um das gute Wetter zu nutzen und Natur und Landschaft zu erkunden. Diesen Monat k\u00f6nnen Sie mit den Naturparkf\u00fchrern die Natur richtig genie\u00dfen.\" \/>\n<meta property=\"og:url\" content=\"https:\/\/www.naturparkmagazin.de\/schwaebisch-fraenkischer-wald\/unterwegs-mit-den-naturparkfuehrern-im-juni-2014\/\" \/>\n<meta property=\"og:site_name\" content=\"Naturpark Schw\u00e4bisch-Fr\u00e4nkischer Wald\" \/>\n<meta property=\"article:author\" content=\"https:\/\/www.facebook.com\/naturparkSFW\" \/>\n<meta property=\"article:published_time\" content=\"2014-05-20T19:28:55+00:00\" \/>\n<meta property=\"article:modified_time\" content=\"2014-05-22T11:03:42+00:00\" \/>\n<meta property=\"og:image\" content=\"https:\/\/www.naturparkmagazin.de\/schwaebisch-fraenkischer-wald\/wp-content\/uploads\/sites\/34\/140406_Kuch.jpg\" \/>\n\t<meta property=\"og:image:width\" content=\"750\" \/>\n\t<meta property=\"og:image:height\" content=\"1000\" \/>\n\t<meta property=\"og:image:type\" content=\"image\/jpeg\" \/>\n<meta name=\"author\" content=\"Naturpark-Team\" \/>\n<meta name=\"twitter:label1\" content=\"Verfasst von\" \/>\n\t<meta name=\"twitter:data1\" content=\"Naturpark-Team\" \/>\n\t<meta name=\"twitter:label2\" content=\"Gesch\u00e4tzte Lesezeit\" \/>\n\t<meta name=\"twitter:data2\" content=\"8\u00a0Minuten\" \/>\n<script type=\"application\/ld+json\" class=\"yoast-schema-graph\">{\"@context\":\"https:\/\/schema.org\",\"@graph\":[{\"@type\":\"WebPage\",\"@id\":\"https:\/\/www.naturparkmagazin.de\/schwaebisch-fraenkischer-wald\/unterwegs-mit-den-naturparkfuehrern-im-juni-2014\/\",\"url\":\"https:\/\/www.naturparkmagazin.de\/schwaebisch-fraenkischer-wald\/unterwegs-mit-den-naturparkfuehrern-im-juni-2014\/\",\"name\":\"Unterwegs mit den Naturparkf\u00fchrern im Juni 2014 - Naturpark Schw\u00e4bisch-Fr\u00e4nkischer Wald\",\"isPartOf\":{\"@id\":\"https:\/\/www.naturparkmagazin.de\/schwaebisch-fraenkischer-wald\/#website\"},\"datePublished\":\"2014-05-20T19:28:55+00:00\",\"dateModified\":\"2014-05-22T11:03:42+00:00\",\"author\":{\"@id\":\"https:\/\/www.naturparkmagazin.de\/schwaebisch-fraenkischer-wald\/#\/schema\/person\/f047a3702ae747fd7830cf8ac95e6066\"},\"breadcrumb\":{\"@id\":\"https:\/\/www.naturparkmagazin.de\/schwaebisch-fraenkischer-wald\/unterwegs-mit-den-naturparkfuehrern-im-juni-2014\/#breadcrumb\"},\"inLanguage\":\"de\",\"potentialAction\":[{\"@type\":\"ReadAction\",\"target\":[\"https:\/\/www.naturparkmagazin.de\/schwaebisch-fraenkischer-wald\/unterwegs-mit-den-naturparkfuehrern-im-juni-2014\/\"]}]},{\"@type\":\"BreadcrumbList\",\"@id\":\"https:\/\/www.naturparkmagazin.de\/schwaebisch-fraenkischer-wald\/unterwegs-mit-den-naturparkfuehrern-im-juni-2014\/#breadcrumb\",\"itemListElement\":[{\"@type\":\"ListItem\",\"position\":1,\"name\":\"Home\",\"item\":\"https:\/\/www.naturparkmagazin.de\/schwaebisch-fraenkischer-wald\/\"},{\"@type\":\"ListItem\",\"position\":2,\"name\":\"Unterwegs mit den Naturparkf\u00fchrern im Juni 2014\"}]},{\"@type\":\"WebSite\",\"@id\":\"https:\/\/www.naturparkmagazin.de\/schwaebisch-fraenkischer-wald\/#website\",\"url\":\"https:\/\/www.naturparkmagazin.de\/schwaebisch-fraenkischer-wald\/\",\"name\":\"Naturpark Schw\u00e4bisch-Fr\u00e4nkischer Wald\",\"description\":\"\",\"potentialAction\":[{\"@type\":\"SearchAction\",\"target\":{\"@type\":\"EntryPoint\",\"urlTemplate\":\"https:\/\/www.naturparkmagazin.de\/schwaebisch-fraenkischer-wald\/?s={search_term_string}\"},\"query-input\":\"required name=search_term_string\"}],\"inLanguage\":\"de\"},{\"@type\":\"Person\",\"@id\":\"https:\/\/www.naturparkmagazin.de\/schwaebisch-fraenkischer-wald\/#\/schema\/person\/f047a3702ae747fd7830cf8ac95e6066\",\"name\":\"Naturpark-Team\",\"sameAs\":[\"http:\/\/www.naturpark-sfw.de\",\"https:\/\/www.facebook.com\/naturparkSFW\"],\"url\":\"https:\/\/www.naturparkmagazin.de\/schwaebisch-fraenkischer-wald\/author\/bernharddrixler\/\"}]}<\/script>\n<!-- \/ Yoast SEO plugin. -->","yoast_head_json":{"title":"Unterwegs mit den Naturparkf\u00fchrern im Juni 2014 - Naturpark Schw\u00e4bisch-Fr\u00e4nkischer Wald","robots":{"index":"index","follow":"follow","max-snippet":"max-snippet:-1","max-image-preview":"max-image-preview:large","max-video-preview":"max-video-preview:-1"},"canonical":"https:\/\/www.naturparkmagazin.de\/schwaebisch-fraenkischer-wald\/unterwegs-mit-den-naturparkfuehrern-im-juni-2014\/","og_locale":"de_DE","og_type":"article","og_title":"Unterwegs mit den Naturparkf\u00fchrern im Juni 2014 - Naturpark Schw\u00e4bisch-Fr\u00e4nkischer Wald","og_description":"Der Fr\u00fchling hat so allm\u00e4hlich seinen Dienst getan und schickt uns nun in die Junizeit um das gute Wetter zu nutzen und Natur und Landschaft zu erkunden. Diesen Monat k\u00f6nnen Sie mit den Naturparkf\u00fchrern die Natur richtig genie\u00dfen.","og_url":"https:\/\/www.naturparkmagazin.de\/schwaebisch-fraenkischer-wald\/unterwegs-mit-den-naturparkfuehrern-im-juni-2014\/","og_site_name":"Naturpark Schw\u00e4bisch-Fr\u00e4nkischer Wald","article_author":"https:\/\/www.facebook.com\/naturparkSFW","article_published_time":"2014-05-20T19:28:55+00:00","article_modified_time":"2014-05-22T11:03:42+00:00","og_image":[{"width":750,"height":1000,"url":"https:\/\/www.naturparkmagazin.de\/schwaebisch-fraenkischer-wald\/wp-content\/uploads\/sites\/34\/140406_Kuch.jpg","type":"image\/jpeg"}],"author":"Naturpark-Team","twitter_misc":{"Verfasst von":"Naturpark-Team","Gesch\u00e4tzte Lesezeit":"8\u00a0Minuten"},"schema":{"@context":"https:\/\/schema.org","@graph":[{"@type":"WebPage","@id":"https:\/\/www.naturparkmagazin.de\/schwaebisch-fraenkischer-wald\/unterwegs-mit-den-naturparkfuehrern-im-juni-2014\/","url":"https:\/\/www.naturparkmagazin.de\/schwaebisch-fraenkischer-wald\/unterwegs-mit-den-naturparkfuehrern-im-juni-2014\/","name":"Unterwegs mit den Naturparkf\u00fchrern im Juni 2014 - Naturpark Schw\u00e4bisch-Fr\u00e4nkischer Wald","isPartOf":{"@id":"https:\/\/www.naturparkmagazin.de\/schwaebisch-fraenkischer-wald\/#website"},"datePublished":"2014-05-20T19:28:55+00:00","dateModified":"2014-05-22T11:03:42+00:00","author":{"@id":"https:\/\/www.naturparkmagazin.de\/schwaebisch-fraenkischer-wald\/#\/schema\/person\/f047a3702ae747fd7830cf8ac95e6066"},"breadcrumb":{"@id":"https:\/\/www.naturparkmagazin.de\/schwaebisch-fraenkischer-wald\/unterwegs-mit-den-naturparkfuehrern-im-juni-2014\/#breadcrumb"},"inLanguage":"de","potentialAction":[{"@type":"ReadAction","target":["https:\/\/www.naturparkmagazin.de\/schwaebisch-fraenkischer-wald\/unterwegs-mit-den-naturparkfuehrern-im-juni-2014\/"]}]},{"@type":"BreadcrumbList","@id":"https:\/\/www.naturparkmagazin.de\/schwaebisch-fraenkischer-wald\/unterwegs-mit-den-naturparkfuehrern-im-juni-2014\/#breadcrumb","itemListElement":[{"@type":"ListItem","position":1,"name":"Home","item":"https:\/\/www.naturparkmagazin.de\/schwaebisch-fraenkischer-wald\/"},{"@type":"ListItem","position":2,"name":"Unterwegs mit den Naturparkf\u00fchrern im Juni 2014"}]},{"@type":"WebSite","@id":"https:\/\/www.naturparkmagazin.de\/schwaebisch-fraenkischer-wald\/#website","url":"https:\/\/www.naturparkmagazin.de\/schwaebisch-fraenkischer-wald\/","name":"Naturpark Schw\u00e4bisch-Fr\u00e4nkischer Wald","description":"","potentialAction":[{"@type":"SearchAction","target":{"@type":"EntryPoint","urlTemplate":"https:\/\/www.naturparkmagazin.de\/schwaebisch-fraenkischer-wald\/?s={search_term_string}"},"query-input":"required name=search_term_string"}],"inLanguage":"de"},{"@type":"Person","@id":"https:\/\/www.naturparkmagazin.de\/schwaebisch-fraenkischer-wald\/#\/schema\/person\/f047a3702ae747fd7830cf8ac95e6066","name":"Naturpark-Team","sameAs":["http:\/\/www.naturpark-sfw.de","https:\/\/www.facebook.com\/naturparkSFW"],"url":"https:\/\/www.naturparkmagazin.de\/schwaebisch-fraenkischer-wald\/author\/bernharddrixler\/"}]}},"_links":{"self":[{"href":"https:\/\/www.naturparkmagazin.de\/schwaebisch-fraenkischer-wald\/wp-json\/wp\/v2\/posts\/782"}],"collection":[{"href":"https:\/\/www.naturparkmagazin.de\/schwaebisch-fraenkischer-wald\/wp-json\/wp\/v2\/posts"}],"about":[{"href":"https:\/\/www.naturparkmagazin.de\/schwaebisch-fraenkischer-wald\/wp-json\/wp\/v2\/types\/post"}],"author":[{"embeddable":true,"href":"https:\/\/www.naturparkmagazin.de\/schwaebisch-fraenkischer-wald\/wp-json\/wp\/v2\/users\/25"}],"replies":[{"embeddable":true,"href":"https:\/\/www.naturparkmagazin.de\/schwaebisch-fraenkischer-wald\/wp-json\/wp\/v2\/comments?post=782"}],"version-history":[{"count":11,"href":"https:\/\/www.naturparkmagazin.de\/schwaebisch-fraenkischer-wald\/wp-json\/wp\/v2\/posts\/782\/revisions"}],"predecessor-version":[{"id":853,"href":"https:\/\/www.naturparkmagazin.de\/schwaebisch-fraenkischer-wald\/wp-json\/wp\/v2\/posts\/782\/revisions\/853"}],"wp:featuredmedia":[{"embeddable":true,"href":"https:\/\/www.naturparkmagazin.de\/schwaebisch-fraenkischer-wald\/wp-json\/wp\/v2\/media\/669"}],"wp:attachment":[{"href":"https:\/\/www.naturparkmagazin.de\/schwaebisch-fraenkischer-wald\/wp-json\/wp\/v2\/media?parent=782"}],"wp:term":[{"taxonomy":"category","embeddable":true,"href":"https:\/\/www.naturparkmagazin.de\/schwaebisch-fraenkischer-wald\/wp-json\/wp\/v2\/categories?post=782"},{"taxonomy":"post_tag","embeddable":true,"href":"https:\/\/www.naturparkmagazin.de\/schwaebisch-fraenkischer-wald\/wp-json\/wp\/v2\/tags?post=782"}],"curies":[{"name":"wp","href":"https:\/\/api.w.org\/{rel}","templated":true}]}}