{"id":7844,"date":"2019-08-16T07:36:46","date_gmt":"2019-08-16T05:36:46","guid":{"rendered":"https:\/\/www.naturparkmagazin.de\/schwaebisch-fraenkischer-wald\/?p=7844"},"modified":"2019-08-16T06:56:03","modified_gmt":"2019-08-16T04:56:03","slug":"mobile-waldlabore-fuer-naturparkschulen","status":"publish","type":"post","link":"https:\/\/www.naturparkmagazin.de\/schwaebisch-fraenkischer-wald\/mobile-waldlabore-fuer-naturparkschulen\/","title":{"rendered":"Mobile Waldlabore f\u00fcr Naturparkschulen"},"content":{"rendered":"<div class=\"float-img__text\">\n<p><span class=\"S\"><span class=\"G\">Eine Entdeckertour im Wald ist immer etwas Besonderes und geh\u00f6rt zum festen Bestandteil des Unterrichts in den zertifizierten Naturparkschulen.<\/span><\/span><\/p>\n<div id=\"attachment_7847\" style=\"width: 510px\" class=\"wp-caption alignright\"><a href=\"https:\/\/www.naturparkmagazin.de\/schwaebisch-fraenkischer-wald\/wp-content\/uploads\/sites\/34\/IMG_9412.jpg\"><img aria-describedby=\"caption-attachment-7847\" decoding=\"async\" loading=\"lazy\" class=\"size-full wp-image-7847\" src=\"https:\/\/www.naturparkmagazin.de\/schwaebisch-fraenkischer-wald\/wp-content\/uploads\/sites\/34\/IMG_9412.jpg\" alt=\"Mobile Waldlabore f\u00fcr Naturparkschulen\" width=\"500\" height=\"300\" srcset=\"https:\/\/www.naturparkmagazin.de\/schwaebisch-fraenkischer-wald\/wp-content\/uploads\/sites\/34\/IMG_9412.jpg 500w, https:\/\/www.naturparkmagazin.de\/schwaebisch-fraenkischer-wald\/wp-content\/uploads\/sites\/34\/IMG_9412-300x180.jpg 300w, https:\/\/www.naturparkmagazin.de\/schwaebisch-fraenkischer-wald\/wp-content\/uploads\/sites\/34\/IMG_9412-200x120.jpg 200w\" sizes=\"(max-width: 500px) 100vw, 500px\" \/><\/a><p id=\"caption-attachment-7847\" class=\"wp-caption-text\">Mobiles Waldlabor f\u00fcr Naturparkschulen<\/p><\/div>\n<p><span class=\"S\"><span class=\"G\">Diese Touren werden nun noch spannender und inhaltsreicher: Denn ab dem Schuljahr 2019\/20 kommen in den Naturparkschulen im Schulamtsbezirk Backnang \u201eMobile Waldlabore\u201c zum Einsatz. In der Grundschule Kaisersbach wurde\u00a0 ein solches Labor vorgestellt, mit dem Kinder die Natur entdecken k\u00f6nnen. Insgesamt zw\u00f6lf speziell ausgestattete mobile Waldlabore wurden angeschafft. Die Kreissparkasse Waiblingen hat das Projekt mit 30.000 Euro aus ihrem sozialen Zweckertrag gef\u00f6rdert. <\/span><\/span><\/p>\n<p><span class=\"S\"><span class=\"G\">Bei dem mobilen Waldlabor handelt es sich um einen stabilen Holzbollerwagen mit verstellbarer Deichsel und abnehmbaren W\u00e4nden, Bremsen sowie einer Plane. Dar\u00fcber hinaus hat der Holzbollerwagen eine Inneneinrichtung, die den Stauraum f\u00fcr die Ausstattungsgegenst\u00e4nde optimal nutzt und zus\u00e4tzlich eine Arbeit vor Ort im Wald erm\u00f6glicht. Zur Ausstattung geh\u00f6ren Dosenlupen, hochwertige Mikroskope, Terrarien oder Insektenf\u00e4nger. <\/span><\/span><\/p>\n<p><span class=\"S\"><span class=\"G\">Die verschiedenen Gegenst\u00e4nde des Waldlabors erm\u00f6glichen den Sch\u00fclern, die Umgebung optimal zu erforschen und zu entdecken. \u201eMit Unterst\u00fctzung der mobilen Waldlabore ist nun m\u00f6glich, allen Sch\u00fclerinnen und Sch\u00fclern der Naturparkschulen angeleitete Lernerfahrungen im Naturpark Schw\u00e4bisch-Fr\u00e4nkischer Wald zu erm\u00f6glichen\u201c, freute sich Sabine Hagenm\u00fcller-Gehring, Amtsleiterin des Staatlichen Schulamts Backnang. Die spezielle Ausstattung dieser Waldlabore orientiert sich an den Bildungsinhalten der Lern- und Unterrichtsmodule der Naturparkschulen sowie an der Leitperspektive \u201eBildung f\u00fcr nachhaltige Entwicklung\u201c des Bildungsplans und ist deshalb ein \u201eau\u00dferordentlich lohnenswertes, weil zukunftsf\u00f6rderndes Projekt\u201c.<\/span><\/span><\/p>\n<p>Hintergrundwissen Naturpark-Schulen im Naturpark Schw\u00e4bisch-Fr\u00e4nkischer Wald:<\/p>\n<p>Im Sinne der Bildung f\u00fcr nachhaltige Entwicklung (BNE) m\u00f6chten wir im Naturpark Schw\u00e4bisch-Fr\u00e4nkischer Wald durch kontinuierliche Umweltbildungsangebote an Schulen einen nachhaltigen Einfluss auf das Handlungsbewusstsein von Kindern und Jugendlichen erm\u00f6glichen. Zusammen mit dem Staatlichen Schulamt Backnang begleiten wir Schulen im Naturparkgebiet auf ihrem Weg zur zertfifizierten &#8222;Naturpark-Schule&#8220;, eine Initiative, die vom Verband Deutscher Naturparke (VDN) ins Leben gerufen wurde.<\/p>\n<p>Ziel der Naturpark-Schulen ist es, Sch\u00fclerinnen und Sch\u00fcler durch origin\u00e4re Naturerfahrungen f\u00fcr Natur- und Umweltthemen sowie f\u00fcr die Besonderheiten in der Region zu begeistern. In einer Naturpark-Schule werden<\/p>\n<ul>\n<li>eine nachhaltige Natur-, Umwelt- und Heimatbildung im Lehrplan verankert<\/li>\n<li>im Schuljahr schulische und au\u00dferschulische Aktivit\u00e4ten zu den Themenfeldern Natur, Umwelt und Heimat durchgef\u00fchrt<\/li>\n<li>der Naturpark, Naturparkf\u00fchrer und andere au\u00dferschulische Partner (z.B. Schutzgemeinschaft Deutscher Wald, NABU, Welterbe Limes, Bauernh\u00f6fe, Imker&#8230;) f\u00fcr die Angebote mit einbezogen<\/li>\n<li>gemeinsame Aktivit\u00e4ten von und mit den Eltern durchgef\u00fchrt<\/li>\n<li>Fortbildungsangebote f\u00fcr Lehrerinnen und Lehrer angeboten<\/li>\n<li>Besonderheiten der Schule herausgestellt, bspw. Waldklassenzimmer, Baumpatenschaften, Schulgarten etc.<\/li>\n<\/ul>\n<p>Das Pr\u00e4dikat Naturpark-Schule wird f\u00fcr einen Zeitraum von f\u00fcnf Jahren vergeben und kann danach f\u00fcr jeweils f\u00fcnf Jahre verl\u00e4ngert werden.<\/p>\n<\/div>\n","protected":false},"excerpt":{"rendered":"<p>Zukunftsf\u00f6rdernd: Mit mobilen Waldlaboren die Natur erforschen<\/p>\n","protected":false},"author":25,"featured_media":7848,"comment_status":"open","ping_status":"open","sticky":false,"template":"","format":"standard","meta":[],"categories":[7],"tags":[1253],"yoast_head":"<!-- This site is optimized with the Yoast SEO plugin v19.10 - https:\/\/yoast.com\/wordpress\/plugins\/seo\/ -->\n<title>Mobile Waldlabore f\u00fcr Naturparkschulen - Naturpark Schw\u00e4bisch-Fr\u00e4nkischer Wald<\/title>\n<meta name=\"robots\" content=\"index, follow, max-snippet:-1, max-image-preview:large, max-video-preview:-1\" \/>\n<link rel=\"canonical\" href=\"https:\/\/www.naturparkmagazin.de\/schwaebisch-fraenkischer-wald\/mobile-waldlabore-fuer-naturparkschulen\/\" \/>\n<meta property=\"og:locale\" content=\"de_DE\" \/>\n<meta property=\"og:type\" content=\"article\" \/>\n<meta property=\"og:title\" content=\"Mobile Waldlabore f\u00fcr Naturparkschulen - Naturpark Schw\u00e4bisch-Fr\u00e4nkischer Wald\" \/>\n<meta property=\"og:description\" content=\"Zukunftsf\u00f6rdernd: Mit mobilen Waldlaboren die Natur erforschen\" \/>\n<meta property=\"og:url\" content=\"https:\/\/www.naturparkmagazin.de\/schwaebisch-fraenkischer-wald\/mobile-waldlabore-fuer-naturparkschulen\/\" \/>\n<meta property=\"og:site_name\" content=\"Naturpark Schw\u00e4bisch-Fr\u00e4nkischer Wald\" \/>\n<meta property=\"article:author\" content=\"https:\/\/www.facebook.com\/naturparkSFW\" \/>\n<meta property=\"article:published_time\" content=\"2019-08-16T05:36:46+00:00\" \/>\n<meta property=\"article:modified_time\" content=\"2019-08-16T04:56:03+00:00\" \/>\n<meta property=\"og:image\" content=\"https:\/\/www.naturparkmagazin.de\/schwaebisch-fraenkischer-wald\/wp-content\/uploads\/sites\/34\/IMG_94121.jpg\" \/>\n\t<meta property=\"og:image:width\" content=\"200\" \/>\n\t<meta property=\"og:image:height\" content=\"200\" \/>\n\t<meta property=\"og:image:type\" content=\"image\/jpeg\" \/>\n<meta name=\"author\" content=\"Naturpark-Team\" \/>\n<meta name=\"twitter:label1\" content=\"Verfasst von\" \/>\n\t<meta name=\"twitter:data1\" content=\"Naturpark-Team\" \/>\n\t<meta name=\"twitter:label2\" content=\"Gesch\u00e4tzte Lesezeit\" \/>\n\t<meta name=\"twitter:data2\" content=\"2\u00a0Minuten\" \/>\n<script type=\"application\/ld+json\" class=\"yoast-schema-graph\">{\"@context\":\"https:\/\/schema.org\",\"@graph\":[{\"@type\":\"WebPage\",\"@id\":\"https:\/\/www.naturparkmagazin.de\/schwaebisch-fraenkischer-wald\/mobile-waldlabore-fuer-naturparkschulen\/\",\"url\":\"https:\/\/www.naturparkmagazin.de\/schwaebisch-fraenkischer-wald\/mobile-waldlabore-fuer-naturparkschulen\/\",\"name\":\"Mobile Waldlabore f\u00fcr Naturparkschulen - Naturpark Schw\u00e4bisch-Fr\u00e4nkischer Wald\",\"isPartOf\":{\"@id\":\"https:\/\/www.naturparkmagazin.de\/schwaebisch-fraenkischer-wald\/#website\"},\"datePublished\":\"2019-08-16T05:36:46+00:00\",\"dateModified\":\"2019-08-16T04:56:03+00:00\",\"author\":{\"@id\":\"https:\/\/www.naturparkmagazin.de\/schwaebisch-fraenkischer-wald\/#\/schema\/person\/f047a3702ae747fd7830cf8ac95e6066\"},\"breadcrumb\":{\"@id\":\"https:\/\/www.naturparkmagazin.de\/schwaebisch-fraenkischer-wald\/mobile-waldlabore-fuer-naturparkschulen\/#breadcrumb\"},\"inLanguage\":\"de\",\"potentialAction\":[{\"@type\":\"ReadAction\",\"target\":[\"https:\/\/www.naturparkmagazin.de\/schwaebisch-fraenkischer-wald\/mobile-waldlabore-fuer-naturparkschulen\/\"]}]},{\"@type\":\"BreadcrumbList\",\"@id\":\"https:\/\/www.naturparkmagazin.de\/schwaebisch-fraenkischer-wald\/mobile-waldlabore-fuer-naturparkschulen\/#breadcrumb\",\"itemListElement\":[{\"@type\":\"ListItem\",\"position\":1,\"name\":\"Home\",\"item\":\"https:\/\/www.naturparkmagazin.de\/schwaebisch-fraenkischer-wald\/\"},{\"@type\":\"ListItem\",\"position\":2,\"name\":\"Mobile Waldlabore f\u00fcr Naturparkschulen\"}]},{\"@type\":\"WebSite\",\"@id\":\"https:\/\/www.naturparkmagazin.de\/schwaebisch-fraenkischer-wald\/#website\",\"url\":\"https:\/\/www.naturparkmagazin.de\/schwaebisch-fraenkischer-wald\/\",\"name\":\"Naturpark Schw\u00e4bisch-Fr\u00e4nkischer Wald\",\"description\":\"\",\"potentialAction\":[{\"@type\":\"SearchAction\",\"target\":{\"@type\":\"EntryPoint\",\"urlTemplate\":\"https:\/\/www.naturparkmagazin.de\/schwaebisch-fraenkischer-wald\/?s={search_term_string}\"},\"query-input\":\"required name=search_term_string\"}],\"inLanguage\":\"de\"},{\"@type\":\"Person\",\"@id\":\"https:\/\/www.naturparkmagazin.de\/schwaebisch-fraenkischer-wald\/#\/schema\/person\/f047a3702ae747fd7830cf8ac95e6066\",\"name\":\"Naturpark-Team\",\"sameAs\":[\"http:\/\/www.naturpark-sfw.de\",\"https:\/\/www.facebook.com\/naturparkSFW\"],\"url\":\"https:\/\/www.naturparkmagazin.de\/schwaebisch-fraenkischer-wald\/author\/bernharddrixler\/\"}]}<\/script>\n<!-- \/ Yoast SEO plugin. -->","yoast_head_json":{"title":"Mobile Waldlabore f\u00fcr Naturparkschulen - Naturpark Schw\u00e4bisch-Fr\u00e4nkischer Wald","robots":{"index":"index","follow":"follow","max-snippet":"max-snippet:-1","max-image-preview":"max-image-preview:large","max-video-preview":"max-video-preview:-1"},"canonical":"https:\/\/www.naturparkmagazin.de\/schwaebisch-fraenkischer-wald\/mobile-waldlabore-fuer-naturparkschulen\/","og_locale":"de_DE","og_type":"article","og_title":"Mobile Waldlabore f\u00fcr Naturparkschulen - Naturpark Schw\u00e4bisch-Fr\u00e4nkischer Wald","og_description":"Zukunftsf\u00f6rdernd: Mit mobilen Waldlaboren die Natur erforschen","og_url":"https:\/\/www.naturparkmagazin.de\/schwaebisch-fraenkischer-wald\/mobile-waldlabore-fuer-naturparkschulen\/","og_site_name":"Naturpark Schw\u00e4bisch-Fr\u00e4nkischer Wald","article_author":"https:\/\/www.facebook.com\/naturparkSFW","article_published_time":"2019-08-16T05:36:46+00:00","article_modified_time":"2019-08-16T04:56:03+00:00","og_image":[{"width":200,"height":200,"url":"https:\/\/www.naturparkmagazin.de\/schwaebisch-fraenkischer-wald\/wp-content\/uploads\/sites\/34\/IMG_94121.jpg","type":"image\/jpeg"}],"author":"Naturpark-Team","twitter_misc":{"Verfasst von":"Naturpark-Team","Gesch\u00e4tzte Lesezeit":"2\u00a0Minuten"},"schema":{"@context":"https:\/\/schema.org","@graph":[{"@type":"WebPage","@id":"https:\/\/www.naturparkmagazin.de\/schwaebisch-fraenkischer-wald\/mobile-waldlabore-fuer-naturparkschulen\/","url":"https:\/\/www.naturparkmagazin.de\/schwaebisch-fraenkischer-wald\/mobile-waldlabore-fuer-naturparkschulen\/","name":"Mobile Waldlabore f\u00fcr Naturparkschulen - Naturpark Schw\u00e4bisch-Fr\u00e4nkischer Wald","isPartOf":{"@id":"https:\/\/www.naturparkmagazin.de\/schwaebisch-fraenkischer-wald\/#website"},"datePublished":"2019-08-16T05:36:46+00:00","dateModified":"2019-08-16T04:56:03+00:00","author":{"@id":"https:\/\/www.naturparkmagazin.de\/schwaebisch-fraenkischer-wald\/#\/schema\/person\/f047a3702ae747fd7830cf8ac95e6066"},"breadcrumb":{"@id":"https:\/\/www.naturparkmagazin.de\/schwaebisch-fraenkischer-wald\/mobile-waldlabore-fuer-naturparkschulen\/#breadcrumb"},"inLanguage":"de","potentialAction":[{"@type":"ReadAction","target":["https:\/\/www.naturparkmagazin.de\/schwaebisch-fraenkischer-wald\/mobile-waldlabore-fuer-naturparkschulen\/"]}]},{"@type":"BreadcrumbList","@id":"https:\/\/www.naturparkmagazin.de\/schwaebisch-fraenkischer-wald\/mobile-waldlabore-fuer-naturparkschulen\/#breadcrumb","itemListElement":[{"@type":"ListItem","position":1,"name":"Home","item":"https:\/\/www.naturparkmagazin.de\/schwaebisch-fraenkischer-wald\/"},{"@type":"ListItem","position":2,"name":"Mobile Waldlabore f\u00fcr Naturparkschulen"}]},{"@type":"WebSite","@id":"https:\/\/www.naturparkmagazin.de\/schwaebisch-fraenkischer-wald\/#website","url":"https:\/\/www.naturparkmagazin.de\/schwaebisch-fraenkischer-wald\/","name":"Naturpark Schw\u00e4bisch-Fr\u00e4nkischer Wald","description":"","potentialAction":[{"@type":"SearchAction","target":{"@type":"EntryPoint","urlTemplate":"https:\/\/www.naturparkmagazin.de\/schwaebisch-fraenkischer-wald\/?s={search_term_string}"},"query-input":"required name=search_term_string"}],"inLanguage":"de"},{"@type":"Person","@id":"https:\/\/www.naturparkmagazin.de\/schwaebisch-fraenkischer-wald\/#\/schema\/person\/f047a3702ae747fd7830cf8ac95e6066","name":"Naturpark-Team","sameAs":["http:\/\/www.naturpark-sfw.de","https:\/\/www.facebook.com\/naturparkSFW"],"url":"https:\/\/www.naturparkmagazin.de\/schwaebisch-fraenkischer-wald\/author\/bernharddrixler\/"}]}},"_links":{"self":[{"href":"https:\/\/www.naturparkmagazin.de\/schwaebisch-fraenkischer-wald\/wp-json\/wp\/v2\/posts\/7844"}],"collection":[{"href":"https:\/\/www.naturparkmagazin.de\/schwaebisch-fraenkischer-wald\/wp-json\/wp\/v2\/posts"}],"about":[{"href":"https:\/\/www.naturparkmagazin.de\/schwaebisch-fraenkischer-wald\/wp-json\/wp\/v2\/types\/post"}],"author":[{"embeddable":true,"href":"https:\/\/www.naturparkmagazin.de\/schwaebisch-fraenkischer-wald\/wp-json\/wp\/v2\/users\/25"}],"replies":[{"embeddable":true,"href":"https:\/\/www.naturparkmagazin.de\/schwaebisch-fraenkischer-wald\/wp-json\/wp\/v2\/comments?post=7844"}],"version-history":[{"count":4,"href":"https:\/\/www.naturparkmagazin.de\/schwaebisch-fraenkischer-wald\/wp-json\/wp\/v2\/posts\/7844\/revisions"}],"predecessor-version":[{"id":7850,"href":"https:\/\/www.naturparkmagazin.de\/schwaebisch-fraenkischer-wald\/wp-json\/wp\/v2\/posts\/7844\/revisions\/7850"}],"wp:featuredmedia":[{"embeddable":true,"href":"https:\/\/www.naturparkmagazin.de\/schwaebisch-fraenkischer-wald\/wp-json\/wp\/v2\/media\/7848"}],"wp:attachment":[{"href":"https:\/\/www.naturparkmagazin.de\/schwaebisch-fraenkischer-wald\/wp-json\/wp\/v2\/media?parent=7844"}],"wp:term":[{"taxonomy":"category","embeddable":true,"href":"https:\/\/www.naturparkmagazin.de\/schwaebisch-fraenkischer-wald\/wp-json\/wp\/v2\/categories?post=7844"},{"taxonomy":"post_tag","embeddable":true,"href":"https:\/\/www.naturparkmagazin.de\/schwaebisch-fraenkischer-wald\/wp-json\/wp\/v2\/tags?post=7844"}],"curies":[{"name":"wp","href":"https:\/\/api.w.org\/{rel}","templated":true}]}}