{"id":7873,"date":"2019-09-13T07:14:00","date_gmt":"2019-09-13T05:14:00","guid":{"rendered":"https:\/\/www.naturparkmagazin.de\/schwaebisch-fraenkischer-wald\/?p=7873"},"modified":"2019-09-19T08:09:50","modified_gmt":"2019-09-19T06:09:50","slug":"erlebnisnacht-am-wellingtonienplatz","status":"publish","type":"post","link":"https:\/\/www.naturparkmagazin.de\/schwaebisch-fraenkischer-wald\/erlebnisnacht-am-wellingtonienplatz\/","title":{"rendered":"ErlebnisNacht am Wellingtonienplatz"},"content":{"rendered":"<p>17- 22 Uhr W\u00fcstenrot, Wellingtonienplatz<a href=\"https:\/\/www.naturparkmagazin.de\/schwaebisch-fraenkischer-wald\/wp-content\/uploads\/sites\/34\/19_NPSFW_Naturerlebniscamp_Plakat_4.jpg\"><img decoding=\"async\" loading=\"lazy\" class=\"alignright size-full wp-image-7874\" src=\"https:\/\/www.naturparkmagazin.de\/schwaebisch-fraenkischer-wald\/wp-content\/uploads\/sites\/34\/19_NPSFW_Naturerlebniscamp_Plakat_4.jpg\" alt=\"Spannend \u2013 Besinnlich \u2013 Stimmungsvoll  \" width=\"300\" height=\"500\" srcset=\"https:\/\/www.naturparkmagazin.de\/schwaebisch-fraenkischer-wald\/wp-content\/uploads\/sites\/34\/19_NPSFW_Naturerlebniscamp_Plakat_4.jpg 300w, https:\/\/www.naturparkmagazin.de\/schwaebisch-fraenkischer-wald\/wp-content\/uploads\/sites\/34\/19_NPSFW_Naturerlebniscamp_Plakat_4-200x333.jpg 200w\" sizes=\"(max-width: 300px) 100vw, 300px\" \/><\/a><\/p>\n<p>Die einzelnen Stationen werden nicht alle \u00fcber den gesamten Zeitraum bespielt. Bitte beachten Sie die angegebenen Zeiten:<\/p>\n<p><strong>17.00 \u2013 21.15 Uhr<\/strong><\/p>\n<p>Laternen basteln &#8211; Naturparkf\u00fchrerin Sabine R\u00fccker<\/p>\n<p>K\u00fcrbisgeister schnitzen &#8211; Naturparkf\u00fchrer Klaus Pfeffer<\/p>\n<p>Fackeln bauen &#8211; Naturparkf\u00fchrerin Andrea Schr\u00f6der<\/p>\n<p>Rund ums Feuer \u2013 Omas Waffeleisen im Einsatz und Stock-brot backen &#8211; Naturparkf\u00fchrerin Gerda Drexel-Stich<\/p>\n<p>Sehen und Suchen bei Nacht \u2013 Mit W\u00e4rmebildkamera und Nachtsichtger\u00e4t unterwegs &#8211; Forstlicher Hauptst\u00fctzpunkt Stollenhof<\/p>\n<p>Geheimnis Nacht \u2013 Spannendes mit dem F\u00f6rster &#8211; Forst BWWaldkl\u00e4nge<\/p>\n<p>Klangtrommeln und weitere Instrumente &#8211; Claudia Roth, Kl\u00e4nge f\u00fcr Herz und Seel<\/p>\n<p><strong>18.00 \u2013 21.15 Uhr<\/strong><\/p>\n<p>Ausflug zu den Sternen \u2013 Mit dem Teleskop ganz weit weg &#8211; Robert-Mayer-Sternwarte Heilbronn<\/p>\n<p>Geschichtenzeit \u2013 M\u00e4rchengefl\u00fcster im Hexenh\u00e4uschen &#8211; M\u00e4rchenhexe Steffi<\/p>\n<p>Country Roads \u2013 Singen am Lagerfeuer &#8211; Eckhard Wieland<\/p>\n<p><strong>19.00 \u2013 21.15 Uhr<\/strong><\/p>\n<p>Lichterpfad \u2013 spannende Entdeckungsreise durch die Nacht &#8211; Naturparkf\u00fchrerin Sabine Reiss<\/p>\n<p>Dunkelpfad \u2013 Mutprobe zu n\u00e4chtlicher Stunde &#8211; Naturparkf\u00fchrer Klaus Pfeffer<\/p>\n<p>Fledermaus, Gl\u00fchw\u00fcrmchen und Wolf \u2013 Nachtspiele im Wald &#8211; Naturparkf\u00fchrer Walter Hieber<\/p>\n<p><strong>21.30 \u2013 22.00 Uhr<\/strong><\/p>\n<p>Gemeinsame Abschlussveranstaltung &#8211; Feuershow der Feuerspinner e.V. Mainhardt<\/p>\n<p>Das Team des \u201eNatur-Erlebniscamps W\u00fcstenrot\u201c erm\u00f6glicht 2019 bei vier gro\u00dfen Veranstaltungen ein vielf\u00e4ltiges Naturerleben f\u00fcr Jung und Alt, f\u00fcr Gro\u00df und Klein. Jede Veranstaltung steht unter einem bestimmten Motto und entf\u00fchrt die Teilnehmer f\u00fcr einen halben Tag an die sch\u00f6nsten Pl\u00e4tze in der abwechslungsreichen Natur rund um W\u00fcstenrot. Alle Aktionen fordern auf, sich aktiv zu beteiligen, Dinge in die Hand zu nehmen und auszuprobieren und dadurch viel Neues zu erfahren. Die ausgewogene Abstimmung der unterschiedlichen Programmpunkte sorgt daf\u00fcr, dass jeder etwas f\u00fcr sich findet, ob zahm oder wild, ob laut oder leise, ob besinnlich oder bewegend. Bew\u00e4hrte Programmpunkte finden sich wieder, viele neue Ideen bereichern das Programm. Wichtig ist auch das Miteinander der Teilnehmer. Insbesondere Familien k\u00f6nnen hier unvergessliche gemeinsame Erlebnisse abseits des Alltagstrubels genie\u00dfen. Lassen Sie sich ein auf das Erlebnis Natur. Wir freuen uns auf Sie!<\/p>\n<p>Alle Infos finden Sie hier: <a href=\"https:\/\/www.naturpark-sfw.de\/erleben\/natur-erlebnisangebote\/natur-erlebniscamp\/\" target=\"_blank\">www.naturpark-sfw.de\/erleben\/natur-erlebnisangebote\/natur-erlebniscamp\/<\/a><\/p>\n","protected":false},"excerpt":{"rendered":"<p>26.10.: Spannend \u2013 Besinnlich \u2013 Stimmungsvoll  <\/p>\n","protected":false},"author":25,"featured_media":7875,"comment_status":"open","ping_status":"open","sticky":false,"template":"","format":"standard","meta":[],"categories":[11],"tags":[1253],"yoast_head":"<!-- This site is optimized with the Yoast SEO plugin v19.10 - https:\/\/yoast.com\/wordpress\/plugins\/seo\/ -->\n<title>ErlebnisNacht am Wellingtonienplatz - Naturpark Schw\u00e4bisch-Fr\u00e4nkischer Wald<\/title>\n<meta name=\"robots\" content=\"index, follow, max-snippet:-1, max-image-preview:large, max-video-preview:-1\" \/>\n<link rel=\"canonical\" href=\"https:\/\/www.naturparkmagazin.de\/schwaebisch-fraenkischer-wald\/erlebnisnacht-am-wellingtonienplatz\/\" \/>\n<meta property=\"og:locale\" content=\"de_DE\" \/>\n<meta property=\"og:type\" content=\"article\" \/>\n<meta property=\"og:title\" content=\"ErlebnisNacht am Wellingtonienplatz - Naturpark Schw\u00e4bisch-Fr\u00e4nkischer Wald\" \/>\n<meta property=\"og:description\" content=\"26.10.: Spannend \u2013 Besinnlich \u2013 Stimmungsvoll\" \/>\n<meta property=\"og:url\" content=\"https:\/\/www.naturparkmagazin.de\/schwaebisch-fraenkischer-wald\/erlebnisnacht-am-wellingtonienplatz\/\" \/>\n<meta property=\"og:site_name\" content=\"Naturpark Schw\u00e4bisch-Fr\u00e4nkischer Wald\" \/>\n<meta property=\"article:author\" content=\"https:\/\/www.facebook.com\/naturparkSFW\" \/>\n<meta property=\"article:published_time\" content=\"2019-09-13T05:14:00+00:00\" \/>\n<meta property=\"article:modified_time\" content=\"2019-09-19T06:09:50+00:00\" \/>\n<meta property=\"og:image\" content=\"https:\/\/www.naturparkmagazin.de\/schwaebisch-fraenkischer-wald\/wp-content\/uploads\/sites\/34\/19_NPSFW_Naturerlebniscamp_Plakat_41.jpg\" \/>\n\t<meta property=\"og:image:width\" content=\"200\" \/>\n\t<meta property=\"og:image:height\" content=\"200\" \/>\n\t<meta property=\"og:image:type\" content=\"image\/jpeg\" \/>\n<meta name=\"author\" content=\"Naturpark-Team\" \/>\n<meta name=\"twitter:label1\" content=\"Verfasst von\" \/>\n\t<meta name=\"twitter:data1\" content=\"Naturpark-Team\" \/>\n\t<meta name=\"twitter:label2\" content=\"Gesch\u00e4tzte Lesezeit\" \/>\n\t<meta name=\"twitter:data2\" content=\"2\u00a0Minuten\" \/>\n<script type=\"application\/ld+json\" class=\"yoast-schema-graph\">{\"@context\":\"https:\/\/schema.org\",\"@graph\":[{\"@type\":\"WebPage\",\"@id\":\"https:\/\/www.naturparkmagazin.de\/schwaebisch-fraenkischer-wald\/erlebnisnacht-am-wellingtonienplatz\/\",\"url\":\"https:\/\/www.naturparkmagazin.de\/schwaebisch-fraenkischer-wald\/erlebnisnacht-am-wellingtonienplatz\/\",\"name\":\"ErlebnisNacht am Wellingtonienplatz - Naturpark Schw\u00e4bisch-Fr\u00e4nkischer Wald\",\"isPartOf\":{\"@id\":\"https:\/\/www.naturparkmagazin.de\/schwaebisch-fraenkischer-wald\/#website\"},\"datePublished\":\"2019-09-13T05:14:00+00:00\",\"dateModified\":\"2019-09-19T06:09:50+00:00\",\"author\":{\"@id\":\"https:\/\/www.naturparkmagazin.de\/schwaebisch-fraenkischer-wald\/#\/schema\/person\/f047a3702ae747fd7830cf8ac95e6066\"},\"breadcrumb\":{\"@id\":\"https:\/\/www.naturparkmagazin.de\/schwaebisch-fraenkischer-wald\/erlebnisnacht-am-wellingtonienplatz\/#breadcrumb\"},\"inLanguage\":\"de\",\"potentialAction\":[{\"@type\":\"ReadAction\",\"target\":[\"https:\/\/www.naturparkmagazin.de\/schwaebisch-fraenkischer-wald\/erlebnisnacht-am-wellingtonienplatz\/\"]}]},{\"@type\":\"BreadcrumbList\",\"@id\":\"https:\/\/www.naturparkmagazin.de\/schwaebisch-fraenkischer-wald\/erlebnisnacht-am-wellingtonienplatz\/#breadcrumb\",\"itemListElement\":[{\"@type\":\"ListItem\",\"position\":1,\"name\":\"Home\",\"item\":\"https:\/\/www.naturparkmagazin.de\/schwaebisch-fraenkischer-wald\/\"},{\"@type\":\"ListItem\",\"position\":2,\"name\":\"ErlebnisNacht am Wellingtonienplatz\"}]},{\"@type\":\"WebSite\",\"@id\":\"https:\/\/www.naturparkmagazin.de\/schwaebisch-fraenkischer-wald\/#website\",\"url\":\"https:\/\/www.naturparkmagazin.de\/schwaebisch-fraenkischer-wald\/\",\"name\":\"Naturpark Schw\u00e4bisch-Fr\u00e4nkischer Wald\",\"description\":\"\",\"potentialAction\":[{\"@type\":\"SearchAction\",\"target\":{\"@type\":\"EntryPoint\",\"urlTemplate\":\"https:\/\/www.naturparkmagazin.de\/schwaebisch-fraenkischer-wald\/?s={search_term_string}\"},\"query-input\":\"required name=search_term_string\"}],\"inLanguage\":\"de\"},{\"@type\":\"Person\",\"@id\":\"https:\/\/www.naturparkmagazin.de\/schwaebisch-fraenkischer-wald\/#\/schema\/person\/f047a3702ae747fd7830cf8ac95e6066\",\"name\":\"Naturpark-Team\",\"sameAs\":[\"http:\/\/www.naturpark-sfw.de\",\"https:\/\/www.facebook.com\/naturparkSFW\"],\"url\":\"https:\/\/www.naturparkmagazin.de\/schwaebisch-fraenkischer-wald\/author\/bernharddrixler\/\"}]}<\/script>\n<!-- \/ Yoast SEO plugin. -->","yoast_head_json":{"title":"ErlebnisNacht am Wellingtonienplatz - Naturpark Schw\u00e4bisch-Fr\u00e4nkischer Wald","robots":{"index":"index","follow":"follow","max-snippet":"max-snippet:-1","max-image-preview":"max-image-preview:large","max-video-preview":"max-video-preview:-1"},"canonical":"https:\/\/www.naturparkmagazin.de\/schwaebisch-fraenkischer-wald\/erlebnisnacht-am-wellingtonienplatz\/","og_locale":"de_DE","og_type":"article","og_title":"ErlebnisNacht am Wellingtonienplatz - Naturpark Schw\u00e4bisch-Fr\u00e4nkischer Wald","og_description":"26.10.: Spannend \u2013 Besinnlich \u2013 Stimmungsvoll","og_url":"https:\/\/www.naturparkmagazin.de\/schwaebisch-fraenkischer-wald\/erlebnisnacht-am-wellingtonienplatz\/","og_site_name":"Naturpark Schw\u00e4bisch-Fr\u00e4nkischer Wald","article_author":"https:\/\/www.facebook.com\/naturparkSFW","article_published_time":"2019-09-13T05:14:00+00:00","article_modified_time":"2019-09-19T06:09:50+00:00","og_image":[{"width":200,"height":200,"url":"https:\/\/www.naturparkmagazin.de\/schwaebisch-fraenkischer-wald\/wp-content\/uploads\/sites\/34\/19_NPSFW_Naturerlebniscamp_Plakat_41.jpg","type":"image\/jpeg"}],"author":"Naturpark-Team","twitter_misc":{"Verfasst von":"Naturpark-Team","Gesch\u00e4tzte Lesezeit":"2\u00a0Minuten"},"schema":{"@context":"https:\/\/schema.org","@graph":[{"@type":"WebPage","@id":"https:\/\/www.naturparkmagazin.de\/schwaebisch-fraenkischer-wald\/erlebnisnacht-am-wellingtonienplatz\/","url":"https:\/\/www.naturparkmagazin.de\/schwaebisch-fraenkischer-wald\/erlebnisnacht-am-wellingtonienplatz\/","name":"ErlebnisNacht am Wellingtonienplatz - Naturpark Schw\u00e4bisch-Fr\u00e4nkischer Wald","isPartOf":{"@id":"https:\/\/www.naturparkmagazin.de\/schwaebisch-fraenkischer-wald\/#website"},"datePublished":"2019-09-13T05:14:00+00:00","dateModified":"2019-09-19T06:09:50+00:00","author":{"@id":"https:\/\/www.naturparkmagazin.de\/schwaebisch-fraenkischer-wald\/#\/schema\/person\/f047a3702ae747fd7830cf8ac95e6066"},"breadcrumb":{"@id":"https:\/\/www.naturparkmagazin.de\/schwaebisch-fraenkischer-wald\/erlebnisnacht-am-wellingtonienplatz\/#breadcrumb"},"inLanguage":"de","potentialAction":[{"@type":"ReadAction","target":["https:\/\/www.naturparkmagazin.de\/schwaebisch-fraenkischer-wald\/erlebnisnacht-am-wellingtonienplatz\/"]}]},{"@type":"BreadcrumbList","@id":"https:\/\/www.naturparkmagazin.de\/schwaebisch-fraenkischer-wald\/erlebnisnacht-am-wellingtonienplatz\/#breadcrumb","itemListElement":[{"@type":"ListItem","position":1,"name":"Home","item":"https:\/\/www.naturparkmagazin.de\/schwaebisch-fraenkischer-wald\/"},{"@type":"ListItem","position":2,"name":"ErlebnisNacht am Wellingtonienplatz"}]},{"@type":"WebSite","@id":"https:\/\/www.naturparkmagazin.de\/schwaebisch-fraenkischer-wald\/#website","url":"https:\/\/www.naturparkmagazin.de\/schwaebisch-fraenkischer-wald\/","name":"Naturpark Schw\u00e4bisch-Fr\u00e4nkischer Wald","description":"","potentialAction":[{"@type":"SearchAction","target":{"@type":"EntryPoint","urlTemplate":"https:\/\/www.naturparkmagazin.de\/schwaebisch-fraenkischer-wald\/?s={search_term_string}"},"query-input":"required name=search_term_string"}],"inLanguage":"de"},{"@type":"Person","@id":"https:\/\/www.naturparkmagazin.de\/schwaebisch-fraenkischer-wald\/#\/schema\/person\/f047a3702ae747fd7830cf8ac95e6066","name":"Naturpark-Team","sameAs":["http:\/\/www.naturpark-sfw.de","https:\/\/www.facebook.com\/naturparkSFW"],"url":"https:\/\/www.naturparkmagazin.de\/schwaebisch-fraenkischer-wald\/author\/bernharddrixler\/"}]}},"_links":{"self":[{"href":"https:\/\/www.naturparkmagazin.de\/schwaebisch-fraenkischer-wald\/wp-json\/wp\/v2\/posts\/7873"}],"collection":[{"href":"https:\/\/www.naturparkmagazin.de\/schwaebisch-fraenkischer-wald\/wp-json\/wp\/v2\/posts"}],"about":[{"href":"https:\/\/www.naturparkmagazin.de\/schwaebisch-fraenkischer-wald\/wp-json\/wp\/v2\/types\/post"}],"author":[{"embeddable":true,"href":"https:\/\/www.naturparkmagazin.de\/schwaebisch-fraenkischer-wald\/wp-json\/wp\/v2\/users\/25"}],"replies":[{"embeddable":true,"href":"https:\/\/www.naturparkmagazin.de\/schwaebisch-fraenkischer-wald\/wp-json\/wp\/v2\/comments?post=7873"}],"version-history":[{"count":3,"href":"https:\/\/www.naturparkmagazin.de\/schwaebisch-fraenkischer-wald\/wp-json\/wp\/v2\/posts\/7873\/revisions"}],"predecessor-version":[{"id":7886,"href":"https:\/\/www.naturparkmagazin.de\/schwaebisch-fraenkischer-wald\/wp-json\/wp\/v2\/posts\/7873\/revisions\/7886"}],"wp:featuredmedia":[{"embeddable":true,"href":"https:\/\/www.naturparkmagazin.de\/schwaebisch-fraenkischer-wald\/wp-json\/wp\/v2\/media\/7875"}],"wp:attachment":[{"href":"https:\/\/www.naturparkmagazin.de\/schwaebisch-fraenkischer-wald\/wp-json\/wp\/v2\/media?parent=7873"}],"wp:term":[{"taxonomy":"category","embeddable":true,"href":"https:\/\/www.naturparkmagazin.de\/schwaebisch-fraenkischer-wald\/wp-json\/wp\/v2\/categories?post=7873"},{"taxonomy":"post_tag","embeddable":true,"href":"https:\/\/www.naturparkmagazin.de\/schwaebisch-fraenkischer-wald\/wp-json\/wp\/v2\/tags?post=7873"}],"curies":[{"name":"wp","href":"https:\/\/api.w.org\/{rel}","templated":true}]}}