{"id":7891,"date":"2019-09-13T08:45:07","date_gmt":"2019-09-13T06:45:07","guid":{"rendered":"https:\/\/www.naturparkmagazin.de\/schwaebisch-fraenkischer-wald\/?p=7891"},"modified":"2019-09-19T08:50:55","modified_gmt":"2019-09-19T06:50:55","slug":"stimmungsvolle-herbstmonate-mit-naturparkfuehrern-erleben","status":"publish","type":"post","link":"https:\/\/www.naturparkmagazin.de\/schwaebisch-fraenkischer-wald\/stimmungsvolle-herbstmonate-mit-naturparkfuehrern-erleben\/","title":{"rendered":"Stimmungsvolle Herbstmonate mit Naturparkf\u00fchrern erleben"},"content":{"rendered":"<p>Was gibt es Sch\u00f6neres als die goldenen Strahlen der Herbstsonne f\u00fcr eine Wanderung durch die buntgef\u00e4rbten W\u00e4lder des Naturparks Schw\u00e4bisch-Fr\u00e4nkischer Wald zu nutzen?An grauen Nebeltagen durch verwunschene Klingen zu streifen und dabei Geschichten und Wissen aus uralten Zeiten zu lauschen? Oder fr\u00fchmorgens zum Gesang der ersten V\u00f6gel an einer meditativen Erfrischungstour teilzunehmen?<\/p>\n<div id=\"attachment_7892\" style=\"width: 510px\" class=\"wp-caption alignright\"><a href=\"https:\/\/www.naturparkmagazin.de\/schwaebisch-fraenkischer-wald\/wp-content\/uploads\/sites\/34\/190916_BILD_Herbst-mit-den-Naturparkfuehrern_Kuehnle.jpg\"><img aria-describedby=\"caption-attachment-7892\" decoding=\"async\" loading=\"lazy\" class=\"size-full wp-image-7892\" src=\"https:\/\/www.naturparkmagazin.de\/schwaebisch-fraenkischer-wald\/wp-content\/uploads\/sites\/34\/190916_BILD_Herbst-mit-den-Naturparkfuehrern_Kuehnle.jpg\" alt=\"Erlebnisreicher Herbst mit den Naturparkf\u00fchrern: Genuss - Erlebnis - Bewegung\" width=\"500\" height=\"300\" srcset=\"https:\/\/www.naturparkmagazin.de\/schwaebisch-fraenkischer-wald\/wp-content\/uploads\/sites\/34\/190916_BILD_Herbst-mit-den-Naturparkfuehrern_Kuehnle.jpg 500w, https:\/\/www.naturparkmagazin.de\/schwaebisch-fraenkischer-wald\/wp-content\/uploads\/sites\/34\/190916_BILD_Herbst-mit-den-Naturparkfuehrern_Kuehnle-300x180.jpg 300w, https:\/\/www.naturparkmagazin.de\/schwaebisch-fraenkischer-wald\/wp-content\/uploads\/sites\/34\/190916_BILD_Herbst-mit-den-Naturparkfuehrern_Kuehnle-200x120.jpg 200w\" sizes=\"(max-width: 500px) 100vw, 500px\" \/><\/a><p id=\"caption-attachment-7892\" class=\"wp-caption-text\">Erlebnisreicher Herbst mit den Naturparkf\u00fchrern: Genuss &#8211; Entdeckung &#8211; Bewegung<\/p><\/div>\n<p>An diesen ganz besonderen Herbst-Eindr\u00fccken m\u00f6chten die Naturparkf\u00fchrer Schw\u00e4bisch-Fr\u00e4nkischer Wald ihre G\u00e4ste teilhaben lassen! Welche kulinarischen Gen\u00fcsse bieten uns die Wildpflanzen am Wegesrand? Und was f\u00fcr Geschichten kann ein Waldst\u00fcck erz\u00e4hlen?<\/p>\n<p>Auf sportlich versierte G\u00e4ste warten zudem l\u00e4ngere Distanzwanderungen und Mountainbike-Touren. Und alle Nachteulen k\u00f6nnen sich auf geheimnisvolle Vollmond- oder Fackel-Wanderungen begeben.<\/p>\n<p>Diese und viele weitere Termine finden sich in der \u201eNaturpark aktiv\u201c-Brosch\u00fcre und auf <a href=\"http:\/\/www.die-naturparkfuehrer.de\" target=\"_blank\">www.die-naturparkfuehrer.de<\/a><\/p>\n","protected":false},"excerpt":{"rendered":"<p>Erlebnisreicher Herbst mit den Naturparkf\u00fchrern: Genuss &#8211; Entdeckung &#8211; Bewegung<\/p>\n","protected":false},"author":25,"featured_media":7893,"comment_status":"open","ping_status":"open","sticky":false,"template":"","format":"standard","meta":[],"categories":[7],"tags":[1253],"yoast_head":"<!-- This site is optimized with the Yoast SEO plugin v19.10 - https:\/\/yoast.com\/wordpress\/plugins\/seo\/ -->\n<title>Stimmungsvolle Herbstmonate mit Naturparkf\u00fchrern erleben - Naturpark Schw\u00e4bisch-Fr\u00e4nkischer Wald<\/title>\n<meta name=\"robots\" content=\"index, follow, max-snippet:-1, max-image-preview:large, max-video-preview:-1\" \/>\n<link rel=\"canonical\" href=\"https:\/\/www.naturparkmagazin.de\/schwaebisch-fraenkischer-wald\/stimmungsvolle-herbstmonate-mit-naturparkfuehrern-erleben\/\" \/>\n<meta property=\"og:locale\" content=\"de_DE\" \/>\n<meta property=\"og:type\" content=\"article\" \/>\n<meta property=\"og:title\" content=\"Stimmungsvolle Herbstmonate mit Naturparkf\u00fchrern erleben - Naturpark Schw\u00e4bisch-Fr\u00e4nkischer Wald\" \/>\n<meta property=\"og:description\" content=\"Erlebnisreicher Herbst mit den Naturparkf\u00fchrern: Genuss - Entdeckung - Bewegung\" \/>\n<meta property=\"og:url\" content=\"https:\/\/www.naturparkmagazin.de\/schwaebisch-fraenkischer-wald\/stimmungsvolle-herbstmonate-mit-naturparkfuehrern-erleben\/\" \/>\n<meta property=\"og:site_name\" content=\"Naturpark Schw\u00e4bisch-Fr\u00e4nkischer Wald\" \/>\n<meta property=\"article:author\" content=\"https:\/\/www.facebook.com\/naturparkSFW\" \/>\n<meta property=\"article:published_time\" content=\"2019-09-13T06:45:07+00:00\" \/>\n<meta property=\"article:modified_time\" content=\"2019-09-19T06:50:55+00:00\" \/>\n<meta property=\"og:image\" content=\"https:\/\/www.naturparkmagazin.de\/schwaebisch-fraenkischer-wald\/wp-content\/uploads\/sites\/34\/190916_BILD_Herbst-mit-den-Naturparkfuehrern_Kuehnle1.jpg\" \/>\n\t<meta property=\"og:image:width\" content=\"200\" \/>\n\t<meta property=\"og:image:height\" content=\"200\" \/>\n\t<meta property=\"og:image:type\" content=\"image\/jpeg\" \/>\n<meta name=\"author\" content=\"Naturpark-Team\" \/>\n<meta name=\"twitter:label1\" content=\"Verfasst von\" \/>\n\t<meta name=\"twitter:data1\" content=\"Naturpark-Team\" \/>\n\t<meta name=\"twitter:label2\" content=\"Gesch\u00e4tzte Lesezeit\" \/>\n\t<meta name=\"twitter:data2\" content=\"1\u00a0Minute\" \/>\n<script type=\"application\/ld+json\" class=\"yoast-schema-graph\">{\"@context\":\"https:\/\/schema.org\",\"@graph\":[{\"@type\":\"WebPage\",\"@id\":\"https:\/\/www.naturparkmagazin.de\/schwaebisch-fraenkischer-wald\/stimmungsvolle-herbstmonate-mit-naturparkfuehrern-erleben\/\",\"url\":\"https:\/\/www.naturparkmagazin.de\/schwaebisch-fraenkischer-wald\/stimmungsvolle-herbstmonate-mit-naturparkfuehrern-erleben\/\",\"name\":\"Stimmungsvolle Herbstmonate mit Naturparkf\u00fchrern erleben - Naturpark Schw\u00e4bisch-Fr\u00e4nkischer Wald\",\"isPartOf\":{\"@id\":\"https:\/\/www.naturparkmagazin.de\/schwaebisch-fraenkischer-wald\/#website\"},\"datePublished\":\"2019-09-13T06:45:07+00:00\",\"dateModified\":\"2019-09-19T06:50:55+00:00\",\"author\":{\"@id\":\"https:\/\/www.naturparkmagazin.de\/schwaebisch-fraenkischer-wald\/#\/schema\/person\/f047a3702ae747fd7830cf8ac95e6066\"},\"breadcrumb\":{\"@id\":\"https:\/\/www.naturparkmagazin.de\/schwaebisch-fraenkischer-wald\/stimmungsvolle-herbstmonate-mit-naturparkfuehrern-erleben\/#breadcrumb\"},\"inLanguage\":\"de\",\"potentialAction\":[{\"@type\":\"ReadAction\",\"target\":[\"https:\/\/www.naturparkmagazin.de\/schwaebisch-fraenkischer-wald\/stimmungsvolle-herbstmonate-mit-naturparkfuehrern-erleben\/\"]}]},{\"@type\":\"BreadcrumbList\",\"@id\":\"https:\/\/www.naturparkmagazin.de\/schwaebisch-fraenkischer-wald\/stimmungsvolle-herbstmonate-mit-naturparkfuehrern-erleben\/#breadcrumb\",\"itemListElement\":[{\"@type\":\"ListItem\",\"position\":1,\"name\":\"Home\",\"item\":\"https:\/\/www.naturparkmagazin.de\/schwaebisch-fraenkischer-wald\/\"},{\"@type\":\"ListItem\",\"position\":2,\"name\":\"Stimmungsvolle Herbstmonate mit Naturparkf\u00fchrern erleben\"}]},{\"@type\":\"WebSite\",\"@id\":\"https:\/\/www.naturparkmagazin.de\/schwaebisch-fraenkischer-wald\/#website\",\"url\":\"https:\/\/www.naturparkmagazin.de\/schwaebisch-fraenkischer-wald\/\",\"name\":\"Naturpark Schw\u00e4bisch-Fr\u00e4nkischer Wald\",\"description\":\"\",\"potentialAction\":[{\"@type\":\"SearchAction\",\"target\":{\"@type\":\"EntryPoint\",\"urlTemplate\":\"https:\/\/www.naturparkmagazin.de\/schwaebisch-fraenkischer-wald\/?s={search_term_string}\"},\"query-input\":\"required name=search_term_string\"}],\"inLanguage\":\"de\"},{\"@type\":\"Person\",\"@id\":\"https:\/\/www.naturparkmagazin.de\/schwaebisch-fraenkischer-wald\/#\/schema\/person\/f047a3702ae747fd7830cf8ac95e6066\",\"name\":\"Naturpark-Team\",\"sameAs\":[\"http:\/\/www.naturpark-sfw.de\",\"https:\/\/www.facebook.com\/naturparkSFW\"],\"url\":\"https:\/\/www.naturparkmagazin.de\/schwaebisch-fraenkischer-wald\/author\/bernharddrixler\/\"}]}<\/script>\n<!-- \/ Yoast SEO plugin. -->","yoast_head_json":{"title":"Stimmungsvolle Herbstmonate mit Naturparkf\u00fchrern erleben - Naturpark Schw\u00e4bisch-Fr\u00e4nkischer Wald","robots":{"index":"index","follow":"follow","max-snippet":"max-snippet:-1","max-image-preview":"max-image-preview:large","max-video-preview":"max-video-preview:-1"},"canonical":"https:\/\/www.naturparkmagazin.de\/schwaebisch-fraenkischer-wald\/stimmungsvolle-herbstmonate-mit-naturparkfuehrern-erleben\/","og_locale":"de_DE","og_type":"article","og_title":"Stimmungsvolle Herbstmonate mit Naturparkf\u00fchrern erleben - Naturpark Schw\u00e4bisch-Fr\u00e4nkischer Wald","og_description":"Erlebnisreicher Herbst mit den Naturparkf\u00fchrern: Genuss - Entdeckung - Bewegung","og_url":"https:\/\/www.naturparkmagazin.de\/schwaebisch-fraenkischer-wald\/stimmungsvolle-herbstmonate-mit-naturparkfuehrern-erleben\/","og_site_name":"Naturpark Schw\u00e4bisch-Fr\u00e4nkischer Wald","article_author":"https:\/\/www.facebook.com\/naturparkSFW","article_published_time":"2019-09-13T06:45:07+00:00","article_modified_time":"2019-09-19T06:50:55+00:00","og_image":[{"width":200,"height":200,"url":"https:\/\/www.naturparkmagazin.de\/schwaebisch-fraenkischer-wald\/wp-content\/uploads\/sites\/34\/190916_BILD_Herbst-mit-den-Naturparkfuehrern_Kuehnle1.jpg","type":"image\/jpeg"}],"author":"Naturpark-Team","twitter_misc":{"Verfasst von":"Naturpark-Team","Gesch\u00e4tzte Lesezeit":"1\u00a0Minute"},"schema":{"@context":"https:\/\/schema.org","@graph":[{"@type":"WebPage","@id":"https:\/\/www.naturparkmagazin.de\/schwaebisch-fraenkischer-wald\/stimmungsvolle-herbstmonate-mit-naturparkfuehrern-erleben\/","url":"https:\/\/www.naturparkmagazin.de\/schwaebisch-fraenkischer-wald\/stimmungsvolle-herbstmonate-mit-naturparkfuehrern-erleben\/","name":"Stimmungsvolle Herbstmonate mit Naturparkf\u00fchrern erleben - Naturpark Schw\u00e4bisch-Fr\u00e4nkischer Wald","isPartOf":{"@id":"https:\/\/www.naturparkmagazin.de\/schwaebisch-fraenkischer-wald\/#website"},"datePublished":"2019-09-13T06:45:07+00:00","dateModified":"2019-09-19T06:50:55+00:00","author":{"@id":"https:\/\/www.naturparkmagazin.de\/schwaebisch-fraenkischer-wald\/#\/schema\/person\/f047a3702ae747fd7830cf8ac95e6066"},"breadcrumb":{"@id":"https:\/\/www.naturparkmagazin.de\/schwaebisch-fraenkischer-wald\/stimmungsvolle-herbstmonate-mit-naturparkfuehrern-erleben\/#breadcrumb"},"inLanguage":"de","potentialAction":[{"@type":"ReadAction","target":["https:\/\/www.naturparkmagazin.de\/schwaebisch-fraenkischer-wald\/stimmungsvolle-herbstmonate-mit-naturparkfuehrern-erleben\/"]}]},{"@type":"BreadcrumbList","@id":"https:\/\/www.naturparkmagazin.de\/schwaebisch-fraenkischer-wald\/stimmungsvolle-herbstmonate-mit-naturparkfuehrern-erleben\/#breadcrumb","itemListElement":[{"@type":"ListItem","position":1,"name":"Home","item":"https:\/\/www.naturparkmagazin.de\/schwaebisch-fraenkischer-wald\/"},{"@type":"ListItem","position":2,"name":"Stimmungsvolle Herbstmonate mit Naturparkf\u00fchrern erleben"}]},{"@type":"WebSite","@id":"https:\/\/www.naturparkmagazin.de\/schwaebisch-fraenkischer-wald\/#website","url":"https:\/\/www.naturparkmagazin.de\/schwaebisch-fraenkischer-wald\/","name":"Naturpark Schw\u00e4bisch-Fr\u00e4nkischer Wald","description":"","potentialAction":[{"@type":"SearchAction","target":{"@type":"EntryPoint","urlTemplate":"https:\/\/www.naturparkmagazin.de\/schwaebisch-fraenkischer-wald\/?s={search_term_string}"},"query-input":"required name=search_term_string"}],"inLanguage":"de"},{"@type":"Person","@id":"https:\/\/www.naturparkmagazin.de\/schwaebisch-fraenkischer-wald\/#\/schema\/person\/f047a3702ae747fd7830cf8ac95e6066","name":"Naturpark-Team","sameAs":["http:\/\/www.naturpark-sfw.de","https:\/\/www.facebook.com\/naturparkSFW"],"url":"https:\/\/www.naturparkmagazin.de\/schwaebisch-fraenkischer-wald\/author\/bernharddrixler\/"}]}},"_links":{"self":[{"href":"https:\/\/www.naturparkmagazin.de\/schwaebisch-fraenkischer-wald\/wp-json\/wp\/v2\/posts\/7891"}],"collection":[{"href":"https:\/\/www.naturparkmagazin.de\/schwaebisch-fraenkischer-wald\/wp-json\/wp\/v2\/posts"}],"about":[{"href":"https:\/\/www.naturparkmagazin.de\/schwaebisch-fraenkischer-wald\/wp-json\/wp\/v2\/types\/post"}],"author":[{"embeddable":true,"href":"https:\/\/www.naturparkmagazin.de\/schwaebisch-fraenkischer-wald\/wp-json\/wp\/v2\/users\/25"}],"replies":[{"embeddable":true,"href":"https:\/\/www.naturparkmagazin.de\/schwaebisch-fraenkischer-wald\/wp-json\/wp\/v2\/comments?post=7891"}],"version-history":[{"count":1,"href":"https:\/\/www.naturparkmagazin.de\/schwaebisch-fraenkischer-wald\/wp-json\/wp\/v2\/posts\/7891\/revisions"}],"predecessor-version":[{"id":7894,"href":"https:\/\/www.naturparkmagazin.de\/schwaebisch-fraenkischer-wald\/wp-json\/wp\/v2\/posts\/7891\/revisions\/7894"}],"wp:featuredmedia":[{"embeddable":true,"href":"https:\/\/www.naturparkmagazin.de\/schwaebisch-fraenkischer-wald\/wp-json\/wp\/v2\/media\/7893"}],"wp:attachment":[{"href":"https:\/\/www.naturparkmagazin.de\/schwaebisch-fraenkischer-wald\/wp-json\/wp\/v2\/media?parent=7891"}],"wp:term":[{"taxonomy":"category","embeddable":true,"href":"https:\/\/www.naturparkmagazin.de\/schwaebisch-fraenkischer-wald\/wp-json\/wp\/v2\/categories?post=7891"},{"taxonomy":"post_tag","embeddable":true,"href":"https:\/\/www.naturparkmagazin.de\/schwaebisch-fraenkischer-wald\/wp-json\/wp\/v2\/tags?post=7891"}],"curies":[{"name":"wp","href":"https:\/\/api.w.org\/{rel}","templated":true}]}}