{"id":790,"date":"2014-05-20T17:30:42","date_gmt":"2014-05-20T15:30:42","guid":{"rendered":"http:\/\/www.naturparkmagazin.de\/schwaebisch-fraenkischer-wald\/?p=790"},"modified":"2014-05-22T13:03:33","modified_gmt":"2014-05-22T11:03:33","slug":"ebnisee-fuer-alle","status":"publish","type":"post","link":"https:\/\/www.naturparkmagazin.de\/schwaebisch-fraenkischer-wald\/ebnisee-fuer-alle\/","title":{"rendered":"Ebnisee f\u00fcr Alle"},"content":{"rendered":"<p><span style=\"text-decoration: underline\">Ebnisee f\u00fcr Alle<\/span><\/p>\n<p>Sonne, T-Shirt, kurze Hose! Endlich ist er wieder da, der Sommer. Lange genug hat sich die Sonne hinter dem doch leicht winterlichen Mai versteckt. Nun endlich l\u00e4sst sie sich wieder blicken und lockt allerhand Naturbegeisterte hinaus. So vielleicht auch Sie zum ersten Termin der Veranstaltungsreihe \u201eEbnisee f\u00fcr Alle\u201c. Was auf jeden Fall mitgebracht werden sollte: viel gute Laune, ein wenig Mut, Kreativit\u00e4t, Abenteuerlust und Neugierde! Wer so gut ausgestattet ist, kann sich am Sonntag den 29. Juni von 11 bis 18 Uhr rund um den Ebnisee auf ein spannendes Programm freuen.<\/p>\n<p>Seien Sie dabei, wenn es mit Waldp\u00e4dagoge Alexander Bartock auf Entdeckertour geht. Unterschiedliche Stationen bieten vielf\u00e4ltige M\u00f6glichkeiten, heimische Tiere mit allen Sinnen kennen zu lernen. Unter dem Motto \u201eS\u00e4en und sehen\u201c bietet die Lebenshilfe Rems-Murr und Forum f\u00fcr Teilhabe der Lebenshilfe ein Blumenwiesenprojekt an. Jeder hat die M\u00f6glichkeit seine eigene Blumenwiese zu s\u00e4en. Wackelig wird es bei Baumpfleger Thomas-Andreas B\u00e4lz. Er nimmt Sie mit zum Klettern, Schaukeln, Balancieren und Slacklinen unter dem Dach der B\u00e4ume! Sp\u00fcren und entdecken Sie mit Hilfe von Seilen Ihre F\u00e4higkeiten und stellen Sie diese auf die Probe.<\/p>\n<div id=\"attachment_285\" style=\"width: 277px\" class=\"wp-caption alignright\"><a href=\"https:\/\/www.naturparkmagazin.de\/schwaebisch-fraenkischer-wald\/wp-content\/uploads\/sites\/34\/110508_Ebnisee_fuer_Alle-135_klein.jpg\"><img aria-describedby=\"caption-attachment-285\" decoding=\"async\" loading=\"lazy\" class=\"size-thumbnail wp-image-285\" alt=\"(c) Naturpark Schw\u00e4bisch-Fr\u00e4nkischer Wald\" src=\"https:\/\/www.naturparkmagazin.de\/schwaebisch-fraenkischer-wald\/wp-content\/uploads\/sites\/34\/110508_Ebnisee_fuer_Alle-135_klein-300x450.jpg\" width=\"267\" height=\"401\" srcset=\"https:\/\/www.naturparkmagazin.de\/schwaebisch-fraenkischer-wald\/wp-content\/uploads\/sites\/34\/110508_Ebnisee_fuer_Alle-135_klein-300x450.jpg 300w, https:\/\/www.naturparkmagazin.de\/schwaebisch-fraenkischer-wald\/wp-content\/uploads\/sites\/34\/110508_Ebnisee_fuer_Alle-135_klein-620x930.jpg 620w, https:\/\/www.naturparkmagazin.de\/schwaebisch-fraenkischer-wald\/wp-content\/uploads\/sites\/34\/110508_Ebnisee_fuer_Alle-135_klein-940x1410.jpg 940w, https:\/\/www.naturparkmagazin.de\/schwaebisch-fraenkischer-wald\/wp-content\/uploads\/sites\/34\/110508_Ebnisee_fuer_Alle-135_klein-670x1005.jpg 670w, https:\/\/www.naturparkmagazin.de\/schwaebisch-fraenkischer-wald\/wp-content\/uploads\/sites\/34\/110508_Ebnisee_fuer_Alle-135_klein-200x300.jpg 200w\" sizes=\"(max-width: 267px) 100vw, 267px\" \/><\/a><p id=\"caption-attachment-285\" class=\"wp-caption-text\">(c) Naturpark Schw\u00e4bisch-Fr\u00e4nkischer Wald<\/p><\/div>\n<p>Auch in diesem Jahr sind die Naturpark-Entdeckerwesten mit gef\u00fclltem Forscher-Equipment im Einsatz. Naturparkf\u00fchrer Walter Hieber f\u00fchrt die Erlebnistour, bei der es vieles zu entdecken gibt. Theaterp\u00e4dagogin Ina Hermans bietet ein vielseitiges Programm mit und ohne Pferd an. Die Natur riechen, h\u00f6ren, sp\u00fcren und wer m\u00f6chte, kann sich von Stute \u201eLuna\u201c tragen lassen. Ein besonderes Erlebnis ist die Kr\u00e4uterwerkstatt von Naturparkf\u00fchrerin Gerda Drexel-Stich. Hier k\u00f6nnen Sie Ihr Wissen und Durchhalteverm\u00f6gen unter Beweis stellen. Butter f\u00fcrs Brot selber sch\u00fctteln, oder Kr\u00e4utersalz selbst herstellen.<\/p>\n<p>Nebenbei lernen Sie ganz praktisch und viel \u00fcber unsere heimischen, essbaren Pflanzen. In Da Vincis Edelstein-Werkstatt von Herrn Jankowski k\u00f6nnen Sie Edelsteine schleifen und beim Malen Ihrer Kreativit\u00e4t freien Lauf lassen. Nach getaner Arbeit d\u00fcrfen diese Unikate mit nach Hause genommen werden.<\/p>\n<p>Wenn auch die Geschm\u00e4cker verschieden sind, f\u00fcr alle gilt: sich Zeit nehmen, neue Erfahrung sammeln und vor allem Spa\u00df haben, wenn das Gel\u00e4nde rund um den Ebnisee zum Freilandareal f\u00fcr die Sinne wird.<\/p>\n<p>Der Flyer zu den drei Veranstaltungen \u201eEbnisee f\u00fcr Alle 2014\u201c kann beim Naturpark angefordert oder im Internet heruntergeladen werden. Weitere Informationen zu diesem und den anderen Naturparkm\u00e4rkten finden Sie unter <a href=\"http:\/\/www.naturpark-sfw.de\">www.naturpark-sfw.de<\/a>.<\/p>\n<p>&nbsp;<\/p>\n","protected":false},"excerpt":{"rendered":"<p>Sonne, T-Shirt, kurze Hose! Endlich ist er wieder da, der Sommer. Lange genug hat sich die Sonne hinter dem doch leicht winterlichen Mai versteckt. Nun endlich l\u00e4sst sie sich wieder blicken und lockt allerhand Naturbegeisterte hinaus. So vielleicht auch Sie zum ersten Termin der Veranstaltungsreihe \u201eEbnisee f\u00fcr Alle\u201c. Was auf jeden Fall mitgebracht werden sollte: viel gute Laune, ein wenig Mut, Kreativit\u00e4t, Abenteuerlust und Neugierde!<\/p>\n","protected":false},"author":25,"featured_media":319,"comment_status":"open","ping_status":"open","sticky":false,"template":"","format":"standard","meta":[],"categories":[11],"tags":[186],"yoast_head":"<!-- This site is optimized with the Yoast SEO plugin v19.10 - https:\/\/yoast.com\/wordpress\/plugins\/seo\/ -->\n<title>Ebnisee f\u00fcr Alle - Naturpark Schw\u00e4bisch-Fr\u00e4nkischer Wald<\/title>\n<meta name=\"robots\" content=\"index, follow, max-snippet:-1, max-image-preview:large, max-video-preview:-1\" \/>\n<link rel=\"canonical\" href=\"https:\/\/www.naturparkmagazin.de\/schwaebisch-fraenkischer-wald\/ebnisee-fuer-alle\/\" \/>\n<meta property=\"og:locale\" content=\"de_DE\" \/>\n<meta property=\"og:type\" content=\"article\" \/>\n<meta property=\"og:title\" content=\"Ebnisee f\u00fcr Alle - Naturpark Schw\u00e4bisch-Fr\u00e4nkischer Wald\" \/>\n<meta property=\"og:description\" content=\"Sonne, T-Shirt, kurze Hose! Endlich ist er wieder da, der Sommer. Lange genug hat sich die Sonne hinter dem doch leicht winterlichen Mai versteckt. Nun endlich l\u00e4sst sie sich wieder blicken und lockt allerhand Naturbegeisterte hinaus. So vielleicht auch Sie zum ersten Termin der Veranstaltungsreihe \u201eEbnisee f\u00fcr Alle\u201c. Was auf jeden Fall mitgebracht werden sollte: viel gute Laune, ein wenig Mut, Kreativit\u00e4t, Abenteuerlust und Neugierde!\" \/>\n<meta property=\"og:url\" content=\"https:\/\/www.naturparkmagazin.de\/schwaebisch-fraenkischer-wald\/ebnisee-fuer-alle\/\" \/>\n<meta property=\"og:site_name\" content=\"Naturpark Schw\u00e4bisch-Fr\u00e4nkischer Wald\" \/>\n<meta property=\"article:author\" content=\"https:\/\/www.facebook.com\/naturparkSFW\" \/>\n<meta property=\"article:published_time\" content=\"2014-05-20T15:30:42+00:00\" \/>\n<meta property=\"article:modified_time\" content=\"2014-05-22T11:03:33+00:00\" \/>\n<meta property=\"og:image\" content=\"https:\/\/www.naturparkmagazin.de\/schwaebisch-fraenkischer-wald\/wp-content\/uploads\/sites\/34\/120520_Ebnisse_fuer_alle-63_klein.jpg\" \/>\n\t<meta property=\"og:image:width\" content=\"283\" \/>\n\t<meta property=\"og:image:height\" content=\"213\" \/>\n\t<meta property=\"og:image:type\" content=\"image\/jpeg\" \/>\n<meta name=\"author\" content=\"Naturpark-Team\" \/>\n<meta name=\"twitter:label1\" content=\"Verfasst von\" \/>\n\t<meta name=\"twitter:data1\" content=\"Naturpark-Team\" \/>\n\t<meta name=\"twitter:label2\" content=\"Gesch\u00e4tzte Lesezeit\" \/>\n\t<meta name=\"twitter:data2\" content=\"2\u00a0Minuten\" \/>\n<script type=\"application\/ld+json\" class=\"yoast-schema-graph\">{\"@context\":\"https:\/\/schema.org\",\"@graph\":[{\"@type\":\"WebPage\",\"@id\":\"https:\/\/www.naturparkmagazin.de\/schwaebisch-fraenkischer-wald\/ebnisee-fuer-alle\/\",\"url\":\"https:\/\/www.naturparkmagazin.de\/schwaebisch-fraenkischer-wald\/ebnisee-fuer-alle\/\",\"name\":\"Ebnisee f\u00fcr Alle - Naturpark Schw\u00e4bisch-Fr\u00e4nkischer Wald\",\"isPartOf\":{\"@id\":\"https:\/\/www.naturparkmagazin.de\/schwaebisch-fraenkischer-wald\/#website\"},\"datePublished\":\"2014-05-20T15:30:42+00:00\",\"dateModified\":\"2014-05-22T11:03:33+00:00\",\"author\":{\"@id\":\"https:\/\/www.naturparkmagazin.de\/schwaebisch-fraenkischer-wald\/#\/schema\/person\/f047a3702ae747fd7830cf8ac95e6066\"},\"breadcrumb\":{\"@id\":\"https:\/\/www.naturparkmagazin.de\/schwaebisch-fraenkischer-wald\/ebnisee-fuer-alle\/#breadcrumb\"},\"inLanguage\":\"de\",\"potentialAction\":[{\"@type\":\"ReadAction\",\"target\":[\"https:\/\/www.naturparkmagazin.de\/schwaebisch-fraenkischer-wald\/ebnisee-fuer-alle\/\"]}]},{\"@type\":\"BreadcrumbList\",\"@id\":\"https:\/\/www.naturparkmagazin.de\/schwaebisch-fraenkischer-wald\/ebnisee-fuer-alle\/#breadcrumb\",\"itemListElement\":[{\"@type\":\"ListItem\",\"position\":1,\"name\":\"Home\",\"item\":\"https:\/\/www.naturparkmagazin.de\/schwaebisch-fraenkischer-wald\/\"},{\"@type\":\"ListItem\",\"position\":2,\"name\":\"Ebnisee f\u00fcr Alle\"}]},{\"@type\":\"WebSite\",\"@id\":\"https:\/\/www.naturparkmagazin.de\/schwaebisch-fraenkischer-wald\/#website\",\"url\":\"https:\/\/www.naturparkmagazin.de\/schwaebisch-fraenkischer-wald\/\",\"name\":\"Naturpark Schw\u00e4bisch-Fr\u00e4nkischer Wald\",\"description\":\"\",\"potentialAction\":[{\"@type\":\"SearchAction\",\"target\":{\"@type\":\"EntryPoint\",\"urlTemplate\":\"https:\/\/www.naturparkmagazin.de\/schwaebisch-fraenkischer-wald\/?s={search_term_string}\"},\"query-input\":\"required name=search_term_string\"}],\"inLanguage\":\"de\"},{\"@type\":\"Person\",\"@id\":\"https:\/\/www.naturparkmagazin.de\/schwaebisch-fraenkischer-wald\/#\/schema\/person\/f047a3702ae747fd7830cf8ac95e6066\",\"name\":\"Naturpark-Team\",\"sameAs\":[\"http:\/\/www.naturpark-sfw.de\",\"https:\/\/www.facebook.com\/naturparkSFW\"],\"url\":\"https:\/\/www.naturparkmagazin.de\/schwaebisch-fraenkischer-wald\/author\/bernharddrixler\/\"}]}<\/script>\n<!-- \/ Yoast SEO plugin. -->","yoast_head_json":{"title":"Ebnisee f\u00fcr Alle - Naturpark Schw\u00e4bisch-Fr\u00e4nkischer Wald","robots":{"index":"index","follow":"follow","max-snippet":"max-snippet:-1","max-image-preview":"max-image-preview:large","max-video-preview":"max-video-preview:-1"},"canonical":"https:\/\/www.naturparkmagazin.de\/schwaebisch-fraenkischer-wald\/ebnisee-fuer-alle\/","og_locale":"de_DE","og_type":"article","og_title":"Ebnisee f\u00fcr Alle - Naturpark Schw\u00e4bisch-Fr\u00e4nkischer Wald","og_description":"Sonne, T-Shirt, kurze Hose! Endlich ist er wieder da, der Sommer. Lange genug hat sich die Sonne hinter dem doch leicht winterlichen Mai versteckt. Nun endlich l\u00e4sst sie sich wieder blicken und lockt allerhand Naturbegeisterte hinaus. So vielleicht auch Sie zum ersten Termin der Veranstaltungsreihe \u201eEbnisee f\u00fcr Alle\u201c. Was auf jeden Fall mitgebracht werden sollte: viel gute Laune, ein wenig Mut, Kreativit\u00e4t, Abenteuerlust und Neugierde!","og_url":"https:\/\/www.naturparkmagazin.de\/schwaebisch-fraenkischer-wald\/ebnisee-fuer-alle\/","og_site_name":"Naturpark Schw\u00e4bisch-Fr\u00e4nkischer Wald","article_author":"https:\/\/www.facebook.com\/naturparkSFW","article_published_time":"2014-05-20T15:30:42+00:00","article_modified_time":"2014-05-22T11:03:33+00:00","og_image":[{"width":283,"height":213,"url":"https:\/\/www.naturparkmagazin.de\/schwaebisch-fraenkischer-wald\/wp-content\/uploads\/sites\/34\/120520_Ebnisse_fuer_alle-63_klein.jpg","type":"image\/jpeg"}],"author":"Naturpark-Team","twitter_misc":{"Verfasst von":"Naturpark-Team","Gesch\u00e4tzte Lesezeit":"2\u00a0Minuten"},"schema":{"@context":"https:\/\/schema.org","@graph":[{"@type":"WebPage","@id":"https:\/\/www.naturparkmagazin.de\/schwaebisch-fraenkischer-wald\/ebnisee-fuer-alle\/","url":"https:\/\/www.naturparkmagazin.de\/schwaebisch-fraenkischer-wald\/ebnisee-fuer-alle\/","name":"Ebnisee f\u00fcr Alle - Naturpark Schw\u00e4bisch-Fr\u00e4nkischer Wald","isPartOf":{"@id":"https:\/\/www.naturparkmagazin.de\/schwaebisch-fraenkischer-wald\/#website"},"datePublished":"2014-05-20T15:30:42+00:00","dateModified":"2014-05-22T11:03:33+00:00","author":{"@id":"https:\/\/www.naturparkmagazin.de\/schwaebisch-fraenkischer-wald\/#\/schema\/person\/f047a3702ae747fd7830cf8ac95e6066"},"breadcrumb":{"@id":"https:\/\/www.naturparkmagazin.de\/schwaebisch-fraenkischer-wald\/ebnisee-fuer-alle\/#breadcrumb"},"inLanguage":"de","potentialAction":[{"@type":"ReadAction","target":["https:\/\/www.naturparkmagazin.de\/schwaebisch-fraenkischer-wald\/ebnisee-fuer-alle\/"]}]},{"@type":"BreadcrumbList","@id":"https:\/\/www.naturparkmagazin.de\/schwaebisch-fraenkischer-wald\/ebnisee-fuer-alle\/#breadcrumb","itemListElement":[{"@type":"ListItem","position":1,"name":"Home","item":"https:\/\/www.naturparkmagazin.de\/schwaebisch-fraenkischer-wald\/"},{"@type":"ListItem","position":2,"name":"Ebnisee f\u00fcr Alle"}]},{"@type":"WebSite","@id":"https:\/\/www.naturparkmagazin.de\/schwaebisch-fraenkischer-wald\/#website","url":"https:\/\/www.naturparkmagazin.de\/schwaebisch-fraenkischer-wald\/","name":"Naturpark Schw\u00e4bisch-Fr\u00e4nkischer Wald","description":"","potentialAction":[{"@type":"SearchAction","target":{"@type":"EntryPoint","urlTemplate":"https:\/\/www.naturparkmagazin.de\/schwaebisch-fraenkischer-wald\/?s={search_term_string}"},"query-input":"required name=search_term_string"}],"inLanguage":"de"},{"@type":"Person","@id":"https:\/\/www.naturparkmagazin.de\/schwaebisch-fraenkischer-wald\/#\/schema\/person\/f047a3702ae747fd7830cf8ac95e6066","name":"Naturpark-Team","sameAs":["http:\/\/www.naturpark-sfw.de","https:\/\/www.facebook.com\/naturparkSFW"],"url":"https:\/\/www.naturparkmagazin.de\/schwaebisch-fraenkischer-wald\/author\/bernharddrixler\/"}]}},"_links":{"self":[{"href":"https:\/\/www.naturparkmagazin.de\/schwaebisch-fraenkischer-wald\/wp-json\/wp\/v2\/posts\/790"}],"collection":[{"href":"https:\/\/www.naturparkmagazin.de\/schwaebisch-fraenkischer-wald\/wp-json\/wp\/v2\/posts"}],"about":[{"href":"https:\/\/www.naturparkmagazin.de\/schwaebisch-fraenkischer-wald\/wp-json\/wp\/v2\/types\/post"}],"author":[{"embeddable":true,"href":"https:\/\/www.naturparkmagazin.de\/schwaebisch-fraenkischer-wald\/wp-json\/wp\/v2\/users\/25"}],"replies":[{"embeddable":true,"href":"https:\/\/www.naturparkmagazin.de\/schwaebisch-fraenkischer-wald\/wp-json\/wp\/v2\/comments?post=790"}],"version-history":[{"count":6,"href":"https:\/\/www.naturparkmagazin.de\/schwaebisch-fraenkischer-wald\/wp-json\/wp\/v2\/posts\/790\/revisions"}],"predecessor-version":[{"id":855,"href":"https:\/\/www.naturparkmagazin.de\/schwaebisch-fraenkischer-wald\/wp-json\/wp\/v2\/posts\/790\/revisions\/855"}],"wp:featuredmedia":[{"embeddable":true,"href":"https:\/\/www.naturparkmagazin.de\/schwaebisch-fraenkischer-wald\/wp-json\/wp\/v2\/media\/319"}],"wp:attachment":[{"href":"https:\/\/www.naturparkmagazin.de\/schwaebisch-fraenkischer-wald\/wp-json\/wp\/v2\/media?parent=790"}],"wp:term":[{"taxonomy":"category","embeddable":true,"href":"https:\/\/www.naturparkmagazin.de\/schwaebisch-fraenkischer-wald\/wp-json\/wp\/v2\/categories?post=790"},{"taxonomy":"post_tag","embeddable":true,"href":"https:\/\/www.naturparkmagazin.de\/schwaebisch-fraenkischer-wald\/wp-json\/wp\/v2\/tags?post=790"}],"curies":[{"name":"wp","href":"https:\/\/api.w.org\/{rel}","templated":true}]}}