{"id":7924,"date":"2019-10-17T10:33:09","date_gmt":"2019-10-17T08:33:09","guid":{"rendered":"https:\/\/www.naturparkmagazin.de\/schwaebisch-fraenkischer-wald\/?p=7924"},"modified":"2019-10-16T13:03:53","modified_gmt":"2019-10-16T11:03:53","slug":"so-ueberwintern-wildbienen","status":"publish","type":"post","link":"https:\/\/www.naturparkmagazin.de\/schwaebisch-fraenkischer-wald\/so-ueberwintern-wildbienen\/","title":{"rendered":"So \u00fcberwintern Wildbienen"},"content":{"rendered":"<p>Die Bl\u00fchenden Naturparke informieren<\/p>\n<p>Auf unseren naturnahen Wildblumenwiesen sind im November nur noch wenige Insekten zu sehen. Viele haben sich zum \u00dcberwintern zur\u00fcckgezogen. W\u00e4hrend die Honigbiene im Bienenstock bleibt, haben die meisten Wildbienen keine w\u00e4rmende Gemeinschaft. Einige Arten, wie die Blauschwarze Holzbiene, verkriechen sich in oberirdischen Verstecken wie H\u00f6hlen und Spalten. Andere, wie die Keulhornbienen, suchen sich ein Versteck in Pflanzenst\u00e4ngeln. Die markhaltigen St\u00e4ngel der Brombeere oder des Holunders sind besonders beliebt. Tats\u00e4chlich \u00fcberwintert jedoch nur ein kleiner Teil der adulten Wildbienen. Die meisten Arten legen im Sommer ihre Eier im Boden oder in Pflanzenst\u00e4ngel ab. Nur der Nachwuchs \u00fcberwintert dann als Puppe in seinem Nest und schl\u00fcpft im folgenden Fr\u00fchjahr oder Fr\u00fchsommer. Mit freien Bodenstellen, Totholz und abgestorbenen Pflanzenst\u00e4ngeln kann den Wildbienen beim \u00dcberwintern geholfen werden. Wichtig ist allerdings, dass die Wildbienen eine Bruchstelle finden und die Pflanzen bis ins Fr\u00fchjahr stehen bleiben.<\/p>\n<div id=\"attachment_7930\" style=\"width: 510px\" class=\"wp-caption aligncenter\"><a href=\"https:\/\/www.naturparkmagazin.de\/schwaebisch-fraenkischer-wald\/wp-content\/uploads\/sites\/34\/2018_11_05_So\u00dcberwinternWildbienen31.jpg\"><img aria-describedby=\"caption-attachment-7930\" decoding=\"async\" loading=\"lazy\" class=\"wp-image-7930 size-full\" src=\"https:\/\/www.naturparkmagazin.de\/schwaebisch-fraenkischer-wald\/wp-content\/uploads\/sites\/34\/2018_11_05_So\u00dcberwinternWildbienen31.jpg\" alt=\"2018_11_05_So\u00dcberwinternWildbienen3\" width=\"500\" height=\"300\" srcset=\"https:\/\/www.naturparkmagazin.de\/schwaebisch-fraenkischer-wald\/wp-content\/uploads\/sites\/34\/2018_11_05_So\u00dcberwinternWildbienen31.jpg 500w, https:\/\/www.naturparkmagazin.de\/schwaebisch-fraenkischer-wald\/wp-content\/uploads\/sites\/34\/2018_11_05_So\u00dcberwinternWildbienen31-300x180.jpg 300w, https:\/\/www.naturparkmagazin.de\/schwaebisch-fraenkischer-wald\/wp-content\/uploads\/sites\/34\/2018_11_05_So\u00dcberwinternWildbienen31-200x120.jpg 200w\" sizes=\"(max-width: 500px) 100vw, 500px\" \/><\/a><p id=\"caption-attachment-7930\" class=\"wp-caption-text\">Die Geh\u00f6rnte Mauerbiene \u00fcberwintert oberirdisch, z. B. in den R\u00f6hrchen einer Nisthilfe. Quelle: Shutterstock. Bildrechte: Naturpark Schwarzwald Mitte\/Nord<\/p><\/div>\n<div id=\"attachment_7928\" style=\"width: 510px\" class=\"wp-caption aligncenter\"><a href=\"https:\/\/www.naturparkmagazin.de\/schwaebisch-fraenkischer-wald\/wp-content\/uploads\/sites\/34\/2018_11_05_So\u00dcberwinternWildbienen2.jpg\"><img aria-describedby=\"caption-attachment-7928\" decoding=\"async\" loading=\"lazy\" class=\"wp-image-7928 size-full\" src=\"https:\/\/www.naturparkmagazin.de\/schwaebisch-fraenkischer-wald\/wp-content\/uploads\/sites\/34\/2018_11_05_So\u00dcberwinternWildbienen2.jpg\" alt=\"2018_11_05_So\u00dcberwinternWildbienen2\" width=\"500\" height=\"300\" srcset=\"https:\/\/www.naturparkmagazin.de\/schwaebisch-fraenkischer-wald\/wp-content\/uploads\/sites\/34\/2018_11_05_So\u00dcberwinternWildbienen2.jpg 500w, https:\/\/www.naturparkmagazin.de\/schwaebisch-fraenkischer-wald\/wp-content\/uploads\/sites\/34\/2018_11_05_So\u00dcberwinternWildbienen2-300x180.jpg 300w, https:\/\/www.naturparkmagazin.de\/schwaebisch-fraenkischer-wald\/wp-content\/uploads\/sites\/34\/2018_11_05_So\u00dcberwinternWildbienen2-200x120.jpg 200w\" sizes=\"(max-width: 500px) 100vw, 500px\" \/><\/a><p id=\"caption-attachment-7928\" class=\"wp-caption-text\">Die Graue Sandbiene baut einen unterirdisches Nest in bis zu 25 cm Tiefe. Bildrechte: Naturpark Schwarzwald Mitte\/Nord<\/p><\/div>\n<div id=\"attachment_7927\" style=\"width: 510px\" class=\"wp-caption aligncenter\"><a href=\"https:\/\/www.naturparkmagazin.de\/schwaebisch-fraenkischer-wald\/wp-content\/uploads\/sites\/34\/2018_11_05_So\u00dcberwinternWildbienen1.jpg\"><img aria-describedby=\"caption-attachment-7927\" decoding=\"async\" loading=\"lazy\" class=\"wp-image-7927 size-full\" src=\"https:\/\/www.naturparkmagazin.de\/schwaebisch-fraenkischer-wald\/wp-content\/uploads\/sites\/34\/2018_11_05_So\u00dcberwinternWildbienen1.jpg\" alt=\"2018_11_05_So\u00dcberwinternWildbienen1\" width=\"500\" height=\"300\" srcset=\"https:\/\/www.naturparkmagazin.de\/schwaebisch-fraenkischer-wald\/wp-content\/uploads\/sites\/34\/2018_11_05_So\u00dcberwinternWildbienen1.jpg 500w, https:\/\/www.naturparkmagazin.de\/schwaebisch-fraenkischer-wald\/wp-content\/uploads\/sites\/34\/2018_11_05_So\u00dcberwinternWildbienen1-300x180.jpg 300w, https:\/\/www.naturparkmagazin.de\/schwaebisch-fraenkischer-wald\/wp-content\/uploads\/sites\/34\/2018_11_05_So\u00dcberwinternWildbienen1-200x120.jpg 200w\" sizes=\"(max-width: 500px) 100vw, 500px\" \/><\/a><p id=\"caption-attachment-7927\" class=\"wp-caption-text\">Die Blauschwarze Holzbiene f\u00e4llt durch ihre schwarzblaue F\u00e4rbung auf und sucht sich zum \u00dcberwintern ein oberirdisches Versteck z.B. in einer Mauerspalte. Bildrechte: Naturpark Schwarzwald Mitte\/Nord<\/p><\/div>\n<p>Ziel des Projekts Bl\u00fchende Naturparke ist es, durch die Anlage von Wildblumenwiesen f\u00fcr Insekten ganzj\u00e4hrig Lebensraum und ein reichhaltiges und vielf\u00e4ltiges Nahrungsangebot zu schaffen. Neben der Anlage naturnaher Wildblumenwiesen werden die Projektteilnehmer auch zur \u00f6kologischen Pflege der Fl\u00e4chen geschult. Nun im Winter sollten die abgestorbenen Pflanzenst\u00e4ngel stehen gelassen werden, um den Insekten Unterschlupf zu bieten.<\/p>\n<p><strong>\u00a0Jeder Quadratmeter z\u00e4hlt<\/strong><\/p>\n<p>Im Rahmen des Sonderprogramms des Landes zur St\u00e4rkung der biologischen Vielfalt startete das Projekt Bl\u00fchende Naturparke dieses Jahr und l\u00e4sst die sieben Naturparke Baden-W\u00fcrttembergs aufbl\u00fchen. Hintergrund des Projekts ist der drastische R\u00fcckgang der best\u00e4ubenden Insekten infolge von Nahrungsquellen- und Lebensraumverlust durch intensive Bodennutzung. Durch das Projekt wurden in Baden-W\u00fcrttemberg insgesamt schon rund 500 Fl\u00e4chen mit standortangepassten, regionalen und mehrj\u00e4hrigen Wildblumensamen einges\u00e4t und anschlie\u00dfend \u00f6kologisch gepflegt. Das Projekt richtet sich an alle Fl\u00e4chenbesitzer wie St\u00e4dte und Gemeinden, Unternehmen, Landwirte oder Privatleute. Zur Vorbereitung laden die ProjektmitarbeiterInnen der \u201eBl\u00fchende Naturparke\u201c regelm\u00e4\u00dfig zu Fachveranstaltungen ein, nehmen Fl\u00e4chenmeldungen entgegen und beraten die Fl\u00e4chenbesitzer und Gemeinden vor Ort zur Vorbereitung und Pflege der B\u00f6den. Die Einsaaten werden, wenn m\u00f6glich mit Kinderg\u00e4rten und Schulklassen organisiert.<\/p>\n<p>Das Land Baden-W\u00fcrttemberg hat sich mit dem \u201eSonderprogramm zur St\u00e4rkung der biologischen Vielfalt\u201c zum Ziel gesetzt, den Artenreichtum in Schutzgebieten, aber vor allem in der vom Menschen genutzten Kulturlandschaft, zu st\u00e4rken. Im Rahmen dieses Sonderprogramms wird das Projekt \u201eBl\u00fchende Naturparke\u201c vom Land in den Jahren 2018 und 2019 mit 370 000 Euro unterst\u00fctzt. Im Zuge dessen wird es zu einem gemeinsamen Projekt aller sieben Naturparke. Der Naturpark Schwarzwald Mitte\/Nord hat mit seiner Projektgruppe Bl\u00fchende Naturparke hierf\u00fcr die Federf\u00fchrung \u00fcbernommen.<\/p>\n<p>Projektkoordination Bl\u00fchende Naturparke\nNaturpark Schwarzwald Mitte\/Nord, <a href=\"http:\/\/www.bluehende-naturparke.de\" target=\"_blank\">www.bluehende-naturparke.de<\/a><\/p>\n","protected":false},"excerpt":{"rendered":"<p>So helfen Sie den Wildbienen beim \u00dcberwintern<\/p>\n","protected":false},"author":25,"featured_media":7932,"comment_status":"open","ping_status":"open","sticky":false,"template":"","format":"standard","meta":[],"categories":[7],"tags":[1253],"yoast_head":"<!-- This site is optimized with the Yoast SEO plugin v19.10 - https:\/\/yoast.com\/wordpress\/plugins\/seo\/ -->\n<title>So \u00fcberwintern Wildbienen - Naturpark Schw\u00e4bisch-Fr\u00e4nkischer Wald<\/title>\n<meta name=\"robots\" content=\"index, follow, max-snippet:-1, max-image-preview:large, max-video-preview:-1\" \/>\n<link rel=\"canonical\" href=\"https:\/\/www.naturparkmagazin.de\/schwaebisch-fraenkischer-wald\/so-ueberwintern-wildbienen\/\" \/>\n<meta property=\"og:locale\" content=\"de_DE\" \/>\n<meta property=\"og:type\" content=\"article\" \/>\n<meta property=\"og:title\" content=\"So \u00fcberwintern Wildbienen - Naturpark Schw\u00e4bisch-Fr\u00e4nkischer Wald\" \/>\n<meta property=\"og:description\" content=\"So helfen Sie den Wildbienen beim \u00dcberwintern\" \/>\n<meta property=\"og:url\" content=\"https:\/\/www.naturparkmagazin.de\/schwaebisch-fraenkischer-wald\/so-ueberwintern-wildbienen\/\" \/>\n<meta property=\"og:site_name\" content=\"Naturpark Schw\u00e4bisch-Fr\u00e4nkischer Wald\" \/>\n<meta property=\"article:author\" content=\"https:\/\/www.facebook.com\/naturparkSFW\" \/>\n<meta property=\"article:published_time\" content=\"2019-10-17T08:33:09+00:00\" \/>\n<meta property=\"article:modified_time\" content=\"2019-10-16T11:03:53+00:00\" \/>\n<meta property=\"og:image\" content=\"https:\/\/www.naturparkmagazin.de\/schwaebisch-fraenkischer-wald\/wp-content\/uploads\/sites\/34\/2018_11_05_So\u00dcberwinternWildbienen21.jpg\" \/>\n\t<meta property=\"og:image:width\" content=\"200\" \/>\n\t<meta property=\"og:image:height\" content=\"200\" \/>\n\t<meta property=\"og:image:type\" content=\"image\/jpeg\" \/>\n<meta name=\"author\" content=\"Naturpark-Team\" \/>\n<meta name=\"twitter:label1\" content=\"Verfasst von\" \/>\n\t<meta name=\"twitter:data1\" content=\"Naturpark-Team\" \/>\n\t<meta name=\"twitter:label2\" content=\"Gesch\u00e4tzte Lesezeit\" \/>\n\t<meta name=\"twitter:data2\" content=\"3\u00a0Minuten\" \/>\n<script type=\"application\/ld+json\" class=\"yoast-schema-graph\">{\"@context\":\"https:\/\/schema.org\",\"@graph\":[{\"@type\":\"WebPage\",\"@id\":\"https:\/\/www.naturparkmagazin.de\/schwaebisch-fraenkischer-wald\/so-ueberwintern-wildbienen\/\",\"url\":\"https:\/\/www.naturparkmagazin.de\/schwaebisch-fraenkischer-wald\/so-ueberwintern-wildbienen\/\",\"name\":\"So \u00fcberwintern Wildbienen - Naturpark Schw\u00e4bisch-Fr\u00e4nkischer Wald\",\"isPartOf\":{\"@id\":\"https:\/\/www.naturparkmagazin.de\/schwaebisch-fraenkischer-wald\/#website\"},\"datePublished\":\"2019-10-17T08:33:09+00:00\",\"dateModified\":\"2019-10-16T11:03:53+00:00\",\"author\":{\"@id\":\"https:\/\/www.naturparkmagazin.de\/schwaebisch-fraenkischer-wald\/#\/schema\/person\/f047a3702ae747fd7830cf8ac95e6066\"},\"breadcrumb\":{\"@id\":\"https:\/\/www.naturparkmagazin.de\/schwaebisch-fraenkischer-wald\/so-ueberwintern-wildbienen\/#breadcrumb\"},\"inLanguage\":\"de\",\"potentialAction\":[{\"@type\":\"ReadAction\",\"target\":[\"https:\/\/www.naturparkmagazin.de\/schwaebisch-fraenkischer-wald\/so-ueberwintern-wildbienen\/\"]}]},{\"@type\":\"BreadcrumbList\",\"@id\":\"https:\/\/www.naturparkmagazin.de\/schwaebisch-fraenkischer-wald\/so-ueberwintern-wildbienen\/#breadcrumb\",\"itemListElement\":[{\"@type\":\"ListItem\",\"position\":1,\"name\":\"Home\",\"item\":\"https:\/\/www.naturparkmagazin.de\/schwaebisch-fraenkischer-wald\/\"},{\"@type\":\"ListItem\",\"position\":2,\"name\":\"So \u00fcberwintern Wildbienen\"}]},{\"@type\":\"WebSite\",\"@id\":\"https:\/\/www.naturparkmagazin.de\/schwaebisch-fraenkischer-wald\/#website\",\"url\":\"https:\/\/www.naturparkmagazin.de\/schwaebisch-fraenkischer-wald\/\",\"name\":\"Naturpark Schw\u00e4bisch-Fr\u00e4nkischer Wald\",\"description\":\"\",\"potentialAction\":[{\"@type\":\"SearchAction\",\"target\":{\"@type\":\"EntryPoint\",\"urlTemplate\":\"https:\/\/www.naturparkmagazin.de\/schwaebisch-fraenkischer-wald\/?s={search_term_string}\"},\"query-input\":\"required name=search_term_string\"}],\"inLanguage\":\"de\"},{\"@type\":\"Person\",\"@id\":\"https:\/\/www.naturparkmagazin.de\/schwaebisch-fraenkischer-wald\/#\/schema\/person\/f047a3702ae747fd7830cf8ac95e6066\",\"name\":\"Naturpark-Team\",\"sameAs\":[\"http:\/\/www.naturpark-sfw.de\",\"https:\/\/www.facebook.com\/naturparkSFW\"],\"url\":\"https:\/\/www.naturparkmagazin.de\/schwaebisch-fraenkischer-wald\/author\/bernharddrixler\/\"}]}<\/script>\n<!-- \/ Yoast SEO plugin. -->","yoast_head_json":{"title":"So \u00fcberwintern Wildbienen - Naturpark Schw\u00e4bisch-Fr\u00e4nkischer Wald","robots":{"index":"index","follow":"follow","max-snippet":"max-snippet:-1","max-image-preview":"max-image-preview:large","max-video-preview":"max-video-preview:-1"},"canonical":"https:\/\/www.naturparkmagazin.de\/schwaebisch-fraenkischer-wald\/so-ueberwintern-wildbienen\/","og_locale":"de_DE","og_type":"article","og_title":"So \u00fcberwintern Wildbienen - Naturpark Schw\u00e4bisch-Fr\u00e4nkischer Wald","og_description":"So helfen Sie den Wildbienen beim \u00dcberwintern","og_url":"https:\/\/www.naturparkmagazin.de\/schwaebisch-fraenkischer-wald\/so-ueberwintern-wildbienen\/","og_site_name":"Naturpark Schw\u00e4bisch-Fr\u00e4nkischer Wald","article_author":"https:\/\/www.facebook.com\/naturparkSFW","article_published_time":"2019-10-17T08:33:09+00:00","article_modified_time":"2019-10-16T11:03:53+00:00","og_image":[{"width":200,"height":200,"url":"https:\/\/www.naturparkmagazin.de\/schwaebisch-fraenkischer-wald\/wp-content\/uploads\/sites\/34\/2018_11_05_So\u00dcberwinternWildbienen21.jpg","type":"image\/jpeg"}],"author":"Naturpark-Team","twitter_misc":{"Verfasst von":"Naturpark-Team","Gesch\u00e4tzte Lesezeit":"3\u00a0Minuten"},"schema":{"@context":"https:\/\/schema.org","@graph":[{"@type":"WebPage","@id":"https:\/\/www.naturparkmagazin.de\/schwaebisch-fraenkischer-wald\/so-ueberwintern-wildbienen\/","url":"https:\/\/www.naturparkmagazin.de\/schwaebisch-fraenkischer-wald\/so-ueberwintern-wildbienen\/","name":"So \u00fcberwintern Wildbienen - Naturpark Schw\u00e4bisch-Fr\u00e4nkischer Wald","isPartOf":{"@id":"https:\/\/www.naturparkmagazin.de\/schwaebisch-fraenkischer-wald\/#website"},"datePublished":"2019-10-17T08:33:09+00:00","dateModified":"2019-10-16T11:03:53+00:00","author":{"@id":"https:\/\/www.naturparkmagazin.de\/schwaebisch-fraenkischer-wald\/#\/schema\/person\/f047a3702ae747fd7830cf8ac95e6066"},"breadcrumb":{"@id":"https:\/\/www.naturparkmagazin.de\/schwaebisch-fraenkischer-wald\/so-ueberwintern-wildbienen\/#breadcrumb"},"inLanguage":"de","potentialAction":[{"@type":"ReadAction","target":["https:\/\/www.naturparkmagazin.de\/schwaebisch-fraenkischer-wald\/so-ueberwintern-wildbienen\/"]}]},{"@type":"BreadcrumbList","@id":"https:\/\/www.naturparkmagazin.de\/schwaebisch-fraenkischer-wald\/so-ueberwintern-wildbienen\/#breadcrumb","itemListElement":[{"@type":"ListItem","position":1,"name":"Home","item":"https:\/\/www.naturparkmagazin.de\/schwaebisch-fraenkischer-wald\/"},{"@type":"ListItem","position":2,"name":"So \u00fcberwintern Wildbienen"}]},{"@type":"WebSite","@id":"https:\/\/www.naturparkmagazin.de\/schwaebisch-fraenkischer-wald\/#website","url":"https:\/\/www.naturparkmagazin.de\/schwaebisch-fraenkischer-wald\/","name":"Naturpark Schw\u00e4bisch-Fr\u00e4nkischer Wald","description":"","potentialAction":[{"@type":"SearchAction","target":{"@type":"EntryPoint","urlTemplate":"https:\/\/www.naturparkmagazin.de\/schwaebisch-fraenkischer-wald\/?s={search_term_string}"},"query-input":"required name=search_term_string"}],"inLanguage":"de"},{"@type":"Person","@id":"https:\/\/www.naturparkmagazin.de\/schwaebisch-fraenkischer-wald\/#\/schema\/person\/f047a3702ae747fd7830cf8ac95e6066","name":"Naturpark-Team","sameAs":["http:\/\/www.naturpark-sfw.de","https:\/\/www.facebook.com\/naturparkSFW"],"url":"https:\/\/www.naturparkmagazin.de\/schwaebisch-fraenkischer-wald\/author\/bernharddrixler\/"}]}},"_links":{"self":[{"href":"https:\/\/www.naturparkmagazin.de\/schwaebisch-fraenkischer-wald\/wp-json\/wp\/v2\/posts\/7924"}],"collection":[{"href":"https:\/\/www.naturparkmagazin.de\/schwaebisch-fraenkischer-wald\/wp-json\/wp\/v2\/posts"}],"about":[{"href":"https:\/\/www.naturparkmagazin.de\/schwaebisch-fraenkischer-wald\/wp-json\/wp\/v2\/types\/post"}],"author":[{"embeddable":true,"href":"https:\/\/www.naturparkmagazin.de\/schwaebisch-fraenkischer-wald\/wp-json\/wp\/v2\/users\/25"}],"replies":[{"embeddable":true,"href":"https:\/\/www.naturparkmagazin.de\/schwaebisch-fraenkischer-wald\/wp-json\/wp\/v2\/comments?post=7924"}],"version-history":[{"count":7,"href":"https:\/\/www.naturparkmagazin.de\/schwaebisch-fraenkischer-wald\/wp-json\/wp\/v2\/posts\/7924\/revisions"}],"predecessor-version":[{"id":7946,"href":"https:\/\/www.naturparkmagazin.de\/schwaebisch-fraenkischer-wald\/wp-json\/wp\/v2\/posts\/7924\/revisions\/7946"}],"wp:featuredmedia":[{"embeddable":true,"href":"https:\/\/www.naturparkmagazin.de\/schwaebisch-fraenkischer-wald\/wp-json\/wp\/v2\/media\/7932"}],"wp:attachment":[{"href":"https:\/\/www.naturparkmagazin.de\/schwaebisch-fraenkischer-wald\/wp-json\/wp\/v2\/media?parent=7924"}],"wp:term":[{"taxonomy":"category","embeddable":true,"href":"https:\/\/www.naturparkmagazin.de\/schwaebisch-fraenkischer-wald\/wp-json\/wp\/v2\/categories?post=7924"},{"taxonomy":"post_tag","embeddable":true,"href":"https:\/\/www.naturparkmagazin.de\/schwaebisch-fraenkischer-wald\/wp-json\/wp\/v2\/tags?post=7924"}],"curies":[{"name":"wp","href":"https:\/\/api.w.org\/{rel}","templated":true}]}}