{"id":7999,"date":"2019-11-15T15:36:25","date_gmt":"2019-11-15T14:36:25","guid":{"rendered":"https:\/\/www.naturparkmagazin.de\/schwaebisch-fraenkischer-wald\/?p=7999"},"modified":"2019-11-21T15:44:07","modified_gmt":"2019-11-21T14:44:07","slug":"mitgliederversammlung-der-naturparkfuehrer-schwaebisch-fraenkischer-wald","status":"publish","type":"post","link":"https:\/\/www.naturparkmagazin.de\/schwaebisch-fraenkischer-wald\/mitgliederversammlung-der-naturparkfuehrer-schwaebisch-fraenkischer-wald\/","title":{"rendered":"Mitgliederversammlung der Naturparkf\u00fchrer Schw\u00e4bisch-Fr\u00e4nkischer Wald"},"content":{"rendered":"<p>Mitte November hielt der Verein \u201eDie Naturparkf\u00fchrer Schw\u00e4bisch-Fr\u00e4nkischer Wald e.V.\u201c im Restaurant des Sulzbacher Hofs in Sulzbach\/Murr seine j\u00e4hrliche Mitgliederversammlung ab. Hierbei wurde \u00fcber die Ereignisse des vergangen Jahres berichtet und ein Ausblick auf die Schwerpunkte des kommenden Jahres gegeben.<\/p>\n<div id=\"attachment_8000\" style=\"width: 510px\" class=\"wp-caption alignright\"><a href=\"https:\/\/www.naturparkmagazin.de\/schwaebisch-fraenkischer-wald\/wp-content\/uploads\/sites\/34\/191118_BILD_-Mitgliederversammlung-der-Naturparkfuehrer_Angstenberger.jpg\"><img aria-describedby=\"caption-attachment-8000\" decoding=\"async\" loading=\"lazy\" class=\"size-full wp-image-8000\" src=\"https:\/\/www.naturparkmagazin.de\/schwaebisch-fraenkischer-wald\/wp-content\/uploads\/sites\/34\/191118_BILD_-Mitgliederversammlung-der-Naturparkfuehrer_Angstenberger.jpg\" alt=\"Mitgliederversammlung der Naturparkf\u00fchrer Schw\u00e4bisch-Fr\u00e4nkischen Wald\" width=\"500\" height=\"300\" srcset=\"https:\/\/www.naturparkmagazin.de\/schwaebisch-fraenkischer-wald\/wp-content\/uploads\/sites\/34\/191118_BILD_-Mitgliederversammlung-der-Naturparkfuehrer_Angstenberger.jpg 500w, https:\/\/www.naturparkmagazin.de\/schwaebisch-fraenkischer-wald\/wp-content\/uploads\/sites\/34\/191118_BILD_-Mitgliederversammlung-der-Naturparkfuehrer_Angstenberger-300x180.jpg 300w, https:\/\/www.naturparkmagazin.de\/schwaebisch-fraenkischer-wald\/wp-content\/uploads\/sites\/34\/191118_BILD_-Mitgliederversammlung-der-Naturparkfuehrer_Angstenberger-200x120.jpg 200w\" sizes=\"(max-width: 500px) 100vw, 500px\" \/><\/a><p id=\"caption-attachment-8000\" class=\"wp-caption-text\">Mitgliederversammlung der Naturparkf\u00fchrer Schw\u00e4bisch-Fr\u00e4nkischen Wald<\/p><\/div>\n<p>In den vergangenen zw\u00f6lf Monaten konnten mit \u00fcber 700 Veranstaltungen der Naturparkf\u00fchrer rund 27.500 Teilnehmer erreicht werden. Dies waren etwa 1.000 Besucher mehr als im Vorjahr. V.a. die \u201eNaturparkschule\u201c der Naturparkf\u00fchrer erfreute sich mit dreimal so vielen Veranstaltungen wie im vergangenen Jahr eines regen Zuspruchs von Schulklassen. Im Rahmen des \u201eNaturpark aktiv\u201c-Programms wurden von den Naturparkf\u00fchrern wieder an allen Sonn- und Feiertagen \u00f6ffentliche Wanderungen angeboten. Zus\u00e4tzlich haben die Naturparkf\u00fchrer viele weitere Aktionen organisiert oder waren daran beteiligt. Beispielhaft hierf\u00fcr wurden \u00a0das \u201eNaturerlebniscamp\u201c in W\u00fcstenrot, \u201eEbnisee f\u00fcr Alle\u201c (barrierefrei), \u201eGaildorf chillt\u201c, die M\u00fchlenweihnacht an der Glattenzainbachm\u00fchle in Murrhardt-Kirchenkirnberg und die Burgf\u00fchrungen auf Burg L\u00f6wenstein genannt. Hinzu kam die Teilnahme der Naturparkf\u00fchrer an Veranstaltungen, welche\u00a0 im Rahmen des 40-j\u00e4hrigen Jubil\u00e4ums des Naturparks Schw\u00e4bisch-Fr\u00e4nkischer Wald stattfanden. Au\u00dferdem wurden von den Naturparkf\u00fchrern im vergangenen Jahr zahlreiche Fortbildungen zu den verschiedensten Themen besucht.<\/p>\n<p>Noch bis Jahresende und nat\u00fcrlich auch im kommenden Jahr wird es weiter viele interessante F\u00fchrungen und Veranstaltungen mit den Naturparkf\u00fchrern im Schw\u00e4bisch-Fr\u00e4nkischen Wald geben. Informationen hierzu finden sich in der \u201eNaturpark aktiv\u201c-Brosch\u00fcre und auf der Homepage der Naturparkf\u00fchrer (www.die-naturparkfuehrer.de).<\/p>\n<p>Des Weiteren wurde auf der Mitgliederversammlung der Vorstand und Beirat des Vereins der Naturparkf\u00fchrer neu gew\u00e4hlt. Als Vereinsvorsitzende wurde Karl-Dieter Diemer im Amt best\u00e4tigt und Sabine Reiss neu eingesetzt. Des Weiteren wurden Klaus Pfeffer als Schatzmeister, Eva Rombach als Schriftf\u00fchrerin und Sandra K\u00fchnle als Pressesprecherin gew\u00e4hlt. Der Beirat wird gestellt von Rolf Angstenberger, Ruth Bohn, Walter Hieber, Prof. Dr. Manfred Krautter, Andrea Schr\u00f6der und Tanja Uter. Die langj\u00e4hrigen Vorstandsmitglieder Sabine R\u00fccker (ehem. Vorsitzende) und Gisela Weigele (ehem. Schriftf\u00fchrerin) wurden mit gro\u00dfem Dank verabschiedet.<\/p>\n<p>Bernhard Drixler, der als Gesch\u00e4ftsf\u00fchrer des Naturparks als Gast der Mitgliederversammlung beiwohnte, gab ebenfalls einen \u00dcberblick \u00fcber die vergangenen und zuk\u00fcnftigen Veranstaltungen des Naturparks Schw\u00e4bisch-Fr\u00e4nkischer Wald. Er bedankte sich beiden Naturparkf\u00fchrern f\u00fcr die gute Zusammenarbeit.<\/p>\n<p>Nach dem offiziellen Teil der Mitgliederversammlung folgten noch ein gem\u00fctliches Beisammensein und ein reger Austausch der Naturparkf\u00fchrer untereinander.<\/p>\n<p>Bild: (Angstenberger)\nDer frisch gew\u00e4hlte Vorstand und Beirat der Naturparkf\u00fchrer Schw\u00e4bisch-Fr\u00e4nkischer Wald<\/p>\n<p>Von links: Tanja Uter (Beirat), Eva Rombach (Schriftf\u00fchrerin), Klaus Pfeffer (Schatzmeister), Sabine Reiss (Vorsitzende), Prof. Dr. Manfred Krautter (Beirat), Sandra K\u00fchnle (Pressesprecherin), Karl-Dieter Diemer (Vorsitzender), Walter Hieber (Beirat), Rolf Angstenberger (Beirat), Andrea Schr\u00f6der (Beirat), Ruth Bohn (Beirat)<\/p>\n","protected":false},"excerpt":{"rendered":"<p>Naturparkf\u00fchrer berichten \u00fcber ihre zahlreichen Aktivit\u00e4ten<\/p>\n","protected":false},"author":25,"featured_media":8001,"comment_status":"open","ping_status":"open","sticky":false,"template":"","format":"standard","meta":[],"categories":[8],"tags":[1253],"yoast_head":"<!-- This site is optimized with the Yoast SEO plugin v19.10 - https:\/\/yoast.com\/wordpress\/plugins\/seo\/ -->\n<title>Mitgliederversammlung der Naturparkf\u00fchrer Schw\u00e4bisch-Fr\u00e4nkischer Wald - Naturpark Schw\u00e4bisch-Fr\u00e4nkischer Wald<\/title>\n<meta name=\"robots\" content=\"index, follow, max-snippet:-1, max-image-preview:large, max-video-preview:-1\" \/>\n<link rel=\"canonical\" href=\"https:\/\/www.naturparkmagazin.de\/schwaebisch-fraenkischer-wald\/mitgliederversammlung-der-naturparkfuehrer-schwaebisch-fraenkischer-wald\/\" \/>\n<meta property=\"og:locale\" content=\"de_DE\" \/>\n<meta property=\"og:type\" content=\"article\" \/>\n<meta property=\"og:title\" content=\"Mitgliederversammlung der Naturparkf\u00fchrer Schw\u00e4bisch-Fr\u00e4nkischer Wald - Naturpark Schw\u00e4bisch-Fr\u00e4nkischer Wald\" \/>\n<meta property=\"og:description\" content=\"Naturparkf\u00fchrer berichten \u00fcber ihre zahlreichen Aktivit\u00e4ten\" \/>\n<meta property=\"og:url\" content=\"https:\/\/www.naturparkmagazin.de\/schwaebisch-fraenkischer-wald\/mitgliederversammlung-der-naturparkfuehrer-schwaebisch-fraenkischer-wald\/\" \/>\n<meta property=\"og:site_name\" content=\"Naturpark Schw\u00e4bisch-Fr\u00e4nkischer Wald\" \/>\n<meta property=\"article:author\" content=\"https:\/\/www.facebook.com\/naturparkSFW\" \/>\n<meta property=\"article:published_time\" content=\"2019-11-15T14:36:25+00:00\" \/>\n<meta property=\"article:modified_time\" content=\"2019-11-21T14:44:07+00:00\" \/>\n<meta property=\"og:image\" content=\"https:\/\/www.naturparkmagazin.de\/schwaebisch-fraenkischer-wald\/wp-content\/uploads\/sites\/34\/191118_BILD_-Mitgliederversammlung-der-Naturparkfuehrer_Angstenberger1.jpg\" \/>\n\t<meta property=\"og:image:width\" content=\"200\" \/>\n\t<meta property=\"og:image:height\" content=\"200\" \/>\n\t<meta property=\"og:image:type\" content=\"image\/jpeg\" \/>\n<meta name=\"author\" content=\"Naturpark-Team\" \/>\n<meta name=\"twitter:label1\" content=\"Verfasst von\" \/>\n\t<meta name=\"twitter:data1\" content=\"Naturpark-Team\" \/>\n\t<meta name=\"twitter:label2\" content=\"Gesch\u00e4tzte Lesezeit\" \/>\n\t<meta name=\"twitter:data2\" content=\"2\u00a0Minuten\" \/>\n<script type=\"application\/ld+json\" class=\"yoast-schema-graph\">{\"@context\":\"https:\/\/schema.org\",\"@graph\":[{\"@type\":\"WebPage\",\"@id\":\"https:\/\/www.naturparkmagazin.de\/schwaebisch-fraenkischer-wald\/mitgliederversammlung-der-naturparkfuehrer-schwaebisch-fraenkischer-wald\/\",\"url\":\"https:\/\/www.naturparkmagazin.de\/schwaebisch-fraenkischer-wald\/mitgliederversammlung-der-naturparkfuehrer-schwaebisch-fraenkischer-wald\/\",\"name\":\"Mitgliederversammlung der Naturparkf\u00fchrer Schw\u00e4bisch-Fr\u00e4nkischer Wald - Naturpark Schw\u00e4bisch-Fr\u00e4nkischer Wald\",\"isPartOf\":{\"@id\":\"https:\/\/www.naturparkmagazin.de\/schwaebisch-fraenkischer-wald\/#website\"},\"datePublished\":\"2019-11-15T14:36:25+00:00\",\"dateModified\":\"2019-11-21T14:44:07+00:00\",\"author\":{\"@id\":\"https:\/\/www.naturparkmagazin.de\/schwaebisch-fraenkischer-wald\/#\/schema\/person\/f047a3702ae747fd7830cf8ac95e6066\"},\"breadcrumb\":{\"@id\":\"https:\/\/www.naturparkmagazin.de\/schwaebisch-fraenkischer-wald\/mitgliederversammlung-der-naturparkfuehrer-schwaebisch-fraenkischer-wald\/#breadcrumb\"},\"inLanguage\":\"de\",\"potentialAction\":[{\"@type\":\"ReadAction\",\"target\":[\"https:\/\/www.naturparkmagazin.de\/schwaebisch-fraenkischer-wald\/mitgliederversammlung-der-naturparkfuehrer-schwaebisch-fraenkischer-wald\/\"]}]},{\"@type\":\"BreadcrumbList\",\"@id\":\"https:\/\/www.naturparkmagazin.de\/schwaebisch-fraenkischer-wald\/mitgliederversammlung-der-naturparkfuehrer-schwaebisch-fraenkischer-wald\/#breadcrumb\",\"itemListElement\":[{\"@type\":\"ListItem\",\"position\":1,\"name\":\"Home\",\"item\":\"https:\/\/www.naturparkmagazin.de\/schwaebisch-fraenkischer-wald\/\"},{\"@type\":\"ListItem\",\"position\":2,\"name\":\"Mitgliederversammlung der Naturparkf\u00fchrer Schw\u00e4bisch-Fr\u00e4nkischer Wald\"}]},{\"@type\":\"WebSite\",\"@id\":\"https:\/\/www.naturparkmagazin.de\/schwaebisch-fraenkischer-wald\/#website\",\"url\":\"https:\/\/www.naturparkmagazin.de\/schwaebisch-fraenkischer-wald\/\",\"name\":\"Naturpark Schw\u00e4bisch-Fr\u00e4nkischer Wald\",\"description\":\"\",\"potentialAction\":[{\"@type\":\"SearchAction\",\"target\":{\"@type\":\"EntryPoint\",\"urlTemplate\":\"https:\/\/www.naturparkmagazin.de\/schwaebisch-fraenkischer-wald\/?s={search_term_string}\"},\"query-input\":\"required name=search_term_string\"}],\"inLanguage\":\"de\"},{\"@type\":\"Person\",\"@id\":\"https:\/\/www.naturparkmagazin.de\/schwaebisch-fraenkischer-wald\/#\/schema\/person\/f047a3702ae747fd7830cf8ac95e6066\",\"name\":\"Naturpark-Team\",\"sameAs\":[\"http:\/\/www.naturpark-sfw.de\",\"https:\/\/www.facebook.com\/naturparkSFW\"],\"url\":\"https:\/\/www.naturparkmagazin.de\/schwaebisch-fraenkischer-wald\/author\/bernharddrixler\/\"}]}<\/script>\n<!-- \/ Yoast SEO plugin. -->","yoast_head_json":{"title":"Mitgliederversammlung der Naturparkf\u00fchrer Schw\u00e4bisch-Fr\u00e4nkischer Wald - Naturpark Schw\u00e4bisch-Fr\u00e4nkischer Wald","robots":{"index":"index","follow":"follow","max-snippet":"max-snippet:-1","max-image-preview":"max-image-preview:large","max-video-preview":"max-video-preview:-1"},"canonical":"https:\/\/www.naturparkmagazin.de\/schwaebisch-fraenkischer-wald\/mitgliederversammlung-der-naturparkfuehrer-schwaebisch-fraenkischer-wald\/","og_locale":"de_DE","og_type":"article","og_title":"Mitgliederversammlung der Naturparkf\u00fchrer Schw\u00e4bisch-Fr\u00e4nkischer Wald - Naturpark Schw\u00e4bisch-Fr\u00e4nkischer Wald","og_description":"Naturparkf\u00fchrer berichten \u00fcber ihre zahlreichen Aktivit\u00e4ten","og_url":"https:\/\/www.naturparkmagazin.de\/schwaebisch-fraenkischer-wald\/mitgliederversammlung-der-naturparkfuehrer-schwaebisch-fraenkischer-wald\/","og_site_name":"Naturpark Schw\u00e4bisch-Fr\u00e4nkischer Wald","article_author":"https:\/\/www.facebook.com\/naturparkSFW","article_published_time":"2019-11-15T14:36:25+00:00","article_modified_time":"2019-11-21T14:44:07+00:00","og_image":[{"width":200,"height":200,"url":"https:\/\/www.naturparkmagazin.de\/schwaebisch-fraenkischer-wald\/wp-content\/uploads\/sites\/34\/191118_BILD_-Mitgliederversammlung-der-Naturparkfuehrer_Angstenberger1.jpg","type":"image\/jpeg"}],"author":"Naturpark-Team","twitter_misc":{"Verfasst von":"Naturpark-Team","Gesch\u00e4tzte Lesezeit":"2\u00a0Minuten"},"schema":{"@context":"https:\/\/schema.org","@graph":[{"@type":"WebPage","@id":"https:\/\/www.naturparkmagazin.de\/schwaebisch-fraenkischer-wald\/mitgliederversammlung-der-naturparkfuehrer-schwaebisch-fraenkischer-wald\/","url":"https:\/\/www.naturparkmagazin.de\/schwaebisch-fraenkischer-wald\/mitgliederversammlung-der-naturparkfuehrer-schwaebisch-fraenkischer-wald\/","name":"Mitgliederversammlung der Naturparkf\u00fchrer Schw\u00e4bisch-Fr\u00e4nkischer Wald - Naturpark Schw\u00e4bisch-Fr\u00e4nkischer Wald","isPartOf":{"@id":"https:\/\/www.naturparkmagazin.de\/schwaebisch-fraenkischer-wald\/#website"},"datePublished":"2019-11-15T14:36:25+00:00","dateModified":"2019-11-21T14:44:07+00:00","author":{"@id":"https:\/\/www.naturparkmagazin.de\/schwaebisch-fraenkischer-wald\/#\/schema\/person\/f047a3702ae747fd7830cf8ac95e6066"},"breadcrumb":{"@id":"https:\/\/www.naturparkmagazin.de\/schwaebisch-fraenkischer-wald\/mitgliederversammlung-der-naturparkfuehrer-schwaebisch-fraenkischer-wald\/#breadcrumb"},"inLanguage":"de","potentialAction":[{"@type":"ReadAction","target":["https:\/\/www.naturparkmagazin.de\/schwaebisch-fraenkischer-wald\/mitgliederversammlung-der-naturparkfuehrer-schwaebisch-fraenkischer-wald\/"]}]},{"@type":"BreadcrumbList","@id":"https:\/\/www.naturparkmagazin.de\/schwaebisch-fraenkischer-wald\/mitgliederversammlung-der-naturparkfuehrer-schwaebisch-fraenkischer-wald\/#breadcrumb","itemListElement":[{"@type":"ListItem","position":1,"name":"Home","item":"https:\/\/www.naturparkmagazin.de\/schwaebisch-fraenkischer-wald\/"},{"@type":"ListItem","position":2,"name":"Mitgliederversammlung der Naturparkf\u00fchrer Schw\u00e4bisch-Fr\u00e4nkischer Wald"}]},{"@type":"WebSite","@id":"https:\/\/www.naturparkmagazin.de\/schwaebisch-fraenkischer-wald\/#website","url":"https:\/\/www.naturparkmagazin.de\/schwaebisch-fraenkischer-wald\/","name":"Naturpark Schw\u00e4bisch-Fr\u00e4nkischer Wald","description":"","potentialAction":[{"@type":"SearchAction","target":{"@type":"EntryPoint","urlTemplate":"https:\/\/www.naturparkmagazin.de\/schwaebisch-fraenkischer-wald\/?s={search_term_string}"},"query-input":"required name=search_term_string"}],"inLanguage":"de"},{"@type":"Person","@id":"https:\/\/www.naturparkmagazin.de\/schwaebisch-fraenkischer-wald\/#\/schema\/person\/f047a3702ae747fd7830cf8ac95e6066","name":"Naturpark-Team","sameAs":["http:\/\/www.naturpark-sfw.de","https:\/\/www.facebook.com\/naturparkSFW"],"url":"https:\/\/www.naturparkmagazin.de\/schwaebisch-fraenkischer-wald\/author\/bernharddrixler\/"}]}},"_links":{"self":[{"href":"https:\/\/www.naturparkmagazin.de\/schwaebisch-fraenkischer-wald\/wp-json\/wp\/v2\/posts\/7999"}],"collection":[{"href":"https:\/\/www.naturparkmagazin.de\/schwaebisch-fraenkischer-wald\/wp-json\/wp\/v2\/posts"}],"about":[{"href":"https:\/\/www.naturparkmagazin.de\/schwaebisch-fraenkischer-wald\/wp-json\/wp\/v2\/types\/post"}],"author":[{"embeddable":true,"href":"https:\/\/www.naturparkmagazin.de\/schwaebisch-fraenkischer-wald\/wp-json\/wp\/v2\/users\/25"}],"replies":[{"embeddable":true,"href":"https:\/\/www.naturparkmagazin.de\/schwaebisch-fraenkischer-wald\/wp-json\/wp\/v2\/comments?post=7999"}],"version-history":[{"count":1,"href":"https:\/\/www.naturparkmagazin.de\/schwaebisch-fraenkischer-wald\/wp-json\/wp\/v2\/posts\/7999\/revisions"}],"predecessor-version":[{"id":8002,"href":"https:\/\/www.naturparkmagazin.de\/schwaebisch-fraenkischer-wald\/wp-json\/wp\/v2\/posts\/7999\/revisions\/8002"}],"wp:featuredmedia":[{"embeddable":true,"href":"https:\/\/www.naturparkmagazin.de\/schwaebisch-fraenkischer-wald\/wp-json\/wp\/v2\/media\/8001"}],"wp:attachment":[{"href":"https:\/\/www.naturparkmagazin.de\/schwaebisch-fraenkischer-wald\/wp-json\/wp\/v2\/media?parent=7999"}],"wp:term":[{"taxonomy":"category","embeddable":true,"href":"https:\/\/www.naturparkmagazin.de\/schwaebisch-fraenkischer-wald\/wp-json\/wp\/v2\/categories?post=7999"},{"taxonomy":"post_tag","embeddable":true,"href":"https:\/\/www.naturparkmagazin.de\/schwaebisch-fraenkischer-wald\/wp-json\/wp\/v2\/tags?post=7999"}],"curies":[{"name":"wp","href":"https:\/\/api.w.org\/{rel}","templated":true}]}}