{"id":8005,"date":"2019-11-15T06:32:12","date_gmt":"2019-11-15T05:32:12","guid":{"rendered":"https:\/\/www.naturparkmagazin.de\/schwaebisch-fraenkischer-wald\/?p=8005"},"modified":"2019-11-25T06:53:34","modified_gmt":"2019-11-25T05:53:34","slug":"edelbraenden-und-likoeren-in-neuem-gewand","status":"publish","type":"post","link":"https:\/\/www.naturparkmagazin.de\/schwaebisch-fraenkischer-wald\/edelbraenden-und-likoeren-in-neuem-gewand\/","title":{"rendered":"Edelbr\u00e4nde und Lik\u00f6re in neuem Gewand"},"content":{"rendered":"<p>Frank Edelbranntweine &amp; Lik\u00f6re\u00a0 ist eine familiengef\u00fchrte Brennerei und Lik\u00f6rmanufaktur in Berglen-H\u00f6\u00dflinswart und stellt hochwertige, klassische Edelbr\u00e4nde und Lik\u00f6re nach alter Tradition her.<\/p>\n<div id=\"attachment_8008\" style=\"width: 510px\" class=\"wp-caption alignright\"><a href=\"https:\/\/www.naturparkmagazin.de\/schwaebisch-fraenkischer-wald\/wp-content\/uploads\/sites\/34\/DSCF5836.jpg\"><img aria-describedby=\"caption-attachment-8008\" decoding=\"async\" loading=\"lazy\" class=\"size-full wp-image-8008\" src=\"https:\/\/www.naturparkmagazin.de\/schwaebisch-fraenkischer-wald\/wp-content\/uploads\/sites\/34\/DSCF5836.jpg\" alt=\"Frank Edelbranntweine &amp; Lik\u00f6re\" width=\"500\" height=\"300\" srcset=\"https:\/\/www.naturparkmagazin.de\/schwaebisch-fraenkischer-wald\/wp-content\/uploads\/sites\/34\/DSCF5836.jpg 500w, https:\/\/www.naturparkmagazin.de\/schwaebisch-fraenkischer-wald\/wp-content\/uploads\/sites\/34\/DSCF5836-300x180.jpg 300w, https:\/\/www.naturparkmagazin.de\/schwaebisch-fraenkischer-wald\/wp-content\/uploads\/sites\/34\/DSCF5836-200x120.jpg 200w\" sizes=\"(max-width: 500px) 100vw, 500px\" \/><\/a><p id=\"caption-attachment-8008\" class=\"wp-caption-text\">Frank Edelbranntweine &amp; Lik\u00f6re<\/p><\/div>\n<p>Die Brennerei wird schon in der dritten Generation gef\u00fchrt. Sie kann deshalb auf einen gro\u00dfen Erfahrungsschatz und viele altbew\u00e4hrte Rezepte zur\u00fcckgreifen.<\/p>\n<p>Franks verarbeiten bevorzugt das Obst von eigenen Streuobstwiesen rund um H\u00f6\u00dflinswart.\u00a0 Hierbei legt man Wert darauf, alte Obstsorten zu erhalten. Die Obstb\u00e4ume werden traditionell umweltvertr\u00e4glich bewirtschaftet. Zutaten, die nicht selbst anbaut werden, beziehen Franks von ausgew\u00e4hlten, pers\u00f6nlich bekannten Herstellern der Region.<\/p>\n<p>Mit ihren Br\u00e4nden und Lik\u00f6ren nehmen sie regelm\u00e4\u00dfig mit Erfolg an Pr\u00e4mierungen teil.<\/p>\n<p>Die Erzeugnisse sind klassische Obstbr\u00e4nde und sortenreine Br\u00e4nde aus alten, wieder neu entdeckten Obstsorten. Man veredelt besondere Br\u00e4nde in Holzf\u00e4ssern im\u00a0alten Gew\u00f6lbekeller.<\/p>\n<div id=\"attachment_8009\" style=\"width: 510px\" class=\"wp-caption alignright\"><a href=\"https:\/\/www.naturparkmagazin.de\/schwaebisch-fraenkischer-wald\/wp-content\/uploads\/sites\/34\/DSCF5835.jpg\"><img aria-describedby=\"caption-attachment-8009\" decoding=\"async\" loading=\"lazy\" class=\"size-full wp-image-8009\" src=\"https:\/\/www.naturparkmagazin.de\/schwaebisch-fraenkischer-wald\/wp-content\/uploads\/sites\/34\/DSCF5835.jpg\" alt=\"Frank Edelbranntweine &amp; Lik\u00f6re\" width=\"500\" height=\"300\" srcset=\"https:\/\/www.naturparkmagazin.de\/schwaebisch-fraenkischer-wald\/wp-content\/uploads\/sites\/34\/DSCF5835.jpg 500w, https:\/\/www.naturparkmagazin.de\/schwaebisch-fraenkischer-wald\/wp-content\/uploads\/sites\/34\/DSCF5835-300x180.jpg 300w, https:\/\/www.naturparkmagazin.de\/schwaebisch-fraenkischer-wald\/wp-content\/uploads\/sites\/34\/DSCF5835-200x120.jpg 200w\" sizes=\"(max-width: 500px) 100vw, 500px\" \/><\/a><p id=\"caption-attachment-8009\" class=\"wp-caption-text\">Frank Edelbranntweine &amp; Lik\u00f6re<\/p><\/div>\n<p>Neben feinen Fruchtlik\u00f6ren und traditionellen Lik\u00f6ren ist das wohl bekannteste Produkt der H\u00f6\u00dflinswarter Eierlik\u00f6r.<\/p>\n<p>Interessierte k\u00f6nnen die Br\u00e4nde und Lik\u00f6re freitags von 15.00 \u2013 18.00 Uhr im eigenen Schnapsl\u00e4dle (Hirschstr. 3, Berglen-H\u00f6\u00dflinswart) kaufen, auf M\u00e4rkten bei denen Franks mit ihrem &#8222;Verkaufsh\u00fcttle&#8220; vertreten sind oder in Hofl\u00e4den und Einzelhandelsgesch\u00e4ften im Rems-Murr-Kreis.<\/p>\n<p>Neben der Herstellung und dem Verkauf der Produkte bietet Familie Frank auch Schnapsproben und Auftragsbrennen an.<\/p>\n<div class=\"cc-m-hgrid-column last\">\n<div id=\"cc-matrix-1667259859\">\n<div id=\"cc-m-6641013559\" class=\"j-module n j-text \">\n<p>Kontakt:<\/p>\n<p>Frank Edelbranntweine &amp; Lik\u00f6re<\/p>\n<p>Hirschstr. 23 | 73663 Berglen-H\u00f6\u00dflinswart<\/p>\n<p>Tel.: 07181 41949 | Mobil: 0177 8790287<\/p>\n<p><a href=\"https:\/\/www.wer-probt-der-lobt.de\/\" target=\"_blank\">E-Mail<\/a> | <a href=\"https:\/\/www.wer-probt-der-lobt.de\/\" target=\"_blank\">Website<\/a> | <a href=\"https:\/\/de-de.facebook.com\/pages\/category\/Grocery-Store\/Frank-Edelbranntweine-Lik\u00f6re-332110314204676\/\" target=\"_blank\">Instagram<\/a> |<a href=\"https:\/\/de-de.facebook.com\/pages\/category\/Grocery-Store\/Frank-Edelbranntweine-Lik\u00f6re-332110314204676\/\" target=\"_blank\"> Facebook<\/a><\/p>\n<div id=\"attachment_8010\" style=\"width: 510px\" class=\"wp-caption alignright\"><a href=\"https:\/\/www.naturparkmagazin.de\/schwaebisch-fraenkischer-wald\/wp-content\/uploads\/sites\/34\/DSCF5834-1.jpg\"><img aria-describedby=\"caption-attachment-8010\" decoding=\"async\" loading=\"lazy\" class=\"size-full wp-image-8010\" src=\"https:\/\/www.naturparkmagazin.de\/schwaebisch-fraenkischer-wald\/wp-content\/uploads\/sites\/34\/DSCF5834-1.jpg\" alt=\"Frank Edelbranntweine &amp; Lik\u00f6re\" width=\"500\" height=\"300\" srcset=\"https:\/\/www.naturparkmagazin.de\/schwaebisch-fraenkischer-wald\/wp-content\/uploads\/sites\/34\/DSCF5834-1.jpg 500w, https:\/\/www.naturparkmagazin.de\/schwaebisch-fraenkischer-wald\/wp-content\/uploads\/sites\/34\/DSCF5834-1-300x180.jpg 300w, https:\/\/www.naturparkmagazin.de\/schwaebisch-fraenkischer-wald\/wp-content\/uploads\/sites\/34\/DSCF5834-1-200x120.jpg 200w\" sizes=\"(max-width: 500px) 100vw, 500px\" \/><\/a><p id=\"caption-attachment-8010\" class=\"wp-caption-text\">Frank Edelbranntweine &amp; Lik\u00f6re<\/p><\/div>\n<\/div>\n<\/div>\n<\/div>\n","protected":false},"excerpt":{"rendered":"<p>Das Rezept f\u00fcr beste Br\u00e4nde hat die Familie Frank in Berglen-H\u00f6\u00dflinswart<\/p>\n","protected":false},"author":25,"featured_media":8011,"comment_status":"open","ping_status":"open","sticky":false,"template":"","format":"standard","meta":[],"categories":[14],"tags":[1253],"yoast_head":"<!-- This site is optimized with the Yoast SEO plugin v19.10 - https:\/\/yoast.com\/wordpress\/plugins\/seo\/ -->\n<title>Edelbr\u00e4nde und Lik\u00f6re in neuem Gewand - Naturpark Schw\u00e4bisch-Fr\u00e4nkischer Wald<\/title>\n<meta name=\"robots\" content=\"index, follow, max-snippet:-1, max-image-preview:large, max-video-preview:-1\" \/>\n<link rel=\"canonical\" href=\"https:\/\/www.naturparkmagazin.de\/schwaebisch-fraenkischer-wald\/edelbraenden-und-likoeren-in-neuem-gewand\/\" \/>\n<meta property=\"og:locale\" content=\"de_DE\" \/>\n<meta property=\"og:type\" content=\"article\" \/>\n<meta property=\"og:title\" content=\"Edelbr\u00e4nde und Lik\u00f6re in neuem Gewand - Naturpark Schw\u00e4bisch-Fr\u00e4nkischer Wald\" \/>\n<meta property=\"og:description\" content=\"Das Rezept f\u00fcr beste Br\u00e4nde hat die Familie Frank in Berglen-H\u00f6\u00dflinswart\" \/>\n<meta property=\"og:url\" content=\"https:\/\/www.naturparkmagazin.de\/schwaebisch-fraenkischer-wald\/edelbraenden-und-likoeren-in-neuem-gewand\/\" \/>\n<meta property=\"og:site_name\" content=\"Naturpark Schw\u00e4bisch-Fr\u00e4nkischer Wald\" \/>\n<meta property=\"article:author\" content=\"https:\/\/www.facebook.com\/naturparkSFW\" \/>\n<meta property=\"article:published_time\" content=\"2019-11-15T05:32:12+00:00\" \/>\n<meta property=\"article:modified_time\" content=\"2019-11-25T05:53:34+00:00\" \/>\n<meta property=\"og:image\" content=\"https:\/\/www.naturparkmagazin.de\/schwaebisch-fraenkischer-wald\/wp-content\/uploads\/sites\/34\/DSCF5839-1.jpg\" \/>\n\t<meta property=\"og:image:width\" content=\"200\" \/>\n\t<meta property=\"og:image:height\" content=\"200\" \/>\n\t<meta property=\"og:image:type\" content=\"image\/jpeg\" \/>\n<meta name=\"author\" content=\"Naturpark-Team\" \/>\n<meta name=\"twitter:label1\" content=\"Verfasst von\" \/>\n\t<meta name=\"twitter:data1\" content=\"Naturpark-Team\" \/>\n\t<meta name=\"twitter:label2\" content=\"Gesch\u00e4tzte Lesezeit\" \/>\n\t<meta name=\"twitter:data2\" content=\"1\u00a0Minute\" \/>\n<script type=\"application\/ld+json\" class=\"yoast-schema-graph\">{\"@context\":\"https:\/\/schema.org\",\"@graph\":[{\"@type\":\"WebPage\",\"@id\":\"https:\/\/www.naturparkmagazin.de\/schwaebisch-fraenkischer-wald\/edelbraenden-und-likoeren-in-neuem-gewand\/\",\"url\":\"https:\/\/www.naturparkmagazin.de\/schwaebisch-fraenkischer-wald\/edelbraenden-und-likoeren-in-neuem-gewand\/\",\"name\":\"Edelbr\u00e4nde und Lik\u00f6re in neuem Gewand - Naturpark Schw\u00e4bisch-Fr\u00e4nkischer Wald\",\"isPartOf\":{\"@id\":\"https:\/\/www.naturparkmagazin.de\/schwaebisch-fraenkischer-wald\/#website\"},\"datePublished\":\"2019-11-15T05:32:12+00:00\",\"dateModified\":\"2019-11-25T05:53:34+00:00\",\"author\":{\"@id\":\"https:\/\/www.naturparkmagazin.de\/schwaebisch-fraenkischer-wald\/#\/schema\/person\/f047a3702ae747fd7830cf8ac95e6066\"},\"breadcrumb\":{\"@id\":\"https:\/\/www.naturparkmagazin.de\/schwaebisch-fraenkischer-wald\/edelbraenden-und-likoeren-in-neuem-gewand\/#breadcrumb\"},\"inLanguage\":\"de\",\"potentialAction\":[{\"@type\":\"ReadAction\",\"target\":[\"https:\/\/www.naturparkmagazin.de\/schwaebisch-fraenkischer-wald\/edelbraenden-und-likoeren-in-neuem-gewand\/\"]}]},{\"@type\":\"BreadcrumbList\",\"@id\":\"https:\/\/www.naturparkmagazin.de\/schwaebisch-fraenkischer-wald\/edelbraenden-und-likoeren-in-neuem-gewand\/#breadcrumb\",\"itemListElement\":[{\"@type\":\"ListItem\",\"position\":1,\"name\":\"Home\",\"item\":\"https:\/\/www.naturparkmagazin.de\/schwaebisch-fraenkischer-wald\/\"},{\"@type\":\"ListItem\",\"position\":2,\"name\":\"Edelbr\u00e4nde und Lik\u00f6re in neuem Gewand\"}]},{\"@type\":\"WebSite\",\"@id\":\"https:\/\/www.naturparkmagazin.de\/schwaebisch-fraenkischer-wald\/#website\",\"url\":\"https:\/\/www.naturparkmagazin.de\/schwaebisch-fraenkischer-wald\/\",\"name\":\"Naturpark Schw\u00e4bisch-Fr\u00e4nkischer Wald\",\"description\":\"\",\"potentialAction\":[{\"@type\":\"SearchAction\",\"target\":{\"@type\":\"EntryPoint\",\"urlTemplate\":\"https:\/\/www.naturparkmagazin.de\/schwaebisch-fraenkischer-wald\/?s={search_term_string}\"},\"query-input\":\"required name=search_term_string\"}],\"inLanguage\":\"de\"},{\"@type\":\"Person\",\"@id\":\"https:\/\/www.naturparkmagazin.de\/schwaebisch-fraenkischer-wald\/#\/schema\/person\/f047a3702ae747fd7830cf8ac95e6066\",\"name\":\"Naturpark-Team\",\"sameAs\":[\"http:\/\/www.naturpark-sfw.de\",\"https:\/\/www.facebook.com\/naturparkSFW\"],\"url\":\"https:\/\/www.naturparkmagazin.de\/schwaebisch-fraenkischer-wald\/author\/bernharddrixler\/\"}]}<\/script>\n<!-- \/ Yoast SEO plugin. -->","yoast_head_json":{"title":"Edelbr\u00e4nde und Lik\u00f6re in neuem Gewand - Naturpark Schw\u00e4bisch-Fr\u00e4nkischer Wald","robots":{"index":"index","follow":"follow","max-snippet":"max-snippet:-1","max-image-preview":"max-image-preview:large","max-video-preview":"max-video-preview:-1"},"canonical":"https:\/\/www.naturparkmagazin.de\/schwaebisch-fraenkischer-wald\/edelbraenden-und-likoeren-in-neuem-gewand\/","og_locale":"de_DE","og_type":"article","og_title":"Edelbr\u00e4nde und Lik\u00f6re in neuem Gewand - Naturpark Schw\u00e4bisch-Fr\u00e4nkischer Wald","og_description":"Das Rezept f\u00fcr beste Br\u00e4nde hat die Familie Frank in Berglen-H\u00f6\u00dflinswart","og_url":"https:\/\/www.naturparkmagazin.de\/schwaebisch-fraenkischer-wald\/edelbraenden-und-likoeren-in-neuem-gewand\/","og_site_name":"Naturpark Schw\u00e4bisch-Fr\u00e4nkischer Wald","article_author":"https:\/\/www.facebook.com\/naturparkSFW","article_published_time":"2019-11-15T05:32:12+00:00","article_modified_time":"2019-11-25T05:53:34+00:00","og_image":[{"width":200,"height":200,"url":"https:\/\/www.naturparkmagazin.de\/schwaebisch-fraenkischer-wald\/wp-content\/uploads\/sites\/34\/DSCF5839-1.jpg","type":"image\/jpeg"}],"author":"Naturpark-Team","twitter_misc":{"Verfasst von":"Naturpark-Team","Gesch\u00e4tzte Lesezeit":"1\u00a0Minute"},"schema":{"@context":"https:\/\/schema.org","@graph":[{"@type":"WebPage","@id":"https:\/\/www.naturparkmagazin.de\/schwaebisch-fraenkischer-wald\/edelbraenden-und-likoeren-in-neuem-gewand\/","url":"https:\/\/www.naturparkmagazin.de\/schwaebisch-fraenkischer-wald\/edelbraenden-und-likoeren-in-neuem-gewand\/","name":"Edelbr\u00e4nde und Lik\u00f6re in neuem Gewand - Naturpark Schw\u00e4bisch-Fr\u00e4nkischer Wald","isPartOf":{"@id":"https:\/\/www.naturparkmagazin.de\/schwaebisch-fraenkischer-wald\/#website"},"datePublished":"2019-11-15T05:32:12+00:00","dateModified":"2019-11-25T05:53:34+00:00","author":{"@id":"https:\/\/www.naturparkmagazin.de\/schwaebisch-fraenkischer-wald\/#\/schema\/person\/f047a3702ae747fd7830cf8ac95e6066"},"breadcrumb":{"@id":"https:\/\/www.naturparkmagazin.de\/schwaebisch-fraenkischer-wald\/edelbraenden-und-likoeren-in-neuem-gewand\/#breadcrumb"},"inLanguage":"de","potentialAction":[{"@type":"ReadAction","target":["https:\/\/www.naturparkmagazin.de\/schwaebisch-fraenkischer-wald\/edelbraenden-und-likoeren-in-neuem-gewand\/"]}]},{"@type":"BreadcrumbList","@id":"https:\/\/www.naturparkmagazin.de\/schwaebisch-fraenkischer-wald\/edelbraenden-und-likoeren-in-neuem-gewand\/#breadcrumb","itemListElement":[{"@type":"ListItem","position":1,"name":"Home","item":"https:\/\/www.naturparkmagazin.de\/schwaebisch-fraenkischer-wald\/"},{"@type":"ListItem","position":2,"name":"Edelbr\u00e4nde und Lik\u00f6re in neuem Gewand"}]},{"@type":"WebSite","@id":"https:\/\/www.naturparkmagazin.de\/schwaebisch-fraenkischer-wald\/#website","url":"https:\/\/www.naturparkmagazin.de\/schwaebisch-fraenkischer-wald\/","name":"Naturpark Schw\u00e4bisch-Fr\u00e4nkischer Wald","description":"","potentialAction":[{"@type":"SearchAction","target":{"@type":"EntryPoint","urlTemplate":"https:\/\/www.naturparkmagazin.de\/schwaebisch-fraenkischer-wald\/?s={search_term_string}"},"query-input":"required name=search_term_string"}],"inLanguage":"de"},{"@type":"Person","@id":"https:\/\/www.naturparkmagazin.de\/schwaebisch-fraenkischer-wald\/#\/schema\/person\/f047a3702ae747fd7830cf8ac95e6066","name":"Naturpark-Team","sameAs":["http:\/\/www.naturpark-sfw.de","https:\/\/www.facebook.com\/naturparkSFW"],"url":"https:\/\/www.naturparkmagazin.de\/schwaebisch-fraenkischer-wald\/author\/bernharddrixler\/"}]}},"_links":{"self":[{"href":"https:\/\/www.naturparkmagazin.de\/schwaebisch-fraenkischer-wald\/wp-json\/wp\/v2\/posts\/8005"}],"collection":[{"href":"https:\/\/www.naturparkmagazin.de\/schwaebisch-fraenkischer-wald\/wp-json\/wp\/v2\/posts"}],"about":[{"href":"https:\/\/www.naturparkmagazin.de\/schwaebisch-fraenkischer-wald\/wp-json\/wp\/v2\/types\/post"}],"author":[{"embeddable":true,"href":"https:\/\/www.naturparkmagazin.de\/schwaebisch-fraenkischer-wald\/wp-json\/wp\/v2\/users\/25"}],"replies":[{"embeddable":true,"href":"https:\/\/www.naturparkmagazin.de\/schwaebisch-fraenkischer-wald\/wp-json\/wp\/v2\/comments?post=8005"}],"version-history":[{"count":3,"href":"https:\/\/www.naturparkmagazin.de\/schwaebisch-fraenkischer-wald\/wp-json\/wp\/v2\/posts\/8005\/revisions"}],"predecessor-version":[{"id":8012,"href":"https:\/\/www.naturparkmagazin.de\/schwaebisch-fraenkischer-wald\/wp-json\/wp\/v2\/posts\/8005\/revisions\/8012"}],"wp:featuredmedia":[{"embeddable":true,"href":"https:\/\/www.naturparkmagazin.de\/schwaebisch-fraenkischer-wald\/wp-json\/wp\/v2\/media\/8011"}],"wp:attachment":[{"href":"https:\/\/www.naturparkmagazin.de\/schwaebisch-fraenkischer-wald\/wp-json\/wp\/v2\/media?parent=8005"}],"wp:term":[{"taxonomy":"category","embeddable":true,"href":"https:\/\/www.naturparkmagazin.de\/schwaebisch-fraenkischer-wald\/wp-json\/wp\/v2\/categories?post=8005"},{"taxonomy":"post_tag","embeddable":true,"href":"https:\/\/www.naturparkmagazin.de\/schwaebisch-fraenkischer-wald\/wp-json\/wp\/v2\/tags?post=8005"}],"curies":[{"name":"wp","href":"https:\/\/api.w.org\/{rel}","templated":true}]}}