{"id":8013,"date":"2019-11-15T06:56:58","date_gmt":"2019-11-15T05:56:58","guid":{"rendered":"https:\/\/www.naturparkmagazin.de\/schwaebisch-fraenkischer-wald\/?p=8013"},"modified":"2019-11-25T07:11:40","modified_gmt":"2019-11-25T06:11:40","slug":"fuenf-tage-welzheimer-weihnachtsdorf-am-ersten-und-zweiten-adventswochenende","status":"publish","type":"post","link":"https:\/\/www.naturparkmagazin.de\/schwaebisch-fraenkischer-wald\/fuenf-tage-welzheimer-weihnachtsdorf-am-ersten-und-zweiten-adventswochenende\/","title":{"rendered":"F\u00fcnf Tage Welzheimer Weihnachtsdorf am  ersten und zweiten Adventswochenende"},"content":{"rendered":"<p>In diesem Jahr findet das Welzheimer Weihnachtsdorf zum ersten Mal an zwei Wochenenden statt:<\/p>\n<div id=\"attachment_8014\" style=\"width: 310px\" class=\"wp-caption alignright\"><a href=\"https:\/\/www.naturparkmagazin.de\/schwaebisch-fraenkischer-wald\/wp-content\/uploads\/sites\/34\/Weihnachtsdorf24.jpg\"><img aria-describedby=\"caption-attachment-8014\" decoding=\"async\" loading=\"lazy\" class=\"size-full wp-image-8014\" src=\"https:\/\/www.naturparkmagazin.de\/schwaebisch-fraenkischer-wald\/wp-content\/uploads\/sites\/34\/Weihnachtsdorf24.jpg\" alt=\"Kirchplatz Welzheimer Weihnachtsdorf (Foto: Gaby Schneider)\" width=\"300\" height=\"500\" srcset=\"https:\/\/www.naturparkmagazin.de\/schwaebisch-fraenkischer-wald\/wp-content\/uploads\/sites\/34\/Weihnachtsdorf24.jpg 300w, https:\/\/www.naturparkmagazin.de\/schwaebisch-fraenkischer-wald\/wp-content\/uploads\/sites\/34\/Weihnachtsdorf24-200x333.jpg 200w\" sizes=\"(max-width: 300px) 100vw, 300px\" \/><\/a><p id=\"caption-attachment-8014\" class=\"wp-caption-text\">Kirchplatz Welzheimer Weihnachtsdorf (Foto: Gaby Schneider)<\/p><\/div>\n<ul>\n<li>Freitag, 29. November, 18 bis 23 Uhr<\/li>\n<li>Samstag, 30. November, 15 bis 23 Uhr<\/li>\n<li>Sonntag, 1. Dezember von 11 bis 21 Uhr<\/li>\n<li>Samstag, 7. Dezember von 15 bis 23 Uhr<\/li>\n<li>Sonntag, 8. Dezember von 11 bis 19 Uhr<\/li>\n<\/ul>\n<p>Die Besucher erwartet ein bezauberndes Ambiente unter alten B\u00e4umen und der im Lichterglanz erstrahlenden St. Gallus-Kirche auf dem Kirchplatz im Herzen der Stadt. 24 weihnachtlich geschm\u00fcckte H\u00fctten und St\u00e4nde reihen sich zu einem romantischen und stimmungsvollen Weihnachtsdorf auf und zaubern eine vorweihnachtliche Atmosph\u00e4re.<\/p>\n<p>Am Sonntag, 1. Dezember wird das Weihnachtsdorf um den klassischen Weihnachtsmarkt der Vereine, Organisationen und privaten Beschickern rund um den Kirchplatz erweitert. An allen Tagen erwartet die Besucher der Duft von Gl\u00fchwein und Punsch, und eine gro\u00dfe Vielfalt an kulinarischen Leckerbissen sowie eine Auswahl an Geschenken, und Waren auf dem Kirchplatz. Es wird sicherlich auch f\u00fcr die Weihnachtsdekoration zuhause noch das eine oder andere zu finden sein.<\/p>\n<p>Au\u00dferdem findet am 1. Dezember um 17 Uhr in der St. Gallus-Kirche ein Adventslieder-Singen mit den Ch\u00f6ren der St. Gallus-Kirche mit dem Titel &#8222;\u2026 die Tor&#8216; macht weit!&#8220; statt, au\u00dferdem treten an diesem Tag verschiedene Musikgruppen auf. Die Auerbacher Weihnachtspyramide ist im Welzheimer Rathaus (Foyer Neubau) aufgestellt. Lassen Sie sich vom sch\u00f6nen Welzheimer Ambiente auf die Adventszeit einstimmen.<\/p>\n<div class=\"footerContent\"><span class=\"footerHeadline\">Stadt Welzheim<\/span><\/div>\n<div class=\"footerContent\">Kirchplatz 3 | 73642 Welzheim\nTelefon: 07182 8008-0\n<a href=\"http:\/\/www.welzheim\" target=\"_blank\">www.welzheim.de<\/a> | <a href=\"mailto:stadt@welzheim.de\">stadt@welzheim.de <\/a><\/div>\n","protected":false},"excerpt":{"rendered":"<p>Welzheimer Weihnachtsdorf zum ersten Mal an zwei Wochenenden<\/p>\n","protected":false},"author":25,"featured_media":8015,"comment_status":"open","ping_status":"open","sticky":false,"template":"","format":"standard","meta":[],"categories":[11],"tags":[1253],"yoast_head":"<!-- This site is optimized with the Yoast SEO plugin v19.10 - https:\/\/yoast.com\/wordpress\/plugins\/seo\/ -->\n<title>F\u00fcnf Tage Welzheimer Weihnachtsdorf am ersten und zweiten Adventswochenende - Naturpark Schw\u00e4bisch-Fr\u00e4nkischer Wald<\/title>\n<meta name=\"robots\" content=\"index, follow, max-snippet:-1, max-image-preview:large, max-video-preview:-1\" \/>\n<link rel=\"canonical\" href=\"https:\/\/www.naturparkmagazin.de\/schwaebisch-fraenkischer-wald\/fuenf-tage-welzheimer-weihnachtsdorf-am-ersten-und-zweiten-adventswochenende\/\" \/>\n<meta property=\"og:locale\" content=\"de_DE\" \/>\n<meta property=\"og:type\" content=\"article\" \/>\n<meta property=\"og:title\" content=\"F\u00fcnf Tage Welzheimer Weihnachtsdorf am ersten und zweiten Adventswochenende - Naturpark Schw\u00e4bisch-Fr\u00e4nkischer Wald\" \/>\n<meta property=\"og:description\" content=\"Welzheimer Weihnachtsdorf zum ersten Mal an zwei Wochenenden\" \/>\n<meta property=\"og:url\" content=\"https:\/\/www.naturparkmagazin.de\/schwaebisch-fraenkischer-wald\/fuenf-tage-welzheimer-weihnachtsdorf-am-ersten-und-zweiten-adventswochenende\/\" \/>\n<meta property=\"og:site_name\" content=\"Naturpark Schw\u00e4bisch-Fr\u00e4nkischer Wald\" \/>\n<meta property=\"article:author\" content=\"https:\/\/www.facebook.com\/naturparkSFW\" \/>\n<meta property=\"article:published_time\" content=\"2019-11-15T05:56:58+00:00\" \/>\n<meta property=\"article:modified_time\" content=\"2019-11-25T06:11:40+00:00\" \/>\n<meta property=\"og:image\" content=\"https:\/\/www.naturparkmagazin.de\/schwaebisch-fraenkischer-wald\/wp-content\/uploads\/sites\/34\/Weihnachtsdorf241.jpg\" \/>\n\t<meta property=\"og:image:width\" content=\"200\" \/>\n\t<meta property=\"og:image:height\" content=\"200\" \/>\n\t<meta property=\"og:image:type\" content=\"image\/jpeg\" \/>\n<meta name=\"author\" content=\"Naturpark-Team\" \/>\n<meta name=\"twitter:label1\" content=\"Verfasst von\" \/>\n\t<meta name=\"twitter:data1\" content=\"Naturpark-Team\" \/>\n\t<meta name=\"twitter:label2\" content=\"Gesch\u00e4tzte Lesezeit\" \/>\n\t<meta name=\"twitter:data2\" content=\"1\u00a0Minute\" \/>\n<script type=\"application\/ld+json\" class=\"yoast-schema-graph\">{\"@context\":\"https:\/\/schema.org\",\"@graph\":[{\"@type\":\"WebPage\",\"@id\":\"https:\/\/www.naturparkmagazin.de\/schwaebisch-fraenkischer-wald\/fuenf-tage-welzheimer-weihnachtsdorf-am-ersten-und-zweiten-adventswochenende\/\",\"url\":\"https:\/\/www.naturparkmagazin.de\/schwaebisch-fraenkischer-wald\/fuenf-tage-welzheimer-weihnachtsdorf-am-ersten-und-zweiten-adventswochenende\/\",\"name\":\"F\u00fcnf Tage Welzheimer Weihnachtsdorf am ersten und zweiten Adventswochenende - Naturpark Schw\u00e4bisch-Fr\u00e4nkischer Wald\",\"isPartOf\":{\"@id\":\"https:\/\/www.naturparkmagazin.de\/schwaebisch-fraenkischer-wald\/#website\"},\"datePublished\":\"2019-11-15T05:56:58+00:00\",\"dateModified\":\"2019-11-25T06:11:40+00:00\",\"author\":{\"@id\":\"https:\/\/www.naturparkmagazin.de\/schwaebisch-fraenkischer-wald\/#\/schema\/person\/f047a3702ae747fd7830cf8ac95e6066\"},\"breadcrumb\":{\"@id\":\"https:\/\/www.naturparkmagazin.de\/schwaebisch-fraenkischer-wald\/fuenf-tage-welzheimer-weihnachtsdorf-am-ersten-und-zweiten-adventswochenende\/#breadcrumb\"},\"inLanguage\":\"de\",\"potentialAction\":[{\"@type\":\"ReadAction\",\"target\":[\"https:\/\/www.naturparkmagazin.de\/schwaebisch-fraenkischer-wald\/fuenf-tage-welzheimer-weihnachtsdorf-am-ersten-und-zweiten-adventswochenende\/\"]}]},{\"@type\":\"BreadcrumbList\",\"@id\":\"https:\/\/www.naturparkmagazin.de\/schwaebisch-fraenkischer-wald\/fuenf-tage-welzheimer-weihnachtsdorf-am-ersten-und-zweiten-adventswochenende\/#breadcrumb\",\"itemListElement\":[{\"@type\":\"ListItem\",\"position\":1,\"name\":\"Home\",\"item\":\"https:\/\/www.naturparkmagazin.de\/schwaebisch-fraenkischer-wald\/\"},{\"@type\":\"ListItem\",\"position\":2,\"name\":\"F\u00fcnf Tage Welzheimer Weihnachtsdorf am ersten und zweiten Adventswochenende\"}]},{\"@type\":\"WebSite\",\"@id\":\"https:\/\/www.naturparkmagazin.de\/schwaebisch-fraenkischer-wald\/#website\",\"url\":\"https:\/\/www.naturparkmagazin.de\/schwaebisch-fraenkischer-wald\/\",\"name\":\"Naturpark Schw\u00e4bisch-Fr\u00e4nkischer Wald\",\"description\":\"\",\"potentialAction\":[{\"@type\":\"SearchAction\",\"target\":{\"@type\":\"EntryPoint\",\"urlTemplate\":\"https:\/\/www.naturparkmagazin.de\/schwaebisch-fraenkischer-wald\/?s={search_term_string}\"},\"query-input\":\"required name=search_term_string\"}],\"inLanguage\":\"de\"},{\"@type\":\"Person\",\"@id\":\"https:\/\/www.naturparkmagazin.de\/schwaebisch-fraenkischer-wald\/#\/schema\/person\/f047a3702ae747fd7830cf8ac95e6066\",\"name\":\"Naturpark-Team\",\"sameAs\":[\"http:\/\/www.naturpark-sfw.de\",\"https:\/\/www.facebook.com\/naturparkSFW\"],\"url\":\"https:\/\/www.naturparkmagazin.de\/schwaebisch-fraenkischer-wald\/author\/bernharddrixler\/\"}]}<\/script>\n<!-- \/ Yoast SEO plugin. -->","yoast_head_json":{"title":"F\u00fcnf Tage Welzheimer Weihnachtsdorf am ersten und zweiten Adventswochenende - Naturpark Schw\u00e4bisch-Fr\u00e4nkischer Wald","robots":{"index":"index","follow":"follow","max-snippet":"max-snippet:-1","max-image-preview":"max-image-preview:large","max-video-preview":"max-video-preview:-1"},"canonical":"https:\/\/www.naturparkmagazin.de\/schwaebisch-fraenkischer-wald\/fuenf-tage-welzheimer-weihnachtsdorf-am-ersten-und-zweiten-adventswochenende\/","og_locale":"de_DE","og_type":"article","og_title":"F\u00fcnf Tage Welzheimer Weihnachtsdorf am ersten und zweiten Adventswochenende - Naturpark Schw\u00e4bisch-Fr\u00e4nkischer Wald","og_description":"Welzheimer Weihnachtsdorf zum ersten Mal an zwei Wochenenden","og_url":"https:\/\/www.naturparkmagazin.de\/schwaebisch-fraenkischer-wald\/fuenf-tage-welzheimer-weihnachtsdorf-am-ersten-und-zweiten-adventswochenende\/","og_site_name":"Naturpark Schw\u00e4bisch-Fr\u00e4nkischer Wald","article_author":"https:\/\/www.facebook.com\/naturparkSFW","article_published_time":"2019-11-15T05:56:58+00:00","article_modified_time":"2019-11-25T06:11:40+00:00","og_image":[{"width":200,"height":200,"url":"https:\/\/www.naturparkmagazin.de\/schwaebisch-fraenkischer-wald\/wp-content\/uploads\/sites\/34\/Weihnachtsdorf241.jpg","type":"image\/jpeg"}],"author":"Naturpark-Team","twitter_misc":{"Verfasst von":"Naturpark-Team","Gesch\u00e4tzte Lesezeit":"1\u00a0Minute"},"schema":{"@context":"https:\/\/schema.org","@graph":[{"@type":"WebPage","@id":"https:\/\/www.naturparkmagazin.de\/schwaebisch-fraenkischer-wald\/fuenf-tage-welzheimer-weihnachtsdorf-am-ersten-und-zweiten-adventswochenende\/","url":"https:\/\/www.naturparkmagazin.de\/schwaebisch-fraenkischer-wald\/fuenf-tage-welzheimer-weihnachtsdorf-am-ersten-und-zweiten-adventswochenende\/","name":"F\u00fcnf Tage Welzheimer Weihnachtsdorf am ersten und zweiten Adventswochenende - Naturpark Schw\u00e4bisch-Fr\u00e4nkischer Wald","isPartOf":{"@id":"https:\/\/www.naturparkmagazin.de\/schwaebisch-fraenkischer-wald\/#website"},"datePublished":"2019-11-15T05:56:58+00:00","dateModified":"2019-11-25T06:11:40+00:00","author":{"@id":"https:\/\/www.naturparkmagazin.de\/schwaebisch-fraenkischer-wald\/#\/schema\/person\/f047a3702ae747fd7830cf8ac95e6066"},"breadcrumb":{"@id":"https:\/\/www.naturparkmagazin.de\/schwaebisch-fraenkischer-wald\/fuenf-tage-welzheimer-weihnachtsdorf-am-ersten-und-zweiten-adventswochenende\/#breadcrumb"},"inLanguage":"de","potentialAction":[{"@type":"ReadAction","target":["https:\/\/www.naturparkmagazin.de\/schwaebisch-fraenkischer-wald\/fuenf-tage-welzheimer-weihnachtsdorf-am-ersten-und-zweiten-adventswochenende\/"]}]},{"@type":"BreadcrumbList","@id":"https:\/\/www.naturparkmagazin.de\/schwaebisch-fraenkischer-wald\/fuenf-tage-welzheimer-weihnachtsdorf-am-ersten-und-zweiten-adventswochenende\/#breadcrumb","itemListElement":[{"@type":"ListItem","position":1,"name":"Home","item":"https:\/\/www.naturparkmagazin.de\/schwaebisch-fraenkischer-wald\/"},{"@type":"ListItem","position":2,"name":"F\u00fcnf Tage Welzheimer Weihnachtsdorf am ersten und zweiten Adventswochenende"}]},{"@type":"WebSite","@id":"https:\/\/www.naturparkmagazin.de\/schwaebisch-fraenkischer-wald\/#website","url":"https:\/\/www.naturparkmagazin.de\/schwaebisch-fraenkischer-wald\/","name":"Naturpark Schw\u00e4bisch-Fr\u00e4nkischer Wald","description":"","potentialAction":[{"@type":"SearchAction","target":{"@type":"EntryPoint","urlTemplate":"https:\/\/www.naturparkmagazin.de\/schwaebisch-fraenkischer-wald\/?s={search_term_string}"},"query-input":"required name=search_term_string"}],"inLanguage":"de"},{"@type":"Person","@id":"https:\/\/www.naturparkmagazin.de\/schwaebisch-fraenkischer-wald\/#\/schema\/person\/f047a3702ae747fd7830cf8ac95e6066","name":"Naturpark-Team","sameAs":["http:\/\/www.naturpark-sfw.de","https:\/\/www.facebook.com\/naturparkSFW"],"url":"https:\/\/www.naturparkmagazin.de\/schwaebisch-fraenkischer-wald\/author\/bernharddrixler\/"}]}},"_links":{"self":[{"href":"https:\/\/www.naturparkmagazin.de\/schwaebisch-fraenkischer-wald\/wp-json\/wp\/v2\/posts\/8013"}],"collection":[{"href":"https:\/\/www.naturparkmagazin.de\/schwaebisch-fraenkischer-wald\/wp-json\/wp\/v2\/posts"}],"about":[{"href":"https:\/\/www.naturparkmagazin.de\/schwaebisch-fraenkischer-wald\/wp-json\/wp\/v2\/types\/post"}],"author":[{"embeddable":true,"href":"https:\/\/www.naturparkmagazin.de\/schwaebisch-fraenkischer-wald\/wp-json\/wp\/v2\/users\/25"}],"replies":[{"embeddable":true,"href":"https:\/\/www.naturparkmagazin.de\/schwaebisch-fraenkischer-wald\/wp-json\/wp\/v2\/comments?post=8013"}],"version-history":[{"count":1,"href":"https:\/\/www.naturparkmagazin.de\/schwaebisch-fraenkischer-wald\/wp-json\/wp\/v2\/posts\/8013\/revisions"}],"predecessor-version":[{"id":8016,"href":"https:\/\/www.naturparkmagazin.de\/schwaebisch-fraenkischer-wald\/wp-json\/wp\/v2\/posts\/8013\/revisions\/8016"}],"wp:featuredmedia":[{"embeddable":true,"href":"https:\/\/www.naturparkmagazin.de\/schwaebisch-fraenkischer-wald\/wp-json\/wp\/v2\/media\/8015"}],"wp:attachment":[{"href":"https:\/\/www.naturparkmagazin.de\/schwaebisch-fraenkischer-wald\/wp-json\/wp\/v2\/media?parent=8013"}],"wp:term":[{"taxonomy":"category","embeddable":true,"href":"https:\/\/www.naturparkmagazin.de\/schwaebisch-fraenkischer-wald\/wp-json\/wp\/v2\/categories?post=8013"},{"taxonomy":"post_tag","embeddable":true,"href":"https:\/\/www.naturparkmagazin.de\/schwaebisch-fraenkischer-wald\/wp-json\/wp\/v2\/tags?post=8013"}],"curies":[{"name":"wp","href":"https:\/\/api.w.org\/{rel}","templated":true}]}}