{"id":811,"date":"2014-05-20T19:29:31","date_gmt":"2014-05-20T17:29:31","guid":{"rendered":"http:\/\/www.naturparkmagazin.de\/schwaebisch-fraenkischer-wald\/?p=811"},"modified":"2014-06-04T13:21:12","modified_gmt":"2014-06-04T11:21:12","slug":"21-muehlentag-2014","status":"publish","type":"post","link":"https:\/\/www.naturparkmagazin.de\/schwaebisch-fraenkischer-wald\/21-muehlentag-2014\/","title":{"rendered":"21. M\u00fchlentag am 9.6.2014"},"content":{"rendered":"<div id=\"attachment_796\" style=\"width: 302px\" class=\"wp-caption alignleft\"><a href=\"https:\/\/www.naturparkmagazin.de\/schwaebisch-fraenkischer-wald\/wp-content\/uploads\/sites\/34\/Oelmuehle_Michelau1_Rudersberg.jpg\"><img aria-describedby=\"caption-attachment-796\" decoding=\"async\" loading=\"lazy\" class=\"wp-image-796 \" title=\"Oelmuehle_Michelau1_Rudersberg\" alt=\"Oelmuehle_Michelau1_Rudersberg\" src=\"https:\/\/www.naturparkmagazin.de\/schwaebisch-fraenkischer-wald\/wp-content\/uploads\/sites\/34\/Oelmuehle_Michelau1_Rudersberg.jpg\" width=\"292\" height=\"440\" srcset=\"https:\/\/www.naturparkmagazin.de\/schwaebisch-fraenkischer-wald\/wp-content\/uploads\/sites\/34\/Oelmuehle_Michelau1_Rudersberg.jpg 486w, https:\/\/www.naturparkmagazin.de\/schwaebisch-fraenkischer-wald\/wp-content\/uploads\/sites\/34\/Oelmuehle_Michelau1_Rudersberg-300x453.jpg 300w, https:\/\/www.naturparkmagazin.de\/schwaebisch-fraenkischer-wald\/wp-content\/uploads\/sites\/34\/Oelmuehle_Michelau1_Rudersberg-200x302.jpg 200w\" sizes=\"(max-width: 292px) 100vw, 292px\" \/><\/a><p id=\"caption-attachment-796\" class=\"wp-caption-text\">Oelmuehle_Michelau1_Rudersberg<\/p><\/div>\n<p>Dieses Jahr findet der 21. M\u00fchlentag in Deutschland am Pfingstmontag statt. Auch im Naturpark Schw\u00e4bisch-Fr\u00e4nkischer Wald beteiligen sich M\u00fchlen an diesem Ereignis.<\/p>\n<p>&nbsp;<\/p>\n<p>Wo Sie die M\u00fchlen bestaunen k\u00f6nnen sehen Sie hier:<\/p>\n<p>&nbsp;<\/p>\n<p><span style=\"font-family: Arial,Helvetica,sans-serif; font-size: small;\"><b>R\u00fcmelinsm\u00fchle<\/b>\nin 71540 Murrhardt, Siegelsbergerstr. 23<\/span><\/p>\n<p><b>Beschreibung: <\/b>Aktive Getreidem\u00fchle mit oberschl\u00e4chtigem Holz-Wasserrad (3,80 m). Ehemalige Klosterm\u00fchle.\nHeutige Geb\u00e4ude von 1799, 1994 mit dem Umweltschutzpreis des Schw\u00e4bischen Heimatbundes ausgezeichnet.<\/p>\n<p>&nbsp;<\/p>\n<p>&nbsp;<\/p>\n<p><span style=\"font-family: Arial,Helvetica,sans-serif; font-size: small;\"><b> Kirchenkirnberger (Glattenzainbach) M\u00fchle<\/b>\nin 71540 Kirchenkirnberg, T\u00e4lestr. 21.<\/span><\/p>\n<p><b>Beschreibung: <\/b>Ehemalige Wasserm\u00fchle von 1756 mit alter Technikeinrichtung (2 Steinmahlg\u00e4nge von ca. 1900 und 2 Walzenst\u00fchle von ca. 1950). Urkundliche Ersterw\u00e4hnung 1576. Die alten Kammr\u00e4der und die Transmission werden heute zu Vorf\u00fchrungen von einem Elektromotor angetrieben.<\/p>\n<p>Um 11 Uhr findet die offizielle Er\u00f6ffnungsveranstaltung des 21. Deutschen M\u00fchlentags im Schw\u00e4bischen Wald statt.<\/p>\n<p>&nbsp;<\/p>\n<p>&nbsp;<\/p>\n<p><span style=\"font-family: Arial,Helvetica,sans-serif; font-size: small;\"><b> \u00d6lm\u00fchle Michelau<\/b>\nin 73635 &#8211; Rudersberg-Michelau, Weilerwiesen 1 &#8211; im Wieslauftal.<\/span><\/p>\n<p><b>Beschreibung: <\/b>Ehemalige \u00d6lm\u00fchle von 1754 bis 1955. Seit 1990 als fr\u00fchindustrielles Museum renoviert, sowie als Flachsmuseum genutzt.<\/p>\n<p>&nbsp;<\/p>\n<p>&nbsp;<\/p>\n<p>&nbsp;<\/p>\n","protected":false},"excerpt":{"rendered":"<p>Dieses Jahr findet der 21. M\u00fchlentag in Deutschland statt. Auch im Naturpark Schw\u00e4bisch-Fr\u00e4nkischer Wald beteiligen sich M\u00fchlen an diesem Ereignis.<\/p>\n","protected":false},"author":25,"featured_media":796,"comment_status":"open","ping_status":"open","sticky":false,"template":"","format":"standard","meta":[],"categories":[11],"tags":[186],"yoast_head":"<!-- This site is optimized with the Yoast SEO plugin v19.10 - https:\/\/yoast.com\/wordpress\/plugins\/seo\/ -->\n<title>21. M\u00fchlentag am 9.6.2014 - Naturpark Schw\u00e4bisch-Fr\u00e4nkischer Wald<\/title>\n<meta name=\"robots\" content=\"index, follow, max-snippet:-1, max-image-preview:large, max-video-preview:-1\" \/>\n<link rel=\"canonical\" href=\"https:\/\/www.naturparkmagazin.de\/schwaebisch-fraenkischer-wald\/21-muehlentag-2014\/\" \/>\n<meta property=\"og:locale\" content=\"de_DE\" \/>\n<meta property=\"og:type\" content=\"article\" \/>\n<meta property=\"og:title\" content=\"21. M\u00fchlentag am 9.6.2014 - Naturpark Schw\u00e4bisch-Fr\u00e4nkischer Wald\" \/>\n<meta property=\"og:description\" content=\"Dieses Jahr findet der 21. M\u00fchlentag in Deutschland statt. Auch im Naturpark Schw\u00e4bisch-Fr\u00e4nkischer Wald beteiligen sich M\u00fchlen an diesem Ereignis.\" \/>\n<meta property=\"og:url\" content=\"https:\/\/www.naturparkmagazin.de\/schwaebisch-fraenkischer-wald\/21-muehlentag-2014\/\" \/>\n<meta property=\"og:site_name\" content=\"Naturpark Schw\u00e4bisch-Fr\u00e4nkischer Wald\" \/>\n<meta property=\"article:author\" content=\"https:\/\/www.facebook.com\/naturparkSFW\" \/>\n<meta property=\"article:published_time\" content=\"2014-05-20T17:29:31+00:00\" \/>\n<meta property=\"article:modified_time\" content=\"2014-06-04T11:21:12+00:00\" \/>\n<meta property=\"og:image\" content=\"https:\/\/www.naturparkmagazin.de\/schwaebisch-fraenkischer-wald\/wp-content\/uploads\/sites\/34\/Oelmuehle_Michelau1_Rudersberg.jpg\" \/>\n\t<meta property=\"og:image:width\" content=\"486\" \/>\n\t<meta property=\"og:image:height\" content=\"734\" \/>\n\t<meta property=\"og:image:type\" content=\"image\/jpeg\" \/>\n<meta name=\"author\" content=\"Naturpark-Team\" \/>\n<meta name=\"twitter:label1\" content=\"Verfasst von\" \/>\n\t<meta name=\"twitter:data1\" content=\"Naturpark-Team\" \/>\n\t<meta name=\"twitter:label2\" content=\"Gesch\u00e4tzte Lesezeit\" \/>\n\t<meta name=\"twitter:data2\" content=\"1\u00a0Minute\" \/>\n<script type=\"application\/ld+json\" class=\"yoast-schema-graph\">{\"@context\":\"https:\/\/schema.org\",\"@graph\":[{\"@type\":\"WebPage\",\"@id\":\"https:\/\/www.naturparkmagazin.de\/schwaebisch-fraenkischer-wald\/21-muehlentag-2014\/\",\"url\":\"https:\/\/www.naturparkmagazin.de\/schwaebisch-fraenkischer-wald\/21-muehlentag-2014\/\",\"name\":\"21. M\u00fchlentag am 9.6.2014 - Naturpark Schw\u00e4bisch-Fr\u00e4nkischer Wald\",\"isPartOf\":{\"@id\":\"https:\/\/www.naturparkmagazin.de\/schwaebisch-fraenkischer-wald\/#website\"},\"datePublished\":\"2014-05-20T17:29:31+00:00\",\"dateModified\":\"2014-06-04T11:21:12+00:00\",\"author\":{\"@id\":\"https:\/\/www.naturparkmagazin.de\/schwaebisch-fraenkischer-wald\/#\/schema\/person\/f047a3702ae747fd7830cf8ac95e6066\"},\"breadcrumb\":{\"@id\":\"https:\/\/www.naturparkmagazin.de\/schwaebisch-fraenkischer-wald\/21-muehlentag-2014\/#breadcrumb\"},\"inLanguage\":\"de\",\"potentialAction\":[{\"@type\":\"ReadAction\",\"target\":[\"https:\/\/www.naturparkmagazin.de\/schwaebisch-fraenkischer-wald\/21-muehlentag-2014\/\"]}]},{\"@type\":\"BreadcrumbList\",\"@id\":\"https:\/\/www.naturparkmagazin.de\/schwaebisch-fraenkischer-wald\/21-muehlentag-2014\/#breadcrumb\",\"itemListElement\":[{\"@type\":\"ListItem\",\"position\":1,\"name\":\"Home\",\"item\":\"https:\/\/www.naturparkmagazin.de\/schwaebisch-fraenkischer-wald\/\"},{\"@type\":\"ListItem\",\"position\":2,\"name\":\"21. M\u00fchlentag am 9.6.2014\"}]},{\"@type\":\"WebSite\",\"@id\":\"https:\/\/www.naturparkmagazin.de\/schwaebisch-fraenkischer-wald\/#website\",\"url\":\"https:\/\/www.naturparkmagazin.de\/schwaebisch-fraenkischer-wald\/\",\"name\":\"Naturpark Schw\u00e4bisch-Fr\u00e4nkischer Wald\",\"description\":\"\",\"potentialAction\":[{\"@type\":\"SearchAction\",\"target\":{\"@type\":\"EntryPoint\",\"urlTemplate\":\"https:\/\/www.naturparkmagazin.de\/schwaebisch-fraenkischer-wald\/?s={search_term_string}\"},\"query-input\":\"required name=search_term_string\"}],\"inLanguage\":\"de\"},{\"@type\":\"Person\",\"@id\":\"https:\/\/www.naturparkmagazin.de\/schwaebisch-fraenkischer-wald\/#\/schema\/person\/f047a3702ae747fd7830cf8ac95e6066\",\"name\":\"Naturpark-Team\",\"sameAs\":[\"http:\/\/www.naturpark-sfw.de\",\"https:\/\/www.facebook.com\/naturparkSFW\"],\"url\":\"https:\/\/www.naturparkmagazin.de\/schwaebisch-fraenkischer-wald\/author\/bernharddrixler\/\"}]}<\/script>\n<!-- \/ Yoast SEO plugin. -->","yoast_head_json":{"title":"21. M\u00fchlentag am 9.6.2014 - Naturpark Schw\u00e4bisch-Fr\u00e4nkischer Wald","robots":{"index":"index","follow":"follow","max-snippet":"max-snippet:-1","max-image-preview":"max-image-preview:large","max-video-preview":"max-video-preview:-1"},"canonical":"https:\/\/www.naturparkmagazin.de\/schwaebisch-fraenkischer-wald\/21-muehlentag-2014\/","og_locale":"de_DE","og_type":"article","og_title":"21. M\u00fchlentag am 9.6.2014 - Naturpark Schw\u00e4bisch-Fr\u00e4nkischer Wald","og_description":"Dieses Jahr findet der 21. M\u00fchlentag in Deutschland statt. Auch im Naturpark Schw\u00e4bisch-Fr\u00e4nkischer Wald beteiligen sich M\u00fchlen an diesem Ereignis.","og_url":"https:\/\/www.naturparkmagazin.de\/schwaebisch-fraenkischer-wald\/21-muehlentag-2014\/","og_site_name":"Naturpark Schw\u00e4bisch-Fr\u00e4nkischer Wald","article_author":"https:\/\/www.facebook.com\/naturparkSFW","article_published_time":"2014-05-20T17:29:31+00:00","article_modified_time":"2014-06-04T11:21:12+00:00","og_image":[{"width":486,"height":734,"url":"https:\/\/www.naturparkmagazin.de\/schwaebisch-fraenkischer-wald\/wp-content\/uploads\/sites\/34\/Oelmuehle_Michelau1_Rudersberg.jpg","type":"image\/jpeg"}],"author":"Naturpark-Team","twitter_misc":{"Verfasst von":"Naturpark-Team","Gesch\u00e4tzte Lesezeit":"1\u00a0Minute"},"schema":{"@context":"https:\/\/schema.org","@graph":[{"@type":"WebPage","@id":"https:\/\/www.naturparkmagazin.de\/schwaebisch-fraenkischer-wald\/21-muehlentag-2014\/","url":"https:\/\/www.naturparkmagazin.de\/schwaebisch-fraenkischer-wald\/21-muehlentag-2014\/","name":"21. M\u00fchlentag am 9.6.2014 - Naturpark Schw\u00e4bisch-Fr\u00e4nkischer Wald","isPartOf":{"@id":"https:\/\/www.naturparkmagazin.de\/schwaebisch-fraenkischer-wald\/#website"},"datePublished":"2014-05-20T17:29:31+00:00","dateModified":"2014-06-04T11:21:12+00:00","author":{"@id":"https:\/\/www.naturparkmagazin.de\/schwaebisch-fraenkischer-wald\/#\/schema\/person\/f047a3702ae747fd7830cf8ac95e6066"},"breadcrumb":{"@id":"https:\/\/www.naturparkmagazin.de\/schwaebisch-fraenkischer-wald\/21-muehlentag-2014\/#breadcrumb"},"inLanguage":"de","potentialAction":[{"@type":"ReadAction","target":["https:\/\/www.naturparkmagazin.de\/schwaebisch-fraenkischer-wald\/21-muehlentag-2014\/"]}]},{"@type":"BreadcrumbList","@id":"https:\/\/www.naturparkmagazin.de\/schwaebisch-fraenkischer-wald\/21-muehlentag-2014\/#breadcrumb","itemListElement":[{"@type":"ListItem","position":1,"name":"Home","item":"https:\/\/www.naturparkmagazin.de\/schwaebisch-fraenkischer-wald\/"},{"@type":"ListItem","position":2,"name":"21. M\u00fchlentag am 9.6.2014"}]},{"@type":"WebSite","@id":"https:\/\/www.naturparkmagazin.de\/schwaebisch-fraenkischer-wald\/#website","url":"https:\/\/www.naturparkmagazin.de\/schwaebisch-fraenkischer-wald\/","name":"Naturpark Schw\u00e4bisch-Fr\u00e4nkischer Wald","description":"","potentialAction":[{"@type":"SearchAction","target":{"@type":"EntryPoint","urlTemplate":"https:\/\/www.naturparkmagazin.de\/schwaebisch-fraenkischer-wald\/?s={search_term_string}"},"query-input":"required name=search_term_string"}],"inLanguage":"de"},{"@type":"Person","@id":"https:\/\/www.naturparkmagazin.de\/schwaebisch-fraenkischer-wald\/#\/schema\/person\/f047a3702ae747fd7830cf8ac95e6066","name":"Naturpark-Team","sameAs":["http:\/\/www.naturpark-sfw.de","https:\/\/www.facebook.com\/naturparkSFW"],"url":"https:\/\/www.naturparkmagazin.de\/schwaebisch-fraenkischer-wald\/author\/bernharddrixler\/"}]}},"_links":{"self":[{"href":"https:\/\/www.naturparkmagazin.de\/schwaebisch-fraenkischer-wald\/wp-json\/wp\/v2\/posts\/811"}],"collection":[{"href":"https:\/\/www.naturparkmagazin.de\/schwaebisch-fraenkischer-wald\/wp-json\/wp\/v2\/posts"}],"about":[{"href":"https:\/\/www.naturparkmagazin.de\/schwaebisch-fraenkischer-wald\/wp-json\/wp\/v2\/types\/post"}],"author":[{"embeddable":true,"href":"https:\/\/www.naturparkmagazin.de\/schwaebisch-fraenkischer-wald\/wp-json\/wp\/v2\/users\/25"}],"replies":[{"embeddable":true,"href":"https:\/\/www.naturparkmagazin.de\/schwaebisch-fraenkischer-wald\/wp-json\/wp\/v2\/comments?post=811"}],"version-history":[{"count":13,"href":"https:\/\/www.naturparkmagazin.de\/schwaebisch-fraenkischer-wald\/wp-json\/wp\/v2\/posts\/811\/revisions"}],"predecessor-version":[{"id":863,"href":"https:\/\/www.naturparkmagazin.de\/schwaebisch-fraenkischer-wald\/wp-json\/wp\/v2\/posts\/811\/revisions\/863"}],"wp:featuredmedia":[{"embeddable":true,"href":"https:\/\/www.naturparkmagazin.de\/schwaebisch-fraenkischer-wald\/wp-json\/wp\/v2\/media\/796"}],"wp:attachment":[{"href":"https:\/\/www.naturparkmagazin.de\/schwaebisch-fraenkischer-wald\/wp-json\/wp\/v2\/media?parent=811"}],"wp:term":[{"taxonomy":"category","embeddable":true,"href":"https:\/\/www.naturparkmagazin.de\/schwaebisch-fraenkischer-wald\/wp-json\/wp\/v2\/categories?post=811"},{"taxonomy":"post_tag","embeddable":true,"href":"https:\/\/www.naturparkmagazin.de\/schwaebisch-fraenkischer-wald\/wp-json\/wp\/v2\/tags?post=811"}],"curies":[{"name":"wp","href":"https:\/\/api.w.org\/{rel}","templated":true}]}}