{"id":8303,"date":"2021-09-15T15:15:01","date_gmt":"2021-09-15T13:15:01","guid":{"rendered":"https:\/\/www.naturparkmagazin.de\/schwaebisch-fraenkischer-wald\/?p=8303"},"modified":"2021-09-22T16:08:49","modified_gmt":"2021-09-22T14:08:49","slug":"4-grosse-pilzausstellung-des-schwaebischen-waldes","status":"publish","type":"post","link":"https:\/\/www.naturparkmagazin.de\/schwaebisch-fraenkischer-wald\/4-grosse-pilzausstellung-des-schwaebischen-waldes\/","title":{"rendered":"5. Gro\u00dfe Pilzausstellung des Schw\u00e4bischen Waldes"},"content":{"rendered":"<p><strong>Verborgene Sch\u00f6nheiten des Schw\u00e4bischen Waldes werden zur Schau gestellt<\/strong><\/p>\n<div style=\"width: 510px\" class=\"wp-caption aligncenter\"><a href=\"https:\/\/www.naturparkmagazin.de\/schwaebisch-fraenkischer-wald\/wp-content\/uploads\/sites\/34\/200908_Foto_Krautter_Pilzausstellung.jpg\"><img decoding=\"async\" loading=\"lazy\" class=\"size-full wp-image-9102\" src=\"https:\/\/www.naturparkmagazin.de\/schwaebisch-fraenkischer-wald\/wp-content\/uploads\/sites\/34\/200908_Foto_Krautter_Pilzausstellung.jpg\" alt=\"Die Pilzausstellung zeigt unterschiedliche Pilze des Naturparks Schw\u00e4bisch-Fr\u00e4nkischer Wald in \u201enaturnaher\u201c Kulisse\" width=\"500\" height=\"300\" srcset=\"https:\/\/www.naturparkmagazin.de\/schwaebisch-fraenkischer-wald\/wp-content\/uploads\/sites\/34\/200908_Foto_Krautter_Pilzausstellung.jpg 500w, https:\/\/www.naturparkmagazin.de\/schwaebisch-fraenkischer-wald\/wp-content\/uploads\/sites\/34\/200908_Foto_Krautter_Pilzausstellung-300x180.jpg 300w, https:\/\/www.naturparkmagazin.de\/schwaebisch-fraenkischer-wald\/wp-content\/uploads\/sites\/34\/200908_Foto_Krautter_Pilzausstellung-200x120.jpg 200w\" sizes=\"(max-width: 500px) 100vw, 500px\" \/><\/a><p class=\"wp-caption-text\">\u00a9 Naturpark SFW Archiv<\/p><\/div>\n<p>Die Gemeinde Gro\u00dferlach im Naturpark Schw\u00e4bisch-Fr\u00e4nkischer Wald wird f\u00fcr zwei Tage vom 9. bis 10. Oktober 2021 zum El Dorado f\u00fcr alle Pilzliebhaber und solche, die es noch werden wollen.<\/p>\n<p>Zum vierten Mal werden in einer gro\u00dfen Schau die Pilze des Schw\u00e4bischen Waldes gezeigt. Nicht nur die bekannten Exemplare, wie Steinpilze, Rotkappen und Maronenr\u00f6hrlinge, sondern auch unbekannte Vertreter ihrer Gattung wie der Flockenstielige Hexenr\u00f6hrling oder der Stahlblaue R\u00f6tling werden pr\u00e4sentiert.<\/p>\n<p>Die Veranstalter, die Gemeinde Gro\u00dferlach in Kooperation mit dem Naturpark Schw\u00e4bisch-Fr\u00e4nkischer Wald sowie den Pilzsachverst\u00e4ndigen der Deutschen Gesellschaft f\u00fcr Mykologie (DGfM) und zugleich Naturparkf\u00fchrer Prof. Dr. Manfred Krautter und Beate Siegel haben sich viel vorgenommen. Sie werden mit sch\u00e4tzungsweise mehr als 200 verschiedenen Arten aufwarten. &#8222;Sofern das Wetter mitspielt. Damit wir bis zur Ausstellung noch viele verschiedene Arten finden und sammeln k\u00f6nnen, darf es nicht zu trocken und zu hei\u00df werden&#8220;, so die beiden Pilzsachverst\u00e4ndigen und Naturparkf\u00fchrer.<\/p>\n<p>Die Besucher haben auch die M\u00f6glichkeit mitgebrachte Pilze bestimmen und begutachten zu lassen. Mehrere Pilzsachverst\u00e4ndige der DGfM stehen w\u00e4hrend der Ausstellung Rede und Antwort. Au\u00dferdem wird neben den Gew\u00e4chsen der freien Wildbahn auch das interessante Thema Zuchtpilze und ihre Substrate vorgestellt.<\/p>\n<p>Aufgrund der Einschr\u00e4nkungen durch Corona ist dieses Jahr die Veranstaltung nicht bewirtet. Die Hygienevorgaben (H\u00e4ndedesinfektion und Mund-Nasenschutz) m\u00fcssen eingehalten werden.<\/p>\n<p>Die Veranstaltung findet am Samstag, den 9. Oktober (13.00 &#8211; 18.00 Uhr) und Sonntag, den 10. Oktober 2021 (11.00 &#8211; 18.00 Uhr) in der Schwalbenflughalle in Gro\u00dferlach-Grab statt.<\/p>\n<p>Adresse f\u00fcr&#8217;s Navi: Gro\u00dferlach, Wiesenstr. 5<\/p>\n<p>Weitere Information unter: <a href=\"mailto:Krautter@die-naturparkfuehrer.de\" target=\"_blank\">krautter@die-naturparkfuehrer.de<\/a> und <a href=\"mailto:Siegel@die-naturparkfuehrer.de\" target=\"_blank\">siegel@die-naturparkfuehrer.de<\/a><\/p>\n","protected":false},"excerpt":{"rendered":"<p>9.+10.10.: El Dorado f\u00fcr Pilzliebhaber und alle, die es werden m\u00f6chten<\/p>\n","protected":false},"author":25,"featured_media":9125,"comment_status":"open","ping_status":"open","sticky":false,"template":"","format":"standard","meta":[],"categories":[11],"tags":[],"yoast_head":"<!-- This site is optimized with the Yoast SEO plugin v19.10 - https:\/\/yoast.com\/wordpress\/plugins\/seo\/ -->\n<title>5. Gro\u00dfe Pilzausstellung des Schw\u00e4bischen Waldes - Naturpark Schw\u00e4bisch-Fr\u00e4nkischer Wald<\/title>\n<meta name=\"robots\" content=\"index, follow, max-snippet:-1, max-image-preview:large, max-video-preview:-1\" \/>\n<link rel=\"canonical\" href=\"https:\/\/www.naturparkmagazin.de\/schwaebisch-fraenkischer-wald\/4-grosse-pilzausstellung-des-schwaebischen-waldes\/\" \/>\n<meta property=\"og:locale\" content=\"de_DE\" \/>\n<meta property=\"og:type\" content=\"article\" \/>\n<meta property=\"og:title\" content=\"5. Gro\u00dfe Pilzausstellung des Schw\u00e4bischen Waldes - Naturpark Schw\u00e4bisch-Fr\u00e4nkischer Wald\" \/>\n<meta property=\"og:description\" content=\"9.+10.10.: El Dorado f\u00fcr Pilzliebhaber und alle, die es werden m\u00f6chten\" \/>\n<meta property=\"og:url\" content=\"https:\/\/www.naturparkmagazin.de\/schwaebisch-fraenkischer-wald\/4-grosse-pilzausstellung-des-schwaebischen-waldes\/\" \/>\n<meta property=\"og:site_name\" content=\"Naturpark Schw\u00e4bisch-Fr\u00e4nkischer Wald\" \/>\n<meta property=\"article:author\" content=\"https:\/\/www.facebook.com\/naturparkSFW\" \/>\n<meta property=\"article:published_time\" content=\"2021-09-15T13:15:01+00:00\" \/>\n<meta property=\"article:modified_time\" content=\"2021-09-22T14:08:49+00:00\" \/>\n<meta property=\"og:image\" content=\"https:\/\/www.naturparkmagazin.de\/schwaebisch-fraenkischer-wald\/wp-content\/uploads\/sites\/34\/200908_Foto_Krautter_Pilzausstellung1.jpg\" \/>\n\t<meta property=\"og:image:width\" content=\"200\" \/>\n\t<meta property=\"og:image:height\" content=\"200\" \/>\n\t<meta property=\"og:image:type\" content=\"image\/jpeg\" \/>\n<meta name=\"author\" content=\"Naturpark-Team\" \/>\n<meta name=\"twitter:label1\" content=\"Verfasst von\" \/>\n\t<meta name=\"twitter:data1\" content=\"Naturpark-Team\" \/>\n\t<meta name=\"twitter:label2\" content=\"Gesch\u00e4tzte Lesezeit\" \/>\n\t<meta name=\"twitter:data2\" content=\"1\u00a0Minute\" \/>\n<script type=\"application\/ld+json\" class=\"yoast-schema-graph\">{\"@context\":\"https:\/\/schema.org\",\"@graph\":[{\"@type\":\"WebPage\",\"@id\":\"https:\/\/www.naturparkmagazin.de\/schwaebisch-fraenkischer-wald\/4-grosse-pilzausstellung-des-schwaebischen-waldes\/\",\"url\":\"https:\/\/www.naturparkmagazin.de\/schwaebisch-fraenkischer-wald\/4-grosse-pilzausstellung-des-schwaebischen-waldes\/\",\"name\":\"5. Gro\u00dfe Pilzausstellung des Schw\u00e4bischen Waldes - Naturpark Schw\u00e4bisch-Fr\u00e4nkischer Wald\",\"isPartOf\":{\"@id\":\"https:\/\/www.naturparkmagazin.de\/schwaebisch-fraenkischer-wald\/#website\"},\"datePublished\":\"2021-09-15T13:15:01+00:00\",\"dateModified\":\"2021-09-22T14:08:49+00:00\",\"author\":{\"@id\":\"https:\/\/www.naturparkmagazin.de\/schwaebisch-fraenkischer-wald\/#\/schema\/person\/f047a3702ae747fd7830cf8ac95e6066\"},\"breadcrumb\":{\"@id\":\"https:\/\/www.naturparkmagazin.de\/schwaebisch-fraenkischer-wald\/4-grosse-pilzausstellung-des-schwaebischen-waldes\/#breadcrumb\"},\"inLanguage\":\"de\",\"potentialAction\":[{\"@type\":\"ReadAction\",\"target\":[\"https:\/\/www.naturparkmagazin.de\/schwaebisch-fraenkischer-wald\/4-grosse-pilzausstellung-des-schwaebischen-waldes\/\"]}]},{\"@type\":\"BreadcrumbList\",\"@id\":\"https:\/\/www.naturparkmagazin.de\/schwaebisch-fraenkischer-wald\/4-grosse-pilzausstellung-des-schwaebischen-waldes\/#breadcrumb\",\"itemListElement\":[{\"@type\":\"ListItem\",\"position\":1,\"name\":\"Home\",\"item\":\"https:\/\/www.naturparkmagazin.de\/schwaebisch-fraenkischer-wald\/\"},{\"@type\":\"ListItem\",\"position\":2,\"name\":\"5. Gro\u00dfe Pilzausstellung des Schw\u00e4bischen Waldes\"}]},{\"@type\":\"WebSite\",\"@id\":\"https:\/\/www.naturparkmagazin.de\/schwaebisch-fraenkischer-wald\/#website\",\"url\":\"https:\/\/www.naturparkmagazin.de\/schwaebisch-fraenkischer-wald\/\",\"name\":\"Naturpark Schw\u00e4bisch-Fr\u00e4nkischer Wald\",\"description\":\"\",\"potentialAction\":[{\"@type\":\"SearchAction\",\"target\":{\"@type\":\"EntryPoint\",\"urlTemplate\":\"https:\/\/www.naturparkmagazin.de\/schwaebisch-fraenkischer-wald\/?s={search_term_string}\"},\"query-input\":\"required name=search_term_string\"}],\"inLanguage\":\"de\"},{\"@type\":\"Person\",\"@id\":\"https:\/\/www.naturparkmagazin.de\/schwaebisch-fraenkischer-wald\/#\/schema\/person\/f047a3702ae747fd7830cf8ac95e6066\",\"name\":\"Naturpark-Team\",\"sameAs\":[\"http:\/\/www.naturpark-sfw.de\",\"https:\/\/www.facebook.com\/naturparkSFW\"],\"url\":\"https:\/\/www.naturparkmagazin.de\/schwaebisch-fraenkischer-wald\/author\/bernharddrixler\/\"}]}<\/script>\n<!-- \/ Yoast SEO plugin. -->","yoast_head_json":{"title":"5. Gro\u00dfe Pilzausstellung des Schw\u00e4bischen Waldes - Naturpark Schw\u00e4bisch-Fr\u00e4nkischer Wald","robots":{"index":"index","follow":"follow","max-snippet":"max-snippet:-1","max-image-preview":"max-image-preview:large","max-video-preview":"max-video-preview:-1"},"canonical":"https:\/\/www.naturparkmagazin.de\/schwaebisch-fraenkischer-wald\/4-grosse-pilzausstellung-des-schwaebischen-waldes\/","og_locale":"de_DE","og_type":"article","og_title":"5. Gro\u00dfe Pilzausstellung des Schw\u00e4bischen Waldes - Naturpark Schw\u00e4bisch-Fr\u00e4nkischer Wald","og_description":"9.+10.10.: El Dorado f\u00fcr Pilzliebhaber und alle, die es werden m\u00f6chten","og_url":"https:\/\/www.naturparkmagazin.de\/schwaebisch-fraenkischer-wald\/4-grosse-pilzausstellung-des-schwaebischen-waldes\/","og_site_name":"Naturpark Schw\u00e4bisch-Fr\u00e4nkischer Wald","article_author":"https:\/\/www.facebook.com\/naturparkSFW","article_published_time":"2021-09-15T13:15:01+00:00","article_modified_time":"2021-09-22T14:08:49+00:00","og_image":[{"width":200,"height":200,"url":"https:\/\/www.naturparkmagazin.de\/schwaebisch-fraenkischer-wald\/wp-content\/uploads\/sites\/34\/200908_Foto_Krautter_Pilzausstellung1.jpg","type":"image\/jpeg"}],"author":"Naturpark-Team","twitter_misc":{"Verfasst von":"Naturpark-Team","Gesch\u00e4tzte Lesezeit":"1\u00a0Minute"},"schema":{"@context":"https:\/\/schema.org","@graph":[{"@type":"WebPage","@id":"https:\/\/www.naturparkmagazin.de\/schwaebisch-fraenkischer-wald\/4-grosse-pilzausstellung-des-schwaebischen-waldes\/","url":"https:\/\/www.naturparkmagazin.de\/schwaebisch-fraenkischer-wald\/4-grosse-pilzausstellung-des-schwaebischen-waldes\/","name":"5. Gro\u00dfe Pilzausstellung des Schw\u00e4bischen Waldes - Naturpark Schw\u00e4bisch-Fr\u00e4nkischer Wald","isPartOf":{"@id":"https:\/\/www.naturparkmagazin.de\/schwaebisch-fraenkischer-wald\/#website"},"datePublished":"2021-09-15T13:15:01+00:00","dateModified":"2021-09-22T14:08:49+00:00","author":{"@id":"https:\/\/www.naturparkmagazin.de\/schwaebisch-fraenkischer-wald\/#\/schema\/person\/f047a3702ae747fd7830cf8ac95e6066"},"breadcrumb":{"@id":"https:\/\/www.naturparkmagazin.de\/schwaebisch-fraenkischer-wald\/4-grosse-pilzausstellung-des-schwaebischen-waldes\/#breadcrumb"},"inLanguage":"de","potentialAction":[{"@type":"ReadAction","target":["https:\/\/www.naturparkmagazin.de\/schwaebisch-fraenkischer-wald\/4-grosse-pilzausstellung-des-schwaebischen-waldes\/"]}]},{"@type":"BreadcrumbList","@id":"https:\/\/www.naturparkmagazin.de\/schwaebisch-fraenkischer-wald\/4-grosse-pilzausstellung-des-schwaebischen-waldes\/#breadcrumb","itemListElement":[{"@type":"ListItem","position":1,"name":"Home","item":"https:\/\/www.naturparkmagazin.de\/schwaebisch-fraenkischer-wald\/"},{"@type":"ListItem","position":2,"name":"5. Gro\u00dfe Pilzausstellung des Schw\u00e4bischen Waldes"}]},{"@type":"WebSite","@id":"https:\/\/www.naturparkmagazin.de\/schwaebisch-fraenkischer-wald\/#website","url":"https:\/\/www.naturparkmagazin.de\/schwaebisch-fraenkischer-wald\/","name":"Naturpark Schw\u00e4bisch-Fr\u00e4nkischer Wald","description":"","potentialAction":[{"@type":"SearchAction","target":{"@type":"EntryPoint","urlTemplate":"https:\/\/www.naturparkmagazin.de\/schwaebisch-fraenkischer-wald\/?s={search_term_string}"},"query-input":"required name=search_term_string"}],"inLanguage":"de"},{"@type":"Person","@id":"https:\/\/www.naturparkmagazin.de\/schwaebisch-fraenkischer-wald\/#\/schema\/person\/f047a3702ae747fd7830cf8ac95e6066","name":"Naturpark-Team","sameAs":["http:\/\/www.naturpark-sfw.de","https:\/\/www.facebook.com\/naturparkSFW"],"url":"https:\/\/www.naturparkmagazin.de\/schwaebisch-fraenkischer-wald\/author\/bernharddrixler\/"}]}},"_links":{"self":[{"href":"https:\/\/www.naturparkmagazin.de\/schwaebisch-fraenkischer-wald\/wp-json\/wp\/v2\/posts\/8303"}],"collection":[{"href":"https:\/\/www.naturparkmagazin.de\/schwaebisch-fraenkischer-wald\/wp-json\/wp\/v2\/posts"}],"about":[{"href":"https:\/\/www.naturparkmagazin.de\/schwaebisch-fraenkischer-wald\/wp-json\/wp\/v2\/types\/post"}],"author":[{"embeddable":true,"href":"https:\/\/www.naturparkmagazin.de\/schwaebisch-fraenkischer-wald\/wp-json\/wp\/v2\/users\/25"}],"replies":[{"embeddable":true,"href":"https:\/\/www.naturparkmagazin.de\/schwaebisch-fraenkischer-wald\/wp-json\/wp\/v2\/comments?post=8303"}],"version-history":[{"count":9,"href":"https:\/\/www.naturparkmagazin.de\/schwaebisch-fraenkischer-wald\/wp-json\/wp\/v2\/posts\/8303\/revisions"}],"predecessor-version":[{"id":10445,"href":"https:\/\/www.naturparkmagazin.de\/schwaebisch-fraenkischer-wald\/wp-json\/wp\/v2\/posts\/8303\/revisions\/10445"}],"wp:featuredmedia":[{"embeddable":true,"href":"https:\/\/www.naturparkmagazin.de\/schwaebisch-fraenkischer-wald\/wp-json\/wp\/v2\/media\/9125"}],"wp:attachment":[{"href":"https:\/\/www.naturparkmagazin.de\/schwaebisch-fraenkischer-wald\/wp-json\/wp\/v2\/media?parent=8303"}],"wp:term":[{"taxonomy":"category","embeddable":true,"href":"https:\/\/www.naturparkmagazin.de\/schwaebisch-fraenkischer-wald\/wp-json\/wp\/v2\/categories?post=8303"},{"taxonomy":"post_tag","embeddable":true,"href":"https:\/\/www.naturparkmagazin.de\/schwaebisch-fraenkischer-wald\/wp-json\/wp\/v2\/tags?post=8303"}],"curies":[{"name":"wp","href":"https:\/\/api.w.org\/{rel}","templated":true}]}}