{"id":8645,"date":"2020-01-16T07:06:32","date_gmt":"2020-01-16T06:06:32","guid":{"rendered":"https:\/\/www.naturparkmagazin.de\/schwaebisch-fraenkischer-wald\/?p=8645"},"modified":"2020-01-24T07:33:24","modified_gmt":"2020-01-24T06:33:24","slug":"naturparkteller-2020-landschaft-direktvermarktung-genuss","status":"publish","type":"post","link":"https:\/\/www.naturparkmagazin.de\/schwaebisch-fraenkischer-wald\/naturparkteller-2020-landschaft-direktvermarktung-genuss\/","title":{"rendered":"Naturparkteller 2020: Landschaft. Direktvermarktung. Genuss."},"content":{"rendered":"<p>Wandlung ist notwendig wie die Erneuerung der Bl\u00e4tter im Fr\u00fchling. (Vincent van Gogh)<a href=\"https:\/\/www.naturparkmagazin.de\/schwaebisch-fraenkischer-wald\/wp-content\/uploads\/sites\/34\/2020_Naturparkteller_NPSFW_Titelseite_ONLINE.jpg\"><img decoding=\"async\" loading=\"lazy\" class=\"alignright size-full wp-image-8647\" src=\"https:\/\/www.naturparkmagazin.de\/schwaebisch-fraenkischer-wald\/wp-content\/uploads\/sites\/34\/2020_Naturparkteller_NPSFW_Titelseite_ONLINE.jpg\" alt=\"Brosch\u00fcre Naturparkteller 2020\" width=\"300\" height=\"500\" srcset=\"https:\/\/www.naturparkmagazin.de\/schwaebisch-fraenkischer-wald\/wp-content\/uploads\/sites\/34\/2020_Naturparkteller_NPSFW_Titelseite_ONLINE.jpg 300w, https:\/\/www.naturparkmagazin.de\/schwaebisch-fraenkischer-wald\/wp-content\/uploads\/sites\/34\/2020_Naturparkteller_NPSFW_Titelseite_ONLINE-200x333.jpg 200w\" sizes=\"(max-width: 300px) 100vw, 300px\" \/><\/a><\/p>\n<p>Ins kulinarische Jahr 2020 startet der Naturparkteller optisch und inhaltlich in erneuerter Form. Neu ist, dass die Gastronomen in der Gestaltung ihres Naturparktellers etwas freier sind, so k\u00f6nnen sie ihre Gerichte je nach Saison variieren oder auch ein Men\u00fc anbieten. Die Grundidee ist aber weiterhin die gleiche &#8211; die Hauptzutaten der angebotenen Gerichte bestehen aus regional produzierten Zutaten aus der Naturparkregion. So m\u00f6chten wir auf die Bedeutung von regional erzeugten Lebensmitteln hinweisen und den Zusammenhang von landwirtschaftlicher Produktion, Landschaftspflege und kulinarischem Genuss verdeutlichen.<\/p>\n<p>In dieser Brosch\u00fcre informieren wir Sie \u00fcber die Verwendung von regionalen Lebensmitteln. Zudem stellen wir Ihnen die sechs Naturpark-Landkreise und deren Aktionen und Projekte im Bereich Direktvermarktung vor. Den einen oder anderen Tipp, wie Sie mit dem Kauf von regionalen Lebensmitteln Wertsch\u00f6pfung in der Region lassen und heimische Erzeuger mit ihrer Arbeit unterst\u00fctzen k\u00f6nnen, finden Sie ebenfalls auf den folgenden Seiten. Eines soll sich auch weiterhin nicht \u00e4ndern: die Abwechslung und Qualit\u00e4t, die Sie beim Genie\u00dfen des Naturparktellers schmecken d\u00fcrfen. Hierbei w\u00fcnschen wir Ihnen ebenso viel Freude wie beim Lesen der Brosch\u00fcre. Lernen Sie die herrlichen und abwechslungsreichen Landschaften unseres Naturparks kennen und lassen Sie sich dabei den Naturparkteller munden!<\/p>\n<p>Die Brosch\u00fcren liegen im Naturparkzentrum in Murrhardt, in den Rath\u00e4usern der 48 Mitgliedskommunen sowie bei den teilnehmenden Naturparktellergastronomen aus.<\/p>\n<p>Folgen Sie diesem Link zum Bestellen und Herunterladen: <a href=\"https:\/\/www.naturpark-sfw.de\/informieren\/broschueren-bestellung\/\" target=\"_blank\">https:\/\/www.naturpark-sfw.de\/informieren\/broschueren-bestellung\/<\/a><\/p>\n","protected":false},"excerpt":{"rendered":"<p>Naturparkteller: leckere Gerichte aus regionalen Zutaten<\/p>\n","protected":false},"author":25,"featured_media":8648,"comment_status":"open","ping_status":"open","sticky":false,"template":"","format":"standard","meta":[],"categories":[7],"tags":[1885],"yoast_head":"<!-- This site is optimized with the Yoast SEO plugin v19.10 - https:\/\/yoast.com\/wordpress\/plugins\/seo\/ -->\n<title>Naturparkteller 2020: Landschaft. Direktvermarktung. Genuss. - Naturpark Schw\u00e4bisch-Fr\u00e4nkischer Wald<\/title>\n<meta name=\"robots\" content=\"index, follow, max-snippet:-1, max-image-preview:large, max-video-preview:-1\" \/>\n<link rel=\"canonical\" href=\"https:\/\/www.naturparkmagazin.de\/schwaebisch-fraenkischer-wald\/naturparkteller-2020-landschaft-direktvermarktung-genuss\/\" \/>\n<meta property=\"og:locale\" content=\"de_DE\" \/>\n<meta property=\"og:type\" content=\"article\" \/>\n<meta property=\"og:title\" content=\"Naturparkteller 2020: Landschaft. Direktvermarktung. Genuss. - Naturpark Schw\u00e4bisch-Fr\u00e4nkischer Wald\" \/>\n<meta property=\"og:description\" content=\"Naturparkteller: leckere Gerichte aus regionalen Zutaten\" \/>\n<meta property=\"og:url\" content=\"https:\/\/www.naturparkmagazin.de\/schwaebisch-fraenkischer-wald\/naturparkteller-2020-landschaft-direktvermarktung-genuss\/\" \/>\n<meta property=\"og:site_name\" content=\"Naturpark Schw\u00e4bisch-Fr\u00e4nkischer Wald\" \/>\n<meta property=\"article:author\" content=\"https:\/\/www.facebook.com\/naturparkSFW\" \/>\n<meta property=\"article:published_time\" content=\"2020-01-16T06:06:32+00:00\" \/>\n<meta property=\"article:modified_time\" content=\"2020-01-24T06:33:24+00:00\" \/>\n<meta property=\"og:image\" content=\"https:\/\/www.naturparkmagazin.de\/schwaebisch-fraenkischer-wald\/wp-content\/uploads\/sites\/34\/2020_Naturparkteller_NPSFW_Titelseite_ONLINE1.jpg\" \/>\n\t<meta property=\"og:image:width\" content=\"200\" \/>\n\t<meta property=\"og:image:height\" content=\"200\" \/>\n\t<meta property=\"og:image:type\" content=\"image\/jpeg\" \/>\n<meta name=\"author\" content=\"Naturpark-Team\" \/>\n<meta name=\"twitter:label1\" content=\"Verfasst von\" \/>\n\t<meta name=\"twitter:data1\" content=\"Naturpark-Team\" \/>\n\t<meta name=\"twitter:label2\" content=\"Gesch\u00e4tzte Lesezeit\" \/>\n\t<meta name=\"twitter:data2\" content=\"1\u00a0Minute\" \/>\n<script type=\"application\/ld+json\" class=\"yoast-schema-graph\">{\"@context\":\"https:\/\/schema.org\",\"@graph\":[{\"@type\":\"WebPage\",\"@id\":\"https:\/\/www.naturparkmagazin.de\/schwaebisch-fraenkischer-wald\/naturparkteller-2020-landschaft-direktvermarktung-genuss\/\",\"url\":\"https:\/\/www.naturparkmagazin.de\/schwaebisch-fraenkischer-wald\/naturparkteller-2020-landschaft-direktvermarktung-genuss\/\",\"name\":\"Naturparkteller 2020: Landschaft. Direktvermarktung. Genuss. - Naturpark Schw\u00e4bisch-Fr\u00e4nkischer Wald\",\"isPartOf\":{\"@id\":\"https:\/\/www.naturparkmagazin.de\/schwaebisch-fraenkischer-wald\/#website\"},\"datePublished\":\"2020-01-16T06:06:32+00:00\",\"dateModified\":\"2020-01-24T06:33:24+00:00\",\"author\":{\"@id\":\"https:\/\/www.naturparkmagazin.de\/schwaebisch-fraenkischer-wald\/#\/schema\/person\/f047a3702ae747fd7830cf8ac95e6066\"},\"breadcrumb\":{\"@id\":\"https:\/\/www.naturparkmagazin.de\/schwaebisch-fraenkischer-wald\/naturparkteller-2020-landschaft-direktvermarktung-genuss\/#breadcrumb\"},\"inLanguage\":\"de\",\"potentialAction\":[{\"@type\":\"ReadAction\",\"target\":[\"https:\/\/www.naturparkmagazin.de\/schwaebisch-fraenkischer-wald\/naturparkteller-2020-landschaft-direktvermarktung-genuss\/\"]}]},{\"@type\":\"BreadcrumbList\",\"@id\":\"https:\/\/www.naturparkmagazin.de\/schwaebisch-fraenkischer-wald\/naturparkteller-2020-landschaft-direktvermarktung-genuss\/#breadcrumb\",\"itemListElement\":[{\"@type\":\"ListItem\",\"position\":1,\"name\":\"Home\",\"item\":\"https:\/\/www.naturparkmagazin.de\/schwaebisch-fraenkischer-wald\/\"},{\"@type\":\"ListItem\",\"position\":2,\"name\":\"Naturparkteller 2020: Landschaft. Direktvermarktung. Genuss.\"}]},{\"@type\":\"WebSite\",\"@id\":\"https:\/\/www.naturparkmagazin.de\/schwaebisch-fraenkischer-wald\/#website\",\"url\":\"https:\/\/www.naturparkmagazin.de\/schwaebisch-fraenkischer-wald\/\",\"name\":\"Naturpark Schw\u00e4bisch-Fr\u00e4nkischer Wald\",\"description\":\"\",\"potentialAction\":[{\"@type\":\"SearchAction\",\"target\":{\"@type\":\"EntryPoint\",\"urlTemplate\":\"https:\/\/www.naturparkmagazin.de\/schwaebisch-fraenkischer-wald\/?s={search_term_string}\"},\"query-input\":\"required name=search_term_string\"}],\"inLanguage\":\"de\"},{\"@type\":\"Person\",\"@id\":\"https:\/\/www.naturparkmagazin.de\/schwaebisch-fraenkischer-wald\/#\/schema\/person\/f047a3702ae747fd7830cf8ac95e6066\",\"name\":\"Naturpark-Team\",\"sameAs\":[\"http:\/\/www.naturpark-sfw.de\",\"https:\/\/www.facebook.com\/naturparkSFW\"],\"url\":\"https:\/\/www.naturparkmagazin.de\/schwaebisch-fraenkischer-wald\/author\/bernharddrixler\/\"}]}<\/script>\n<!-- \/ Yoast SEO plugin. -->","yoast_head_json":{"title":"Naturparkteller 2020: Landschaft. Direktvermarktung. Genuss. - Naturpark Schw\u00e4bisch-Fr\u00e4nkischer Wald","robots":{"index":"index","follow":"follow","max-snippet":"max-snippet:-1","max-image-preview":"max-image-preview:large","max-video-preview":"max-video-preview:-1"},"canonical":"https:\/\/www.naturparkmagazin.de\/schwaebisch-fraenkischer-wald\/naturparkteller-2020-landschaft-direktvermarktung-genuss\/","og_locale":"de_DE","og_type":"article","og_title":"Naturparkteller 2020: Landschaft. Direktvermarktung. Genuss. - Naturpark Schw\u00e4bisch-Fr\u00e4nkischer Wald","og_description":"Naturparkteller: leckere Gerichte aus regionalen Zutaten","og_url":"https:\/\/www.naturparkmagazin.de\/schwaebisch-fraenkischer-wald\/naturparkteller-2020-landschaft-direktvermarktung-genuss\/","og_site_name":"Naturpark Schw\u00e4bisch-Fr\u00e4nkischer Wald","article_author":"https:\/\/www.facebook.com\/naturparkSFW","article_published_time":"2020-01-16T06:06:32+00:00","article_modified_time":"2020-01-24T06:33:24+00:00","og_image":[{"width":200,"height":200,"url":"https:\/\/www.naturparkmagazin.de\/schwaebisch-fraenkischer-wald\/wp-content\/uploads\/sites\/34\/2020_Naturparkteller_NPSFW_Titelseite_ONLINE1.jpg","type":"image\/jpeg"}],"author":"Naturpark-Team","twitter_misc":{"Verfasst von":"Naturpark-Team","Gesch\u00e4tzte Lesezeit":"1\u00a0Minute"},"schema":{"@context":"https:\/\/schema.org","@graph":[{"@type":"WebPage","@id":"https:\/\/www.naturparkmagazin.de\/schwaebisch-fraenkischer-wald\/naturparkteller-2020-landschaft-direktvermarktung-genuss\/","url":"https:\/\/www.naturparkmagazin.de\/schwaebisch-fraenkischer-wald\/naturparkteller-2020-landschaft-direktvermarktung-genuss\/","name":"Naturparkteller 2020: Landschaft. Direktvermarktung. Genuss. - Naturpark Schw\u00e4bisch-Fr\u00e4nkischer Wald","isPartOf":{"@id":"https:\/\/www.naturparkmagazin.de\/schwaebisch-fraenkischer-wald\/#website"},"datePublished":"2020-01-16T06:06:32+00:00","dateModified":"2020-01-24T06:33:24+00:00","author":{"@id":"https:\/\/www.naturparkmagazin.de\/schwaebisch-fraenkischer-wald\/#\/schema\/person\/f047a3702ae747fd7830cf8ac95e6066"},"breadcrumb":{"@id":"https:\/\/www.naturparkmagazin.de\/schwaebisch-fraenkischer-wald\/naturparkteller-2020-landschaft-direktvermarktung-genuss\/#breadcrumb"},"inLanguage":"de","potentialAction":[{"@type":"ReadAction","target":["https:\/\/www.naturparkmagazin.de\/schwaebisch-fraenkischer-wald\/naturparkteller-2020-landschaft-direktvermarktung-genuss\/"]}]},{"@type":"BreadcrumbList","@id":"https:\/\/www.naturparkmagazin.de\/schwaebisch-fraenkischer-wald\/naturparkteller-2020-landschaft-direktvermarktung-genuss\/#breadcrumb","itemListElement":[{"@type":"ListItem","position":1,"name":"Home","item":"https:\/\/www.naturparkmagazin.de\/schwaebisch-fraenkischer-wald\/"},{"@type":"ListItem","position":2,"name":"Naturparkteller 2020: Landschaft. Direktvermarktung. Genuss."}]},{"@type":"WebSite","@id":"https:\/\/www.naturparkmagazin.de\/schwaebisch-fraenkischer-wald\/#website","url":"https:\/\/www.naturparkmagazin.de\/schwaebisch-fraenkischer-wald\/","name":"Naturpark Schw\u00e4bisch-Fr\u00e4nkischer Wald","description":"","potentialAction":[{"@type":"SearchAction","target":{"@type":"EntryPoint","urlTemplate":"https:\/\/www.naturparkmagazin.de\/schwaebisch-fraenkischer-wald\/?s={search_term_string}"},"query-input":"required name=search_term_string"}],"inLanguage":"de"},{"@type":"Person","@id":"https:\/\/www.naturparkmagazin.de\/schwaebisch-fraenkischer-wald\/#\/schema\/person\/f047a3702ae747fd7830cf8ac95e6066","name":"Naturpark-Team","sameAs":["http:\/\/www.naturpark-sfw.de","https:\/\/www.facebook.com\/naturparkSFW"],"url":"https:\/\/www.naturparkmagazin.de\/schwaebisch-fraenkischer-wald\/author\/bernharddrixler\/"}]}},"_links":{"self":[{"href":"https:\/\/www.naturparkmagazin.de\/schwaebisch-fraenkischer-wald\/wp-json\/wp\/v2\/posts\/8645"}],"collection":[{"href":"https:\/\/www.naturparkmagazin.de\/schwaebisch-fraenkischer-wald\/wp-json\/wp\/v2\/posts"}],"about":[{"href":"https:\/\/www.naturparkmagazin.de\/schwaebisch-fraenkischer-wald\/wp-json\/wp\/v2\/types\/post"}],"author":[{"embeddable":true,"href":"https:\/\/www.naturparkmagazin.de\/schwaebisch-fraenkischer-wald\/wp-json\/wp\/v2\/users\/25"}],"replies":[{"embeddable":true,"href":"https:\/\/www.naturparkmagazin.de\/schwaebisch-fraenkischer-wald\/wp-json\/wp\/v2\/comments?post=8645"}],"version-history":[{"count":5,"href":"https:\/\/www.naturparkmagazin.de\/schwaebisch-fraenkischer-wald\/wp-json\/wp\/v2\/posts\/8645\/revisions"}],"predecessor-version":[{"id":8664,"href":"https:\/\/www.naturparkmagazin.de\/schwaebisch-fraenkischer-wald\/wp-json\/wp\/v2\/posts\/8645\/revisions\/8664"}],"wp:featuredmedia":[{"embeddable":true,"href":"https:\/\/www.naturparkmagazin.de\/schwaebisch-fraenkischer-wald\/wp-json\/wp\/v2\/media\/8648"}],"wp:attachment":[{"href":"https:\/\/www.naturparkmagazin.de\/schwaebisch-fraenkischer-wald\/wp-json\/wp\/v2\/media?parent=8645"}],"wp:term":[{"taxonomy":"category","embeddable":true,"href":"https:\/\/www.naturparkmagazin.de\/schwaebisch-fraenkischer-wald\/wp-json\/wp\/v2\/categories?post=8645"},{"taxonomy":"post_tag","embeddable":true,"href":"https:\/\/www.naturparkmagazin.de\/schwaebisch-fraenkischer-wald\/wp-json\/wp\/v2\/tags?post=8645"}],"curies":[{"name":"wp","href":"https:\/\/api.w.org\/{rel}","templated":true}]}}