{"id":8666,"date":"2020-01-16T07:39:44","date_gmt":"2020-01-16T06:39:44","guid":{"rendered":"https:\/\/www.naturparkmagazin.de\/schwaebisch-fraenkischer-wald\/?p=8666"},"modified":"2020-01-24T07:48:30","modified_gmt":"2020-01-24T06:48:30","slug":"neuer-naturpark-vorsitzender-buergermeister-armin-moessner-im-amt","status":"publish","type":"post","link":"https:\/\/www.naturparkmagazin.de\/schwaebisch-fraenkischer-wald\/neuer-naturpark-vorsitzender-buergermeister-armin-moessner-im-amt\/","title":{"rendered":"Neuer Naturpark-Vorsitzender B\u00fcrgermeister Armin M\u00f6\u00dfner im Amt"},"content":{"rendered":"<p>In der F\u00fchrung des Naturparkvereins stand zum Jahresanfang ein Wechsel an. Der seit April 2016 amtierende Naturparkvorsitzende Dr. Richard Sigel, Landrat des Rems-Murr-Kreises, \u00fcbergab den Vorsitz an Armin M\u00f6\u00dfner, B\u00fcrgermeister der Stadt Murrhardt.<\/p>\n<div id=\"attachment_8668\" style=\"width: 310px\" class=\"wp-caption alignright\"><a href=\"https:\/\/www.naturparkmagazin.de\/schwaebisch-fraenkischer-wald\/wp-content\/uploads\/sites\/34\/2020_Armin_Moessner_Naturparkvorsitzender.jpg\"><img aria-describedby=\"caption-attachment-8668\" decoding=\"async\" loading=\"lazy\" class=\"size-full wp-image-8668\" src=\"https:\/\/www.naturparkmagazin.de\/schwaebisch-fraenkischer-wald\/wp-content\/uploads\/sites\/34\/2020_Armin_Moessner_Naturparkvorsitzender.jpg\" alt=\"Naturpark-Vorsitzender Armin M\u00f6\u00dfner, B\u00fcrgermeister Stadt Murrhardt\" width=\"300\" height=\"500\" srcset=\"https:\/\/www.naturparkmagazin.de\/schwaebisch-fraenkischer-wald\/wp-content\/uploads\/sites\/34\/2020_Armin_Moessner_Naturparkvorsitzender.jpg 300w, https:\/\/www.naturparkmagazin.de\/schwaebisch-fraenkischer-wald\/wp-content\/uploads\/sites\/34\/2020_Armin_Moessner_Naturparkvorsitzender-200x333.jpg 200w\" sizes=\"(max-width: 300px) 100vw, 300px\" \/><\/a><p id=\"caption-attachment-8668\" class=\"wp-caption-text\">Neuer Naturpark-Vorsitzender Armin M\u00f6\u00dfner, B\u00fcrgermeister Stadt Murrhardt<\/p><\/div>\n<p>Um das Jubil\u00e4umsjahr 2019 aus einer Hand vorbereiten und durchf\u00fchren zu k\u00f6nnen, wurde der Wechsel im Vorsitz auf Anfang Januar 2020 verschoben.<\/p>\n<p>Das Jubil\u00e4umsjahr war ein bunter Strau\u00df aus spannenden und erfolgreichen Veranstaltungen mit vielen G\u00e4sten aus nah und fern. Neben den Winterkulturtagen im Fr\u00fchjahr, der Ausrichtung des Deutschen Naturpark-Tages im September, war sicherlich das \u201eInklusive Heimspiel\u201c-Konzert von Andrea Berg das Highlight, bei dem wir 2.700 Menschen mit Behinderungen und deren Begleiter einladen und begr\u00fc\u00dfen konnten, so das Res\u00fcmee f\u00fcr 2019 von Landrat Dr. Sigel.<\/p>\n<p>Auf den neuen Vorsitzenden B\u00fcrgermeister M\u00f6\u00dfner warten schon viele neue Herausforderungen und strategische Aufgaben. Zun\u00e4chst steht die Fertigstellung und die zukunftsorientierte Ausrichtung des \u201eNaturparkplanes 2030\u201c an, welcher bei der kommenden Mitgliederversammlung im April 2020 verabschiedet werden soll. Des Weiteren soll der Ausstellungsbereich \u201eNaturpark-Erlebnisschau\u201c im Naturparkzentrums in Murrhardt nach nun 15 Jahren im kommenden Jahr eine umfangreiche Neugestaltung erfahren. Wichtige Leitprojekte, wie der \u201eBl\u00fchende Naturpark\u201c mit dem Angebot kommunaler Bauhoftrainings, die Umsetzung des einheitlichen Wanderleitsystems oder die weitere Entwicklung bei den zertifizierten Naturpark-Schulen im Naturparkgebiet wollen erfolgreich fortgef\u00fchrt und weiterentwickelt werden.<\/p>\n<p>Zusammen mit den lokalen Akteuren und Ehrenamtlichen sind im Naturpark schon viele gut funktionierende Netzwerke entstanden, wie seit 20 Jahren mit der Gastronomie im Projekt Naturparkteller, mit den Direktvermarktern der Naturparkm\u00e4rkte oder im Umweltbildungsbereich mit dem Projekt Naturschutztag oder dem Netzwerk der Naturpark-Schulen. \u201eDer Stellenwert der Naturparkarbeit und die Identifikation mit dem Naturpark soll bei den Mitgliedsgemeinden und deren Einwohnern noch intensiver in den Mittelpunkt ger\u00fcckt werden und sich dem langfristigen Ziel eines \u201eNaturparks f\u00fcr alle\u201c anzun\u00e4hern\u201c, so M\u00f6\u00dfner.<\/p>\n<p>Daneben gilt es auch unser kulturelles Erbe, wie das UNESCO Welterbe Limes, die historischen Burgen und M\u00fchlen zu erhalten und mit dem Ansatz eines nachhaltigen Tourismus positiv zu bewerben. Hierbei sind die zertifizierten Naturparkf\u00fchrer mit ihren j\u00e4hrlich \u00fcber 700 Veranstaltungsangeboten die besten Botschafter des Naturparks auf der Fl\u00e4che. So werden auch nach dem Jubil\u00e4umsjahr viele spannende Projekte und Aktionen weitergef\u00fchrt, um die vielf\u00e4ltige Naturparklandschaften zu erhalten und wert zu sch\u00e4tzen, ganz nach dem Motto \u201eim Naturpark werden Mensch und Natur zusammengedacht\u201c.<\/p>\n","protected":false},"excerpt":{"rendered":"<p>In der F\u00fchrung des Naturparkvereins stand zum Jahresanfang ein Wechsel an. Der seit April 2016 amtierende Naturparkvorsitzende Dr. Richard Sigel, Landrat des Rems-Murr-Kreises, \u00fcbergab den Vorsitz an Armin M\u00f6\u00dfner, B\u00fcrgermeister der Stadt Murrhardt. Um das Jubil\u00e4umsjahr 2019 aus einer Hand vorbereiten und durchf\u00fchren zu k\u00f6nnen, wurde der Wechsel im Vorsitz auf Anfang Januar 2020 verschoben.<\/p>\n","protected":false},"author":25,"featured_media":8669,"comment_status":"open","ping_status":"open","sticky":false,"template":"","format":"standard","meta":[],"categories":[8],"tags":[1885],"yoast_head":"<!-- This site is optimized with the Yoast SEO plugin v19.10 - https:\/\/yoast.com\/wordpress\/plugins\/seo\/ -->\n<title>Neuer Naturpark-Vorsitzender B\u00fcrgermeister Armin M\u00f6\u00dfner im Amt - Naturpark Schw\u00e4bisch-Fr\u00e4nkischer Wald<\/title>\n<meta name=\"robots\" content=\"index, follow, max-snippet:-1, max-image-preview:large, max-video-preview:-1\" \/>\n<link rel=\"canonical\" href=\"https:\/\/www.naturparkmagazin.de\/schwaebisch-fraenkischer-wald\/neuer-naturpark-vorsitzender-buergermeister-armin-moessner-im-amt\/\" \/>\n<meta property=\"og:locale\" content=\"de_DE\" \/>\n<meta property=\"og:type\" content=\"article\" \/>\n<meta property=\"og:title\" content=\"Neuer Naturpark-Vorsitzender B\u00fcrgermeister Armin M\u00f6\u00dfner im Amt - Naturpark Schw\u00e4bisch-Fr\u00e4nkischer Wald\" \/>\n<meta property=\"og:description\" content=\"In der F\u00fchrung des Naturparkvereins stand zum Jahresanfang ein Wechsel an. Der seit April 2016 amtierende Naturparkvorsitzende Dr. Richard Sigel, Landrat des Rems-Murr-Kreises, \u00fcbergab den Vorsitz an Armin M\u00f6\u00dfner, B\u00fcrgermeister der Stadt Murrhardt. Um das Jubil\u00e4umsjahr 2019 aus einer Hand vorbereiten und durchf\u00fchren zu k\u00f6nnen, wurde der Wechsel im Vorsitz auf Anfang Januar 2020 verschoben.\" \/>\n<meta property=\"og:url\" content=\"https:\/\/www.naturparkmagazin.de\/schwaebisch-fraenkischer-wald\/neuer-naturpark-vorsitzender-buergermeister-armin-moessner-im-amt\/\" \/>\n<meta property=\"og:site_name\" content=\"Naturpark Schw\u00e4bisch-Fr\u00e4nkischer Wald\" \/>\n<meta property=\"article:author\" content=\"https:\/\/www.facebook.com\/naturparkSFW\" \/>\n<meta property=\"article:published_time\" content=\"2020-01-16T06:39:44+00:00\" \/>\n<meta property=\"article:modified_time\" content=\"2020-01-24T06:48:30+00:00\" \/>\n<meta property=\"og:image\" content=\"https:\/\/www.naturparkmagazin.de\/schwaebisch-fraenkischer-wald\/wp-content\/uploads\/sites\/34\/2020_Armin_Moessner_Naturparkvorsitzender1.jpg\" \/>\n\t<meta property=\"og:image:width\" content=\"200\" \/>\n\t<meta property=\"og:image:height\" content=\"200\" \/>\n\t<meta property=\"og:image:type\" content=\"image\/jpeg\" \/>\n<meta name=\"author\" content=\"Naturpark-Team\" \/>\n<meta name=\"twitter:label1\" content=\"Verfasst von\" \/>\n\t<meta name=\"twitter:data1\" content=\"Naturpark-Team\" \/>\n\t<meta name=\"twitter:label2\" content=\"Gesch\u00e4tzte Lesezeit\" \/>\n\t<meta name=\"twitter:data2\" content=\"2\u00a0Minuten\" \/>\n<script type=\"application\/ld+json\" class=\"yoast-schema-graph\">{\"@context\":\"https:\/\/schema.org\",\"@graph\":[{\"@type\":\"WebPage\",\"@id\":\"https:\/\/www.naturparkmagazin.de\/schwaebisch-fraenkischer-wald\/neuer-naturpark-vorsitzender-buergermeister-armin-moessner-im-amt\/\",\"url\":\"https:\/\/www.naturparkmagazin.de\/schwaebisch-fraenkischer-wald\/neuer-naturpark-vorsitzender-buergermeister-armin-moessner-im-amt\/\",\"name\":\"Neuer Naturpark-Vorsitzender B\u00fcrgermeister Armin M\u00f6\u00dfner im Amt - Naturpark Schw\u00e4bisch-Fr\u00e4nkischer Wald\",\"isPartOf\":{\"@id\":\"https:\/\/www.naturparkmagazin.de\/schwaebisch-fraenkischer-wald\/#website\"},\"datePublished\":\"2020-01-16T06:39:44+00:00\",\"dateModified\":\"2020-01-24T06:48:30+00:00\",\"author\":{\"@id\":\"https:\/\/www.naturparkmagazin.de\/schwaebisch-fraenkischer-wald\/#\/schema\/person\/f047a3702ae747fd7830cf8ac95e6066\"},\"breadcrumb\":{\"@id\":\"https:\/\/www.naturparkmagazin.de\/schwaebisch-fraenkischer-wald\/neuer-naturpark-vorsitzender-buergermeister-armin-moessner-im-amt\/#breadcrumb\"},\"inLanguage\":\"de\",\"potentialAction\":[{\"@type\":\"ReadAction\",\"target\":[\"https:\/\/www.naturparkmagazin.de\/schwaebisch-fraenkischer-wald\/neuer-naturpark-vorsitzender-buergermeister-armin-moessner-im-amt\/\"]}]},{\"@type\":\"BreadcrumbList\",\"@id\":\"https:\/\/www.naturparkmagazin.de\/schwaebisch-fraenkischer-wald\/neuer-naturpark-vorsitzender-buergermeister-armin-moessner-im-amt\/#breadcrumb\",\"itemListElement\":[{\"@type\":\"ListItem\",\"position\":1,\"name\":\"Home\",\"item\":\"https:\/\/www.naturparkmagazin.de\/schwaebisch-fraenkischer-wald\/\"},{\"@type\":\"ListItem\",\"position\":2,\"name\":\"Neuer Naturpark-Vorsitzender B\u00fcrgermeister Armin M\u00f6\u00dfner im Amt\"}]},{\"@type\":\"WebSite\",\"@id\":\"https:\/\/www.naturparkmagazin.de\/schwaebisch-fraenkischer-wald\/#website\",\"url\":\"https:\/\/www.naturparkmagazin.de\/schwaebisch-fraenkischer-wald\/\",\"name\":\"Naturpark Schw\u00e4bisch-Fr\u00e4nkischer Wald\",\"description\":\"\",\"potentialAction\":[{\"@type\":\"SearchAction\",\"target\":{\"@type\":\"EntryPoint\",\"urlTemplate\":\"https:\/\/www.naturparkmagazin.de\/schwaebisch-fraenkischer-wald\/?s={search_term_string}\"},\"query-input\":\"required name=search_term_string\"}],\"inLanguage\":\"de\"},{\"@type\":\"Person\",\"@id\":\"https:\/\/www.naturparkmagazin.de\/schwaebisch-fraenkischer-wald\/#\/schema\/person\/f047a3702ae747fd7830cf8ac95e6066\",\"name\":\"Naturpark-Team\",\"sameAs\":[\"http:\/\/www.naturpark-sfw.de\",\"https:\/\/www.facebook.com\/naturparkSFW\"],\"url\":\"https:\/\/www.naturparkmagazin.de\/schwaebisch-fraenkischer-wald\/author\/bernharddrixler\/\"}]}<\/script>\n<!-- \/ Yoast SEO plugin. -->","yoast_head_json":{"title":"Neuer Naturpark-Vorsitzender B\u00fcrgermeister Armin M\u00f6\u00dfner im Amt - Naturpark Schw\u00e4bisch-Fr\u00e4nkischer Wald","robots":{"index":"index","follow":"follow","max-snippet":"max-snippet:-1","max-image-preview":"max-image-preview:large","max-video-preview":"max-video-preview:-1"},"canonical":"https:\/\/www.naturparkmagazin.de\/schwaebisch-fraenkischer-wald\/neuer-naturpark-vorsitzender-buergermeister-armin-moessner-im-amt\/","og_locale":"de_DE","og_type":"article","og_title":"Neuer Naturpark-Vorsitzender B\u00fcrgermeister Armin M\u00f6\u00dfner im Amt - Naturpark Schw\u00e4bisch-Fr\u00e4nkischer Wald","og_description":"In der F\u00fchrung des Naturparkvereins stand zum Jahresanfang ein Wechsel an. Der seit April 2016 amtierende Naturparkvorsitzende Dr. Richard Sigel, Landrat des Rems-Murr-Kreises, \u00fcbergab den Vorsitz an Armin M\u00f6\u00dfner, B\u00fcrgermeister der Stadt Murrhardt. Um das Jubil\u00e4umsjahr 2019 aus einer Hand vorbereiten und durchf\u00fchren zu k\u00f6nnen, wurde der Wechsel im Vorsitz auf Anfang Januar 2020 verschoben.","og_url":"https:\/\/www.naturparkmagazin.de\/schwaebisch-fraenkischer-wald\/neuer-naturpark-vorsitzender-buergermeister-armin-moessner-im-amt\/","og_site_name":"Naturpark Schw\u00e4bisch-Fr\u00e4nkischer Wald","article_author":"https:\/\/www.facebook.com\/naturparkSFW","article_published_time":"2020-01-16T06:39:44+00:00","article_modified_time":"2020-01-24T06:48:30+00:00","og_image":[{"width":200,"height":200,"url":"https:\/\/www.naturparkmagazin.de\/schwaebisch-fraenkischer-wald\/wp-content\/uploads\/sites\/34\/2020_Armin_Moessner_Naturparkvorsitzender1.jpg","type":"image\/jpeg"}],"author":"Naturpark-Team","twitter_misc":{"Verfasst von":"Naturpark-Team","Gesch\u00e4tzte Lesezeit":"2\u00a0Minuten"},"schema":{"@context":"https:\/\/schema.org","@graph":[{"@type":"WebPage","@id":"https:\/\/www.naturparkmagazin.de\/schwaebisch-fraenkischer-wald\/neuer-naturpark-vorsitzender-buergermeister-armin-moessner-im-amt\/","url":"https:\/\/www.naturparkmagazin.de\/schwaebisch-fraenkischer-wald\/neuer-naturpark-vorsitzender-buergermeister-armin-moessner-im-amt\/","name":"Neuer Naturpark-Vorsitzender B\u00fcrgermeister Armin M\u00f6\u00dfner im Amt - Naturpark Schw\u00e4bisch-Fr\u00e4nkischer Wald","isPartOf":{"@id":"https:\/\/www.naturparkmagazin.de\/schwaebisch-fraenkischer-wald\/#website"},"datePublished":"2020-01-16T06:39:44+00:00","dateModified":"2020-01-24T06:48:30+00:00","author":{"@id":"https:\/\/www.naturparkmagazin.de\/schwaebisch-fraenkischer-wald\/#\/schema\/person\/f047a3702ae747fd7830cf8ac95e6066"},"breadcrumb":{"@id":"https:\/\/www.naturparkmagazin.de\/schwaebisch-fraenkischer-wald\/neuer-naturpark-vorsitzender-buergermeister-armin-moessner-im-amt\/#breadcrumb"},"inLanguage":"de","potentialAction":[{"@type":"ReadAction","target":["https:\/\/www.naturparkmagazin.de\/schwaebisch-fraenkischer-wald\/neuer-naturpark-vorsitzender-buergermeister-armin-moessner-im-amt\/"]}]},{"@type":"BreadcrumbList","@id":"https:\/\/www.naturparkmagazin.de\/schwaebisch-fraenkischer-wald\/neuer-naturpark-vorsitzender-buergermeister-armin-moessner-im-amt\/#breadcrumb","itemListElement":[{"@type":"ListItem","position":1,"name":"Home","item":"https:\/\/www.naturparkmagazin.de\/schwaebisch-fraenkischer-wald\/"},{"@type":"ListItem","position":2,"name":"Neuer Naturpark-Vorsitzender B\u00fcrgermeister Armin M\u00f6\u00dfner im Amt"}]},{"@type":"WebSite","@id":"https:\/\/www.naturparkmagazin.de\/schwaebisch-fraenkischer-wald\/#website","url":"https:\/\/www.naturparkmagazin.de\/schwaebisch-fraenkischer-wald\/","name":"Naturpark Schw\u00e4bisch-Fr\u00e4nkischer Wald","description":"","potentialAction":[{"@type":"SearchAction","target":{"@type":"EntryPoint","urlTemplate":"https:\/\/www.naturparkmagazin.de\/schwaebisch-fraenkischer-wald\/?s={search_term_string}"},"query-input":"required name=search_term_string"}],"inLanguage":"de"},{"@type":"Person","@id":"https:\/\/www.naturparkmagazin.de\/schwaebisch-fraenkischer-wald\/#\/schema\/person\/f047a3702ae747fd7830cf8ac95e6066","name":"Naturpark-Team","sameAs":["http:\/\/www.naturpark-sfw.de","https:\/\/www.facebook.com\/naturparkSFW"],"url":"https:\/\/www.naturparkmagazin.de\/schwaebisch-fraenkischer-wald\/author\/bernharddrixler\/"}]}},"_links":{"self":[{"href":"https:\/\/www.naturparkmagazin.de\/schwaebisch-fraenkischer-wald\/wp-json\/wp\/v2\/posts\/8666"}],"collection":[{"href":"https:\/\/www.naturparkmagazin.de\/schwaebisch-fraenkischer-wald\/wp-json\/wp\/v2\/posts"}],"about":[{"href":"https:\/\/www.naturparkmagazin.de\/schwaebisch-fraenkischer-wald\/wp-json\/wp\/v2\/types\/post"}],"author":[{"embeddable":true,"href":"https:\/\/www.naturparkmagazin.de\/schwaebisch-fraenkischer-wald\/wp-json\/wp\/v2\/users\/25"}],"replies":[{"embeddable":true,"href":"https:\/\/www.naturparkmagazin.de\/schwaebisch-fraenkischer-wald\/wp-json\/wp\/v2\/comments?post=8666"}],"version-history":[{"count":3,"href":"https:\/\/www.naturparkmagazin.de\/schwaebisch-fraenkischer-wald\/wp-json\/wp\/v2\/posts\/8666\/revisions"}],"predecessor-version":[{"id":8670,"href":"https:\/\/www.naturparkmagazin.de\/schwaebisch-fraenkischer-wald\/wp-json\/wp\/v2\/posts\/8666\/revisions\/8670"}],"wp:featuredmedia":[{"embeddable":true,"href":"https:\/\/www.naturparkmagazin.de\/schwaebisch-fraenkischer-wald\/wp-json\/wp\/v2\/media\/8669"}],"wp:attachment":[{"href":"https:\/\/www.naturparkmagazin.de\/schwaebisch-fraenkischer-wald\/wp-json\/wp\/v2\/media?parent=8666"}],"wp:term":[{"taxonomy":"category","embeddable":true,"href":"https:\/\/www.naturparkmagazin.de\/schwaebisch-fraenkischer-wald\/wp-json\/wp\/v2\/categories?post=8666"},{"taxonomy":"post_tag","embeddable":true,"href":"https:\/\/www.naturparkmagazin.de\/schwaebisch-fraenkischer-wald\/wp-json\/wp\/v2\/tags?post=8666"}],"curies":[{"name":"wp","href":"https:\/\/api.w.org\/{rel}","templated":true}]}}