{"id":8683,"date":"2020-01-16T08:20:26","date_gmt":"2020-01-16T07:20:26","guid":{"rendered":"https:\/\/www.naturparkmagazin.de\/schwaebisch-fraenkischer-wald\/?p=8683"},"modified":"2020-01-24T08:26:55","modified_gmt":"2020-01-24T07:26:55","slug":"ob-es-diesen-winter-wohl-ein-weisses-maerchenland-geben-wird","status":"publish","type":"post","link":"https:\/\/www.naturparkmagazin.de\/schwaebisch-fraenkischer-wald\/ob-es-diesen-winter-wohl-ein-weisses-maerchenland-geben-wird\/","title":{"rendered":"Ob es diesen Winter wohl noch ein wei\u00dfes M\u00e4rchenland geben wird?"},"content":{"rendered":"<p>Schnee k\u00f6nnen die Naturparkf\u00fchrer des Schw\u00e4bisch-Fr\u00e4nkischen Walds nat\u00fcrlich nicht versprechen. Doch die Naturparkf\u00fchrer freuen sich darauf, mit ihren G\u00e4sten unvergessliche Stunden in der klaren und kalten Winterluft verbringen zu d\u00fcrfen \u2013 egal bei welchem Wetter!<\/p>\n<div id=\"attachment_8684\" style=\"width: 510px\" class=\"wp-caption alignright\"><a href=\"https:\/\/www.naturparkmagazin.de\/schwaebisch-fraenkischer-wald\/wp-content\/uploads\/sites\/34\/200108_BILD_Winter-mit-den-Naturparkfuehrern_Angstenberger.jpg\"><img aria-describedby=\"caption-attachment-8684\" decoding=\"async\" loading=\"lazy\" class=\"size-full wp-image-8684\" src=\"https:\/\/www.naturparkmagazin.de\/schwaebisch-fraenkischer-wald\/wp-content\/uploads\/sites\/34\/200108_BILD_Winter-mit-den-Naturparkfuehrern_Angstenberger.jpg\" alt=\"Foto: Naturparkf\u00fchrer Angstenberger\" width=\"500\" height=\"300\" srcset=\"https:\/\/www.naturparkmagazin.de\/schwaebisch-fraenkischer-wald\/wp-content\/uploads\/sites\/34\/200108_BILD_Winter-mit-den-Naturparkfuehrern_Angstenberger.jpg 500w, https:\/\/www.naturparkmagazin.de\/schwaebisch-fraenkischer-wald\/wp-content\/uploads\/sites\/34\/200108_BILD_Winter-mit-den-Naturparkfuehrern_Angstenberger-300x180.jpg 300w, https:\/\/www.naturparkmagazin.de\/schwaebisch-fraenkischer-wald\/wp-content\/uploads\/sites\/34\/200108_BILD_Winter-mit-den-Naturparkfuehrern_Angstenberger-200x120.jpg 200w\" sizes=\"(max-width: 500px) 100vw, 500px\" \/><\/a><p id=\"caption-attachment-8684\" class=\"wp-caption-text\">Foto: Naturparkf\u00fchrer Angstenberger<\/p><\/div>\n<p>Wenn tats\u00e4chlich Schnee liegt, dann warten ganz besondere Erlebnisse wie z.B. Schneeschuh-Touren oder eine Wanderung zum Eisbesen bei Alfdorf. Aber auch ohne Schnee ist es spannend zu erkunden, wie die Tiere drau\u00dfen in Wald und Feld durch die kalte Jahreszeit kommen. Und ab wann lassen sich wohl die allerersten scheuen Fr\u00fchlingsboten entdecken? Au\u00dferdem wird viel Interessantes von der vielschichtigen Geschichte der Region und von sagenhaften Geschichten und Mythen zu h\u00f6ren sein. Der k\u00fchle Winterwald eignet sich zudem sehr gut f\u00fcr stille Touren zur inneren Einkehr mit Liedern und alten Ritualen.<\/p>\n<p>Alle Termine finden sich in der \u201eNaturpark aktiv\u201c-Brosch\u00fcre und auf <a href=\"http:\/\/www.die-naturparkfuehrer.de\" target=\"_blank\">www.die-naturparkfuehrer.de<\/a><\/p>\n","protected":false},"excerpt":{"rendered":"<p>Unvergessliche Stunden mit den Naturparkf\u00fchrern <\/p>\n","protected":false},"author":25,"featured_media":8685,"comment_status":"open","ping_status":"open","sticky":false,"template":"","format":"standard","meta":[],"categories":[617],"tags":[1885],"yoast_head":"<!-- This site is optimized with the Yoast SEO plugin v19.10 - https:\/\/yoast.com\/wordpress\/plugins\/seo\/ -->\n<title>Ob es diesen Winter wohl noch ein wei\u00dfes M\u00e4rchenland geben wird? - Naturpark Schw\u00e4bisch-Fr\u00e4nkischer Wald<\/title>\n<meta name=\"robots\" content=\"index, follow, max-snippet:-1, max-image-preview:large, max-video-preview:-1\" \/>\n<link rel=\"canonical\" href=\"https:\/\/www.naturparkmagazin.de\/schwaebisch-fraenkischer-wald\/ob-es-diesen-winter-wohl-ein-weisses-maerchenland-geben-wird\/\" \/>\n<meta property=\"og:locale\" content=\"de_DE\" \/>\n<meta property=\"og:type\" content=\"article\" \/>\n<meta property=\"og:title\" content=\"Ob es diesen Winter wohl noch ein wei\u00dfes M\u00e4rchenland geben wird? - Naturpark Schw\u00e4bisch-Fr\u00e4nkischer Wald\" \/>\n<meta property=\"og:description\" content=\"Unvergessliche Stunden mit den Naturparkf\u00fchrern\" \/>\n<meta property=\"og:url\" content=\"https:\/\/www.naturparkmagazin.de\/schwaebisch-fraenkischer-wald\/ob-es-diesen-winter-wohl-ein-weisses-maerchenland-geben-wird\/\" \/>\n<meta property=\"og:site_name\" content=\"Naturpark Schw\u00e4bisch-Fr\u00e4nkischer Wald\" \/>\n<meta property=\"article:author\" content=\"https:\/\/www.facebook.com\/naturparkSFW\" \/>\n<meta property=\"article:published_time\" content=\"2020-01-16T07:20:26+00:00\" \/>\n<meta property=\"article:modified_time\" content=\"2020-01-24T07:26:55+00:00\" \/>\n<meta property=\"og:image\" content=\"https:\/\/www.naturparkmagazin.de\/schwaebisch-fraenkischer-wald\/wp-content\/uploads\/sites\/34\/200108_BILD_Winter-mit-den-Naturparkfuehrern_Angstenberger1.jpg\" \/>\n\t<meta property=\"og:image:width\" content=\"200\" \/>\n\t<meta property=\"og:image:height\" content=\"200\" \/>\n\t<meta property=\"og:image:type\" content=\"image\/jpeg\" \/>\n<meta name=\"author\" content=\"Naturpark-Team\" \/>\n<meta name=\"twitter:label1\" content=\"Verfasst von\" \/>\n\t<meta name=\"twitter:data1\" content=\"Naturpark-Team\" \/>\n\t<meta name=\"twitter:label2\" content=\"Gesch\u00e4tzte Lesezeit\" \/>\n\t<meta name=\"twitter:data2\" content=\"1\u00a0Minute\" \/>\n<script type=\"application\/ld+json\" class=\"yoast-schema-graph\">{\"@context\":\"https:\/\/schema.org\",\"@graph\":[{\"@type\":\"WebPage\",\"@id\":\"https:\/\/www.naturparkmagazin.de\/schwaebisch-fraenkischer-wald\/ob-es-diesen-winter-wohl-ein-weisses-maerchenland-geben-wird\/\",\"url\":\"https:\/\/www.naturparkmagazin.de\/schwaebisch-fraenkischer-wald\/ob-es-diesen-winter-wohl-ein-weisses-maerchenland-geben-wird\/\",\"name\":\"Ob es diesen Winter wohl noch ein wei\u00dfes M\u00e4rchenland geben wird? - Naturpark Schw\u00e4bisch-Fr\u00e4nkischer Wald\",\"isPartOf\":{\"@id\":\"https:\/\/www.naturparkmagazin.de\/schwaebisch-fraenkischer-wald\/#website\"},\"datePublished\":\"2020-01-16T07:20:26+00:00\",\"dateModified\":\"2020-01-24T07:26:55+00:00\",\"author\":{\"@id\":\"https:\/\/www.naturparkmagazin.de\/schwaebisch-fraenkischer-wald\/#\/schema\/person\/f047a3702ae747fd7830cf8ac95e6066\"},\"breadcrumb\":{\"@id\":\"https:\/\/www.naturparkmagazin.de\/schwaebisch-fraenkischer-wald\/ob-es-diesen-winter-wohl-ein-weisses-maerchenland-geben-wird\/#breadcrumb\"},\"inLanguage\":\"de\",\"potentialAction\":[{\"@type\":\"ReadAction\",\"target\":[\"https:\/\/www.naturparkmagazin.de\/schwaebisch-fraenkischer-wald\/ob-es-diesen-winter-wohl-ein-weisses-maerchenland-geben-wird\/\"]}]},{\"@type\":\"BreadcrumbList\",\"@id\":\"https:\/\/www.naturparkmagazin.de\/schwaebisch-fraenkischer-wald\/ob-es-diesen-winter-wohl-ein-weisses-maerchenland-geben-wird\/#breadcrumb\",\"itemListElement\":[{\"@type\":\"ListItem\",\"position\":1,\"name\":\"Home\",\"item\":\"https:\/\/www.naturparkmagazin.de\/schwaebisch-fraenkischer-wald\/\"},{\"@type\":\"ListItem\",\"position\":2,\"name\":\"Ob es diesen Winter wohl noch ein wei\u00dfes M\u00e4rchenland geben wird?\"}]},{\"@type\":\"WebSite\",\"@id\":\"https:\/\/www.naturparkmagazin.de\/schwaebisch-fraenkischer-wald\/#website\",\"url\":\"https:\/\/www.naturparkmagazin.de\/schwaebisch-fraenkischer-wald\/\",\"name\":\"Naturpark Schw\u00e4bisch-Fr\u00e4nkischer Wald\",\"description\":\"\",\"potentialAction\":[{\"@type\":\"SearchAction\",\"target\":{\"@type\":\"EntryPoint\",\"urlTemplate\":\"https:\/\/www.naturparkmagazin.de\/schwaebisch-fraenkischer-wald\/?s={search_term_string}\"},\"query-input\":\"required name=search_term_string\"}],\"inLanguage\":\"de\"},{\"@type\":\"Person\",\"@id\":\"https:\/\/www.naturparkmagazin.de\/schwaebisch-fraenkischer-wald\/#\/schema\/person\/f047a3702ae747fd7830cf8ac95e6066\",\"name\":\"Naturpark-Team\",\"sameAs\":[\"http:\/\/www.naturpark-sfw.de\",\"https:\/\/www.facebook.com\/naturparkSFW\"],\"url\":\"https:\/\/www.naturparkmagazin.de\/schwaebisch-fraenkischer-wald\/author\/bernharddrixler\/\"}]}<\/script>\n<!-- \/ Yoast SEO plugin. -->","yoast_head_json":{"title":"Ob es diesen Winter wohl noch ein wei\u00dfes M\u00e4rchenland geben wird? - Naturpark Schw\u00e4bisch-Fr\u00e4nkischer Wald","robots":{"index":"index","follow":"follow","max-snippet":"max-snippet:-1","max-image-preview":"max-image-preview:large","max-video-preview":"max-video-preview:-1"},"canonical":"https:\/\/www.naturparkmagazin.de\/schwaebisch-fraenkischer-wald\/ob-es-diesen-winter-wohl-ein-weisses-maerchenland-geben-wird\/","og_locale":"de_DE","og_type":"article","og_title":"Ob es diesen Winter wohl noch ein wei\u00dfes M\u00e4rchenland geben wird? - Naturpark Schw\u00e4bisch-Fr\u00e4nkischer Wald","og_description":"Unvergessliche Stunden mit den Naturparkf\u00fchrern","og_url":"https:\/\/www.naturparkmagazin.de\/schwaebisch-fraenkischer-wald\/ob-es-diesen-winter-wohl-ein-weisses-maerchenland-geben-wird\/","og_site_name":"Naturpark Schw\u00e4bisch-Fr\u00e4nkischer Wald","article_author":"https:\/\/www.facebook.com\/naturparkSFW","article_published_time":"2020-01-16T07:20:26+00:00","article_modified_time":"2020-01-24T07:26:55+00:00","og_image":[{"width":200,"height":200,"url":"https:\/\/www.naturparkmagazin.de\/schwaebisch-fraenkischer-wald\/wp-content\/uploads\/sites\/34\/200108_BILD_Winter-mit-den-Naturparkfuehrern_Angstenberger1.jpg","type":"image\/jpeg"}],"author":"Naturpark-Team","twitter_misc":{"Verfasst von":"Naturpark-Team","Gesch\u00e4tzte Lesezeit":"1\u00a0Minute"},"schema":{"@context":"https:\/\/schema.org","@graph":[{"@type":"WebPage","@id":"https:\/\/www.naturparkmagazin.de\/schwaebisch-fraenkischer-wald\/ob-es-diesen-winter-wohl-ein-weisses-maerchenland-geben-wird\/","url":"https:\/\/www.naturparkmagazin.de\/schwaebisch-fraenkischer-wald\/ob-es-diesen-winter-wohl-ein-weisses-maerchenland-geben-wird\/","name":"Ob es diesen Winter wohl noch ein wei\u00dfes M\u00e4rchenland geben wird? - Naturpark Schw\u00e4bisch-Fr\u00e4nkischer Wald","isPartOf":{"@id":"https:\/\/www.naturparkmagazin.de\/schwaebisch-fraenkischer-wald\/#website"},"datePublished":"2020-01-16T07:20:26+00:00","dateModified":"2020-01-24T07:26:55+00:00","author":{"@id":"https:\/\/www.naturparkmagazin.de\/schwaebisch-fraenkischer-wald\/#\/schema\/person\/f047a3702ae747fd7830cf8ac95e6066"},"breadcrumb":{"@id":"https:\/\/www.naturparkmagazin.de\/schwaebisch-fraenkischer-wald\/ob-es-diesen-winter-wohl-ein-weisses-maerchenland-geben-wird\/#breadcrumb"},"inLanguage":"de","potentialAction":[{"@type":"ReadAction","target":["https:\/\/www.naturparkmagazin.de\/schwaebisch-fraenkischer-wald\/ob-es-diesen-winter-wohl-ein-weisses-maerchenland-geben-wird\/"]}]},{"@type":"BreadcrumbList","@id":"https:\/\/www.naturparkmagazin.de\/schwaebisch-fraenkischer-wald\/ob-es-diesen-winter-wohl-ein-weisses-maerchenland-geben-wird\/#breadcrumb","itemListElement":[{"@type":"ListItem","position":1,"name":"Home","item":"https:\/\/www.naturparkmagazin.de\/schwaebisch-fraenkischer-wald\/"},{"@type":"ListItem","position":2,"name":"Ob es diesen Winter wohl noch ein wei\u00dfes M\u00e4rchenland geben wird?"}]},{"@type":"WebSite","@id":"https:\/\/www.naturparkmagazin.de\/schwaebisch-fraenkischer-wald\/#website","url":"https:\/\/www.naturparkmagazin.de\/schwaebisch-fraenkischer-wald\/","name":"Naturpark Schw\u00e4bisch-Fr\u00e4nkischer Wald","description":"","potentialAction":[{"@type":"SearchAction","target":{"@type":"EntryPoint","urlTemplate":"https:\/\/www.naturparkmagazin.de\/schwaebisch-fraenkischer-wald\/?s={search_term_string}"},"query-input":"required name=search_term_string"}],"inLanguage":"de"},{"@type":"Person","@id":"https:\/\/www.naturparkmagazin.de\/schwaebisch-fraenkischer-wald\/#\/schema\/person\/f047a3702ae747fd7830cf8ac95e6066","name":"Naturpark-Team","sameAs":["http:\/\/www.naturpark-sfw.de","https:\/\/www.facebook.com\/naturparkSFW"],"url":"https:\/\/www.naturparkmagazin.de\/schwaebisch-fraenkischer-wald\/author\/bernharddrixler\/"}]}},"_links":{"self":[{"href":"https:\/\/www.naturparkmagazin.de\/schwaebisch-fraenkischer-wald\/wp-json\/wp\/v2\/posts\/8683"}],"collection":[{"href":"https:\/\/www.naturparkmagazin.de\/schwaebisch-fraenkischer-wald\/wp-json\/wp\/v2\/posts"}],"about":[{"href":"https:\/\/www.naturparkmagazin.de\/schwaebisch-fraenkischer-wald\/wp-json\/wp\/v2\/types\/post"}],"author":[{"embeddable":true,"href":"https:\/\/www.naturparkmagazin.de\/schwaebisch-fraenkischer-wald\/wp-json\/wp\/v2\/users\/25"}],"replies":[{"embeddable":true,"href":"https:\/\/www.naturparkmagazin.de\/schwaebisch-fraenkischer-wald\/wp-json\/wp\/v2\/comments?post=8683"}],"version-history":[{"count":4,"href":"https:\/\/www.naturparkmagazin.de\/schwaebisch-fraenkischer-wald\/wp-json\/wp\/v2\/posts\/8683\/revisions"}],"predecessor-version":[{"id":8689,"href":"https:\/\/www.naturparkmagazin.de\/schwaebisch-fraenkischer-wald\/wp-json\/wp\/v2\/posts\/8683\/revisions\/8689"}],"wp:featuredmedia":[{"embeddable":true,"href":"https:\/\/www.naturparkmagazin.de\/schwaebisch-fraenkischer-wald\/wp-json\/wp\/v2\/media\/8685"}],"wp:attachment":[{"href":"https:\/\/www.naturparkmagazin.de\/schwaebisch-fraenkischer-wald\/wp-json\/wp\/v2\/media?parent=8683"}],"wp:term":[{"taxonomy":"category","embeddable":true,"href":"https:\/\/www.naturparkmagazin.de\/schwaebisch-fraenkischer-wald\/wp-json\/wp\/v2\/categories?post=8683"},{"taxonomy":"post_tag","embeddable":true,"href":"https:\/\/www.naturparkmagazin.de\/schwaebisch-fraenkischer-wald\/wp-json\/wp\/v2\/tags?post=8683"}],"curies":[{"name":"wp","href":"https:\/\/api.w.org\/{rel}","templated":true}]}}