{"id":869,"date":"2014-06-20T14:00:42","date_gmt":"2014-06-20T12:00:42","guid":{"rendered":"http:\/\/www.naturparkmagazin.de\/schwaebisch-fraenkischer-wald\/?p=869"},"modified":"2014-06-20T14:28:12","modified_gmt":"2014-06-20T12:28:12","slug":"unterwegs-mit-den-naturparkfuehrern","status":"publish","type":"post","link":"https:\/\/www.naturparkmagazin.de\/schwaebisch-fraenkischer-wald\/unterwegs-mit-den-naturparkfuehrern\/","title":{"rendered":"Unterwegs mit den Naturparkf\u00fchrern im Juli 2014"},"content":{"rendered":"<p>Diesen Monat k\u00f6nnen Sie mit den Naturparkf\u00fchrern die Natur richtig genie\u00dfen. Sie haben die Auswahl zwischen zahlreichen Veranstaltungen quer durch den Naturpark. Durchst\u00f6bern Sie die folgenden Beschreibungen der Naturparkf\u00fchrer und vielleicht ist ja genau die richtige Veranstaltung f\u00fcr Sie dabei. Wir freuen uns auf Ihre Teilnahme.<\/p>\n<p>&nbsp;<\/p>\n<p>Sonntag, 6. Juli<\/p>\n<p>Wildromantisches Bernbachtal<\/p>\n<p>L\u00f6wensteiner Bergtour: Die naturkundliche Sommerwanderung f\u00fchrt durch das weitgehend unbekannte Bernbachtal im FFH-Gebiet &#8222;L\u00f6wensteiner und Heilbronner Berge&#8220;. Es ist das gr\u00f6\u00dfte zusammenh\u00e4ngende Waldgebiet im Naturpark. Nach einem kurzen Abstecher zum Naturdenkmal &#8222;Hohler Stein&#8220; steigen wir zum wildromantischen Bernbach ab. Vorbei am Sandsteinsofa und Bernsee geht es zur\u00fcck zum Naturschutzgebiet Enzwiese.<\/p>\n<p>Treffpunkt ist um 14 Uhr mit Naturparkf\u00fchrerin Sabine R\u00fccker in L\u00f6wenstein-Hirrweiler an der B 39 Richtung W\u00fcstenrot, Wanderparkplatz Enzwiese. Die Dauer der Wanderung betr\u00e4gt ca. 3-4 Stunden und kostet 7,50 \u20ac pro Person inkl. Umtrunk. Die Streckenl\u00e4nge bel\u00e4uft sich auf ca. 8 km, zum Teil schmale, rutschige Pfade und steile Aufstiege. Getr\u00e4nke Bitte selbst mitbringen. Einer Anmeldung bedarf es nicht. Weitere Informationen unter: Telefon 07130 \/ 40 11 20, oder per E-Mail an: <a href=\"mailto:ruecker@die-naturparkfuehrer.de\">ruecker@die-naturparkfuehrer.de<\/a>.<\/p>\n<p>&nbsp;<\/p>\n<p>Sonntag, 6. Juli<\/p>\n<p>Kr\u00e4uterwanderung im Honigt\u00e4le <a href=\"https:\/\/www.naturparkmagazin.de\/schwaebisch-fraenkischer-wald\/wp-content\/uploads\/sites\/34\/140504_Rombach.jpg\"><img decoding=\"async\" loading=\"lazy\" class=\"alignright size-thumbnail wp-image-682\" alt=\"Copyright: Naturpark Schw\u00e4bisch-Fr\u00e4nkischer Wald\" src=\"https:\/\/www.naturparkmagazin.de\/schwaebisch-fraenkischer-wald\/wp-content\/uploads\/sites\/34\/140504_Rombach-300x225.jpg\" width=\"300\" height=\"225\" srcset=\"https:\/\/www.naturparkmagazin.de\/schwaebisch-fraenkischer-wald\/wp-content\/uploads\/sites\/34\/140504_Rombach-300x225.jpg 300w, https:\/\/www.naturparkmagazin.de\/schwaebisch-fraenkischer-wald\/wp-content\/uploads\/sites\/34\/140504_Rombach-620x465.jpg 620w, https:\/\/www.naturparkmagazin.de\/schwaebisch-fraenkischer-wald\/wp-content\/uploads\/sites\/34\/140504_Rombach-940x705.jpg 940w, https:\/\/www.naturparkmagazin.de\/schwaebisch-fraenkischer-wald\/wp-content\/uploads\/sites\/34\/140504_Rombach-580x435.jpg 580w, https:\/\/www.naturparkmagazin.de\/schwaebisch-fraenkischer-wald\/wp-content\/uploads\/sites\/34\/140504_Rombach-420x315.jpg 420w, https:\/\/www.naturparkmagazin.de\/schwaebisch-fraenkischer-wald\/wp-content\/uploads\/sites\/34\/140504_Rombach-180x135.jpg 180w, https:\/\/www.naturparkmagazin.de\/schwaebisch-fraenkischer-wald\/wp-content\/uploads\/sites\/34\/140504_Rombach-95x71.jpg 95w, https:\/\/www.naturparkmagazin.de\/schwaebisch-fraenkischer-wald\/wp-content\/uploads\/sites\/34\/140504_Rombach-670x503.jpg 670w, https:\/\/www.naturparkmagazin.de\/schwaebisch-fraenkischer-wald\/wp-content\/uploads\/sites\/34\/140504_Rombach-200x150.jpg 200w, https:\/\/www.naturparkmagazin.de\/schwaebisch-fraenkischer-wald\/wp-content\/uploads\/sites\/34\/140504_Rombach.jpg 1200w\" sizes=\"(max-width: 300px) 100vw, 300px\" \/><\/a><b><\/b><\/p>\n<p>Diese Familientour verl\u00e4uft auf einer abwechslungsreichen Strecke durchs Fornsbacher Honigt\u00e4le. Auf einer abenteuerlichen GPS-Schatzsuche begleitet vom feinen Bl\u00fctenduft sammeln wir Wiesenkr\u00e4uter, die dann mit frischem Bauernbrot in geselliger Runde verkostet werden.<\/p>\n<p>Naturparkf\u00fchrerin Ruth Bohn erwartet Sie um 14 Uhr in Murrhardt-Fornsbach, Ortsmitte, in Richtung Neuhauser Tal bis zum Wanderparkplatz. Die Dauer der Wanderung betr\u00e4gt ca. 2,5 Stunden und kostet 9 \u20ac pro Person, Kinder bezahlen 4 \u20ac. Als kleine St\u00e4rkung zwischendurch gibt es Bauernbrot und Getr\u00e4nke, diese sind im Preis enthalten. Die Strecke ist nur bedingt kinderwagentauglich. Anmeldung bitte bis 4. Juli. Weitere Informationen unter: Telefon 07184 \/ 21 98, oder E-Mail an: <a href=\"mailto:bohn@die-naturparkfuehrer.de\">bohn@die-naturparkfuehrer.de<\/a>.<\/p>\n<p>&nbsp;<\/p>\n<p>Sonntag, 13. Juli<\/p>\n<p>So weit die F\u00fc\u00dfe tragen!<\/p>\n<p>Die Distanz-Rundwanderung f\u00fchrt auf einer Strecke von knapp 40 km \u00fcber romantisch verschlungene Pfade nach Walkersbach. Von dort geht es hinauf zum Haghof am Welterbe Limes mit grandioser Sicht auf die Kaiserberge der Voralb. Am Limes entlang wandern wir zur Hagm\u00fchle, \u00fcber Rienharz zur Meuschenm\u00fchle, zum Arch\u00e4ologischen Park Ostkastell Welzheim, \u00fcber Breitenf\u00fcrst zur Edenbachschlucht \/ Laufenm\u00fchle, zur Kesselgrotte, nach Eselshalden und \u00fcber B\u00e4renhof zur\u00fcck zum Ausgangspunkt.<\/p>\n<p>Um 7 Uhr ist Treffpunkt mit Naturparkf\u00fchrer Prof. Dr. Manfred Krautter in Pl\u00fcderhausen am Wanderparkplatz Sandb\u00fchl. Die Veranstaltung findet ganzt\u00e4gig statt und kosten pro Person 15 \u20ac. Bitte bringen Sie selbst ein Rucksackvesper und gen\u00fcgend Getr\u00e4nke mit. Es wird darauf hingewiesen, dass diese Strecke nur f\u00fcr ge\u00fcbte Wanderer geeignet ist. Anmeldung bitte bis 6. Juli unter: Telefon 07181 \/ 83 994, oder E-Mail an: <a href=\"mailto:krautter@die-naturparkfuehrer.de\">krautter@die-naturparkfuehrer.de<\/a>.<\/p>\n<p>&nbsp;<\/p>\n<p>Sonntag 13 Juli<\/p>\n<p>Kulinarische Familientour von Tal zu Tal<b><\/b><\/p>\n<p>Begleitet von fr\u00f6hlichem Vogelgezwitscher und au\u00dfergew\u00f6hnlichen Panoramabildern begeben wir uns auf anmutigen Pfaden ins Klingener Tal, auch \u201ekleines Walsertal\u201c genannt. Dort angekommen genie\u00dfen wir ein eigens f\u00fcr uns zubereitetes Vesper, bevor uns unser Weg weiter auf die Raitberger H\u00f6he zu einem idyllischen Hof inmitten einer entlegenen Waldlichtung f\u00fchrt. Am Ende der Tour ist als kulinarischer H\u00f6hepunkt bei geselligem Beisammensein ein \u201eSchlemmeressen\u201c im Gasthaus Lamm bei Gastwirtin Monika Bay geplant.<\/p>\n<p>Um 14 Uhr ist Treffpunkt mit Naturparkf\u00fchrerin Ruth Bohn in Murrhardt am Gasthaus Lamm an der L 1066 Richtung Fornsbach. Die Dauer der Wanderung betr\u00e4gt ca. 3 Stunden und kostet 10 \u20ac pro Person, Kinder bis 10 Jahre 5 \u20ac, inklusive Vesper. Der Verzehr im Gasthaus Lamm ist nicht im Preis inbegriffen. Die Strecke ist nur bedingt kinderwagentauglich. Bitte melden Sie sich bis 8. Juli an unter: Telefon 07184 \/ 21 98, oder E-Mail an: <a href=\"mailto:bohn@die-naturparkfuehrer.de\">bohn@die-naturparkfuehrer.de<\/a>.<\/p>\n<p>&nbsp;<\/p>\n<p>Sonntag, 20. Juli<\/p>\n<p>Unheimliche Nachtgeister am Waldsee?<a href=\"https:\/\/www.naturparkmagazin.de\/schwaebisch-fraenkischer-wald\/wp-content\/uploads\/sites\/34\/Grosse_Hufeisennase7b.jpg\"><img decoding=\"async\" loading=\"lazy\" class=\"alignright size-thumbnail wp-image-792\" alt=\"SONY DSC\" src=\"https:\/\/www.naturparkmagazin.de\/schwaebisch-fraenkischer-wald\/wp-content\/uploads\/sites\/34\/Grosse_Hufeisennase7b-300x213.jpg\" width=\"300\" height=\"213\" srcset=\"https:\/\/www.naturparkmagazin.de\/schwaebisch-fraenkischer-wald\/wp-content\/uploads\/sites\/34\/Grosse_Hufeisennase7b-300x213.jpg 300w, https:\/\/www.naturparkmagazin.de\/schwaebisch-fraenkischer-wald\/wp-content\/uploads\/sites\/34\/Grosse_Hufeisennase7b-620x441.jpg 620w, https:\/\/www.naturparkmagazin.de\/schwaebisch-fraenkischer-wald\/wp-content\/uploads\/sites\/34\/Grosse_Hufeisennase7b-940x669.jpg 940w, https:\/\/www.naturparkmagazin.de\/schwaebisch-fraenkischer-wald\/wp-content\/uploads\/sites\/34\/Grosse_Hufeisennase7b-670x477.jpg 670w, https:\/\/www.naturparkmagazin.de\/schwaebisch-fraenkischer-wald\/wp-content\/uploads\/sites\/34\/Grosse_Hufeisennase7b-200x142.jpg 200w\" sizes=\"(max-width: 300px) 100vw, 300px\" \/><\/a><\/p>\n<p>Wasserflederm\u00e4use sind sehr gut zu beobachten, wenn man die entsprechende Ausr\u00fcstung bei sich hat. Das gilt auch f\u00fcr den abendlichen Waldsee bei Murrhardt-Fornsbach: Ein ganz neuartiger Nachtspaziergang mit ungeahnten \u00dcberraschungen!<\/p>\n<p>Treffpunkt mit Naturparkf\u00fchrer Albrecht P. Block ist in Murrhardt-Fornsbach am Parkplatz Waldsee um 20:30 Uhr. Die Dauer der Wanderung betr\u00e4gt ca. 2,5 Stunden und kostet 6 \u20ac pro Person, Kinder im Alter von 7 bis 14 Jahre nur 3 \u20ac. Leichter Spaziergang rund um den barrierefreien See. Es wird darum gebeten, keine Taschenlampe und kein Blitzlicht mitzuf\u00fchren. Eine Anmeldung ist nicht erforderlich Weitere Informationen unter: Telefon 07183 \/ 42 88 59, oder E-Mail an: <a href=\"mailto:block@die-naturparkfuehrer.de\">block@die-naturparkfuehrer.de<\/a>.<\/p>\n<p>&nbsp;<\/p>\n<p>Sonntag, 20. Juli<\/p>\n<p>Am Welterbe Limes bei Gro\u00dferlach-Grab<\/p>\n<p>Schneise, Wachturm, Holzpalisade, Wall und Graben: Auf dem Heidenbuckel bei Grab \u00f6ffnet sich eine T\u00fcr zur R\u00f6merzeit. Wie lebten die Soldaten vor fast 1800 Jahren an der Nordgrenze ihres Weltreichs? Eine abendliche Zeitreise f\u00fcr Familien zum Mitmachen mit kleinen Kostproben aus der r\u00f6mischen K\u00fcche.<\/p>\n<p>Treffpunkt in Gro\u00dferlach-Grab mit Naturparkf\u00fchrer Steffen Felger ist am Wachturm auf dem Heidenbuckel um 17 Uhr. Die Dauer der Wanderung bel\u00e4uft sich auf ca. 2 Stunden und kostet pro Person 4 \u20ac, Kinder nur 1 \u20ac. Eine Anmeldung ist nicht erforderlich. Weitere Informationen unter: Telefon 07134 \/ 91 89 004, oder E-Mail an: <a href=\"mailto:felger@die-naturparkfuehrer.de\">felger@die-naturparkfuehrer.de<\/a>.<\/p>\n<p>&nbsp;<\/p>\n<p>Sonntag, 27. Juli<\/p>\n<p>Von Glasmachern, K\u00f6hlern und Silbersch\u00e4tzen<a href=\"https:\/\/www.naturparkmagazin.de\/schwaebisch-fraenkischer-wald\/wp-content\/uploads\/sites\/34\/140727_Kuch.jpg\"><img decoding=\"async\" loading=\"lazy\" class=\"alignright size-thumbnail wp-image-542\" alt=\"Unterwegs mit die Naturparkf\u00fchrer\" src=\"https:\/\/www.naturparkmagazin.de\/schwaebisch-fraenkischer-wald\/wp-content\/uploads\/sites\/34\/140727_Kuch-300x273.jpg\" width=\"300\" height=\"273\" srcset=\"https:\/\/www.naturparkmagazin.de\/schwaebisch-fraenkischer-wald\/wp-content\/uploads\/sites\/34\/140727_Kuch-300x273.jpg 300w, https:\/\/www.naturparkmagazin.de\/schwaebisch-fraenkischer-wald\/wp-content\/uploads\/sites\/34\/140727_Kuch-620x565.jpg 620w, https:\/\/www.naturparkmagazin.de\/schwaebisch-fraenkischer-wald\/wp-content\/uploads\/sites\/34\/140727_Kuch-940x857.jpg 940w, https:\/\/www.naturparkmagazin.de\/schwaebisch-fraenkischer-wald\/wp-content\/uploads\/sites\/34\/140727_Kuch-670x611.jpg 670w, https:\/\/www.naturparkmagazin.de\/schwaebisch-fraenkischer-wald\/wp-content\/uploads\/sites\/34\/140727_Kuch-200x182.jpg 200w, https:\/\/www.naturparkmagazin.de\/schwaebisch-fraenkischer-wald\/wp-content\/uploads\/sites\/34\/140727_Kuch.jpg 970w\" sizes=\"(max-width: 300px) 100vw, 300px\" \/><\/a><\/p>\n<p>Auf den Spuren des alten Waldgewerbes durchstreifen die Teilnehmer die W\u00e4lder um W\u00fcstenrot und erfahren dabei mehr \u00fcber die Glasmacherzunft im Schw\u00e4bisch-Fr\u00e4nkischen Wald und welche wahren Sch\u00e4tze der Wald verbirgt.<\/p>\n<p>Naturparkf\u00fchrerin Petra Kuch erwartet Sie um 15 Uhr in W\u00fcstenrot am Wanderparkplatz Wellingtonien. Die Dauer der Wanderung betr\u00e4gt ca. 2,5 Stunden und kostet pro Person 6 \u20ac, Kinder sind frei. Die Strecke eignet sich nicht f\u00fcr Rollst\u00fchle oder Kinderwagen. Eine Anmeldung ist nicht erforderlich. Weitere Informationen unter: <a href=\"http:\/\/www.wald-safari.de\">www.wald-safari.de<\/a>, oder \u00fcber E-Mail an: <a href=\"mailto:kuch@die-naturparkfuehrer.de\">kuch@die-naturparkfuehrer.de<\/a>.<\/p>\n<p>&nbsp;<\/p>\n<p>&nbsp;<\/p>\n<p>&nbsp;<\/p>\n<p>&nbsp;<\/p>\n<p>&nbsp;<\/p>\n","protected":false},"excerpt":{"rendered":"<p>Diesen Monat k\u00f6nnen Sie ab dem 6. Juli mit den Naturparkf\u00fchrern die Natur richtig genie\u00dfen. Sie haben die Auswahl zwischen zahlreichen Veranstaltungen quer durch den Naturpark. Durchst\u00f6bern Sie die folgenden Beschreibungen der Naturparkf\u00fchrer und vielleicht ist ja genau die richtige Veranstaltung f\u00fcr Sie dabei. <\/p>\n","protected":false},"author":25,"featured_media":880,"comment_status":"open","ping_status":"open","sticky":false,"template":"","format":"standard","meta":[],"categories":[11],"tags":[186],"yoast_head":"<!-- This site is optimized with the Yoast SEO plugin v19.10 - https:\/\/yoast.com\/wordpress\/plugins\/seo\/ -->\n<title>Unterwegs mit den Naturparkf\u00fchrern im Juli 2014 - Naturpark Schw\u00e4bisch-Fr\u00e4nkischer Wald<\/title>\n<meta name=\"robots\" content=\"index, follow, max-snippet:-1, max-image-preview:large, max-video-preview:-1\" \/>\n<link rel=\"canonical\" href=\"https:\/\/www.naturparkmagazin.de\/schwaebisch-fraenkischer-wald\/unterwegs-mit-den-naturparkfuehrern\/\" \/>\n<meta property=\"og:locale\" content=\"de_DE\" \/>\n<meta property=\"og:type\" content=\"article\" \/>\n<meta property=\"og:title\" content=\"Unterwegs mit den Naturparkf\u00fchrern im Juli 2014 - Naturpark Schw\u00e4bisch-Fr\u00e4nkischer Wald\" \/>\n<meta property=\"og:description\" content=\"Diesen Monat k\u00f6nnen Sie ab dem 6. Juli mit den Naturparkf\u00fchrern die Natur richtig genie\u00dfen. Sie haben die Auswahl zwischen zahlreichen Veranstaltungen quer durch den Naturpark. Durchst\u00f6bern Sie die folgenden Beschreibungen der Naturparkf\u00fchrer und vielleicht ist ja genau die richtige Veranstaltung f\u00fcr Sie dabei.\" \/>\n<meta property=\"og:url\" content=\"https:\/\/www.naturparkmagazin.de\/schwaebisch-fraenkischer-wald\/unterwegs-mit-den-naturparkfuehrern\/\" \/>\n<meta property=\"og:site_name\" content=\"Naturpark Schw\u00e4bisch-Fr\u00e4nkischer Wald\" \/>\n<meta property=\"article:author\" content=\"https:\/\/www.facebook.com\/naturparkSFW\" \/>\n<meta property=\"article:published_time\" content=\"2014-06-20T12:00:42+00:00\" \/>\n<meta property=\"article:modified_time\" content=\"2014-06-20T12:28:12+00:00\" \/>\n<meta property=\"og:image\" content=\"https:\/\/www.naturparkmagazin.de\/schwaebisch-fraenkischer-wald\/wp-content\/uploads\/sites\/34\/2014_NPaktiv_Titel.jpg\" \/>\n\t<meta property=\"og:image:width\" content=\"298\" \/>\n\t<meta property=\"og:image:height\" content=\"573\" \/>\n\t<meta property=\"og:image:type\" content=\"image\/jpeg\" \/>\n<meta name=\"author\" content=\"Naturpark-Team\" \/>\n<meta name=\"twitter:label1\" content=\"Verfasst von\" \/>\n\t<meta name=\"twitter:data1\" content=\"Naturpark-Team\" \/>\n\t<meta name=\"twitter:label2\" content=\"Gesch\u00e4tzte Lesezeit\" \/>\n\t<meta name=\"twitter:data2\" content=\"5\u00a0Minuten\" \/>\n<script type=\"application\/ld+json\" class=\"yoast-schema-graph\">{\"@context\":\"https:\/\/schema.org\",\"@graph\":[{\"@type\":\"WebPage\",\"@id\":\"https:\/\/www.naturparkmagazin.de\/schwaebisch-fraenkischer-wald\/unterwegs-mit-den-naturparkfuehrern\/\",\"url\":\"https:\/\/www.naturparkmagazin.de\/schwaebisch-fraenkischer-wald\/unterwegs-mit-den-naturparkfuehrern\/\",\"name\":\"Unterwegs mit den Naturparkf\u00fchrern im Juli 2014 - Naturpark Schw\u00e4bisch-Fr\u00e4nkischer Wald\",\"isPartOf\":{\"@id\":\"https:\/\/www.naturparkmagazin.de\/schwaebisch-fraenkischer-wald\/#website\"},\"datePublished\":\"2014-06-20T12:00:42+00:00\",\"dateModified\":\"2014-06-20T12:28:12+00:00\",\"author\":{\"@id\":\"https:\/\/www.naturparkmagazin.de\/schwaebisch-fraenkischer-wald\/#\/schema\/person\/f047a3702ae747fd7830cf8ac95e6066\"},\"breadcrumb\":{\"@id\":\"https:\/\/www.naturparkmagazin.de\/schwaebisch-fraenkischer-wald\/unterwegs-mit-den-naturparkfuehrern\/#breadcrumb\"},\"inLanguage\":\"de\",\"potentialAction\":[{\"@type\":\"ReadAction\",\"target\":[\"https:\/\/www.naturparkmagazin.de\/schwaebisch-fraenkischer-wald\/unterwegs-mit-den-naturparkfuehrern\/\"]}]},{\"@type\":\"BreadcrumbList\",\"@id\":\"https:\/\/www.naturparkmagazin.de\/schwaebisch-fraenkischer-wald\/unterwegs-mit-den-naturparkfuehrern\/#breadcrumb\",\"itemListElement\":[{\"@type\":\"ListItem\",\"position\":1,\"name\":\"Home\",\"item\":\"https:\/\/www.naturparkmagazin.de\/schwaebisch-fraenkischer-wald\/\"},{\"@type\":\"ListItem\",\"position\":2,\"name\":\"Unterwegs mit den Naturparkf\u00fchrern im Juli 2014\"}]},{\"@type\":\"WebSite\",\"@id\":\"https:\/\/www.naturparkmagazin.de\/schwaebisch-fraenkischer-wald\/#website\",\"url\":\"https:\/\/www.naturparkmagazin.de\/schwaebisch-fraenkischer-wald\/\",\"name\":\"Naturpark Schw\u00e4bisch-Fr\u00e4nkischer Wald\",\"description\":\"\",\"potentialAction\":[{\"@type\":\"SearchAction\",\"target\":{\"@type\":\"EntryPoint\",\"urlTemplate\":\"https:\/\/www.naturparkmagazin.de\/schwaebisch-fraenkischer-wald\/?s={search_term_string}\"},\"query-input\":\"required name=search_term_string\"}],\"inLanguage\":\"de\"},{\"@type\":\"Person\",\"@id\":\"https:\/\/www.naturparkmagazin.de\/schwaebisch-fraenkischer-wald\/#\/schema\/person\/f047a3702ae747fd7830cf8ac95e6066\",\"name\":\"Naturpark-Team\",\"sameAs\":[\"http:\/\/www.naturpark-sfw.de\",\"https:\/\/www.facebook.com\/naturparkSFW\"],\"url\":\"https:\/\/www.naturparkmagazin.de\/schwaebisch-fraenkischer-wald\/author\/bernharddrixler\/\"}]}<\/script>\n<!-- \/ Yoast SEO plugin. -->","yoast_head_json":{"title":"Unterwegs mit den Naturparkf\u00fchrern im Juli 2014 - Naturpark Schw\u00e4bisch-Fr\u00e4nkischer Wald","robots":{"index":"index","follow":"follow","max-snippet":"max-snippet:-1","max-image-preview":"max-image-preview:large","max-video-preview":"max-video-preview:-1"},"canonical":"https:\/\/www.naturparkmagazin.de\/schwaebisch-fraenkischer-wald\/unterwegs-mit-den-naturparkfuehrern\/","og_locale":"de_DE","og_type":"article","og_title":"Unterwegs mit den Naturparkf\u00fchrern im Juli 2014 - Naturpark Schw\u00e4bisch-Fr\u00e4nkischer Wald","og_description":"Diesen Monat k\u00f6nnen Sie ab dem 6. Juli mit den Naturparkf\u00fchrern die Natur richtig genie\u00dfen. Sie haben die Auswahl zwischen zahlreichen Veranstaltungen quer durch den Naturpark. Durchst\u00f6bern Sie die folgenden Beschreibungen der Naturparkf\u00fchrer und vielleicht ist ja genau die richtige Veranstaltung f\u00fcr Sie dabei.","og_url":"https:\/\/www.naturparkmagazin.de\/schwaebisch-fraenkischer-wald\/unterwegs-mit-den-naturparkfuehrern\/","og_site_name":"Naturpark Schw\u00e4bisch-Fr\u00e4nkischer Wald","article_author":"https:\/\/www.facebook.com\/naturparkSFW","article_published_time":"2014-06-20T12:00:42+00:00","article_modified_time":"2014-06-20T12:28:12+00:00","og_image":[{"width":298,"height":573,"url":"https:\/\/www.naturparkmagazin.de\/schwaebisch-fraenkischer-wald\/wp-content\/uploads\/sites\/34\/2014_NPaktiv_Titel.jpg","type":"image\/jpeg"}],"author":"Naturpark-Team","twitter_misc":{"Verfasst von":"Naturpark-Team","Gesch\u00e4tzte Lesezeit":"5\u00a0Minuten"},"schema":{"@context":"https:\/\/schema.org","@graph":[{"@type":"WebPage","@id":"https:\/\/www.naturparkmagazin.de\/schwaebisch-fraenkischer-wald\/unterwegs-mit-den-naturparkfuehrern\/","url":"https:\/\/www.naturparkmagazin.de\/schwaebisch-fraenkischer-wald\/unterwegs-mit-den-naturparkfuehrern\/","name":"Unterwegs mit den Naturparkf\u00fchrern im Juli 2014 - Naturpark Schw\u00e4bisch-Fr\u00e4nkischer Wald","isPartOf":{"@id":"https:\/\/www.naturparkmagazin.de\/schwaebisch-fraenkischer-wald\/#website"},"datePublished":"2014-06-20T12:00:42+00:00","dateModified":"2014-06-20T12:28:12+00:00","author":{"@id":"https:\/\/www.naturparkmagazin.de\/schwaebisch-fraenkischer-wald\/#\/schema\/person\/f047a3702ae747fd7830cf8ac95e6066"},"breadcrumb":{"@id":"https:\/\/www.naturparkmagazin.de\/schwaebisch-fraenkischer-wald\/unterwegs-mit-den-naturparkfuehrern\/#breadcrumb"},"inLanguage":"de","potentialAction":[{"@type":"ReadAction","target":["https:\/\/www.naturparkmagazin.de\/schwaebisch-fraenkischer-wald\/unterwegs-mit-den-naturparkfuehrern\/"]}]},{"@type":"BreadcrumbList","@id":"https:\/\/www.naturparkmagazin.de\/schwaebisch-fraenkischer-wald\/unterwegs-mit-den-naturparkfuehrern\/#breadcrumb","itemListElement":[{"@type":"ListItem","position":1,"name":"Home","item":"https:\/\/www.naturparkmagazin.de\/schwaebisch-fraenkischer-wald\/"},{"@type":"ListItem","position":2,"name":"Unterwegs mit den Naturparkf\u00fchrern im Juli 2014"}]},{"@type":"WebSite","@id":"https:\/\/www.naturparkmagazin.de\/schwaebisch-fraenkischer-wald\/#website","url":"https:\/\/www.naturparkmagazin.de\/schwaebisch-fraenkischer-wald\/","name":"Naturpark Schw\u00e4bisch-Fr\u00e4nkischer Wald","description":"","potentialAction":[{"@type":"SearchAction","target":{"@type":"EntryPoint","urlTemplate":"https:\/\/www.naturparkmagazin.de\/schwaebisch-fraenkischer-wald\/?s={search_term_string}"},"query-input":"required name=search_term_string"}],"inLanguage":"de"},{"@type":"Person","@id":"https:\/\/www.naturparkmagazin.de\/schwaebisch-fraenkischer-wald\/#\/schema\/person\/f047a3702ae747fd7830cf8ac95e6066","name":"Naturpark-Team","sameAs":["http:\/\/www.naturpark-sfw.de","https:\/\/www.facebook.com\/naturparkSFW"],"url":"https:\/\/www.naturparkmagazin.de\/schwaebisch-fraenkischer-wald\/author\/bernharddrixler\/"}]}},"_links":{"self":[{"href":"https:\/\/www.naturparkmagazin.de\/schwaebisch-fraenkischer-wald\/wp-json\/wp\/v2\/posts\/869"}],"collection":[{"href":"https:\/\/www.naturparkmagazin.de\/schwaebisch-fraenkischer-wald\/wp-json\/wp\/v2\/posts"}],"about":[{"href":"https:\/\/www.naturparkmagazin.de\/schwaebisch-fraenkischer-wald\/wp-json\/wp\/v2\/types\/post"}],"author":[{"embeddable":true,"href":"https:\/\/www.naturparkmagazin.de\/schwaebisch-fraenkischer-wald\/wp-json\/wp\/v2\/users\/25"}],"replies":[{"embeddable":true,"href":"https:\/\/www.naturparkmagazin.de\/schwaebisch-fraenkischer-wald\/wp-json\/wp\/v2\/comments?post=869"}],"version-history":[{"count":4,"href":"https:\/\/www.naturparkmagazin.de\/schwaebisch-fraenkischer-wald\/wp-json\/wp\/v2\/posts\/869\/revisions"}],"predecessor-version":[{"id":891,"href":"https:\/\/www.naturparkmagazin.de\/schwaebisch-fraenkischer-wald\/wp-json\/wp\/v2\/posts\/869\/revisions\/891"}],"wp:featuredmedia":[{"embeddable":true,"href":"https:\/\/www.naturparkmagazin.de\/schwaebisch-fraenkischer-wald\/wp-json\/wp\/v2\/media\/880"}],"wp:attachment":[{"href":"https:\/\/www.naturparkmagazin.de\/schwaebisch-fraenkischer-wald\/wp-json\/wp\/v2\/media?parent=869"}],"wp:term":[{"taxonomy":"category","embeddable":true,"href":"https:\/\/www.naturparkmagazin.de\/schwaebisch-fraenkischer-wald\/wp-json\/wp\/v2\/categories?post=869"},{"taxonomy":"post_tag","embeddable":true,"href":"https:\/\/www.naturparkmagazin.de\/schwaebisch-fraenkischer-wald\/wp-json\/wp\/v2\/tags?post=869"}],"curies":[{"name":"wp","href":"https:\/\/api.w.org\/{rel}","templated":true}]}}