{"id":8714,"date":"2020-02-14T15:15:29","date_gmt":"2020-02-14T14:15:29","guid":{"rendered":"https:\/\/www.naturparkmagazin.de\/schwaebisch-fraenkischer-wald\/?p=8714"},"modified":"2020-02-17T15:24:49","modified_gmt":"2020-02-17T14:24:49","slug":"projekt-bluehende-naturparke-geht-ins-dritte-jahr","status":"publish","type":"post","link":"https:\/\/www.naturparkmagazin.de\/schwaebisch-fraenkischer-wald\/projekt-bluehende-naturparke-geht-ins-dritte-jahr\/","title":{"rendered":"Projekt &#8222;Bl\u00fchende Naturparke&#8220; geht ins dritte Jahr"},"content":{"rendered":"<p>Ein ausreichendes Angebot von Bl\u00fcten und Pollen ist f\u00fcr best\u00e4ubende Insekten vom Fr\u00fchjahr bis in den Herbst hinein lebensnotwendig &#8211; doch nimmt die Artenvielfalt immer mehr ab.<a href=\"https:\/\/www.naturparkmagazin.de\/schwaebisch-fraenkischer-wald\/wp-content\/uploads\/sites\/34\/190912_NPSFW_Bluehender_NP_Seminar_Pflege_II-53.jpg\"><img decoding=\"async\" loading=\"lazy\" class=\"alignright size-full wp-image-8715\" src=\"https:\/\/www.naturparkmagazin.de\/schwaebisch-fraenkischer-wald\/wp-content\/uploads\/sites\/34\/190912_NPSFW_Bluehender_NP_Seminar_Pflege_II-53.jpg\" alt=\"Seminar f\u00fcr Bauhofmitarbeiter\/-innen zur Anlage von Bl\u00fchfl\u00e4chen\" width=\"300\" height=\"500\" srcset=\"https:\/\/www.naturparkmagazin.de\/schwaebisch-fraenkischer-wald\/wp-content\/uploads\/sites\/34\/190912_NPSFW_Bluehender_NP_Seminar_Pflege_II-53.jpg 300w, https:\/\/www.naturparkmagazin.de\/schwaebisch-fraenkischer-wald\/wp-content\/uploads\/sites\/34\/190912_NPSFW_Bluehender_NP_Seminar_Pflege_II-53-200x333.jpg 200w\" sizes=\"(max-width: 300px) 100vw, 300px\" \/><\/a><\/p>\n<p>Deshalb werden seit 2018 in den sieben baden-w\u00fcrttembergischen Naturparken in Zusammenarbeit mit den Kommunen naturnahe Bl\u00fchfl\u00e4chen angelegt, um einen Beitrag zum Erhalt der Artenvielfalt zu leisten. Das Land Baden-W\u00fcrttemberg unterst\u00fctzt die Naturparke hierbei durch das \u201eSonderprogramm Biologische Vielfalt\u201c.<\/p>\n<p>2019 waren die ersten Wildblumenwiesen und naturnahe Staudenrabatte in den Mitgliedsgemeinden zu sehen. Hierbei handelt es sich oft um \u201eEh-da\u201c-Fl\u00e4chen wie etwa entlang von Rad- und Fu\u00dfwegen, auf Verkehrsinseln, an B\u00f6schungen oder Gr\u00fcnfl\u00e4chen in Gewerbegebieten. Wichtiges Kriterium bei der Anlage der Bl\u00fchfl\u00e4chen ist die Verwendung von mehrj\u00e4hrigem und gebietsheimischem, also regional angepasstem Saatgut. Einj\u00e4hrige bunte Bl\u00fchmischungen sehen zwar nett aus, sie helfen den Insekten und der Vielfalt auf langer Sicht jedoch nicht.<\/p>\n<p>Das Projekt geht nun in sein drittes Jahr und bedeutet noch mehr Bl\u00fchfl\u00e4chen f\u00fcr die Insekten. Bei bereits teilnehmende Kommunen werden bestehende Fl\u00e4chen gepflegt und weitergef\u00fchrt sowie neue Fl\u00e4chen angelegt. Kommunen, die noch nicht am Projekt teilnehmen, haben auch die Gelegenheit einzusteigen. Anfang M\u00e4rz findet eine Informationsveranstaltung f\u00fcr interessierte Kommunen statt. Danach beginnt die Beratung der Kommunen. In \u201eBauhoftrainings\u201c werden die Mitarbeiterinnen und Mitarbeiter der kommunalen Bauh\u00f6fe in der Anlage und Pflege von naturnahen, \u00f6ffentlichen Gr\u00fcnfl\u00e4chen geschult. Ein Schwerpunkt in den insgesamt drei Seminaren liegt auf der Entwicklung von mehrj\u00e4hrigen Best\u00e4nden entweder durch eine Pflegeumstellung oder mithilfe von gebietsheimischem Saatgut.<\/p>\n<p>24 Kommunen im Naturpark Schw\u00e4bisch-Fr\u00e4nkischer Wald machen schon beim \u201eBl\u00fchenden Naturpark\u201c mit:<\/p>\n<p>Abtsgm\u00fcnd, Adelmannsfelden, Alfdorf, Alth\u00fctte, Aspach, Auenwald, Backnang, Berglen, Bretzfeld, Gaildorf, Gro\u00dferlach, Kaisersbach, Lorch, Mainhardt, Michelbach a. d. Bilz, Michelfeld, Obersulm, Oppenweiler, Pl\u00fcderhausen, Rosengarten, Rudersberg, Sulzbach a. d. Murr, Welzheim und W\u00fcstenrot.<\/p>\n<p>Wer sich mehr \u00fcber die \u201eBl\u00fchenden Naturparke\u201c informieren m\u00f6chte, schaut beim Internetauftritt sowie bei Facebook und Instagram vorbei: Website: <a href=\"https:\/\/bluehende-naturparke.de\" target=\"_blank\">https:\/\/bluehende-naturparke.de, <\/a>Instagram: #bluehendenaturparke, Facebook: Bl\u00fchende Naturparke<\/p>\n","protected":false},"excerpt":{"rendered":"<p>Noch mehr kommunale Bl\u00fchfl\u00e4chen f\u00fcr Insekten<\/p>\n","protected":false},"author":25,"featured_media":8716,"comment_status":"open","ping_status":"open","sticky":false,"template":"","format":"standard","meta":[],"categories":[7],"tags":[1885],"yoast_head":"<!-- This site is optimized with the Yoast SEO plugin v19.10 - https:\/\/yoast.com\/wordpress\/plugins\/seo\/ -->\n<title>Projekt &quot;Bl\u00fchende Naturparke&quot; geht ins dritte Jahr - Naturpark Schw\u00e4bisch-Fr\u00e4nkischer Wald<\/title>\n<meta name=\"robots\" content=\"index, follow, max-snippet:-1, max-image-preview:large, max-video-preview:-1\" \/>\n<link rel=\"canonical\" href=\"https:\/\/www.naturparkmagazin.de\/schwaebisch-fraenkischer-wald\/projekt-bluehende-naturparke-geht-ins-dritte-jahr\/\" \/>\n<meta property=\"og:locale\" content=\"de_DE\" \/>\n<meta property=\"og:type\" content=\"article\" \/>\n<meta property=\"og:title\" content=\"Projekt &quot;Bl\u00fchende Naturparke&quot; geht ins dritte Jahr - Naturpark Schw\u00e4bisch-Fr\u00e4nkischer Wald\" \/>\n<meta property=\"og:description\" content=\"Noch mehr kommunale Bl\u00fchfl\u00e4chen f\u00fcr Insekten\" \/>\n<meta property=\"og:url\" content=\"https:\/\/www.naturparkmagazin.de\/schwaebisch-fraenkischer-wald\/projekt-bluehende-naturparke-geht-ins-dritte-jahr\/\" \/>\n<meta property=\"og:site_name\" content=\"Naturpark Schw\u00e4bisch-Fr\u00e4nkischer Wald\" \/>\n<meta property=\"article:author\" content=\"https:\/\/www.facebook.com\/naturparkSFW\" \/>\n<meta property=\"article:published_time\" content=\"2020-02-14T14:15:29+00:00\" \/>\n<meta property=\"article:modified_time\" content=\"2020-02-17T14:24:49+00:00\" \/>\n<meta property=\"og:image\" content=\"https:\/\/www.naturparkmagazin.de\/schwaebisch-fraenkischer-wald\/wp-content\/uploads\/sites\/34\/190912_NPSFW_Bluehender_NP_Seminar_Pflege_II-531.jpg\" \/>\n\t<meta property=\"og:image:width\" content=\"200\" \/>\n\t<meta property=\"og:image:height\" content=\"200\" \/>\n\t<meta property=\"og:image:type\" content=\"image\/jpeg\" \/>\n<meta name=\"author\" content=\"Naturpark-Team\" \/>\n<meta name=\"twitter:label1\" content=\"Verfasst von\" \/>\n\t<meta name=\"twitter:data1\" content=\"Naturpark-Team\" \/>\n\t<meta name=\"twitter:label2\" content=\"Gesch\u00e4tzte Lesezeit\" \/>\n\t<meta name=\"twitter:data2\" content=\"2\u00a0Minuten\" \/>\n<script type=\"application\/ld+json\" class=\"yoast-schema-graph\">{\"@context\":\"https:\/\/schema.org\",\"@graph\":[{\"@type\":\"WebPage\",\"@id\":\"https:\/\/www.naturparkmagazin.de\/schwaebisch-fraenkischer-wald\/projekt-bluehende-naturparke-geht-ins-dritte-jahr\/\",\"url\":\"https:\/\/www.naturparkmagazin.de\/schwaebisch-fraenkischer-wald\/projekt-bluehende-naturparke-geht-ins-dritte-jahr\/\",\"name\":\"Projekt \\\"Bl\u00fchende Naturparke\\\" geht ins dritte Jahr - Naturpark Schw\u00e4bisch-Fr\u00e4nkischer Wald\",\"isPartOf\":{\"@id\":\"https:\/\/www.naturparkmagazin.de\/schwaebisch-fraenkischer-wald\/#website\"},\"datePublished\":\"2020-02-14T14:15:29+00:00\",\"dateModified\":\"2020-02-17T14:24:49+00:00\",\"author\":{\"@id\":\"https:\/\/www.naturparkmagazin.de\/schwaebisch-fraenkischer-wald\/#\/schema\/person\/f047a3702ae747fd7830cf8ac95e6066\"},\"breadcrumb\":{\"@id\":\"https:\/\/www.naturparkmagazin.de\/schwaebisch-fraenkischer-wald\/projekt-bluehende-naturparke-geht-ins-dritte-jahr\/#breadcrumb\"},\"inLanguage\":\"de\",\"potentialAction\":[{\"@type\":\"ReadAction\",\"target\":[\"https:\/\/www.naturparkmagazin.de\/schwaebisch-fraenkischer-wald\/projekt-bluehende-naturparke-geht-ins-dritte-jahr\/\"]}]},{\"@type\":\"BreadcrumbList\",\"@id\":\"https:\/\/www.naturparkmagazin.de\/schwaebisch-fraenkischer-wald\/projekt-bluehende-naturparke-geht-ins-dritte-jahr\/#breadcrumb\",\"itemListElement\":[{\"@type\":\"ListItem\",\"position\":1,\"name\":\"Home\",\"item\":\"https:\/\/www.naturparkmagazin.de\/schwaebisch-fraenkischer-wald\/\"},{\"@type\":\"ListItem\",\"position\":2,\"name\":\"Projekt &#8222;Bl\u00fchende Naturparke&#8220; geht ins dritte Jahr\"}]},{\"@type\":\"WebSite\",\"@id\":\"https:\/\/www.naturparkmagazin.de\/schwaebisch-fraenkischer-wald\/#website\",\"url\":\"https:\/\/www.naturparkmagazin.de\/schwaebisch-fraenkischer-wald\/\",\"name\":\"Naturpark Schw\u00e4bisch-Fr\u00e4nkischer Wald\",\"description\":\"\",\"potentialAction\":[{\"@type\":\"SearchAction\",\"target\":{\"@type\":\"EntryPoint\",\"urlTemplate\":\"https:\/\/www.naturparkmagazin.de\/schwaebisch-fraenkischer-wald\/?s={search_term_string}\"},\"query-input\":\"required name=search_term_string\"}],\"inLanguage\":\"de\"},{\"@type\":\"Person\",\"@id\":\"https:\/\/www.naturparkmagazin.de\/schwaebisch-fraenkischer-wald\/#\/schema\/person\/f047a3702ae747fd7830cf8ac95e6066\",\"name\":\"Naturpark-Team\",\"sameAs\":[\"http:\/\/www.naturpark-sfw.de\",\"https:\/\/www.facebook.com\/naturparkSFW\"],\"url\":\"https:\/\/www.naturparkmagazin.de\/schwaebisch-fraenkischer-wald\/author\/bernharddrixler\/\"}]}<\/script>\n<!-- \/ Yoast SEO plugin. -->","yoast_head_json":{"title":"Projekt \"Bl\u00fchende Naturparke\" geht ins dritte Jahr - Naturpark Schw\u00e4bisch-Fr\u00e4nkischer Wald","robots":{"index":"index","follow":"follow","max-snippet":"max-snippet:-1","max-image-preview":"max-image-preview:large","max-video-preview":"max-video-preview:-1"},"canonical":"https:\/\/www.naturparkmagazin.de\/schwaebisch-fraenkischer-wald\/projekt-bluehende-naturparke-geht-ins-dritte-jahr\/","og_locale":"de_DE","og_type":"article","og_title":"Projekt \"Bl\u00fchende Naturparke\" geht ins dritte Jahr - Naturpark Schw\u00e4bisch-Fr\u00e4nkischer Wald","og_description":"Noch mehr kommunale Bl\u00fchfl\u00e4chen f\u00fcr Insekten","og_url":"https:\/\/www.naturparkmagazin.de\/schwaebisch-fraenkischer-wald\/projekt-bluehende-naturparke-geht-ins-dritte-jahr\/","og_site_name":"Naturpark Schw\u00e4bisch-Fr\u00e4nkischer Wald","article_author":"https:\/\/www.facebook.com\/naturparkSFW","article_published_time":"2020-02-14T14:15:29+00:00","article_modified_time":"2020-02-17T14:24:49+00:00","og_image":[{"width":200,"height":200,"url":"https:\/\/www.naturparkmagazin.de\/schwaebisch-fraenkischer-wald\/wp-content\/uploads\/sites\/34\/190912_NPSFW_Bluehender_NP_Seminar_Pflege_II-531.jpg","type":"image\/jpeg"}],"author":"Naturpark-Team","twitter_misc":{"Verfasst von":"Naturpark-Team","Gesch\u00e4tzte Lesezeit":"2\u00a0Minuten"},"schema":{"@context":"https:\/\/schema.org","@graph":[{"@type":"WebPage","@id":"https:\/\/www.naturparkmagazin.de\/schwaebisch-fraenkischer-wald\/projekt-bluehende-naturparke-geht-ins-dritte-jahr\/","url":"https:\/\/www.naturparkmagazin.de\/schwaebisch-fraenkischer-wald\/projekt-bluehende-naturparke-geht-ins-dritte-jahr\/","name":"Projekt \"Bl\u00fchende Naturparke\" geht ins dritte Jahr - Naturpark Schw\u00e4bisch-Fr\u00e4nkischer Wald","isPartOf":{"@id":"https:\/\/www.naturparkmagazin.de\/schwaebisch-fraenkischer-wald\/#website"},"datePublished":"2020-02-14T14:15:29+00:00","dateModified":"2020-02-17T14:24:49+00:00","author":{"@id":"https:\/\/www.naturparkmagazin.de\/schwaebisch-fraenkischer-wald\/#\/schema\/person\/f047a3702ae747fd7830cf8ac95e6066"},"breadcrumb":{"@id":"https:\/\/www.naturparkmagazin.de\/schwaebisch-fraenkischer-wald\/projekt-bluehende-naturparke-geht-ins-dritte-jahr\/#breadcrumb"},"inLanguage":"de","potentialAction":[{"@type":"ReadAction","target":["https:\/\/www.naturparkmagazin.de\/schwaebisch-fraenkischer-wald\/projekt-bluehende-naturparke-geht-ins-dritte-jahr\/"]}]},{"@type":"BreadcrumbList","@id":"https:\/\/www.naturparkmagazin.de\/schwaebisch-fraenkischer-wald\/projekt-bluehende-naturparke-geht-ins-dritte-jahr\/#breadcrumb","itemListElement":[{"@type":"ListItem","position":1,"name":"Home","item":"https:\/\/www.naturparkmagazin.de\/schwaebisch-fraenkischer-wald\/"},{"@type":"ListItem","position":2,"name":"Projekt &#8222;Bl\u00fchende Naturparke&#8220; geht ins dritte Jahr"}]},{"@type":"WebSite","@id":"https:\/\/www.naturparkmagazin.de\/schwaebisch-fraenkischer-wald\/#website","url":"https:\/\/www.naturparkmagazin.de\/schwaebisch-fraenkischer-wald\/","name":"Naturpark Schw\u00e4bisch-Fr\u00e4nkischer Wald","description":"","potentialAction":[{"@type":"SearchAction","target":{"@type":"EntryPoint","urlTemplate":"https:\/\/www.naturparkmagazin.de\/schwaebisch-fraenkischer-wald\/?s={search_term_string}"},"query-input":"required name=search_term_string"}],"inLanguage":"de"},{"@type":"Person","@id":"https:\/\/www.naturparkmagazin.de\/schwaebisch-fraenkischer-wald\/#\/schema\/person\/f047a3702ae747fd7830cf8ac95e6066","name":"Naturpark-Team","sameAs":["http:\/\/www.naturpark-sfw.de","https:\/\/www.facebook.com\/naturparkSFW"],"url":"https:\/\/www.naturparkmagazin.de\/schwaebisch-fraenkischer-wald\/author\/bernharddrixler\/"}]}},"_links":{"self":[{"href":"https:\/\/www.naturparkmagazin.de\/schwaebisch-fraenkischer-wald\/wp-json\/wp\/v2\/posts\/8714"}],"collection":[{"href":"https:\/\/www.naturparkmagazin.de\/schwaebisch-fraenkischer-wald\/wp-json\/wp\/v2\/posts"}],"about":[{"href":"https:\/\/www.naturparkmagazin.de\/schwaebisch-fraenkischer-wald\/wp-json\/wp\/v2\/types\/post"}],"author":[{"embeddable":true,"href":"https:\/\/www.naturparkmagazin.de\/schwaebisch-fraenkischer-wald\/wp-json\/wp\/v2\/users\/25"}],"replies":[{"embeddable":true,"href":"https:\/\/www.naturparkmagazin.de\/schwaebisch-fraenkischer-wald\/wp-json\/wp\/v2\/comments?post=8714"}],"version-history":[{"count":1,"href":"https:\/\/www.naturparkmagazin.de\/schwaebisch-fraenkischer-wald\/wp-json\/wp\/v2\/posts\/8714\/revisions"}],"predecessor-version":[{"id":8717,"href":"https:\/\/www.naturparkmagazin.de\/schwaebisch-fraenkischer-wald\/wp-json\/wp\/v2\/posts\/8714\/revisions\/8717"}],"wp:featuredmedia":[{"embeddable":true,"href":"https:\/\/www.naturparkmagazin.de\/schwaebisch-fraenkischer-wald\/wp-json\/wp\/v2\/media\/8716"}],"wp:attachment":[{"href":"https:\/\/www.naturparkmagazin.de\/schwaebisch-fraenkischer-wald\/wp-json\/wp\/v2\/media?parent=8714"}],"wp:term":[{"taxonomy":"category","embeddable":true,"href":"https:\/\/www.naturparkmagazin.de\/schwaebisch-fraenkischer-wald\/wp-json\/wp\/v2\/categories?post=8714"},{"taxonomy":"post_tag","embeddable":true,"href":"https:\/\/www.naturparkmagazin.de\/schwaebisch-fraenkischer-wald\/wp-json\/wp\/v2\/tags?post=8714"}],"curies":[{"name":"wp","href":"https:\/\/api.w.org\/{rel}","templated":true}]}}