{"id":872,"date":"2014-06-20T13:24:53","date_gmt":"2014-06-20T11:24:53","guid":{"rendered":"http:\/\/www.naturparkmagazin.de\/schwaebisch-fraenkischer-wald\/?p=872"},"modified":"2014-07-18T10:02:50","modified_gmt":"2014-07-18T08:02:50","slug":"naturparkmarkt-in-althuette","status":"publish","type":"post","link":"https:\/\/www.naturparkmagazin.de\/schwaebisch-fraenkischer-wald\/naturparkmarkt-in-althuette\/","title":{"rendered":"Naturparkmarkt in Alth\u00fctte"},"content":{"rendered":"<p><b><a href=\"https:\/\/www.naturparkmagazin.de\/schwaebisch-fraenkischer-wald\/wp-content\/uploads\/sites\/34\/Titel_NPM_Althuette_2014.jpg\"><img decoding=\"async\" loading=\"lazy\" class=\"alignleft size-full wp-image-873\" alt=\"Titel_NPM_Althuette_2014\" src=\"https:\/\/www.naturparkmagazin.de\/schwaebisch-fraenkischer-wald\/wp-content\/uploads\/sites\/34\/Titel_NPM_Althuette_2014.jpg\" width=\"268\" height=\"604\" srcset=\"https:\/\/www.naturparkmagazin.de\/schwaebisch-fraenkischer-wald\/wp-content\/uploads\/sites\/34\/Titel_NPM_Althuette_2014.jpg 268w, https:\/\/www.naturparkmagazin.de\/schwaebisch-fraenkischer-wald\/wp-content\/uploads\/sites\/34\/Titel_NPM_Althuette_2014-200x451.jpg 200w\" sizes=\"(max-width: 268px) 100vw, 268px\" \/><\/a>Naturparkmarkt Alth\u00fctte, 20 Juli 2014, 11-18 Uhr<\/b><\/p>\n<p><b>\u00a0<\/b><\/p>\n<p><b>Heimat neu entdecken &#8211; Naturparkmarkt in Alth\u00fctte <\/b><\/p>\n<p>Endlich Sommer! Die sch\u00f6nste Jahreszeit verspricht nicht nur F\u00fclle im heimischen Gem\u00fcsebeet sondern auch bei den Direktvermarktern im Naturpark Schw\u00e4bisch-Fr\u00e4nkischer Wald. Beim dritten Naturparkmarkt am 20. Juli in Alth\u00fctte pr\u00e4sentieren \u00fcber 50 Aussteller ihre Vielfalt an handwerklicher Kunst und kulinarischer Kost.<\/p>\n<p>Zwischen 11 und 18 Uhr lassen sich feine Fruchtaufstriche aus Wildfr\u00fcchten und alten Obstsorten probieren, Honigprodukte naschen oder K\u00e4se- und Wurstspezialit\u00e4ten erwerben. Des Weiteren werden selbstgemachte Nudeln, Backwaren, Honig-Eis, zahlreiche Produkte aus Schafsmilch oder sogar Schnecken-Flammkuchen angeboten. Und haben Sie schon einmal die von Andreas Ziesel kreierte Naturparkwurst probiert? Kurzum &#8211; f\u00fcr jeden Geschmack ist bestimmt das Richtige dabei!<\/p>\n<p>Handwerkliches Geschick zeigen die (Kunst-) Handwerker und Kreativen der Region, die von der Idee, \u00fcber die Herstellung bis hin zur liebevollen Gestaltung ihrer Produkte viel Zeit und M\u00fche investieren. So gibt es Gestricktes, Gefilztes und Gedrechseltes, Gebohrtes und Geformtes aus Holz, Stoff, Keramik, Seife, Stein und noch vielem mehr! Manch Einer l\u00e4sst sich bei seinem Tun auch \u00fcber die Schulter gucken: So k\u00f6nnen Sie beobachten, wie Karl-Heinz Gruber mithilfe seiner Kettens\u00e4ge Skulpturen aus schlichten Baumst\u00e4mmen schafft oder wie Walter Meyers T\u00f6pferwaren auf der Drehscheibe entstehen.<\/p>\n<p>Wer selbst kreativ werden m\u00f6chte, kann sich an Herzen aus Ytong versuchen oder in der \u201eWerkstatt\u201c von Naturparkf\u00fchrer Walter Hieber mit Holz und Naturmaterial schnitzen, basteln und werkeln.<\/p>\n<p>Sehr nat\u00fcrlich zeigt sich auch das weitere Rahmenprogramm des Naturparkmarktes: Naturparkf\u00fchrer Albrecht Block nimmt Sie mit auf einen Spaziergang auf die Haube, bei dem Sie Wissens- und Staunenswertes \u00fcber Alth\u00fctte, seine Umgebung, den Schw\u00e4bischen Wald und ganz Schwaben erfahren. Und wer dann noch nicht genug hat, dem zeigt Albrecht Block noch allerhand Wassergetier und bestimmt auch die eine oder andere botanische Kostbarkeit auf einem Spaziergang zum B\u00fchlhauweiher in Alth\u00fctte-Waldenweiler.<\/p>\n<p>Die Naturparkm\u00e4rkte mit ihren ausschlie\u00dflich regionalen Produkten stellen in heutiger Zeit eine Besonderheit dar. Dabei bietet das Konzept der Direktvermarktung viele Vorteile: kurze, klimaschonende Transportwege, die Einsparung von Kosten und garantiert frische Produkte mit hoher Qualit\u00e4t. Der Naturparkmarkt stellt eine sehr gute M\u00f6glichkeit dar, um Kunden und Direktvermarkter zusammenzubringen. Neben der M\u00f6glichkeit von informativen Gespr\u00e4chen am Verkaufstand bietet sich die Chance, mit gutem Gewissen einkaufen zu k\u00f6nnen. Der Naturpark Schw\u00e4bisch-Fr\u00e4nkischer Wald und die Aussteller freuen sich auf einen sommerlichen und sch\u00f6nen Naturparkmarkttag in Alth\u00fctte!<\/p>\n<p>Die Naturparkm\u00e4rkte sind ein Kooperationsprojekt mit den teilnehmende Kommunen werden gef\u00f6rdert durch den Naturpark Schw\u00e4bisch-Fr\u00e4nkischer Wald mit Mitteln des Landes Baden-W\u00fcrttemberg, der Lotterie Gl\u00fccksspirale und der Europ\u00e4ischen Union (ELER).<\/p>\n<p>Der Flyer zum Naturparkmarkt Alth\u00fctte kann ab sofort beim Naturpark angefordert oder im Internet heruntergeladen werden.<\/p>\n","protected":false},"excerpt":{"rendered":"<p>Endlich Sommer! Die sch\u00f6nste Jahreszeit verspricht nicht nur F\u00fclle im heimischen Gem\u00fcsebeet sondern auch bei den Direktvermarktern im Naturpark Schw\u00e4bisch-Fr\u00e4nkischer Wald. Beim dritten Naturparkmarkt am 20. Juli in Alth\u00fctte pr\u00e4sentieren \u00fcber 50 Aussteller ihre Vielfalt an handwerklicher Kunst und kulinarischer Kost.<\/p>\n","protected":false},"author":25,"featured_media":873,"comment_status":"open","ping_status":"open","sticky":false,"template":"","format":"standard","meta":[],"categories":[11],"tags":[186],"yoast_head":"<!-- This site is optimized with the Yoast SEO plugin v19.10 - https:\/\/yoast.com\/wordpress\/plugins\/seo\/ -->\n<title>Naturparkmarkt in Alth\u00fctte - Naturpark Schw\u00e4bisch-Fr\u00e4nkischer Wald<\/title>\n<meta name=\"robots\" content=\"index, follow, max-snippet:-1, max-image-preview:large, max-video-preview:-1\" \/>\n<link rel=\"canonical\" href=\"https:\/\/www.naturparkmagazin.de\/schwaebisch-fraenkischer-wald\/naturparkmarkt-in-althuette\/\" \/>\n<meta property=\"og:locale\" content=\"de_DE\" \/>\n<meta property=\"og:type\" content=\"article\" \/>\n<meta property=\"og:title\" content=\"Naturparkmarkt in Alth\u00fctte - Naturpark Schw\u00e4bisch-Fr\u00e4nkischer Wald\" \/>\n<meta property=\"og:description\" content=\"Endlich Sommer! Die sch\u00f6nste Jahreszeit verspricht nicht nur F\u00fclle im heimischen Gem\u00fcsebeet sondern auch bei den Direktvermarktern im Naturpark Schw\u00e4bisch-Fr\u00e4nkischer Wald. Beim dritten Naturparkmarkt am 20. Juli in Alth\u00fctte pr\u00e4sentieren \u00fcber 50 Aussteller ihre Vielfalt an handwerklicher Kunst und kulinarischer Kost.\" \/>\n<meta property=\"og:url\" content=\"https:\/\/www.naturparkmagazin.de\/schwaebisch-fraenkischer-wald\/naturparkmarkt-in-althuette\/\" \/>\n<meta property=\"og:site_name\" content=\"Naturpark Schw\u00e4bisch-Fr\u00e4nkischer Wald\" \/>\n<meta property=\"article:author\" content=\"https:\/\/www.facebook.com\/naturparkSFW\" \/>\n<meta property=\"article:published_time\" content=\"2014-06-20T11:24:53+00:00\" \/>\n<meta property=\"article:modified_time\" content=\"2014-07-18T08:02:50+00:00\" \/>\n<meta property=\"og:image\" content=\"https:\/\/www.naturparkmagazin.de\/schwaebisch-fraenkischer-wald\/wp-content\/uploads\/sites\/34\/Titel_NPM_Althuette_2014.jpg\" \/>\n\t<meta property=\"og:image:width\" content=\"268\" \/>\n\t<meta property=\"og:image:height\" content=\"604\" \/>\n\t<meta property=\"og:image:type\" content=\"image\/jpeg\" \/>\n<meta name=\"author\" content=\"Naturpark-Team\" \/>\n<meta name=\"twitter:label1\" content=\"Verfasst von\" \/>\n\t<meta name=\"twitter:data1\" content=\"Naturpark-Team\" \/>\n\t<meta name=\"twitter:label2\" content=\"Gesch\u00e4tzte Lesezeit\" \/>\n\t<meta name=\"twitter:data2\" content=\"2\u00a0Minuten\" \/>\n<script type=\"application\/ld+json\" class=\"yoast-schema-graph\">{\"@context\":\"https:\/\/schema.org\",\"@graph\":[{\"@type\":\"WebPage\",\"@id\":\"https:\/\/www.naturparkmagazin.de\/schwaebisch-fraenkischer-wald\/naturparkmarkt-in-althuette\/\",\"url\":\"https:\/\/www.naturparkmagazin.de\/schwaebisch-fraenkischer-wald\/naturparkmarkt-in-althuette\/\",\"name\":\"Naturparkmarkt in Alth\u00fctte - Naturpark Schw\u00e4bisch-Fr\u00e4nkischer Wald\",\"isPartOf\":{\"@id\":\"https:\/\/www.naturparkmagazin.de\/schwaebisch-fraenkischer-wald\/#website\"},\"datePublished\":\"2014-06-20T11:24:53+00:00\",\"dateModified\":\"2014-07-18T08:02:50+00:00\",\"author\":{\"@id\":\"https:\/\/www.naturparkmagazin.de\/schwaebisch-fraenkischer-wald\/#\/schema\/person\/f047a3702ae747fd7830cf8ac95e6066\"},\"breadcrumb\":{\"@id\":\"https:\/\/www.naturparkmagazin.de\/schwaebisch-fraenkischer-wald\/naturparkmarkt-in-althuette\/#breadcrumb\"},\"inLanguage\":\"de\",\"potentialAction\":[{\"@type\":\"ReadAction\",\"target\":[\"https:\/\/www.naturparkmagazin.de\/schwaebisch-fraenkischer-wald\/naturparkmarkt-in-althuette\/\"]}]},{\"@type\":\"BreadcrumbList\",\"@id\":\"https:\/\/www.naturparkmagazin.de\/schwaebisch-fraenkischer-wald\/naturparkmarkt-in-althuette\/#breadcrumb\",\"itemListElement\":[{\"@type\":\"ListItem\",\"position\":1,\"name\":\"Home\",\"item\":\"https:\/\/www.naturparkmagazin.de\/schwaebisch-fraenkischer-wald\/\"},{\"@type\":\"ListItem\",\"position\":2,\"name\":\"Naturparkmarkt in Alth\u00fctte\"}]},{\"@type\":\"WebSite\",\"@id\":\"https:\/\/www.naturparkmagazin.de\/schwaebisch-fraenkischer-wald\/#website\",\"url\":\"https:\/\/www.naturparkmagazin.de\/schwaebisch-fraenkischer-wald\/\",\"name\":\"Naturpark Schw\u00e4bisch-Fr\u00e4nkischer Wald\",\"description\":\"\",\"potentialAction\":[{\"@type\":\"SearchAction\",\"target\":{\"@type\":\"EntryPoint\",\"urlTemplate\":\"https:\/\/www.naturparkmagazin.de\/schwaebisch-fraenkischer-wald\/?s={search_term_string}\"},\"query-input\":\"required name=search_term_string\"}],\"inLanguage\":\"de\"},{\"@type\":\"Person\",\"@id\":\"https:\/\/www.naturparkmagazin.de\/schwaebisch-fraenkischer-wald\/#\/schema\/person\/f047a3702ae747fd7830cf8ac95e6066\",\"name\":\"Naturpark-Team\",\"sameAs\":[\"http:\/\/www.naturpark-sfw.de\",\"https:\/\/www.facebook.com\/naturparkSFW\"],\"url\":\"https:\/\/www.naturparkmagazin.de\/schwaebisch-fraenkischer-wald\/author\/bernharddrixler\/\"}]}<\/script>\n<!-- \/ Yoast SEO plugin. -->","yoast_head_json":{"title":"Naturparkmarkt in Alth\u00fctte - Naturpark Schw\u00e4bisch-Fr\u00e4nkischer Wald","robots":{"index":"index","follow":"follow","max-snippet":"max-snippet:-1","max-image-preview":"max-image-preview:large","max-video-preview":"max-video-preview:-1"},"canonical":"https:\/\/www.naturparkmagazin.de\/schwaebisch-fraenkischer-wald\/naturparkmarkt-in-althuette\/","og_locale":"de_DE","og_type":"article","og_title":"Naturparkmarkt in Alth\u00fctte - Naturpark Schw\u00e4bisch-Fr\u00e4nkischer Wald","og_description":"Endlich Sommer! Die sch\u00f6nste Jahreszeit verspricht nicht nur F\u00fclle im heimischen Gem\u00fcsebeet sondern auch bei den Direktvermarktern im Naturpark Schw\u00e4bisch-Fr\u00e4nkischer Wald. Beim dritten Naturparkmarkt am 20. Juli in Alth\u00fctte pr\u00e4sentieren \u00fcber 50 Aussteller ihre Vielfalt an handwerklicher Kunst und kulinarischer Kost.","og_url":"https:\/\/www.naturparkmagazin.de\/schwaebisch-fraenkischer-wald\/naturparkmarkt-in-althuette\/","og_site_name":"Naturpark Schw\u00e4bisch-Fr\u00e4nkischer Wald","article_author":"https:\/\/www.facebook.com\/naturparkSFW","article_published_time":"2014-06-20T11:24:53+00:00","article_modified_time":"2014-07-18T08:02:50+00:00","og_image":[{"width":268,"height":604,"url":"https:\/\/www.naturparkmagazin.de\/schwaebisch-fraenkischer-wald\/wp-content\/uploads\/sites\/34\/Titel_NPM_Althuette_2014.jpg","type":"image\/jpeg"}],"author":"Naturpark-Team","twitter_misc":{"Verfasst von":"Naturpark-Team","Gesch\u00e4tzte Lesezeit":"2\u00a0Minuten"},"schema":{"@context":"https:\/\/schema.org","@graph":[{"@type":"WebPage","@id":"https:\/\/www.naturparkmagazin.de\/schwaebisch-fraenkischer-wald\/naturparkmarkt-in-althuette\/","url":"https:\/\/www.naturparkmagazin.de\/schwaebisch-fraenkischer-wald\/naturparkmarkt-in-althuette\/","name":"Naturparkmarkt in Alth\u00fctte - Naturpark Schw\u00e4bisch-Fr\u00e4nkischer Wald","isPartOf":{"@id":"https:\/\/www.naturparkmagazin.de\/schwaebisch-fraenkischer-wald\/#website"},"datePublished":"2014-06-20T11:24:53+00:00","dateModified":"2014-07-18T08:02:50+00:00","author":{"@id":"https:\/\/www.naturparkmagazin.de\/schwaebisch-fraenkischer-wald\/#\/schema\/person\/f047a3702ae747fd7830cf8ac95e6066"},"breadcrumb":{"@id":"https:\/\/www.naturparkmagazin.de\/schwaebisch-fraenkischer-wald\/naturparkmarkt-in-althuette\/#breadcrumb"},"inLanguage":"de","potentialAction":[{"@type":"ReadAction","target":["https:\/\/www.naturparkmagazin.de\/schwaebisch-fraenkischer-wald\/naturparkmarkt-in-althuette\/"]}]},{"@type":"BreadcrumbList","@id":"https:\/\/www.naturparkmagazin.de\/schwaebisch-fraenkischer-wald\/naturparkmarkt-in-althuette\/#breadcrumb","itemListElement":[{"@type":"ListItem","position":1,"name":"Home","item":"https:\/\/www.naturparkmagazin.de\/schwaebisch-fraenkischer-wald\/"},{"@type":"ListItem","position":2,"name":"Naturparkmarkt in Alth\u00fctte"}]},{"@type":"WebSite","@id":"https:\/\/www.naturparkmagazin.de\/schwaebisch-fraenkischer-wald\/#website","url":"https:\/\/www.naturparkmagazin.de\/schwaebisch-fraenkischer-wald\/","name":"Naturpark Schw\u00e4bisch-Fr\u00e4nkischer Wald","description":"","potentialAction":[{"@type":"SearchAction","target":{"@type":"EntryPoint","urlTemplate":"https:\/\/www.naturparkmagazin.de\/schwaebisch-fraenkischer-wald\/?s={search_term_string}"},"query-input":"required name=search_term_string"}],"inLanguage":"de"},{"@type":"Person","@id":"https:\/\/www.naturparkmagazin.de\/schwaebisch-fraenkischer-wald\/#\/schema\/person\/f047a3702ae747fd7830cf8ac95e6066","name":"Naturpark-Team","sameAs":["http:\/\/www.naturpark-sfw.de","https:\/\/www.facebook.com\/naturparkSFW"],"url":"https:\/\/www.naturparkmagazin.de\/schwaebisch-fraenkischer-wald\/author\/bernharddrixler\/"}]}},"_links":{"self":[{"href":"https:\/\/www.naturparkmagazin.de\/schwaebisch-fraenkischer-wald\/wp-json\/wp\/v2\/posts\/872"}],"collection":[{"href":"https:\/\/www.naturparkmagazin.de\/schwaebisch-fraenkischer-wald\/wp-json\/wp\/v2\/posts"}],"about":[{"href":"https:\/\/www.naturparkmagazin.de\/schwaebisch-fraenkischer-wald\/wp-json\/wp\/v2\/types\/post"}],"author":[{"embeddable":true,"href":"https:\/\/www.naturparkmagazin.de\/schwaebisch-fraenkischer-wald\/wp-json\/wp\/v2\/users\/25"}],"replies":[{"embeddable":true,"href":"https:\/\/www.naturparkmagazin.de\/schwaebisch-fraenkischer-wald\/wp-json\/wp\/v2\/comments?post=872"}],"version-history":[{"count":3,"href":"https:\/\/www.naturparkmagazin.de\/schwaebisch-fraenkischer-wald\/wp-json\/wp\/v2\/posts\/872\/revisions"}],"predecessor-version":[{"id":914,"href":"https:\/\/www.naturparkmagazin.de\/schwaebisch-fraenkischer-wald\/wp-json\/wp\/v2\/posts\/872\/revisions\/914"}],"wp:featuredmedia":[{"embeddable":true,"href":"https:\/\/www.naturparkmagazin.de\/schwaebisch-fraenkischer-wald\/wp-json\/wp\/v2\/media\/873"}],"wp:attachment":[{"href":"https:\/\/www.naturparkmagazin.de\/schwaebisch-fraenkischer-wald\/wp-json\/wp\/v2\/media?parent=872"}],"wp:term":[{"taxonomy":"category","embeddable":true,"href":"https:\/\/www.naturparkmagazin.de\/schwaebisch-fraenkischer-wald\/wp-json\/wp\/v2\/categories?post=872"},{"taxonomy":"post_tag","embeddable":true,"href":"https:\/\/www.naturparkmagazin.de\/schwaebisch-fraenkischer-wald\/wp-json\/wp\/v2\/tags?post=872"}],"curies":[{"name":"wp","href":"https:\/\/api.w.org\/{rel}","templated":true}]}}