{"id":8743,"date":"2020-03-16T09:01:21","date_gmt":"2020-03-16T08:01:21","guid":{"rendered":"https:\/\/www.naturparkmagazin.de\/schwaebisch-fraenkischer-wald\/?p=8743"},"modified":"2020-04-01T10:58:43","modified_gmt":"2020-04-01T08:58:43","slug":"neue-naturpark-schule-erfolgreich-zertifiziert","status":"publish","type":"post","link":"https:\/\/www.naturparkmagazin.de\/schwaebisch-fraenkischer-wald\/neue-naturpark-schule-erfolgreich-zertifiziert\/","title":{"rendered":"Neue Naturpark-Schule erfolgreich zertifiziert"},"content":{"rendered":"<p>2019 ist unser Netzwerk an Naturparkschulen um einige neue Mitglieder gewachsen. Die j\u00fcngste Naturpark-Schule in Murrhardt-Fornsbach wurde am 21. Februar 2020 feierlich im Rahmen der Abschlussgala eines Zirkusprojekts im Zirkuszelt die Urkunde \u00fcbereicht.<\/p>\n<div id=\"attachment_8744\" style=\"width: 510px\" class=\"wp-caption alignright\"><a href=\"https:\/\/www.naturparkmagazin.de\/schwaebisch-fraenkischer-wald\/wp-content\/uploads\/sites\/34\/fb582743-0301-4981-8382-193e24e02af5.jpg\"><img aria-describedby=\"caption-attachment-8744\" decoding=\"async\" loading=\"lazy\" class=\"size-full wp-image-8744\" src=\"https:\/\/www.naturparkmagazin.de\/schwaebisch-fraenkischer-wald\/wp-content\/uploads\/sites\/34\/fb582743-0301-4981-8382-193e24e02af5.jpg\" alt=\"Neue Naturpark-Schule: Grundschule Murrhardt-Fornsbach\" width=\"500\" height=\"300\" srcset=\"https:\/\/www.naturparkmagazin.de\/schwaebisch-fraenkischer-wald\/wp-content\/uploads\/sites\/34\/fb582743-0301-4981-8382-193e24e02af5.jpg 500w, https:\/\/www.naturparkmagazin.de\/schwaebisch-fraenkischer-wald\/wp-content\/uploads\/sites\/34\/fb582743-0301-4981-8382-193e24e02af5-300x180.jpg 300w, https:\/\/www.naturparkmagazin.de\/schwaebisch-fraenkischer-wald\/wp-content\/uploads\/sites\/34\/fb582743-0301-4981-8382-193e24e02af5-200x120.jpg 200w\" sizes=\"(max-width: 500px) 100vw, 500px\" \/><\/a><p id=\"caption-attachment-8744\" class=\"wp-caption-text\">Neue Naturpark-Schule: Grundschule Murrhardt-Fornsbach<\/p><\/div>\n<p>Das Staatliche Schulamt Backnang, ein enger Kooperationspartner des Projekts, war ebenfalls anwesend und hat die Schule f\u00fcr die gute Arbeit gelobt. Naturpark-Vorsitzender und B\u00fcrgermeister von Murrhardt, Armin M\u00f6\u00dfner, freute sich \u00fcber die zweite Naturpark-Schule in Murrhardt. Der Walterichschule in Murrhardt ist bereits seit 2015 zertifizierte Naturpark-Schule. F\u00fcr Rektorin Monika Pietron war der Schritt zur Naturpark-Schule sehr naheliegend, da die Natur und der Wald schon immer eine gro\u00dfe Rolle im Unterricht gespielt haben.<\/p>\n<p>Mit der Grundschule Fornsbach steigt die Zahl der Naturpark-Schulen auf 11 im Naturpark Schw\u00e4bisch-Fr\u00e4nkischer Wald. Die weiteren\u00a0 Naturpark-Schulen sind: Grundschule Kaisersbach, Josef-Helmer-Schule Waldenburg, Walterichschule Murrhardt, Plaisirschule Backnang, Janusz-Korczak-Schule, Grundschule Spiegelberg, Grundschule Hohenstadt, Grundschule Bibersfeld, Georg-Kropp-Schule W\u00fcstenrot, und Ganztagsgrundschule Oberweissach.<\/p>\n<p>Ziel der Naturpark-Schulen ist es, Sch\u00fclerinnen und Sch\u00fcler durch origin\u00e4re Naturerfahrungen f\u00fcr Natur- und Umweltthemen sowie f\u00fcr die Besonderheiten in der Region zu begeistern. In einer Naturpark-Schule werden<\/p>\n<ul>\n<li>eine nachhaltige Natur-, Umwelt- und Heimatbildung im Lehrplan verankert<\/li>\n<li>im Schuljahr schulische und au\u00dferschulische Aktivit\u00e4ten zu den Themenfeldern Natur, Umwelt und Heimat durchgef\u00fchrt<\/li>\n<li>der Naturpark, die Naturparkf\u00fchrer und andere au\u00dferschulische Partner (z.B. Schutzgemeinschaft Deutscher Wald, NABU, Welterbe Limes, Bauernh\u00f6fe, Imker&#8230;) f\u00fcr die Angebote mit einbezogen<\/li>\n<li>gemeinsame Aktivit\u00e4ten von und mit den Eltern durchgef\u00fchrt<\/li>\n<li>Fortbildungsangebote f\u00fcr Lehrerinnen und Lehrer angeboten<\/li>\n<li>Besonderheiten der Schule herausgestellt, bspw. Waldklassenzimmer, Baumpatenschaften, Schulgarten etc.<\/li>\n<\/ul>\n<p>Das Pr\u00e4dikat Naturpark-Schule wird f\u00fcr einen Zeitraum von f\u00fcnf Jahren vergeben und kann danach f\u00fcr jeweils f\u00fcnf Jahre verl\u00e4ngert werden.<\/p>\n","protected":false},"excerpt":{"rendered":"<p>Grundschule Murrhardt-Fornsbach ist neu zertifizierte Naturpark-Schule<\/p>\n","protected":false},"author":25,"featured_media":8745,"comment_status":"open","ping_status":"open","sticky":false,"template":"","format":"standard","meta":[],"categories":[7],"tags":[1881,1885],"yoast_head":"<!-- This site is optimized with the Yoast SEO plugin v19.10 - https:\/\/yoast.com\/wordpress\/plugins\/seo\/ -->\n<title>Neue Naturpark-Schule erfolgreich zertifiziert - Naturpark Schw\u00e4bisch-Fr\u00e4nkischer Wald<\/title>\n<meta name=\"robots\" content=\"index, follow, max-snippet:-1, max-image-preview:large, max-video-preview:-1\" \/>\n<link rel=\"canonical\" href=\"https:\/\/www.naturparkmagazin.de\/schwaebisch-fraenkischer-wald\/neue-naturpark-schule-erfolgreich-zertifiziert\/\" \/>\n<meta property=\"og:locale\" content=\"de_DE\" \/>\n<meta property=\"og:type\" content=\"article\" \/>\n<meta property=\"og:title\" content=\"Neue Naturpark-Schule erfolgreich zertifiziert - Naturpark Schw\u00e4bisch-Fr\u00e4nkischer Wald\" \/>\n<meta property=\"og:description\" content=\"Grundschule Murrhardt-Fornsbach ist neu zertifizierte Naturpark-Schule\" \/>\n<meta property=\"og:url\" content=\"https:\/\/www.naturparkmagazin.de\/schwaebisch-fraenkischer-wald\/neue-naturpark-schule-erfolgreich-zertifiziert\/\" \/>\n<meta property=\"og:site_name\" content=\"Naturpark Schw\u00e4bisch-Fr\u00e4nkischer Wald\" \/>\n<meta property=\"article:author\" content=\"https:\/\/www.facebook.com\/naturparkSFW\" \/>\n<meta property=\"article:published_time\" content=\"2020-03-16T08:01:21+00:00\" \/>\n<meta property=\"article:modified_time\" content=\"2020-04-01T08:58:43+00:00\" \/>\n<meta property=\"og:image\" content=\"https:\/\/www.naturparkmagazin.de\/schwaebisch-fraenkischer-wald\/wp-content\/uploads\/sites\/34\/fb582743-0301-4981-8382-193e24e02af51.jpg\" \/>\n\t<meta property=\"og:image:width\" content=\"200\" \/>\n\t<meta property=\"og:image:height\" content=\"200\" \/>\n\t<meta property=\"og:image:type\" content=\"image\/jpeg\" \/>\n<meta name=\"author\" content=\"Naturpark-Team\" \/>\n<meta name=\"twitter:label1\" content=\"Verfasst von\" \/>\n\t<meta name=\"twitter:data1\" content=\"Naturpark-Team\" \/>\n\t<meta name=\"twitter:label2\" content=\"Gesch\u00e4tzte Lesezeit\" \/>\n\t<meta name=\"twitter:data2\" content=\"1\u00a0Minute\" \/>\n<script type=\"application\/ld+json\" class=\"yoast-schema-graph\">{\"@context\":\"https:\/\/schema.org\",\"@graph\":[{\"@type\":\"WebPage\",\"@id\":\"https:\/\/www.naturparkmagazin.de\/schwaebisch-fraenkischer-wald\/neue-naturpark-schule-erfolgreich-zertifiziert\/\",\"url\":\"https:\/\/www.naturparkmagazin.de\/schwaebisch-fraenkischer-wald\/neue-naturpark-schule-erfolgreich-zertifiziert\/\",\"name\":\"Neue Naturpark-Schule erfolgreich zertifiziert - Naturpark Schw\u00e4bisch-Fr\u00e4nkischer Wald\",\"isPartOf\":{\"@id\":\"https:\/\/www.naturparkmagazin.de\/schwaebisch-fraenkischer-wald\/#website\"},\"datePublished\":\"2020-03-16T08:01:21+00:00\",\"dateModified\":\"2020-04-01T08:58:43+00:00\",\"author\":{\"@id\":\"https:\/\/www.naturparkmagazin.de\/schwaebisch-fraenkischer-wald\/#\/schema\/person\/f047a3702ae747fd7830cf8ac95e6066\"},\"breadcrumb\":{\"@id\":\"https:\/\/www.naturparkmagazin.de\/schwaebisch-fraenkischer-wald\/neue-naturpark-schule-erfolgreich-zertifiziert\/#breadcrumb\"},\"inLanguage\":\"de\",\"potentialAction\":[{\"@type\":\"ReadAction\",\"target\":[\"https:\/\/www.naturparkmagazin.de\/schwaebisch-fraenkischer-wald\/neue-naturpark-schule-erfolgreich-zertifiziert\/\"]}]},{\"@type\":\"BreadcrumbList\",\"@id\":\"https:\/\/www.naturparkmagazin.de\/schwaebisch-fraenkischer-wald\/neue-naturpark-schule-erfolgreich-zertifiziert\/#breadcrumb\",\"itemListElement\":[{\"@type\":\"ListItem\",\"position\":1,\"name\":\"Home\",\"item\":\"https:\/\/www.naturparkmagazin.de\/schwaebisch-fraenkischer-wald\/\"},{\"@type\":\"ListItem\",\"position\":2,\"name\":\"Neue Naturpark-Schule erfolgreich zertifiziert\"}]},{\"@type\":\"WebSite\",\"@id\":\"https:\/\/www.naturparkmagazin.de\/schwaebisch-fraenkischer-wald\/#website\",\"url\":\"https:\/\/www.naturparkmagazin.de\/schwaebisch-fraenkischer-wald\/\",\"name\":\"Naturpark Schw\u00e4bisch-Fr\u00e4nkischer Wald\",\"description\":\"\",\"potentialAction\":[{\"@type\":\"SearchAction\",\"target\":{\"@type\":\"EntryPoint\",\"urlTemplate\":\"https:\/\/www.naturparkmagazin.de\/schwaebisch-fraenkischer-wald\/?s={search_term_string}\"},\"query-input\":\"required name=search_term_string\"}],\"inLanguage\":\"de\"},{\"@type\":\"Person\",\"@id\":\"https:\/\/www.naturparkmagazin.de\/schwaebisch-fraenkischer-wald\/#\/schema\/person\/f047a3702ae747fd7830cf8ac95e6066\",\"name\":\"Naturpark-Team\",\"sameAs\":[\"http:\/\/www.naturpark-sfw.de\",\"https:\/\/www.facebook.com\/naturparkSFW\"],\"url\":\"https:\/\/www.naturparkmagazin.de\/schwaebisch-fraenkischer-wald\/author\/bernharddrixler\/\"}]}<\/script>\n<!-- \/ Yoast SEO plugin. -->","yoast_head_json":{"title":"Neue Naturpark-Schule erfolgreich zertifiziert - Naturpark Schw\u00e4bisch-Fr\u00e4nkischer Wald","robots":{"index":"index","follow":"follow","max-snippet":"max-snippet:-1","max-image-preview":"max-image-preview:large","max-video-preview":"max-video-preview:-1"},"canonical":"https:\/\/www.naturparkmagazin.de\/schwaebisch-fraenkischer-wald\/neue-naturpark-schule-erfolgreich-zertifiziert\/","og_locale":"de_DE","og_type":"article","og_title":"Neue Naturpark-Schule erfolgreich zertifiziert - Naturpark Schw\u00e4bisch-Fr\u00e4nkischer Wald","og_description":"Grundschule Murrhardt-Fornsbach ist neu zertifizierte Naturpark-Schule","og_url":"https:\/\/www.naturparkmagazin.de\/schwaebisch-fraenkischer-wald\/neue-naturpark-schule-erfolgreich-zertifiziert\/","og_site_name":"Naturpark Schw\u00e4bisch-Fr\u00e4nkischer Wald","article_author":"https:\/\/www.facebook.com\/naturparkSFW","article_published_time":"2020-03-16T08:01:21+00:00","article_modified_time":"2020-04-01T08:58:43+00:00","og_image":[{"width":200,"height":200,"url":"https:\/\/www.naturparkmagazin.de\/schwaebisch-fraenkischer-wald\/wp-content\/uploads\/sites\/34\/fb582743-0301-4981-8382-193e24e02af51.jpg","type":"image\/jpeg"}],"author":"Naturpark-Team","twitter_misc":{"Verfasst von":"Naturpark-Team","Gesch\u00e4tzte Lesezeit":"1\u00a0Minute"},"schema":{"@context":"https:\/\/schema.org","@graph":[{"@type":"WebPage","@id":"https:\/\/www.naturparkmagazin.de\/schwaebisch-fraenkischer-wald\/neue-naturpark-schule-erfolgreich-zertifiziert\/","url":"https:\/\/www.naturparkmagazin.de\/schwaebisch-fraenkischer-wald\/neue-naturpark-schule-erfolgreich-zertifiziert\/","name":"Neue Naturpark-Schule erfolgreich zertifiziert - Naturpark Schw\u00e4bisch-Fr\u00e4nkischer Wald","isPartOf":{"@id":"https:\/\/www.naturparkmagazin.de\/schwaebisch-fraenkischer-wald\/#website"},"datePublished":"2020-03-16T08:01:21+00:00","dateModified":"2020-04-01T08:58:43+00:00","author":{"@id":"https:\/\/www.naturparkmagazin.de\/schwaebisch-fraenkischer-wald\/#\/schema\/person\/f047a3702ae747fd7830cf8ac95e6066"},"breadcrumb":{"@id":"https:\/\/www.naturparkmagazin.de\/schwaebisch-fraenkischer-wald\/neue-naturpark-schule-erfolgreich-zertifiziert\/#breadcrumb"},"inLanguage":"de","potentialAction":[{"@type":"ReadAction","target":["https:\/\/www.naturparkmagazin.de\/schwaebisch-fraenkischer-wald\/neue-naturpark-schule-erfolgreich-zertifiziert\/"]}]},{"@type":"BreadcrumbList","@id":"https:\/\/www.naturparkmagazin.de\/schwaebisch-fraenkischer-wald\/neue-naturpark-schule-erfolgreich-zertifiziert\/#breadcrumb","itemListElement":[{"@type":"ListItem","position":1,"name":"Home","item":"https:\/\/www.naturparkmagazin.de\/schwaebisch-fraenkischer-wald\/"},{"@type":"ListItem","position":2,"name":"Neue Naturpark-Schule erfolgreich zertifiziert"}]},{"@type":"WebSite","@id":"https:\/\/www.naturparkmagazin.de\/schwaebisch-fraenkischer-wald\/#website","url":"https:\/\/www.naturparkmagazin.de\/schwaebisch-fraenkischer-wald\/","name":"Naturpark Schw\u00e4bisch-Fr\u00e4nkischer Wald","description":"","potentialAction":[{"@type":"SearchAction","target":{"@type":"EntryPoint","urlTemplate":"https:\/\/www.naturparkmagazin.de\/schwaebisch-fraenkischer-wald\/?s={search_term_string}"},"query-input":"required name=search_term_string"}],"inLanguage":"de"},{"@type":"Person","@id":"https:\/\/www.naturparkmagazin.de\/schwaebisch-fraenkischer-wald\/#\/schema\/person\/f047a3702ae747fd7830cf8ac95e6066","name":"Naturpark-Team","sameAs":["http:\/\/www.naturpark-sfw.de","https:\/\/www.facebook.com\/naturparkSFW"],"url":"https:\/\/www.naturparkmagazin.de\/schwaebisch-fraenkischer-wald\/author\/bernharddrixler\/"}]}},"_links":{"self":[{"href":"https:\/\/www.naturparkmagazin.de\/schwaebisch-fraenkischer-wald\/wp-json\/wp\/v2\/posts\/8743"}],"collection":[{"href":"https:\/\/www.naturparkmagazin.de\/schwaebisch-fraenkischer-wald\/wp-json\/wp\/v2\/posts"}],"about":[{"href":"https:\/\/www.naturparkmagazin.de\/schwaebisch-fraenkischer-wald\/wp-json\/wp\/v2\/types\/post"}],"author":[{"embeddable":true,"href":"https:\/\/www.naturparkmagazin.de\/schwaebisch-fraenkischer-wald\/wp-json\/wp\/v2\/users\/25"}],"replies":[{"embeddable":true,"href":"https:\/\/www.naturparkmagazin.de\/schwaebisch-fraenkischer-wald\/wp-json\/wp\/v2\/comments?post=8743"}],"version-history":[{"count":3,"href":"https:\/\/www.naturparkmagazin.de\/schwaebisch-fraenkischer-wald\/wp-json\/wp\/v2\/posts\/8743\/revisions"}],"predecessor-version":[{"id":8748,"href":"https:\/\/www.naturparkmagazin.de\/schwaebisch-fraenkischer-wald\/wp-json\/wp\/v2\/posts\/8743\/revisions\/8748"}],"wp:featuredmedia":[{"embeddable":true,"href":"https:\/\/www.naturparkmagazin.de\/schwaebisch-fraenkischer-wald\/wp-json\/wp\/v2\/media\/8745"}],"wp:attachment":[{"href":"https:\/\/www.naturparkmagazin.de\/schwaebisch-fraenkischer-wald\/wp-json\/wp\/v2\/media?parent=8743"}],"wp:term":[{"taxonomy":"category","embeddable":true,"href":"https:\/\/www.naturparkmagazin.de\/schwaebisch-fraenkischer-wald\/wp-json\/wp\/v2\/categories?post=8743"},{"taxonomy":"post_tag","embeddable":true,"href":"https:\/\/www.naturparkmagazin.de\/schwaebisch-fraenkischer-wald\/wp-json\/wp\/v2\/tags?post=8743"}],"curies":[{"name":"wp","href":"https:\/\/api.w.org\/{rel}","templated":true}]}}