{"id":875,"date":"2014-06-20T13:25:20","date_gmt":"2014-06-20T11:25:20","guid":{"rendered":"http:\/\/www.naturparkmagazin.de\/schwaebisch-fraenkischer-wald\/?p=875"},"modified":"2014-06-26T10:45:08","modified_gmt":"2014-06-26T08:45:08","slug":"ebnisee-fuer-alle-2014","status":"publish","type":"post","link":"https:\/\/www.naturparkmagazin.de\/schwaebisch-fraenkischer-wald\/ebnisee-fuer-alle-2014\/","title":{"rendered":"Ebnisee f\u00fcr Alle 2014"},"content":{"rendered":"<p>Veranstaltung \u201eEbnisee f\u00fcr Alle\u201c am 20.07.2014, 11-18 Uhr am Ebnisee<\/p>\n<p>&nbsp;<\/p>\n<p>Sommer, Sonne, Eis und Ebnisee f\u00fcr alle!<\/p>\n<p>Ein bisschen Wildnis im Herzen tut uns allen gut. Wie sch\u00f6n, dass hierf\u00fcr keine Ausfl\u00fcge ins unwegsame Gel\u00e4nde unternommen werden m\u00fcssen: Bei der zweiten Veranstaltung \u201eEbnisee f\u00fcr Alle\u201c am Sonntag, den 20. Juli von 11 bis 18 Uhr kann absolut jeder, egal ob zu Fu\u00df, im Rollstuhl, zur\u00fcckhaltend oder furchtlos, die Welt mit allen Sinnen wahrnehmen und entdecken.<\/p>\n<p>Veranstalter der Aktionstage ist der Ebniseeverein. Das Projekt wird durch den Naturpark Schw\u00e4bisch-Fr\u00e4nkischer Wald mit Mitteln des Landes Baden-W\u00fcrttemberg, der Lotterie Gl\u00fccksspirale und der Europ\u00e4ischen Union gef\u00f6rdert.<\/p>\n<p>Unter dem Motto \u201eS\u00e4en und sehen\u201c bietet die Lebenshilfe Rems-Murr und Forum f\u00fcr Teilhabe der Lebenshilfe wieder ein Blumenwiesen-Projekt an. Jeder hat die M\u00f6glichkeit, seine eigene Blumenwiese zu s\u00e4en. Wer der Meinung ist, Blumen seien \u201eM\u00e4dchensachen\u201c, der kann sich mit Naturparkf\u00fchrer Walter Hieber und Klaus Pfeffer am Bau eines richtigen Flo\u00dfes beteiligen und anschlie\u00dfend in die raue See stechen.<\/p>\n<p>Spielen und experimentieren k\u00f6nnen Sie auch wieder beim mobilen \u201eErfahrungsfeld der Sinne\u201c der Laufenm\u00fchle. Und mit allen Sinnen geht es weiter, denn auf den Spuren der Kelten entdecken Sie mit Anja Tochtermann die Br\u00e4uche und Heilkr\u00e4fte der heimischen Pflanzen. Wer gerne wissen m\u00f6chte, wie einst die Ureinwohner gejagt haben, kann bei Manfred K\u00fcbler das Bogenschie\u00dfen probieren. Seine Karriere als angehender Indianer kann man bei Musiker und Instrumentenbauer Andreas Deuschle fortsetzen, denn dor gibt es die M\u00f6glichkeit, eine Indianerfl\u00f6te zu bauen und die Magie des warmen und weichen Klangs zu sp\u00fcren.<\/p>\n<p>Gem\u00fctlicher geht es mit Konrad Jelden, 1. Vorsitzender des Ebnisee Vereins, um 14 Uhr mit einer informativen F\u00fchrung um den Ebnisee zu. Das tolle dabei, er ist in Begleitung eines Geb\u00e4rdensprachen-Dolmetschers und bietet so die M\u00f6glichkeit, geh\u00f6rlose und h\u00f6rgesch\u00e4digte Menschen mit auf die Reise zu nehmen. Und wer es ganz gem\u00fctlich will, der hat die Gelegenheit, Rollstuhlfahrer Simon Maier, Mitarbeiter des Kreisjugendringes Rems-Murr, zuzuh\u00f6ren. Er erz\u00e4hlt ehrlich und mit viel Humor au\u00dfergew\u00f6hnliche Alltagsgeschichten aus dem Leben eines \u201eRollmops\u201c.<\/p>\n<p>Nat\u00fcrlich gibt es rund um den Ebnisee noch weit mehr zu Entdecken und zu Erleben. Der Flyer mit dem vollst\u00e4ndigen Programm kann beim Naturpark angefordert oder im Internet heruntergeladen werden. Mehr zum Thema Barrierefreiheit im Naturpark finden Sie unter: <a href=\"http:\/\/www.naturpark-sfw.de\">www.naturpark-sfw.de<\/a>.<\/p>\n<p>&nbsp;<\/p>\n","protected":false},"excerpt":{"rendered":"<p>Ein bisschen Wildnis im Herzen tut uns allen gut. Wie sch\u00f6n, dass hierf\u00fcr keine Ausfl\u00fcge ins unwegsame Gel\u00e4nde unternommen werden m\u00fcssen: Bei der zweiten Veranstaltung \u201eEbnisee f\u00fcr Alle\u201c am Sonntag, den 20. Juli von 11 bis 18 Uhr kann absolut jeder, egal ob zu Fu\u00df, im Rollstuhl, zur\u00fcckhaltend oder furchtlos, die Welt mit allen Sinnen wahrnehmen und entdecken.<\/p>\n","protected":false},"author":25,"featured_media":876,"comment_status":"open","ping_status":"open","sticky":false,"template":"","format":"standard","meta":[],"categories":[11],"tags":[186],"yoast_head":"<!-- This site is optimized with the Yoast SEO plugin v19.10 - https:\/\/yoast.com\/wordpress\/plugins\/seo\/ -->\n<title>Ebnisee f\u00fcr Alle 2014 - Naturpark Schw\u00e4bisch-Fr\u00e4nkischer Wald<\/title>\n<meta name=\"robots\" content=\"index, follow, max-snippet:-1, max-image-preview:large, max-video-preview:-1\" \/>\n<link rel=\"canonical\" href=\"https:\/\/www.naturparkmagazin.de\/schwaebisch-fraenkischer-wald\/ebnisee-fuer-alle-2014\/\" \/>\n<meta property=\"og:locale\" content=\"de_DE\" \/>\n<meta property=\"og:type\" content=\"article\" \/>\n<meta property=\"og:title\" content=\"Ebnisee f\u00fcr Alle 2014 - Naturpark Schw\u00e4bisch-Fr\u00e4nkischer Wald\" \/>\n<meta property=\"og:description\" content=\"Ein bisschen Wildnis im Herzen tut uns allen gut. Wie sch\u00f6n, dass hierf\u00fcr keine Ausfl\u00fcge ins unwegsame Gel\u00e4nde unternommen werden m\u00fcssen: Bei der zweiten Veranstaltung \u201eEbnisee f\u00fcr Alle\u201c am Sonntag, den 20. Juli von 11 bis 18 Uhr kann absolut jeder, egal ob zu Fu\u00df, im Rollstuhl, zur\u00fcckhaltend oder furchtlos, die Welt mit allen Sinnen wahrnehmen und entdecken.\" \/>\n<meta property=\"og:url\" content=\"https:\/\/www.naturparkmagazin.de\/schwaebisch-fraenkischer-wald\/ebnisee-fuer-alle-2014\/\" \/>\n<meta property=\"og:site_name\" content=\"Naturpark Schw\u00e4bisch-Fr\u00e4nkischer Wald\" \/>\n<meta property=\"article:author\" content=\"https:\/\/www.facebook.com\/naturparkSFW\" \/>\n<meta property=\"article:published_time\" content=\"2014-06-20T11:25:20+00:00\" \/>\n<meta property=\"article:modified_time\" content=\"2014-06-26T08:45:08+00:00\" \/>\n<meta property=\"og:image\" content=\"https:\/\/www.naturparkmagazin.de\/schwaebisch-fraenkischer-wald\/wp-content\/uploads\/sites\/34\/2014_Titel_Ebnisee_fuer_alle2014.jpg\" \/>\n\t<meta property=\"og:image:width\" content=\"579\" \/>\n\t<meta property=\"og:image:height\" content=\"1240\" \/>\n\t<meta property=\"og:image:type\" content=\"image\/jpeg\" \/>\n<meta name=\"author\" content=\"Naturpark-Team\" \/>\n<meta name=\"twitter:label1\" content=\"Verfasst von\" \/>\n\t<meta name=\"twitter:data1\" content=\"Naturpark-Team\" \/>\n\t<meta name=\"twitter:label2\" content=\"Gesch\u00e4tzte Lesezeit\" \/>\n\t<meta name=\"twitter:data2\" content=\"2\u00a0Minuten\" \/>\n<script type=\"application\/ld+json\" class=\"yoast-schema-graph\">{\"@context\":\"https:\/\/schema.org\",\"@graph\":[{\"@type\":\"WebPage\",\"@id\":\"https:\/\/www.naturparkmagazin.de\/schwaebisch-fraenkischer-wald\/ebnisee-fuer-alle-2014\/\",\"url\":\"https:\/\/www.naturparkmagazin.de\/schwaebisch-fraenkischer-wald\/ebnisee-fuer-alle-2014\/\",\"name\":\"Ebnisee f\u00fcr Alle 2014 - Naturpark Schw\u00e4bisch-Fr\u00e4nkischer Wald\",\"isPartOf\":{\"@id\":\"https:\/\/www.naturparkmagazin.de\/schwaebisch-fraenkischer-wald\/#website\"},\"datePublished\":\"2014-06-20T11:25:20+00:00\",\"dateModified\":\"2014-06-26T08:45:08+00:00\",\"author\":{\"@id\":\"https:\/\/www.naturparkmagazin.de\/schwaebisch-fraenkischer-wald\/#\/schema\/person\/f047a3702ae747fd7830cf8ac95e6066\"},\"breadcrumb\":{\"@id\":\"https:\/\/www.naturparkmagazin.de\/schwaebisch-fraenkischer-wald\/ebnisee-fuer-alle-2014\/#breadcrumb\"},\"inLanguage\":\"de\",\"potentialAction\":[{\"@type\":\"ReadAction\",\"target\":[\"https:\/\/www.naturparkmagazin.de\/schwaebisch-fraenkischer-wald\/ebnisee-fuer-alle-2014\/\"]}]},{\"@type\":\"BreadcrumbList\",\"@id\":\"https:\/\/www.naturparkmagazin.de\/schwaebisch-fraenkischer-wald\/ebnisee-fuer-alle-2014\/#breadcrumb\",\"itemListElement\":[{\"@type\":\"ListItem\",\"position\":1,\"name\":\"Home\",\"item\":\"https:\/\/www.naturparkmagazin.de\/schwaebisch-fraenkischer-wald\/\"},{\"@type\":\"ListItem\",\"position\":2,\"name\":\"Ebnisee f\u00fcr Alle 2014\"}]},{\"@type\":\"WebSite\",\"@id\":\"https:\/\/www.naturparkmagazin.de\/schwaebisch-fraenkischer-wald\/#website\",\"url\":\"https:\/\/www.naturparkmagazin.de\/schwaebisch-fraenkischer-wald\/\",\"name\":\"Naturpark Schw\u00e4bisch-Fr\u00e4nkischer Wald\",\"description\":\"\",\"potentialAction\":[{\"@type\":\"SearchAction\",\"target\":{\"@type\":\"EntryPoint\",\"urlTemplate\":\"https:\/\/www.naturparkmagazin.de\/schwaebisch-fraenkischer-wald\/?s={search_term_string}\"},\"query-input\":\"required name=search_term_string\"}],\"inLanguage\":\"de\"},{\"@type\":\"Person\",\"@id\":\"https:\/\/www.naturparkmagazin.de\/schwaebisch-fraenkischer-wald\/#\/schema\/person\/f047a3702ae747fd7830cf8ac95e6066\",\"name\":\"Naturpark-Team\",\"sameAs\":[\"http:\/\/www.naturpark-sfw.de\",\"https:\/\/www.facebook.com\/naturparkSFW\"],\"url\":\"https:\/\/www.naturparkmagazin.de\/schwaebisch-fraenkischer-wald\/author\/bernharddrixler\/\"}]}<\/script>\n<!-- \/ Yoast SEO plugin. -->","yoast_head_json":{"title":"Ebnisee f\u00fcr Alle 2014 - Naturpark Schw\u00e4bisch-Fr\u00e4nkischer Wald","robots":{"index":"index","follow":"follow","max-snippet":"max-snippet:-1","max-image-preview":"max-image-preview:large","max-video-preview":"max-video-preview:-1"},"canonical":"https:\/\/www.naturparkmagazin.de\/schwaebisch-fraenkischer-wald\/ebnisee-fuer-alle-2014\/","og_locale":"de_DE","og_type":"article","og_title":"Ebnisee f\u00fcr Alle 2014 - Naturpark Schw\u00e4bisch-Fr\u00e4nkischer Wald","og_description":"Ein bisschen Wildnis im Herzen tut uns allen gut. Wie sch\u00f6n, dass hierf\u00fcr keine Ausfl\u00fcge ins unwegsame Gel\u00e4nde unternommen werden m\u00fcssen: Bei der zweiten Veranstaltung \u201eEbnisee f\u00fcr Alle\u201c am Sonntag, den 20. Juli von 11 bis 18 Uhr kann absolut jeder, egal ob zu Fu\u00df, im Rollstuhl, zur\u00fcckhaltend oder furchtlos, die Welt mit allen Sinnen wahrnehmen und entdecken.","og_url":"https:\/\/www.naturparkmagazin.de\/schwaebisch-fraenkischer-wald\/ebnisee-fuer-alle-2014\/","og_site_name":"Naturpark Schw\u00e4bisch-Fr\u00e4nkischer Wald","article_author":"https:\/\/www.facebook.com\/naturparkSFW","article_published_time":"2014-06-20T11:25:20+00:00","article_modified_time":"2014-06-26T08:45:08+00:00","og_image":[{"width":579,"height":1240,"url":"https:\/\/www.naturparkmagazin.de\/schwaebisch-fraenkischer-wald\/wp-content\/uploads\/sites\/34\/2014_Titel_Ebnisee_fuer_alle2014.jpg","type":"image\/jpeg"}],"author":"Naturpark-Team","twitter_misc":{"Verfasst von":"Naturpark-Team","Gesch\u00e4tzte Lesezeit":"2\u00a0Minuten"},"schema":{"@context":"https:\/\/schema.org","@graph":[{"@type":"WebPage","@id":"https:\/\/www.naturparkmagazin.de\/schwaebisch-fraenkischer-wald\/ebnisee-fuer-alle-2014\/","url":"https:\/\/www.naturparkmagazin.de\/schwaebisch-fraenkischer-wald\/ebnisee-fuer-alle-2014\/","name":"Ebnisee f\u00fcr Alle 2014 - Naturpark Schw\u00e4bisch-Fr\u00e4nkischer Wald","isPartOf":{"@id":"https:\/\/www.naturparkmagazin.de\/schwaebisch-fraenkischer-wald\/#website"},"datePublished":"2014-06-20T11:25:20+00:00","dateModified":"2014-06-26T08:45:08+00:00","author":{"@id":"https:\/\/www.naturparkmagazin.de\/schwaebisch-fraenkischer-wald\/#\/schema\/person\/f047a3702ae747fd7830cf8ac95e6066"},"breadcrumb":{"@id":"https:\/\/www.naturparkmagazin.de\/schwaebisch-fraenkischer-wald\/ebnisee-fuer-alle-2014\/#breadcrumb"},"inLanguage":"de","potentialAction":[{"@type":"ReadAction","target":["https:\/\/www.naturparkmagazin.de\/schwaebisch-fraenkischer-wald\/ebnisee-fuer-alle-2014\/"]}]},{"@type":"BreadcrumbList","@id":"https:\/\/www.naturparkmagazin.de\/schwaebisch-fraenkischer-wald\/ebnisee-fuer-alle-2014\/#breadcrumb","itemListElement":[{"@type":"ListItem","position":1,"name":"Home","item":"https:\/\/www.naturparkmagazin.de\/schwaebisch-fraenkischer-wald\/"},{"@type":"ListItem","position":2,"name":"Ebnisee f\u00fcr Alle 2014"}]},{"@type":"WebSite","@id":"https:\/\/www.naturparkmagazin.de\/schwaebisch-fraenkischer-wald\/#website","url":"https:\/\/www.naturparkmagazin.de\/schwaebisch-fraenkischer-wald\/","name":"Naturpark Schw\u00e4bisch-Fr\u00e4nkischer Wald","description":"","potentialAction":[{"@type":"SearchAction","target":{"@type":"EntryPoint","urlTemplate":"https:\/\/www.naturparkmagazin.de\/schwaebisch-fraenkischer-wald\/?s={search_term_string}"},"query-input":"required name=search_term_string"}],"inLanguage":"de"},{"@type":"Person","@id":"https:\/\/www.naturparkmagazin.de\/schwaebisch-fraenkischer-wald\/#\/schema\/person\/f047a3702ae747fd7830cf8ac95e6066","name":"Naturpark-Team","sameAs":["http:\/\/www.naturpark-sfw.de","https:\/\/www.facebook.com\/naturparkSFW"],"url":"https:\/\/www.naturparkmagazin.de\/schwaebisch-fraenkischer-wald\/author\/bernharddrixler\/"}]}},"_links":{"self":[{"href":"https:\/\/www.naturparkmagazin.de\/schwaebisch-fraenkischer-wald\/wp-json\/wp\/v2\/posts\/875"}],"collection":[{"href":"https:\/\/www.naturparkmagazin.de\/schwaebisch-fraenkischer-wald\/wp-json\/wp\/v2\/posts"}],"about":[{"href":"https:\/\/www.naturparkmagazin.de\/schwaebisch-fraenkischer-wald\/wp-json\/wp\/v2\/types\/post"}],"author":[{"embeddable":true,"href":"https:\/\/www.naturparkmagazin.de\/schwaebisch-fraenkischer-wald\/wp-json\/wp\/v2\/users\/25"}],"replies":[{"embeddable":true,"href":"https:\/\/www.naturparkmagazin.de\/schwaebisch-fraenkischer-wald\/wp-json\/wp\/v2\/comments?post=875"}],"version-history":[{"count":3,"href":"https:\/\/www.naturparkmagazin.de\/schwaebisch-fraenkischer-wald\/wp-json\/wp\/v2\/posts\/875\/revisions"}],"predecessor-version":[{"id":890,"href":"https:\/\/www.naturparkmagazin.de\/schwaebisch-fraenkischer-wald\/wp-json\/wp\/v2\/posts\/875\/revisions\/890"}],"wp:featuredmedia":[{"embeddable":true,"href":"https:\/\/www.naturparkmagazin.de\/schwaebisch-fraenkischer-wald\/wp-json\/wp\/v2\/media\/876"}],"wp:attachment":[{"href":"https:\/\/www.naturparkmagazin.de\/schwaebisch-fraenkischer-wald\/wp-json\/wp\/v2\/media?parent=875"}],"wp:term":[{"taxonomy":"category","embeddable":true,"href":"https:\/\/www.naturparkmagazin.de\/schwaebisch-fraenkischer-wald\/wp-json\/wp\/v2\/categories?post=875"},{"taxonomy":"post_tag","embeddable":true,"href":"https:\/\/www.naturparkmagazin.de\/schwaebisch-fraenkischer-wald\/wp-json\/wp\/v2\/tags?post=875"}],"curies":[{"name":"wp","href":"https:\/\/api.w.org\/{rel}","templated":true}]}}