{"id":8755,"date":"2020-03-16T09:47:06","date_gmt":"2020-03-16T08:47:06","guid":{"rendered":"https:\/\/www.naturparkmagazin.de\/schwaebisch-fraenkischer-wald\/?p=8755"},"modified":"2020-03-16T09:53:20","modified_gmt":"2020-03-16T08:53:20","slug":"ohne-plapla-in-ludwigsburg-feiert-1-jaehriges-jubilaeum","status":"publish","type":"post","link":"https:\/\/www.naturparkmagazin.de\/schwaebisch-fraenkischer-wald\/ohne-plapla-in-ludwigsburg-feiert-1-jaehriges-jubilaeum\/","title":{"rendered":"\u201eohne PlaPla\u201c in Ludwigsburg feiert 1-j\u00e4hriges Jubil\u00e4um"},"content":{"rendered":"<p>Ende Februar 2019 hat mit \u201eohne PlaPla\u201c der erste Unverpackt-Laden Ludwigsburgs er\u00f6ffnet. <a href=\"https:\/\/www.naturparkmagazin.de\/schwaebisch-fraenkischer-wald\/wp-content\/uploads\/sites\/34\/Jubil\u00e4um.jpg\"><img decoding=\"async\" loading=\"lazy\" class=\"alignright size-full wp-image-8758\" src=\"https:\/\/www.naturparkmagazin.de\/schwaebisch-fraenkischer-wald\/wp-content\/uploads\/sites\/34\/Jubil\u00e4um.jpg\" alt=\"Jubil\u00e4um\" width=\"300\" height=\"500\" srcset=\"https:\/\/www.naturparkmagazin.de\/schwaebisch-fraenkischer-wald\/wp-content\/uploads\/sites\/34\/Jubil\u00e4um.jpg 300w, https:\/\/www.naturparkmagazin.de\/schwaebisch-fraenkischer-wald\/wp-content\/uploads\/sites\/34\/Jubil\u00e4um-200x333.jpg 200w\" sizes=\"(max-width: 300px) 100vw, 300px\" \/><\/a><\/p>\n<p>P\u00fcnktlich zum 1. Geburtstag durfte daher eine Geburtstagsparty nicht fehlen \u2013 zahlreiche Kunden und Gesch\u00e4ftspartner folgten der Einladung, um bei Live-Musik und einem Glas Sekt mit Gr\u00fcnder und Gesch\u00e4ftsf\u00fchrer Hergen Blase und seinem Team anzusto\u00dfen.<\/p>\n<p>Das Sortiment umfasst inzwischen \u00fcber 1.200 Artikel, plastikfrei und \u00fcberwiegend unverpackt. Der Naturpark Schw\u00e4bisch-Fr\u00e4nkischer Wald ist hierbei Partner der ersten Stunde \u2013 und wer den Laden betritt muss sich nicht lange umsehen, um die ersten Produkte aus dem Naturpark zu finden. Ob Honig, Seifen, Holzk\u00e4mme oder edle Spirituosen \u2013 der Naturpark l\u00e4sst sich hier mit allen Sinnen entdecken und genie\u00dfen.<\/p>\n<p>Das \u201eohne PlaPla\u201c ist hierbei viel mehr als eine Einkaufsst\u00e4tte \u2013 regelm\u00e4\u00dfige Workshops und Veranstaltungen laden dazu ein, den Laden auch au\u00dferhalb der \u00d6ffnungszeiten zu besuchen und sich zu vielf\u00e4ltigen Themen inspirieren zu lassen.<\/p>\n<p>Aktuelle Veranstaltungen finden sich unter: <a href=\"http:\/\/www.ohneplapla.de\/termine\" target=\"_blank\">www.ohneplapla.de\/termine<\/a><\/p>\n<p><u>Kontakt:<\/u><\/p>\n<p>ohne PlaPla, Lindenstra\u00dfe 2, 71634 Ludwigsburg<\/p>\n<p><a href=\"http:\/\/www.ohneplapla.de\" target=\"_blank\">www.ohneplapla.de<\/a><\/p>\n","protected":false},"excerpt":{"rendered":"<p>Splitternackt wird&#8217;s eingepackt&#8230;<\/p>\n","protected":false},"author":25,"featured_media":8759,"comment_status":"open","ping_status":"open","sticky":false,"template":"","format":"standard","meta":[],"categories":[7],"tags":[],"yoast_head":"<!-- This site is optimized with the Yoast SEO plugin v19.10 - https:\/\/yoast.com\/wordpress\/plugins\/seo\/ -->\n<title>\u201eohne PlaPla\u201c in Ludwigsburg feiert 1-j\u00e4hriges Jubil\u00e4um - Naturpark Schw\u00e4bisch-Fr\u00e4nkischer Wald<\/title>\n<meta name=\"robots\" content=\"index, follow, max-snippet:-1, max-image-preview:large, max-video-preview:-1\" \/>\n<link rel=\"canonical\" href=\"https:\/\/www.naturparkmagazin.de\/schwaebisch-fraenkischer-wald\/ohne-plapla-in-ludwigsburg-feiert-1-jaehriges-jubilaeum\/\" \/>\n<meta property=\"og:locale\" content=\"de_DE\" \/>\n<meta property=\"og:type\" content=\"article\" \/>\n<meta property=\"og:title\" content=\"\u201eohne PlaPla\u201c in Ludwigsburg feiert 1-j\u00e4hriges Jubil\u00e4um - Naturpark Schw\u00e4bisch-Fr\u00e4nkischer Wald\" \/>\n<meta property=\"og:description\" content=\"Splitternackt wird&#039;s eingepackt...\" \/>\n<meta property=\"og:url\" content=\"https:\/\/www.naturparkmagazin.de\/schwaebisch-fraenkischer-wald\/ohne-plapla-in-ludwigsburg-feiert-1-jaehriges-jubilaeum\/\" \/>\n<meta property=\"og:site_name\" content=\"Naturpark Schw\u00e4bisch-Fr\u00e4nkischer Wald\" \/>\n<meta property=\"article:author\" content=\"https:\/\/www.facebook.com\/naturparkSFW\" \/>\n<meta property=\"article:published_time\" content=\"2020-03-16T08:47:06+00:00\" \/>\n<meta property=\"article:modified_time\" content=\"2020-03-16T08:53:20+00:00\" \/>\n<meta property=\"og:image\" content=\"https:\/\/www.naturparkmagazin.de\/schwaebisch-fraenkischer-wald\/wp-content\/uploads\/sites\/34\/Jubil\u00e4um1.jpg\" \/>\n\t<meta property=\"og:image:width\" content=\"200\" \/>\n\t<meta property=\"og:image:height\" content=\"200\" \/>\n\t<meta property=\"og:image:type\" content=\"image\/jpeg\" \/>\n<meta name=\"author\" content=\"Naturpark-Team\" \/>\n<meta name=\"twitter:label1\" content=\"Verfasst von\" \/>\n\t<meta name=\"twitter:data1\" content=\"Naturpark-Team\" \/>\n\t<meta name=\"twitter:label2\" content=\"Gesch\u00e4tzte Lesezeit\" \/>\n\t<meta name=\"twitter:data2\" content=\"1\u00a0Minute\" \/>\n<script type=\"application\/ld+json\" class=\"yoast-schema-graph\">{\"@context\":\"https:\/\/schema.org\",\"@graph\":[{\"@type\":\"WebPage\",\"@id\":\"https:\/\/www.naturparkmagazin.de\/schwaebisch-fraenkischer-wald\/ohne-plapla-in-ludwigsburg-feiert-1-jaehriges-jubilaeum\/\",\"url\":\"https:\/\/www.naturparkmagazin.de\/schwaebisch-fraenkischer-wald\/ohne-plapla-in-ludwigsburg-feiert-1-jaehriges-jubilaeum\/\",\"name\":\"\u201eohne PlaPla\u201c in Ludwigsburg feiert 1-j\u00e4hriges Jubil\u00e4um - Naturpark Schw\u00e4bisch-Fr\u00e4nkischer Wald\",\"isPartOf\":{\"@id\":\"https:\/\/www.naturparkmagazin.de\/schwaebisch-fraenkischer-wald\/#website\"},\"datePublished\":\"2020-03-16T08:47:06+00:00\",\"dateModified\":\"2020-03-16T08:53:20+00:00\",\"author\":{\"@id\":\"https:\/\/www.naturparkmagazin.de\/schwaebisch-fraenkischer-wald\/#\/schema\/person\/f047a3702ae747fd7830cf8ac95e6066\"},\"breadcrumb\":{\"@id\":\"https:\/\/www.naturparkmagazin.de\/schwaebisch-fraenkischer-wald\/ohne-plapla-in-ludwigsburg-feiert-1-jaehriges-jubilaeum\/#breadcrumb\"},\"inLanguage\":\"de\",\"potentialAction\":[{\"@type\":\"ReadAction\",\"target\":[\"https:\/\/www.naturparkmagazin.de\/schwaebisch-fraenkischer-wald\/ohne-plapla-in-ludwigsburg-feiert-1-jaehriges-jubilaeum\/\"]}]},{\"@type\":\"BreadcrumbList\",\"@id\":\"https:\/\/www.naturparkmagazin.de\/schwaebisch-fraenkischer-wald\/ohne-plapla-in-ludwigsburg-feiert-1-jaehriges-jubilaeum\/#breadcrumb\",\"itemListElement\":[{\"@type\":\"ListItem\",\"position\":1,\"name\":\"Home\",\"item\":\"https:\/\/www.naturparkmagazin.de\/schwaebisch-fraenkischer-wald\/\"},{\"@type\":\"ListItem\",\"position\":2,\"name\":\"\u201eohne PlaPla\u201c in Ludwigsburg feiert 1-j\u00e4hriges Jubil\u00e4um\"}]},{\"@type\":\"WebSite\",\"@id\":\"https:\/\/www.naturparkmagazin.de\/schwaebisch-fraenkischer-wald\/#website\",\"url\":\"https:\/\/www.naturparkmagazin.de\/schwaebisch-fraenkischer-wald\/\",\"name\":\"Naturpark Schw\u00e4bisch-Fr\u00e4nkischer Wald\",\"description\":\"\",\"potentialAction\":[{\"@type\":\"SearchAction\",\"target\":{\"@type\":\"EntryPoint\",\"urlTemplate\":\"https:\/\/www.naturparkmagazin.de\/schwaebisch-fraenkischer-wald\/?s={search_term_string}\"},\"query-input\":\"required name=search_term_string\"}],\"inLanguage\":\"de\"},{\"@type\":\"Person\",\"@id\":\"https:\/\/www.naturparkmagazin.de\/schwaebisch-fraenkischer-wald\/#\/schema\/person\/f047a3702ae747fd7830cf8ac95e6066\",\"name\":\"Naturpark-Team\",\"sameAs\":[\"http:\/\/www.naturpark-sfw.de\",\"https:\/\/www.facebook.com\/naturparkSFW\"],\"url\":\"https:\/\/www.naturparkmagazin.de\/schwaebisch-fraenkischer-wald\/author\/bernharddrixler\/\"}]}<\/script>\n<!-- \/ Yoast SEO plugin. -->","yoast_head_json":{"title":"\u201eohne PlaPla\u201c in Ludwigsburg feiert 1-j\u00e4hriges Jubil\u00e4um - Naturpark Schw\u00e4bisch-Fr\u00e4nkischer Wald","robots":{"index":"index","follow":"follow","max-snippet":"max-snippet:-1","max-image-preview":"max-image-preview:large","max-video-preview":"max-video-preview:-1"},"canonical":"https:\/\/www.naturparkmagazin.de\/schwaebisch-fraenkischer-wald\/ohne-plapla-in-ludwigsburg-feiert-1-jaehriges-jubilaeum\/","og_locale":"de_DE","og_type":"article","og_title":"\u201eohne PlaPla\u201c in Ludwigsburg feiert 1-j\u00e4hriges Jubil\u00e4um - Naturpark Schw\u00e4bisch-Fr\u00e4nkischer Wald","og_description":"Splitternackt wird's eingepackt...","og_url":"https:\/\/www.naturparkmagazin.de\/schwaebisch-fraenkischer-wald\/ohne-plapla-in-ludwigsburg-feiert-1-jaehriges-jubilaeum\/","og_site_name":"Naturpark Schw\u00e4bisch-Fr\u00e4nkischer Wald","article_author":"https:\/\/www.facebook.com\/naturparkSFW","article_published_time":"2020-03-16T08:47:06+00:00","article_modified_time":"2020-03-16T08:53:20+00:00","og_image":[{"width":200,"height":200,"url":"https:\/\/www.naturparkmagazin.de\/schwaebisch-fraenkischer-wald\/wp-content\/uploads\/sites\/34\/Jubil\u00e4um1.jpg","type":"image\/jpeg"}],"author":"Naturpark-Team","twitter_misc":{"Verfasst von":"Naturpark-Team","Gesch\u00e4tzte Lesezeit":"1\u00a0Minute"},"schema":{"@context":"https:\/\/schema.org","@graph":[{"@type":"WebPage","@id":"https:\/\/www.naturparkmagazin.de\/schwaebisch-fraenkischer-wald\/ohne-plapla-in-ludwigsburg-feiert-1-jaehriges-jubilaeum\/","url":"https:\/\/www.naturparkmagazin.de\/schwaebisch-fraenkischer-wald\/ohne-plapla-in-ludwigsburg-feiert-1-jaehriges-jubilaeum\/","name":"\u201eohne PlaPla\u201c in Ludwigsburg feiert 1-j\u00e4hriges Jubil\u00e4um - Naturpark Schw\u00e4bisch-Fr\u00e4nkischer Wald","isPartOf":{"@id":"https:\/\/www.naturparkmagazin.de\/schwaebisch-fraenkischer-wald\/#website"},"datePublished":"2020-03-16T08:47:06+00:00","dateModified":"2020-03-16T08:53:20+00:00","author":{"@id":"https:\/\/www.naturparkmagazin.de\/schwaebisch-fraenkischer-wald\/#\/schema\/person\/f047a3702ae747fd7830cf8ac95e6066"},"breadcrumb":{"@id":"https:\/\/www.naturparkmagazin.de\/schwaebisch-fraenkischer-wald\/ohne-plapla-in-ludwigsburg-feiert-1-jaehriges-jubilaeum\/#breadcrumb"},"inLanguage":"de","potentialAction":[{"@type":"ReadAction","target":["https:\/\/www.naturparkmagazin.de\/schwaebisch-fraenkischer-wald\/ohne-plapla-in-ludwigsburg-feiert-1-jaehriges-jubilaeum\/"]}]},{"@type":"BreadcrumbList","@id":"https:\/\/www.naturparkmagazin.de\/schwaebisch-fraenkischer-wald\/ohne-plapla-in-ludwigsburg-feiert-1-jaehriges-jubilaeum\/#breadcrumb","itemListElement":[{"@type":"ListItem","position":1,"name":"Home","item":"https:\/\/www.naturparkmagazin.de\/schwaebisch-fraenkischer-wald\/"},{"@type":"ListItem","position":2,"name":"\u201eohne PlaPla\u201c in Ludwigsburg feiert 1-j\u00e4hriges Jubil\u00e4um"}]},{"@type":"WebSite","@id":"https:\/\/www.naturparkmagazin.de\/schwaebisch-fraenkischer-wald\/#website","url":"https:\/\/www.naturparkmagazin.de\/schwaebisch-fraenkischer-wald\/","name":"Naturpark Schw\u00e4bisch-Fr\u00e4nkischer Wald","description":"","potentialAction":[{"@type":"SearchAction","target":{"@type":"EntryPoint","urlTemplate":"https:\/\/www.naturparkmagazin.de\/schwaebisch-fraenkischer-wald\/?s={search_term_string}"},"query-input":"required name=search_term_string"}],"inLanguage":"de"},{"@type":"Person","@id":"https:\/\/www.naturparkmagazin.de\/schwaebisch-fraenkischer-wald\/#\/schema\/person\/f047a3702ae747fd7830cf8ac95e6066","name":"Naturpark-Team","sameAs":["http:\/\/www.naturpark-sfw.de","https:\/\/www.facebook.com\/naturparkSFW"],"url":"https:\/\/www.naturparkmagazin.de\/schwaebisch-fraenkischer-wald\/author\/bernharddrixler\/"}]}},"_links":{"self":[{"href":"https:\/\/www.naturparkmagazin.de\/schwaebisch-fraenkischer-wald\/wp-json\/wp\/v2\/posts\/8755"}],"collection":[{"href":"https:\/\/www.naturparkmagazin.de\/schwaebisch-fraenkischer-wald\/wp-json\/wp\/v2\/posts"}],"about":[{"href":"https:\/\/www.naturparkmagazin.de\/schwaebisch-fraenkischer-wald\/wp-json\/wp\/v2\/types\/post"}],"author":[{"embeddable":true,"href":"https:\/\/www.naturparkmagazin.de\/schwaebisch-fraenkischer-wald\/wp-json\/wp\/v2\/users\/25"}],"replies":[{"embeddable":true,"href":"https:\/\/www.naturparkmagazin.de\/schwaebisch-fraenkischer-wald\/wp-json\/wp\/v2\/comments?post=8755"}],"version-history":[{"count":3,"href":"https:\/\/www.naturparkmagazin.de\/schwaebisch-fraenkischer-wald\/wp-json\/wp\/v2\/posts\/8755\/revisions"}],"predecessor-version":[{"id":8760,"href":"https:\/\/www.naturparkmagazin.de\/schwaebisch-fraenkischer-wald\/wp-json\/wp\/v2\/posts\/8755\/revisions\/8760"}],"wp:featuredmedia":[{"embeddable":true,"href":"https:\/\/www.naturparkmagazin.de\/schwaebisch-fraenkischer-wald\/wp-json\/wp\/v2\/media\/8759"}],"wp:attachment":[{"href":"https:\/\/www.naturparkmagazin.de\/schwaebisch-fraenkischer-wald\/wp-json\/wp\/v2\/media?parent=8755"}],"wp:term":[{"taxonomy":"category","embeddable":true,"href":"https:\/\/www.naturparkmagazin.de\/schwaebisch-fraenkischer-wald\/wp-json\/wp\/v2\/categories?post=8755"},{"taxonomy":"post_tag","embeddable":true,"href":"https:\/\/www.naturparkmagazin.de\/schwaebisch-fraenkischer-wald\/wp-json\/wp\/v2\/tags?post=8755"}],"curies":[{"name":"wp","href":"https:\/\/api.w.org\/{rel}","templated":true}]}}