{"id":881,"date":"2014-06-20T14:26:21","date_gmt":"2014-06-20T12:26:21","guid":{"rendered":"http:\/\/www.naturparkmagazin.de\/schwaebisch-fraenkischer-wald\/?p=881"},"modified":"2014-07-28T15:33:05","modified_gmt":"2014-07-28T13:33:05","slug":"die-bienen-sind-zurueck","status":"publish","type":"post","link":"https:\/\/www.naturparkmagazin.de\/schwaebisch-fraenkischer-wald\/die-bienen-sind-zurueck\/","title":{"rendered":"Die Bienen sind zur\u00fcck"},"content":{"rendered":"<h2><\/h2>\n<h2>Die Bienen sind zur\u00fcck<\/h2>\n<p><img decoding=\"async\" loading=\"lazy\" class=\"alignright\" alt=\"\" src=\"http:\/\/naturpark-sfw.de\/typo3temp\/pics\/6188b0cb0e.jpg\" width=\"271\" height=\"135\" \/><\/p>\n<p>Sie sind wieder da, unsere flei\u00dfigen Bienen. Wer den Pollensammlern von Nahem beim Bau ihrer Waben zusehen m\u00f6chte, hat dazu ab sofort im Naturparkzentrum in Murrhardt die Gelegenheit.<\/p>\n<p>&nbsp;<\/p>\n<p>Das Bienenvolk von Imker Josef Wille aus Sulzbach a.d. Murr bewohnt den Sommer \u00fcber einen Bienenstock in der Erlebnisausstellung des Naturparkes Schw\u00e4bisch-Fr\u00e4nkischer Wald. Gut gesch\u00fctzt hinter einer Plexiglasscheibe kann die faszinierende Gemeinschaft der Bienen beobachtet werden. Und wer etwas Geduld und Gl\u00fcck mitbringt, kann sogar die Bienenk\u00f6nigin entdecken.<\/p>\n<p>&nbsp;<\/p>\n<p>Wer einmal gesehen hat wie viel Zeit und M\u00fche zur Honigherstellung aufgewendet wird, versteht leichter die Notwendigkeit, den Lebensraum der Bienen zu sch\u00fctzen. Viele geeignete Bl\u00fctenpflanzen m\u00fcssen landwirtschaftlichen Monokulturen weichen, oder fallen dem n\u00e4chsten Bauprojekt zum Opfer. Auch Krankheiten bedrohen die heimischen Bienenv\u00f6lker. Mit einem artenreichen, giftfreien Garten kann jeder Einzelne dazu beitragen, die Nahrungsgrundlage der schwarz-gelben N\u00fctzlinge zu erhalten, wof\u00fcr nicht nur die Bienen im Naturparkzentrum dankbar w\u00e4ren.<\/p>\n","protected":false},"excerpt":{"rendered":"<p>Das Bienenvolk von Imker Josef Wille aus Sulzbach a.d. Murr bewohnt den Sommer \u00fcber einen Bienenstock in der Erlebnisausstellung des Naturparkes Schw\u00e4bisch-Fr\u00e4nkischer Wald. Gut gesch\u00fctzt hinter einer Plexiglasscheibe kann die faszinierende Gemeinschaft der Bienen beobachtet werden. Und wer etwas Geduld und Gl\u00fcck mitbringt, kann sogar die Bienenk\u00f6nigin entdecken.<\/p>\n","protected":false},"author":25,"featured_media":345,"comment_status":"open","ping_status":"open","sticky":false,"template":"","format":"standard","meta":[],"categories":[11],"tags":[186],"yoast_head":"<!-- This site is optimized with the Yoast SEO plugin v19.10 - https:\/\/yoast.com\/wordpress\/plugins\/seo\/ -->\n<title>Die Bienen sind zur\u00fcck - Naturpark Schw\u00e4bisch-Fr\u00e4nkischer Wald<\/title>\n<meta name=\"robots\" content=\"index, follow, max-snippet:-1, max-image-preview:large, max-video-preview:-1\" \/>\n<link rel=\"canonical\" href=\"https:\/\/www.naturparkmagazin.de\/schwaebisch-fraenkischer-wald\/die-bienen-sind-zurueck\/\" \/>\n<meta property=\"og:locale\" content=\"de_DE\" \/>\n<meta property=\"og:type\" content=\"article\" \/>\n<meta property=\"og:title\" content=\"Die Bienen sind zur\u00fcck - Naturpark Schw\u00e4bisch-Fr\u00e4nkischer Wald\" \/>\n<meta property=\"og:description\" content=\"Das Bienenvolk von Imker Josef Wille aus Sulzbach a.d. Murr bewohnt den Sommer \u00fcber einen Bienenstock in der Erlebnisausstellung des Naturparkes Schw\u00e4bisch-Fr\u00e4nkischer Wald. Gut gesch\u00fctzt hinter einer Plexiglasscheibe kann die faszinierende Gemeinschaft der Bienen beobachtet werden. Und wer etwas Geduld und Gl\u00fcck mitbringt, kann sogar die Bienenk\u00f6nigin entdecken.\" \/>\n<meta property=\"og:url\" content=\"https:\/\/www.naturparkmagazin.de\/schwaebisch-fraenkischer-wald\/die-bienen-sind-zurueck\/\" \/>\n<meta property=\"og:site_name\" content=\"Naturpark Schw\u00e4bisch-Fr\u00e4nkischer Wald\" \/>\n<meta property=\"article:author\" content=\"https:\/\/www.facebook.com\/naturparkSFW\" \/>\n<meta property=\"article:published_time\" content=\"2014-06-20T12:26:21+00:00\" \/>\n<meta property=\"article:modified_time\" content=\"2014-07-28T13:33:05+00:00\" \/>\n<meta property=\"og:image\" content=\"https:\/\/www.naturparkmagazin.de\/schwaebisch-fraenkischer-wald\/wp-content\/uploads\/sites\/34\/110911_NPMopp-272_klein.jpg\" \/>\n\t<meta property=\"og:image:width\" content=\"500\" \/>\n\t<meta property=\"og:image:height\" content=\"333\" \/>\n\t<meta property=\"og:image:type\" content=\"image\/jpeg\" \/>\n<meta name=\"author\" content=\"Naturpark-Team\" \/>\n<meta name=\"twitter:label1\" content=\"Verfasst von\" \/>\n\t<meta name=\"twitter:data1\" content=\"Naturpark-Team\" \/>\n\t<meta name=\"twitter:label2\" content=\"Gesch\u00e4tzte Lesezeit\" \/>\n\t<meta name=\"twitter:data2\" content=\"1\u00a0Minute\" \/>\n<script type=\"application\/ld+json\" class=\"yoast-schema-graph\">{\"@context\":\"https:\/\/schema.org\",\"@graph\":[{\"@type\":\"WebPage\",\"@id\":\"https:\/\/www.naturparkmagazin.de\/schwaebisch-fraenkischer-wald\/die-bienen-sind-zurueck\/\",\"url\":\"https:\/\/www.naturparkmagazin.de\/schwaebisch-fraenkischer-wald\/die-bienen-sind-zurueck\/\",\"name\":\"Die Bienen sind zur\u00fcck - Naturpark Schw\u00e4bisch-Fr\u00e4nkischer Wald\",\"isPartOf\":{\"@id\":\"https:\/\/www.naturparkmagazin.de\/schwaebisch-fraenkischer-wald\/#website\"},\"datePublished\":\"2014-06-20T12:26:21+00:00\",\"dateModified\":\"2014-07-28T13:33:05+00:00\",\"author\":{\"@id\":\"https:\/\/www.naturparkmagazin.de\/schwaebisch-fraenkischer-wald\/#\/schema\/person\/f047a3702ae747fd7830cf8ac95e6066\"},\"breadcrumb\":{\"@id\":\"https:\/\/www.naturparkmagazin.de\/schwaebisch-fraenkischer-wald\/die-bienen-sind-zurueck\/#breadcrumb\"},\"inLanguage\":\"de\",\"potentialAction\":[{\"@type\":\"ReadAction\",\"target\":[\"https:\/\/www.naturparkmagazin.de\/schwaebisch-fraenkischer-wald\/die-bienen-sind-zurueck\/\"]}]},{\"@type\":\"BreadcrumbList\",\"@id\":\"https:\/\/www.naturparkmagazin.de\/schwaebisch-fraenkischer-wald\/die-bienen-sind-zurueck\/#breadcrumb\",\"itemListElement\":[{\"@type\":\"ListItem\",\"position\":1,\"name\":\"Home\",\"item\":\"https:\/\/www.naturparkmagazin.de\/schwaebisch-fraenkischer-wald\/\"},{\"@type\":\"ListItem\",\"position\":2,\"name\":\"Die Bienen sind zur\u00fcck\"}]},{\"@type\":\"WebSite\",\"@id\":\"https:\/\/www.naturparkmagazin.de\/schwaebisch-fraenkischer-wald\/#website\",\"url\":\"https:\/\/www.naturparkmagazin.de\/schwaebisch-fraenkischer-wald\/\",\"name\":\"Naturpark Schw\u00e4bisch-Fr\u00e4nkischer Wald\",\"description\":\"\",\"potentialAction\":[{\"@type\":\"SearchAction\",\"target\":{\"@type\":\"EntryPoint\",\"urlTemplate\":\"https:\/\/www.naturparkmagazin.de\/schwaebisch-fraenkischer-wald\/?s={search_term_string}\"},\"query-input\":\"required name=search_term_string\"}],\"inLanguage\":\"de\"},{\"@type\":\"Person\",\"@id\":\"https:\/\/www.naturparkmagazin.de\/schwaebisch-fraenkischer-wald\/#\/schema\/person\/f047a3702ae747fd7830cf8ac95e6066\",\"name\":\"Naturpark-Team\",\"sameAs\":[\"http:\/\/www.naturpark-sfw.de\",\"https:\/\/www.facebook.com\/naturparkSFW\"],\"url\":\"https:\/\/www.naturparkmagazin.de\/schwaebisch-fraenkischer-wald\/author\/bernharddrixler\/\"}]}<\/script>\n<!-- \/ Yoast SEO plugin. -->","yoast_head_json":{"title":"Die Bienen sind zur\u00fcck - Naturpark Schw\u00e4bisch-Fr\u00e4nkischer Wald","robots":{"index":"index","follow":"follow","max-snippet":"max-snippet:-1","max-image-preview":"max-image-preview:large","max-video-preview":"max-video-preview:-1"},"canonical":"https:\/\/www.naturparkmagazin.de\/schwaebisch-fraenkischer-wald\/die-bienen-sind-zurueck\/","og_locale":"de_DE","og_type":"article","og_title":"Die Bienen sind zur\u00fcck - Naturpark Schw\u00e4bisch-Fr\u00e4nkischer Wald","og_description":"Das Bienenvolk von Imker Josef Wille aus Sulzbach a.d. Murr bewohnt den Sommer \u00fcber einen Bienenstock in der Erlebnisausstellung des Naturparkes Schw\u00e4bisch-Fr\u00e4nkischer Wald. Gut gesch\u00fctzt hinter einer Plexiglasscheibe kann die faszinierende Gemeinschaft der Bienen beobachtet werden. Und wer etwas Geduld und Gl\u00fcck mitbringt, kann sogar die Bienenk\u00f6nigin entdecken.","og_url":"https:\/\/www.naturparkmagazin.de\/schwaebisch-fraenkischer-wald\/die-bienen-sind-zurueck\/","og_site_name":"Naturpark Schw\u00e4bisch-Fr\u00e4nkischer Wald","article_author":"https:\/\/www.facebook.com\/naturparkSFW","article_published_time":"2014-06-20T12:26:21+00:00","article_modified_time":"2014-07-28T13:33:05+00:00","og_image":[{"width":500,"height":333,"url":"https:\/\/www.naturparkmagazin.de\/schwaebisch-fraenkischer-wald\/wp-content\/uploads\/sites\/34\/110911_NPMopp-272_klein.jpg","type":"image\/jpeg"}],"author":"Naturpark-Team","twitter_misc":{"Verfasst von":"Naturpark-Team","Gesch\u00e4tzte Lesezeit":"1\u00a0Minute"},"schema":{"@context":"https:\/\/schema.org","@graph":[{"@type":"WebPage","@id":"https:\/\/www.naturparkmagazin.de\/schwaebisch-fraenkischer-wald\/die-bienen-sind-zurueck\/","url":"https:\/\/www.naturparkmagazin.de\/schwaebisch-fraenkischer-wald\/die-bienen-sind-zurueck\/","name":"Die Bienen sind zur\u00fcck - Naturpark Schw\u00e4bisch-Fr\u00e4nkischer Wald","isPartOf":{"@id":"https:\/\/www.naturparkmagazin.de\/schwaebisch-fraenkischer-wald\/#website"},"datePublished":"2014-06-20T12:26:21+00:00","dateModified":"2014-07-28T13:33:05+00:00","author":{"@id":"https:\/\/www.naturparkmagazin.de\/schwaebisch-fraenkischer-wald\/#\/schema\/person\/f047a3702ae747fd7830cf8ac95e6066"},"breadcrumb":{"@id":"https:\/\/www.naturparkmagazin.de\/schwaebisch-fraenkischer-wald\/die-bienen-sind-zurueck\/#breadcrumb"},"inLanguage":"de","potentialAction":[{"@type":"ReadAction","target":["https:\/\/www.naturparkmagazin.de\/schwaebisch-fraenkischer-wald\/die-bienen-sind-zurueck\/"]}]},{"@type":"BreadcrumbList","@id":"https:\/\/www.naturparkmagazin.de\/schwaebisch-fraenkischer-wald\/die-bienen-sind-zurueck\/#breadcrumb","itemListElement":[{"@type":"ListItem","position":1,"name":"Home","item":"https:\/\/www.naturparkmagazin.de\/schwaebisch-fraenkischer-wald\/"},{"@type":"ListItem","position":2,"name":"Die Bienen sind zur\u00fcck"}]},{"@type":"WebSite","@id":"https:\/\/www.naturparkmagazin.de\/schwaebisch-fraenkischer-wald\/#website","url":"https:\/\/www.naturparkmagazin.de\/schwaebisch-fraenkischer-wald\/","name":"Naturpark Schw\u00e4bisch-Fr\u00e4nkischer Wald","description":"","potentialAction":[{"@type":"SearchAction","target":{"@type":"EntryPoint","urlTemplate":"https:\/\/www.naturparkmagazin.de\/schwaebisch-fraenkischer-wald\/?s={search_term_string}"},"query-input":"required name=search_term_string"}],"inLanguage":"de"},{"@type":"Person","@id":"https:\/\/www.naturparkmagazin.de\/schwaebisch-fraenkischer-wald\/#\/schema\/person\/f047a3702ae747fd7830cf8ac95e6066","name":"Naturpark-Team","sameAs":["http:\/\/www.naturpark-sfw.de","https:\/\/www.facebook.com\/naturparkSFW"],"url":"https:\/\/www.naturparkmagazin.de\/schwaebisch-fraenkischer-wald\/author\/bernharddrixler\/"}]}},"_links":{"self":[{"href":"https:\/\/www.naturparkmagazin.de\/schwaebisch-fraenkischer-wald\/wp-json\/wp\/v2\/posts\/881"}],"collection":[{"href":"https:\/\/www.naturparkmagazin.de\/schwaebisch-fraenkischer-wald\/wp-json\/wp\/v2\/posts"}],"about":[{"href":"https:\/\/www.naturparkmagazin.de\/schwaebisch-fraenkischer-wald\/wp-json\/wp\/v2\/types\/post"}],"author":[{"embeddable":true,"href":"https:\/\/www.naturparkmagazin.de\/schwaebisch-fraenkischer-wald\/wp-json\/wp\/v2\/users\/25"}],"replies":[{"embeddable":true,"href":"https:\/\/www.naturparkmagazin.de\/schwaebisch-fraenkischer-wald\/wp-json\/wp\/v2\/comments?post=881"}],"version-history":[{"count":5,"href":"https:\/\/www.naturparkmagazin.de\/schwaebisch-fraenkischer-wald\/wp-json\/wp\/v2\/posts\/881\/revisions"}],"predecessor-version":[{"id":925,"href":"https:\/\/www.naturparkmagazin.de\/schwaebisch-fraenkischer-wald\/wp-json\/wp\/v2\/posts\/881\/revisions\/925"}],"wp:featuredmedia":[{"embeddable":true,"href":"https:\/\/www.naturparkmagazin.de\/schwaebisch-fraenkischer-wald\/wp-json\/wp\/v2\/media\/345"}],"wp:attachment":[{"href":"https:\/\/www.naturparkmagazin.de\/schwaebisch-fraenkischer-wald\/wp-json\/wp\/v2\/media?parent=881"}],"wp:term":[{"taxonomy":"category","embeddable":true,"href":"https:\/\/www.naturparkmagazin.de\/schwaebisch-fraenkischer-wald\/wp-json\/wp\/v2\/categories?post=881"},{"taxonomy":"post_tag","embeddable":true,"href":"https:\/\/www.naturparkmagazin.de\/schwaebisch-fraenkischer-wald\/wp-json\/wp\/v2\/tags?post=881"}],"curies":[{"name":"wp","href":"https:\/\/api.w.org\/{rel}","templated":true}]}}