{"id":8837,"date":"2020-04-15T09:09:50","date_gmt":"2020-04-15T07:09:50","guid":{"rendered":"https:\/\/www.naturparkmagazin.de\/schwaebisch-fraenkischer-wald\/?p=8837"},"modified":"2020-04-15T09:09:50","modified_gmt":"2020-04-15T07:09:50","slug":"naturpark-schulen-mit-entdeckwesten-ausgestattet","status":"publish","type":"post","link":"https:\/\/www.naturparkmagazin.de\/schwaebisch-fraenkischer-wald\/naturpark-schulen-mit-entdeckwesten-ausgestattet\/","title":{"rendered":"Naturpark-Schulen mit Entdeckwesten ausgestattet"},"content":{"rendered":"<p>Im Naturpark Schw\u00e4bisch-Fr\u00e4nkischer Wald nimmt die Bildung f\u00fcr nachhaltige Entwicklung einen hohen Stellenwert ein. Deswegen investiert der Naturpark in seine Naturpark-Schulen und stattet jede Schule mit einen Klassensatz <strong>Naturpark-Entdeckerwesten<\/strong> aus. Somit k\u00f6nnen die Schulklassen sich noch leichter auf dem Weg in den Lernort \u201eNatur\u201c machen.<\/p>\n<p><a href=\"https:\/\/www.naturparkmagazin.de\/schwaebisch-fraenkischer-wald\/wp-content\/uploads\/sites\/34\/160620_NP_Entdecker_Westen_Walterichschule_Drixler-30.jpg\"><img decoding=\"async\" loading=\"lazy\" class=\"alignright size-full wp-image-8839\" src=\"https:\/\/www.naturparkmagazin.de\/schwaebisch-fraenkischer-wald\/wp-content\/uploads\/sites\/34\/160620_NP_Entdecker_Westen_Walterichschule_Drixler-30.jpg\" alt=\"Naturpark Entdeckerwesten\" width=\"500\" height=\"300\" srcset=\"https:\/\/www.naturparkmagazin.de\/schwaebisch-fraenkischer-wald\/wp-content\/uploads\/sites\/34\/160620_NP_Entdecker_Westen_Walterichschule_Drixler-30.jpg 500w, https:\/\/www.naturparkmagazin.de\/schwaebisch-fraenkischer-wald\/wp-content\/uploads\/sites\/34\/160620_NP_Entdecker_Westen_Walterichschule_Drixler-30-300x180.jpg 300w, https:\/\/www.naturparkmagazin.de\/schwaebisch-fraenkischer-wald\/wp-content\/uploads\/sites\/34\/160620_NP_Entdecker_Westen_Walterichschule_Drixler-30-200x120.jpg 200w\" sizes=\"(max-width: 500px) 100vw, 500px\" \/><\/a>Ausgestattet mit allen wichtigen Exkursionsmaterialien auf eigene Faust die Natur vor der Klassent\u00fcr entdecken und sich dabei f\u00fchlen wie ein echter Abenteurer &#8211; das ist die Idee der &#8222;Naturpark-Entdeckerwesten&#8220;. Jede Weste ist mit Lupe, Pinzette, Fangbecher, Kompass, Notizblock, und Bestimmungsmaterial bef\u00fcllt. Dadurch, dass jeder Teilnehmer einen eigenen Satz Exkursionsmaterialien zur Hand hat, kann Jeder sein individuelles Tempo und Thema finden.<\/p>\n<p>Mit den Naturpark-Entdeckerwesten m\u00f6chte der Naturpark den Schulen erm\u00f6glichen, das Klassenzimmer nach drau\u00dfen zu verlagern. So machen Schulkinder origin\u00e4re Erfahrungen mit und in der Natur und lernen gleichzeitig wertvolle Themeninhalte. Denn das Lernen in au\u00dferschulischen Lernorten zu den Themenfeldern Natur, Umwelt und Heimat, ist ein wichtiger Punkt des Naturpark-Schule-Konzepts.<\/p>\n<p>Schon Anfang 2019 bekamen die ersten zehn Naturpark-Schulen einen Klassensatz von 25 Entdeckerwesten f\u00fcr Kinder und 2 f\u00fcr Erwachsene sowie eine komplette Ausr\u00fcstung f\u00fcr jede Weste. Seitdem sind weitere Schulen als Naturpark-Schule zertifiziert worden. Um auch diese Schulen mit den Entdeckerwesten auszustatten, hat der Naturpark erneut sieben Klassens\u00e4tze angeschafft. Die Entdeckerwesten stehen somit den neuen Naturpark-Schulen von Anfang an zur Verf\u00fcgung. Diese Ausstattung wurde mit Mittel des Landes Baden-W\u00fcrttemberg sowie der Lotterie Gl\u00fccksspirale gef\u00f6rdert.<\/p>\n","protected":false},"excerpt":{"rendered":"<p>Mit Naturpark-Entdeckerweste im &#8222;Klassenzimmer Natur&#8220; unterwegs<\/p>\n","protected":false},"author":25,"featured_media":8840,"comment_status":"open","ping_status":"open","sticky":false,"template":"","format":"standard","meta":[],"categories":[7],"tags":[1885],"yoast_head":"<!-- This site is optimized with the Yoast SEO plugin v19.10 - https:\/\/yoast.com\/wordpress\/plugins\/seo\/ -->\n<title>Naturpark-Schulen mit Entdeckwesten ausgestattet - Naturpark Schw\u00e4bisch-Fr\u00e4nkischer Wald<\/title>\n<meta name=\"robots\" content=\"index, follow, max-snippet:-1, max-image-preview:large, max-video-preview:-1\" \/>\n<link rel=\"canonical\" href=\"https:\/\/www.naturparkmagazin.de\/schwaebisch-fraenkischer-wald\/naturpark-schulen-mit-entdeckwesten-ausgestattet\/\" \/>\n<meta property=\"og:locale\" content=\"de_DE\" \/>\n<meta property=\"og:type\" content=\"article\" \/>\n<meta property=\"og:title\" content=\"Naturpark-Schulen mit Entdeckwesten ausgestattet - Naturpark Schw\u00e4bisch-Fr\u00e4nkischer Wald\" \/>\n<meta property=\"og:description\" content=\"Mit Naturpark-Entdeckerweste im &quot;Klassenzimmer Natur&quot; unterwegs\" \/>\n<meta property=\"og:url\" content=\"https:\/\/www.naturparkmagazin.de\/schwaebisch-fraenkischer-wald\/naturpark-schulen-mit-entdeckwesten-ausgestattet\/\" \/>\n<meta property=\"og:site_name\" content=\"Naturpark Schw\u00e4bisch-Fr\u00e4nkischer Wald\" \/>\n<meta property=\"article:author\" content=\"https:\/\/www.facebook.com\/naturparkSFW\" \/>\n<meta property=\"article:published_time\" content=\"2020-04-15T07:09:50+00:00\" \/>\n<meta property=\"og:image\" content=\"https:\/\/www.naturparkmagazin.de\/schwaebisch-fraenkischer-wald\/wp-content\/uploads\/sites\/34\/160620_NP_Entdecker_Westen_Walterichschule_Drixler-301.jpg\" \/>\n\t<meta property=\"og:image:width\" content=\"200\" \/>\n\t<meta property=\"og:image:height\" content=\"200\" \/>\n\t<meta property=\"og:image:type\" content=\"image\/jpeg\" \/>\n<meta name=\"author\" content=\"Naturpark-Team\" \/>\n<meta name=\"twitter:label1\" content=\"Verfasst von\" \/>\n\t<meta name=\"twitter:data1\" content=\"Naturpark-Team\" \/>\n\t<meta name=\"twitter:label2\" content=\"Gesch\u00e4tzte Lesezeit\" \/>\n\t<meta name=\"twitter:data2\" content=\"1\u00a0Minute\" \/>\n<script type=\"application\/ld+json\" class=\"yoast-schema-graph\">{\"@context\":\"https:\/\/schema.org\",\"@graph\":[{\"@type\":\"WebPage\",\"@id\":\"https:\/\/www.naturparkmagazin.de\/schwaebisch-fraenkischer-wald\/naturpark-schulen-mit-entdeckwesten-ausgestattet\/\",\"url\":\"https:\/\/www.naturparkmagazin.de\/schwaebisch-fraenkischer-wald\/naturpark-schulen-mit-entdeckwesten-ausgestattet\/\",\"name\":\"Naturpark-Schulen mit Entdeckwesten ausgestattet - Naturpark Schw\u00e4bisch-Fr\u00e4nkischer Wald\",\"isPartOf\":{\"@id\":\"https:\/\/www.naturparkmagazin.de\/schwaebisch-fraenkischer-wald\/#website\"},\"datePublished\":\"2020-04-15T07:09:50+00:00\",\"dateModified\":\"2020-04-15T07:09:50+00:00\",\"author\":{\"@id\":\"https:\/\/www.naturparkmagazin.de\/schwaebisch-fraenkischer-wald\/#\/schema\/person\/f047a3702ae747fd7830cf8ac95e6066\"},\"breadcrumb\":{\"@id\":\"https:\/\/www.naturparkmagazin.de\/schwaebisch-fraenkischer-wald\/naturpark-schulen-mit-entdeckwesten-ausgestattet\/#breadcrumb\"},\"inLanguage\":\"de\",\"potentialAction\":[{\"@type\":\"ReadAction\",\"target\":[\"https:\/\/www.naturparkmagazin.de\/schwaebisch-fraenkischer-wald\/naturpark-schulen-mit-entdeckwesten-ausgestattet\/\"]}]},{\"@type\":\"BreadcrumbList\",\"@id\":\"https:\/\/www.naturparkmagazin.de\/schwaebisch-fraenkischer-wald\/naturpark-schulen-mit-entdeckwesten-ausgestattet\/#breadcrumb\",\"itemListElement\":[{\"@type\":\"ListItem\",\"position\":1,\"name\":\"Home\",\"item\":\"https:\/\/www.naturparkmagazin.de\/schwaebisch-fraenkischer-wald\/\"},{\"@type\":\"ListItem\",\"position\":2,\"name\":\"Naturpark-Schulen mit Entdeckwesten ausgestattet\"}]},{\"@type\":\"WebSite\",\"@id\":\"https:\/\/www.naturparkmagazin.de\/schwaebisch-fraenkischer-wald\/#website\",\"url\":\"https:\/\/www.naturparkmagazin.de\/schwaebisch-fraenkischer-wald\/\",\"name\":\"Naturpark Schw\u00e4bisch-Fr\u00e4nkischer Wald\",\"description\":\"\",\"potentialAction\":[{\"@type\":\"SearchAction\",\"target\":{\"@type\":\"EntryPoint\",\"urlTemplate\":\"https:\/\/www.naturparkmagazin.de\/schwaebisch-fraenkischer-wald\/?s={search_term_string}\"},\"query-input\":\"required name=search_term_string\"}],\"inLanguage\":\"de\"},{\"@type\":\"Person\",\"@id\":\"https:\/\/www.naturparkmagazin.de\/schwaebisch-fraenkischer-wald\/#\/schema\/person\/f047a3702ae747fd7830cf8ac95e6066\",\"name\":\"Naturpark-Team\",\"sameAs\":[\"http:\/\/www.naturpark-sfw.de\",\"https:\/\/www.facebook.com\/naturparkSFW\"],\"url\":\"https:\/\/www.naturparkmagazin.de\/schwaebisch-fraenkischer-wald\/author\/bernharddrixler\/\"}]}<\/script>\n<!-- \/ Yoast SEO plugin. -->","yoast_head_json":{"title":"Naturpark-Schulen mit Entdeckwesten ausgestattet - Naturpark Schw\u00e4bisch-Fr\u00e4nkischer Wald","robots":{"index":"index","follow":"follow","max-snippet":"max-snippet:-1","max-image-preview":"max-image-preview:large","max-video-preview":"max-video-preview:-1"},"canonical":"https:\/\/www.naturparkmagazin.de\/schwaebisch-fraenkischer-wald\/naturpark-schulen-mit-entdeckwesten-ausgestattet\/","og_locale":"de_DE","og_type":"article","og_title":"Naturpark-Schulen mit Entdeckwesten ausgestattet - Naturpark Schw\u00e4bisch-Fr\u00e4nkischer Wald","og_description":"Mit Naturpark-Entdeckerweste im \"Klassenzimmer Natur\" unterwegs","og_url":"https:\/\/www.naturparkmagazin.de\/schwaebisch-fraenkischer-wald\/naturpark-schulen-mit-entdeckwesten-ausgestattet\/","og_site_name":"Naturpark Schw\u00e4bisch-Fr\u00e4nkischer Wald","article_author":"https:\/\/www.facebook.com\/naturparkSFW","article_published_time":"2020-04-15T07:09:50+00:00","og_image":[{"width":200,"height":200,"url":"https:\/\/www.naturparkmagazin.de\/schwaebisch-fraenkischer-wald\/wp-content\/uploads\/sites\/34\/160620_NP_Entdecker_Westen_Walterichschule_Drixler-301.jpg","type":"image\/jpeg"}],"author":"Naturpark-Team","twitter_misc":{"Verfasst von":"Naturpark-Team","Gesch\u00e4tzte Lesezeit":"1\u00a0Minute"},"schema":{"@context":"https:\/\/schema.org","@graph":[{"@type":"WebPage","@id":"https:\/\/www.naturparkmagazin.de\/schwaebisch-fraenkischer-wald\/naturpark-schulen-mit-entdeckwesten-ausgestattet\/","url":"https:\/\/www.naturparkmagazin.de\/schwaebisch-fraenkischer-wald\/naturpark-schulen-mit-entdeckwesten-ausgestattet\/","name":"Naturpark-Schulen mit Entdeckwesten ausgestattet - Naturpark Schw\u00e4bisch-Fr\u00e4nkischer Wald","isPartOf":{"@id":"https:\/\/www.naturparkmagazin.de\/schwaebisch-fraenkischer-wald\/#website"},"datePublished":"2020-04-15T07:09:50+00:00","dateModified":"2020-04-15T07:09:50+00:00","author":{"@id":"https:\/\/www.naturparkmagazin.de\/schwaebisch-fraenkischer-wald\/#\/schema\/person\/f047a3702ae747fd7830cf8ac95e6066"},"breadcrumb":{"@id":"https:\/\/www.naturparkmagazin.de\/schwaebisch-fraenkischer-wald\/naturpark-schulen-mit-entdeckwesten-ausgestattet\/#breadcrumb"},"inLanguage":"de","potentialAction":[{"@type":"ReadAction","target":["https:\/\/www.naturparkmagazin.de\/schwaebisch-fraenkischer-wald\/naturpark-schulen-mit-entdeckwesten-ausgestattet\/"]}]},{"@type":"BreadcrumbList","@id":"https:\/\/www.naturparkmagazin.de\/schwaebisch-fraenkischer-wald\/naturpark-schulen-mit-entdeckwesten-ausgestattet\/#breadcrumb","itemListElement":[{"@type":"ListItem","position":1,"name":"Home","item":"https:\/\/www.naturparkmagazin.de\/schwaebisch-fraenkischer-wald\/"},{"@type":"ListItem","position":2,"name":"Naturpark-Schulen mit Entdeckwesten ausgestattet"}]},{"@type":"WebSite","@id":"https:\/\/www.naturparkmagazin.de\/schwaebisch-fraenkischer-wald\/#website","url":"https:\/\/www.naturparkmagazin.de\/schwaebisch-fraenkischer-wald\/","name":"Naturpark Schw\u00e4bisch-Fr\u00e4nkischer Wald","description":"","potentialAction":[{"@type":"SearchAction","target":{"@type":"EntryPoint","urlTemplate":"https:\/\/www.naturparkmagazin.de\/schwaebisch-fraenkischer-wald\/?s={search_term_string}"},"query-input":"required name=search_term_string"}],"inLanguage":"de"},{"@type":"Person","@id":"https:\/\/www.naturparkmagazin.de\/schwaebisch-fraenkischer-wald\/#\/schema\/person\/f047a3702ae747fd7830cf8ac95e6066","name":"Naturpark-Team","sameAs":["http:\/\/www.naturpark-sfw.de","https:\/\/www.facebook.com\/naturparkSFW"],"url":"https:\/\/www.naturparkmagazin.de\/schwaebisch-fraenkischer-wald\/author\/bernharddrixler\/"}]}},"_links":{"self":[{"href":"https:\/\/www.naturparkmagazin.de\/schwaebisch-fraenkischer-wald\/wp-json\/wp\/v2\/posts\/8837"}],"collection":[{"href":"https:\/\/www.naturparkmagazin.de\/schwaebisch-fraenkischer-wald\/wp-json\/wp\/v2\/posts"}],"about":[{"href":"https:\/\/www.naturparkmagazin.de\/schwaebisch-fraenkischer-wald\/wp-json\/wp\/v2\/types\/post"}],"author":[{"embeddable":true,"href":"https:\/\/www.naturparkmagazin.de\/schwaebisch-fraenkischer-wald\/wp-json\/wp\/v2\/users\/25"}],"replies":[{"embeddable":true,"href":"https:\/\/www.naturparkmagazin.de\/schwaebisch-fraenkischer-wald\/wp-json\/wp\/v2\/comments?post=8837"}],"version-history":[{"count":3,"href":"https:\/\/www.naturparkmagazin.de\/schwaebisch-fraenkischer-wald\/wp-json\/wp\/v2\/posts\/8837\/revisions"}],"predecessor-version":[{"id":8842,"href":"https:\/\/www.naturparkmagazin.de\/schwaebisch-fraenkischer-wald\/wp-json\/wp\/v2\/posts\/8837\/revisions\/8842"}],"wp:featuredmedia":[{"embeddable":true,"href":"https:\/\/www.naturparkmagazin.de\/schwaebisch-fraenkischer-wald\/wp-json\/wp\/v2\/media\/8840"}],"wp:attachment":[{"href":"https:\/\/www.naturparkmagazin.de\/schwaebisch-fraenkischer-wald\/wp-json\/wp\/v2\/media?parent=8837"}],"wp:term":[{"taxonomy":"category","embeddable":true,"href":"https:\/\/www.naturparkmagazin.de\/schwaebisch-fraenkischer-wald\/wp-json\/wp\/v2\/categories?post=8837"},{"taxonomy":"post_tag","embeddable":true,"href":"https:\/\/www.naturparkmagazin.de\/schwaebisch-fraenkischer-wald\/wp-json\/wp\/v2\/tags?post=8837"}],"curies":[{"name":"wp","href":"https:\/\/api.w.org\/{rel}","templated":true}]}}