{"id":8864,"date":"2020-05-15T08:33:08","date_gmt":"2020-05-15T06:33:08","guid":{"rendered":"https:\/\/www.naturparkmagazin.de\/schwaebisch-fraenkischer-wald\/?p=8864"},"modified":"2020-05-26T08:27:48","modified_gmt":"2020-05-26T06:27:48","slug":"muehlen-im-naturpark-schwaebisch-fraenkischer-wald","status":"publish","type":"post","link":"https:\/\/www.naturparkmagazin.de\/schwaebisch-fraenkischer-wald\/muehlen-im-naturpark-schwaebisch-fraenkischer-wald\/","title":{"rendered":"M\u00fchlen im Naturpark Schw\u00e4bisch-Fr\u00e4nkischer Wald"},"content":{"rendered":"<p>Der Juni ist M\u00fchlen-Monat in Deutschland! Eigentlich&#8230;<\/p>\n<div id=\"attachment_8865\" style=\"width: 310px\" class=\"wp-caption alignright\"><a href=\"https:\/\/www.naturparkmagazin.de\/schwaebisch-fraenkischer-wald\/wp-content\/uploads\/sites\/34\/150723_Murrhardt_Glattenzainbachmuehle_11_klein.jpg\"><img aria-describedby=\"caption-attachment-8865\" decoding=\"async\" loading=\"lazy\" class=\"size-full wp-image-8865\" src=\"https:\/\/www.naturparkmagazin.de\/schwaebisch-fraenkischer-wald\/wp-content\/uploads\/sites\/34\/150723_Murrhardt_Glattenzainbachmuehle_11_klein.jpg\" alt=\"Glattenzainbachm\u00fchle, Murrhardt\" width=\"300\" height=\"500\" srcset=\"https:\/\/www.naturparkmagazin.de\/schwaebisch-fraenkischer-wald\/wp-content\/uploads\/sites\/34\/150723_Murrhardt_Glattenzainbachmuehle_11_klein.jpg 300w, https:\/\/www.naturparkmagazin.de\/schwaebisch-fraenkischer-wald\/wp-content\/uploads\/sites\/34\/150723_Murrhardt_Glattenzainbachmuehle_11_klein-200x333.jpg 200w\" sizes=\"(max-width: 300px) 100vw, 300px\" \/><\/a><p id=\"caption-attachment-8865\" class=\"wp-caption-text\">Glattenzainbachm\u00fchle, Murrhardt<\/p><\/div>\n<p>Jedes Jahr l\u00e4dt die <a href=\"https:\/\/www.deutsche-muehlen.de\/\" target=\"_blank\">Deutsche Gesellschaft f\u00fcr M\u00fchlenkunde und M\u00fchlenerhaltung e.V.<\/a> dazu ein, diese historischen Bauwerke zu bestaunen. Auch wenn dieses Jahr der traditionelle deutsche M\u00fchlentag am Pfingstmontag aufgrund der Corona-Pandemie abgesagt werden musste, k\u00f6nnen die alten Bauwerke doch von au\u00dfen bewundert werden!<\/p>\n<p>Der Naturpark Schw\u00e4bisch-Fr\u00e4nkischer Wald ist daf\u00fcr besten geeignet, denn er weist eine sehr hohe M\u00fchlendichte auf. Im Naturpark befinden sich M\u00fchlen oder Reste von M\u00fchlen aus verschiedenen Epochen und von unterschiedlichen Typen, wie Getreide-, \u00d6l- und S\u00e4gem\u00fchlen.<\/p>\n<p>M\u00fchlen sind ein faszinierendes Zeugnis des menschlichen Erfindergeistes und des technologischen Fortschritts. Durch die M\u00fchlentechnik konnten Menschen erstmals der Kraft des Wassers oder Windes in nutzbare Energie umwandeln und somit die Handarbeit teilweise ersetzen. Im Naturpark waren die vielen kleinen Fl\u00fcsse und B\u00e4che f\u00fcr die M\u00fchlentechnik gut geeignet. Darum gab es gerade in diese Region sehr viele M\u00fchlen. W\u00e4hrend die M\u00fchlen zun\u00e4chst nur an Fl\u00fcssen und gr\u00f6\u00dferen B\u00e4chen entstanden, wurden sie nach und nach auch an den kleineren B\u00e4chen im Inneren des Naturparkgebiets errichtet. Da dort die nat\u00fcrliche Wasserkraft h\u00e4ufig jedoch nicht ausreichte, mussten zahlreiche M\u00fchlteiche und M\u00fchlkan\u00e4le angelegt werden, die teilweise noch erhalten sind.<\/p>\n<p>Die M\u00fchlenwirtschaft erreichte im 18. und 19. Jahrhundert ihren H\u00f6hepunkt. Haupts\u00e4chlich wurden Getreide- und S\u00e4gem\u00fchlen errichtet, vereinzelt gab es jedoch auch Lohm\u00fchlen, \u00d6lm\u00fchlen, Haferstampfen, Walkm\u00fchlen sowie Schleifm\u00fchlen und Hammerschmiedem\u00fchlen. Die R\u00fcflensm\u00fchle bei Oppenweiler (1230) ist eine der \u00e4ltesten Getreidem\u00fchlen im Schw\u00e4bisch-Fr\u00e4nkischen Wald, die \u00d6lm\u00fchle Michelau (1754) gilt sogar als die \u00e4lteste \u00d6lm\u00fchle Baden-W\u00fcrttembergs. Einige der M\u00fchlen haben die Zeit \u00fcberdauert und sind heute als technische Denkm\u00e4ler zu besichtigen.<\/p>\n<p>Der M\u00fchlenwanderweg verbindet auf einem\u00a037 km langen Rundweg\u00a0elf der sch\u00f6nsten noch erhaltenen M\u00fchlen. Wem der Hauptwanderweg zu lang ist, dem stehen f\u00fcnf k\u00fcrzere Rundwanderwege\u00a0mit einer L\u00e4nge von 10 bis 18 km zur Verf\u00fcgung. Eine Faltkarte f\u00fcr den M\u00fchlenwanderweg k\u00f6nnen Sie auf unserer Webseite herunterladen oder bestellen unter: <a href=\"https:\/\/www.naturpark-sfw.de\/informieren\/broschueren-bestellung\/\" target=\"_blank\">https:\/\/www.naturpark-sfw.de\/informieren\/broschueren-bestellung\/<\/a>.<\/p>\n<p>Informationen zu den einzelnen M\u00fchlen sowie den \u00d6ffnungszeit die M\u00fchlenl\u00e4den (bitte erkundigen Sie sich im Vorfeld ob diese w\u00e4hrend der Corona-Pandemie ge\u00f6ffnet haben) finden Sie auf der Webseite des Schw\u00e4bischen Wald Tourismus: <a href=\"https:\/\/www.schwaebischerwald.com\/index.php?id=95\" target=\"_blank\">https:\/\/www.schwaebischerwald.com\/index.php?id=95<\/a><\/p>\n<p>&nbsp;<\/p>\n","protected":false},"excerpt":{"rendered":"<p>M\u00fchlen &#8211; ein faszinierendes Zeugnis des menschlichen Erfindergeists<\/p>\n","protected":false},"author":25,"featured_media":8866,"comment_status":"open","ping_status":"open","sticky":false,"template":"","format":"standard","meta":[],"categories":[617],"tags":[1885],"yoast_head":"<!-- This site is optimized with the Yoast SEO plugin v19.10 - https:\/\/yoast.com\/wordpress\/plugins\/seo\/ -->\n<title>M\u00fchlen im Naturpark Schw\u00e4bisch-Fr\u00e4nkischer Wald - Naturpark Schw\u00e4bisch-Fr\u00e4nkischer Wald<\/title>\n<meta name=\"robots\" content=\"index, follow, max-snippet:-1, max-image-preview:large, max-video-preview:-1\" \/>\n<link rel=\"canonical\" href=\"https:\/\/www.naturparkmagazin.de\/schwaebisch-fraenkischer-wald\/muehlen-im-naturpark-schwaebisch-fraenkischer-wald\/\" \/>\n<meta property=\"og:locale\" content=\"de_DE\" \/>\n<meta property=\"og:type\" content=\"article\" \/>\n<meta property=\"og:title\" content=\"M\u00fchlen im Naturpark Schw\u00e4bisch-Fr\u00e4nkischer Wald - Naturpark Schw\u00e4bisch-Fr\u00e4nkischer Wald\" \/>\n<meta property=\"og:description\" content=\"M\u00fchlen - ein faszinierendes Zeugnis des menschlichen Erfindergeists\" \/>\n<meta property=\"og:url\" content=\"https:\/\/www.naturparkmagazin.de\/schwaebisch-fraenkischer-wald\/muehlen-im-naturpark-schwaebisch-fraenkischer-wald\/\" \/>\n<meta property=\"og:site_name\" content=\"Naturpark Schw\u00e4bisch-Fr\u00e4nkischer Wald\" \/>\n<meta property=\"article:author\" content=\"https:\/\/www.facebook.com\/naturparkSFW\" \/>\n<meta property=\"article:published_time\" content=\"2020-05-15T06:33:08+00:00\" \/>\n<meta property=\"article:modified_time\" content=\"2020-05-26T06:27:48+00:00\" \/>\n<meta property=\"og:image\" content=\"https:\/\/www.naturparkmagazin.de\/schwaebisch-fraenkischer-wald\/wp-content\/uploads\/sites\/34\/150723_Murrhardt_Glattenzainbachmuehle_11_klein1.jpg\" \/>\n\t<meta property=\"og:image:width\" content=\"200\" \/>\n\t<meta property=\"og:image:height\" content=\"200\" \/>\n\t<meta property=\"og:image:type\" content=\"image\/jpeg\" \/>\n<meta name=\"author\" content=\"Naturpark-Team\" \/>\n<meta name=\"twitter:label1\" content=\"Verfasst von\" \/>\n\t<meta name=\"twitter:data1\" content=\"Naturpark-Team\" \/>\n\t<meta name=\"twitter:label2\" content=\"Gesch\u00e4tzte Lesezeit\" \/>\n\t<meta name=\"twitter:data2\" content=\"2\u00a0Minuten\" \/>\n<script type=\"application\/ld+json\" class=\"yoast-schema-graph\">{\"@context\":\"https:\/\/schema.org\",\"@graph\":[{\"@type\":\"WebPage\",\"@id\":\"https:\/\/www.naturparkmagazin.de\/schwaebisch-fraenkischer-wald\/muehlen-im-naturpark-schwaebisch-fraenkischer-wald\/\",\"url\":\"https:\/\/www.naturparkmagazin.de\/schwaebisch-fraenkischer-wald\/muehlen-im-naturpark-schwaebisch-fraenkischer-wald\/\",\"name\":\"M\u00fchlen im Naturpark Schw\u00e4bisch-Fr\u00e4nkischer Wald - Naturpark Schw\u00e4bisch-Fr\u00e4nkischer Wald\",\"isPartOf\":{\"@id\":\"https:\/\/www.naturparkmagazin.de\/schwaebisch-fraenkischer-wald\/#website\"},\"datePublished\":\"2020-05-15T06:33:08+00:00\",\"dateModified\":\"2020-05-26T06:27:48+00:00\",\"author\":{\"@id\":\"https:\/\/www.naturparkmagazin.de\/schwaebisch-fraenkischer-wald\/#\/schema\/person\/f047a3702ae747fd7830cf8ac95e6066\"},\"breadcrumb\":{\"@id\":\"https:\/\/www.naturparkmagazin.de\/schwaebisch-fraenkischer-wald\/muehlen-im-naturpark-schwaebisch-fraenkischer-wald\/#breadcrumb\"},\"inLanguage\":\"de\",\"potentialAction\":[{\"@type\":\"ReadAction\",\"target\":[\"https:\/\/www.naturparkmagazin.de\/schwaebisch-fraenkischer-wald\/muehlen-im-naturpark-schwaebisch-fraenkischer-wald\/\"]}]},{\"@type\":\"BreadcrumbList\",\"@id\":\"https:\/\/www.naturparkmagazin.de\/schwaebisch-fraenkischer-wald\/muehlen-im-naturpark-schwaebisch-fraenkischer-wald\/#breadcrumb\",\"itemListElement\":[{\"@type\":\"ListItem\",\"position\":1,\"name\":\"Home\",\"item\":\"https:\/\/www.naturparkmagazin.de\/schwaebisch-fraenkischer-wald\/\"},{\"@type\":\"ListItem\",\"position\":2,\"name\":\"M\u00fchlen im Naturpark Schw\u00e4bisch-Fr\u00e4nkischer Wald\"}]},{\"@type\":\"WebSite\",\"@id\":\"https:\/\/www.naturparkmagazin.de\/schwaebisch-fraenkischer-wald\/#website\",\"url\":\"https:\/\/www.naturparkmagazin.de\/schwaebisch-fraenkischer-wald\/\",\"name\":\"Naturpark Schw\u00e4bisch-Fr\u00e4nkischer Wald\",\"description\":\"\",\"potentialAction\":[{\"@type\":\"SearchAction\",\"target\":{\"@type\":\"EntryPoint\",\"urlTemplate\":\"https:\/\/www.naturparkmagazin.de\/schwaebisch-fraenkischer-wald\/?s={search_term_string}\"},\"query-input\":\"required name=search_term_string\"}],\"inLanguage\":\"de\"},{\"@type\":\"Person\",\"@id\":\"https:\/\/www.naturparkmagazin.de\/schwaebisch-fraenkischer-wald\/#\/schema\/person\/f047a3702ae747fd7830cf8ac95e6066\",\"name\":\"Naturpark-Team\",\"sameAs\":[\"http:\/\/www.naturpark-sfw.de\",\"https:\/\/www.facebook.com\/naturparkSFW\"],\"url\":\"https:\/\/www.naturparkmagazin.de\/schwaebisch-fraenkischer-wald\/author\/bernharddrixler\/\"}]}<\/script>\n<!-- \/ Yoast SEO plugin. -->","yoast_head_json":{"title":"M\u00fchlen im Naturpark Schw\u00e4bisch-Fr\u00e4nkischer Wald - Naturpark Schw\u00e4bisch-Fr\u00e4nkischer Wald","robots":{"index":"index","follow":"follow","max-snippet":"max-snippet:-1","max-image-preview":"max-image-preview:large","max-video-preview":"max-video-preview:-1"},"canonical":"https:\/\/www.naturparkmagazin.de\/schwaebisch-fraenkischer-wald\/muehlen-im-naturpark-schwaebisch-fraenkischer-wald\/","og_locale":"de_DE","og_type":"article","og_title":"M\u00fchlen im Naturpark Schw\u00e4bisch-Fr\u00e4nkischer Wald - Naturpark Schw\u00e4bisch-Fr\u00e4nkischer Wald","og_description":"M\u00fchlen - ein faszinierendes Zeugnis des menschlichen Erfindergeists","og_url":"https:\/\/www.naturparkmagazin.de\/schwaebisch-fraenkischer-wald\/muehlen-im-naturpark-schwaebisch-fraenkischer-wald\/","og_site_name":"Naturpark Schw\u00e4bisch-Fr\u00e4nkischer Wald","article_author":"https:\/\/www.facebook.com\/naturparkSFW","article_published_time":"2020-05-15T06:33:08+00:00","article_modified_time":"2020-05-26T06:27:48+00:00","og_image":[{"width":200,"height":200,"url":"https:\/\/www.naturparkmagazin.de\/schwaebisch-fraenkischer-wald\/wp-content\/uploads\/sites\/34\/150723_Murrhardt_Glattenzainbachmuehle_11_klein1.jpg","type":"image\/jpeg"}],"author":"Naturpark-Team","twitter_misc":{"Verfasst von":"Naturpark-Team","Gesch\u00e4tzte Lesezeit":"2\u00a0Minuten"},"schema":{"@context":"https:\/\/schema.org","@graph":[{"@type":"WebPage","@id":"https:\/\/www.naturparkmagazin.de\/schwaebisch-fraenkischer-wald\/muehlen-im-naturpark-schwaebisch-fraenkischer-wald\/","url":"https:\/\/www.naturparkmagazin.de\/schwaebisch-fraenkischer-wald\/muehlen-im-naturpark-schwaebisch-fraenkischer-wald\/","name":"M\u00fchlen im Naturpark Schw\u00e4bisch-Fr\u00e4nkischer Wald - Naturpark Schw\u00e4bisch-Fr\u00e4nkischer Wald","isPartOf":{"@id":"https:\/\/www.naturparkmagazin.de\/schwaebisch-fraenkischer-wald\/#website"},"datePublished":"2020-05-15T06:33:08+00:00","dateModified":"2020-05-26T06:27:48+00:00","author":{"@id":"https:\/\/www.naturparkmagazin.de\/schwaebisch-fraenkischer-wald\/#\/schema\/person\/f047a3702ae747fd7830cf8ac95e6066"},"breadcrumb":{"@id":"https:\/\/www.naturparkmagazin.de\/schwaebisch-fraenkischer-wald\/muehlen-im-naturpark-schwaebisch-fraenkischer-wald\/#breadcrumb"},"inLanguage":"de","potentialAction":[{"@type":"ReadAction","target":["https:\/\/www.naturparkmagazin.de\/schwaebisch-fraenkischer-wald\/muehlen-im-naturpark-schwaebisch-fraenkischer-wald\/"]}]},{"@type":"BreadcrumbList","@id":"https:\/\/www.naturparkmagazin.de\/schwaebisch-fraenkischer-wald\/muehlen-im-naturpark-schwaebisch-fraenkischer-wald\/#breadcrumb","itemListElement":[{"@type":"ListItem","position":1,"name":"Home","item":"https:\/\/www.naturparkmagazin.de\/schwaebisch-fraenkischer-wald\/"},{"@type":"ListItem","position":2,"name":"M\u00fchlen im Naturpark Schw\u00e4bisch-Fr\u00e4nkischer Wald"}]},{"@type":"WebSite","@id":"https:\/\/www.naturparkmagazin.de\/schwaebisch-fraenkischer-wald\/#website","url":"https:\/\/www.naturparkmagazin.de\/schwaebisch-fraenkischer-wald\/","name":"Naturpark Schw\u00e4bisch-Fr\u00e4nkischer Wald","description":"","potentialAction":[{"@type":"SearchAction","target":{"@type":"EntryPoint","urlTemplate":"https:\/\/www.naturparkmagazin.de\/schwaebisch-fraenkischer-wald\/?s={search_term_string}"},"query-input":"required name=search_term_string"}],"inLanguage":"de"},{"@type":"Person","@id":"https:\/\/www.naturparkmagazin.de\/schwaebisch-fraenkischer-wald\/#\/schema\/person\/f047a3702ae747fd7830cf8ac95e6066","name":"Naturpark-Team","sameAs":["http:\/\/www.naturpark-sfw.de","https:\/\/www.facebook.com\/naturparkSFW"],"url":"https:\/\/www.naturparkmagazin.de\/schwaebisch-fraenkischer-wald\/author\/bernharddrixler\/"}]}},"_links":{"self":[{"href":"https:\/\/www.naturparkmagazin.de\/schwaebisch-fraenkischer-wald\/wp-json\/wp\/v2\/posts\/8864"}],"collection":[{"href":"https:\/\/www.naturparkmagazin.de\/schwaebisch-fraenkischer-wald\/wp-json\/wp\/v2\/posts"}],"about":[{"href":"https:\/\/www.naturparkmagazin.de\/schwaebisch-fraenkischer-wald\/wp-json\/wp\/v2\/types\/post"}],"author":[{"embeddable":true,"href":"https:\/\/www.naturparkmagazin.de\/schwaebisch-fraenkischer-wald\/wp-json\/wp\/v2\/users\/25"}],"replies":[{"embeddable":true,"href":"https:\/\/www.naturparkmagazin.de\/schwaebisch-fraenkischer-wald\/wp-json\/wp\/v2\/comments?post=8864"}],"version-history":[{"count":4,"href":"https:\/\/www.naturparkmagazin.de\/schwaebisch-fraenkischer-wald\/wp-json\/wp\/v2\/posts\/8864\/revisions"}],"predecessor-version":[{"id":8901,"href":"https:\/\/www.naturparkmagazin.de\/schwaebisch-fraenkischer-wald\/wp-json\/wp\/v2\/posts\/8864\/revisions\/8901"}],"wp:featuredmedia":[{"embeddable":true,"href":"https:\/\/www.naturparkmagazin.de\/schwaebisch-fraenkischer-wald\/wp-json\/wp\/v2\/media\/8866"}],"wp:attachment":[{"href":"https:\/\/www.naturparkmagazin.de\/schwaebisch-fraenkischer-wald\/wp-json\/wp\/v2\/media?parent=8864"}],"wp:term":[{"taxonomy":"category","embeddable":true,"href":"https:\/\/www.naturparkmagazin.de\/schwaebisch-fraenkischer-wald\/wp-json\/wp\/v2\/categories?post=8864"},{"taxonomy":"post_tag","embeddable":true,"href":"https:\/\/www.naturparkmagazin.de\/schwaebisch-fraenkischer-wald\/wp-json\/wp\/v2\/tags?post=8864"}],"curies":[{"name":"wp","href":"https:\/\/api.w.org\/{rel}","templated":true}]}}