{"id":8870,"date":"2020-05-15T08:49:15","date_gmt":"2020-05-15T06:49:15","guid":{"rendered":"https:\/\/www.naturparkmagazin.de\/schwaebisch-fraenkischer-wald\/?p=8870"},"modified":"2020-05-26T08:24:08","modified_gmt":"2020-05-26T06:24:08","slug":"rueckkehr-der-biber-im-naturpark-schwaebisch-fraenkischer-wald","status":"publish","type":"post","link":"https:\/\/www.naturparkmagazin.de\/schwaebisch-fraenkischer-wald\/rueckkehr-der-biber-im-naturpark-schwaebisch-fraenkischer-wald\/","title":{"rendered":"R\u00fcckkehr der Biber im Naturpark Schw\u00e4bisch-Fr\u00e4nkischer Wald"},"content":{"rendered":"<p>Der Naturpark Schw\u00e4bisch-Fr\u00e4nkischer Wald bietet nicht nur f\u00fcr Menschen eine Heimat, sondern auch f\u00fcr vielerlei Pflanzen- und Tierarten, manche davon sind sehr selten und sch\u00fctzenswert. Auch der Biber hat Gefallen an der sch\u00f6nen Landschaft und den naturnahen Fl\u00fcssen hier im Naturpark gefunden. \u00dcber 10 Jahren ist der Biber schon in der Region wieder aktiv und seit 2016 hat sich der Biber im Naturparkgebiet angesiedelt.<a href=\"https:\/\/www.naturparkmagazin.de\/schwaebisch-fraenkischer-wald\/wp-content\/uploads\/sites\/34\/190316_NPF_Biber-33.jpg\"><img decoding=\"async\" loading=\"lazy\" class=\"alignright size-full wp-image-8871\" src=\"https:\/\/www.naturparkmagazin.de\/schwaebisch-fraenkischer-wald\/wp-content\/uploads\/sites\/34\/190316_NPF_Biber-33.jpg\" alt=\"Biberspuren am Baum\" width=\"500\" height=\"300\" srcset=\"https:\/\/www.naturparkmagazin.de\/schwaebisch-fraenkischer-wald\/wp-content\/uploads\/sites\/34\/190316_NPF_Biber-33.jpg 500w, https:\/\/www.naturparkmagazin.de\/schwaebisch-fraenkischer-wald\/wp-content\/uploads\/sites\/34\/190316_NPF_Biber-33-300x180.jpg 300w, https:\/\/www.naturparkmagazin.de\/schwaebisch-fraenkischer-wald\/wp-content\/uploads\/sites\/34\/190316_NPF_Biber-33-200x120.jpg 200w\" sizes=\"(max-width: 500px) 100vw, 500px\" \/><\/a><\/p>\n<p>Biber sind weltweit eins der gr\u00f6\u00dften Nagetiere und k\u00f6nnen bis zu 35 Kilogramm schwer und 15 Jahre alt werden. Da diese Tiere haupts\u00e4chlich nachtaktiv sind, kann man sie nur in der D\u00e4mmerung oder bei Nacht erblicken. Sie halten keinen Winterschlaf und sind im Winter genau so aktiv wie im Sommer. Der Biber ern\u00e4hrt sich rein pflanzlich und unterschiedlich je nach Jahreszeit. In den Sommermonaten fressen sie gerne Wasserpflanzen und Kr\u00e4uter, aber sie sagen auch zu Obst und Gem\u00fcse nicht nein. Im Winter, wenn das Gr\u00fcn verschwunden ist, ern\u00e4hren sich die Biber von d\u00fcnnen \u00c4sten und Baumrinde von Weichholzarten wie Weide oder Pappel. Und hier kommen die Markenzeichen der Biber zum Einsatz, denn um an die \u00c4ste und Rinde des Baumes zu kommen, f\u00e4llen sie die B\u00e4ume mit ihren gro\u00dfen Nagez\u00e4hnen. Nachdem Rinde und \u00c4ste gefuttert sind, bleibt das Totholz meist liegen und kann anderen Tieren als Nistplatz oder Nahrungsquelle dienen.<\/p>\n<p>Das bekannteste Zeichen der Biber, der Biberdamm, ist eigentlich nur eine Notl\u00f6sung des Bibers, wenn die Bedingungen f\u00fcr seinen Bau nicht optimal sind. Tats\u00e4chlich baut der Biber seine Biberburg im Uferbereich Flusses ein, der Eingang des Baues ist dabei immer unter der Wasseroberfl\u00e4che. Ist das Ufer ausreichend hoch, sieht man von oben kein Anzeichen des Baus. Ist das Ufer zu flach oder kommt es zu Hochwasser, muss er nahe an der Erdoberfl\u00e4che graben. Damit diese nicht einst\u00fcrzt, muss der Biber die \u201eDecke\u201c seines Baus mit \u00c4sten verst\u00e4rken. Einen Damm baut der Biber also nur, wenn der Wasserpegel des Flusses zu niedrig ist. Mit einem Damm sorgt er daf\u00fcr, dass das Wasser nicht zu weit absinkt und der Eingang zu seinem Bau freilegt.<\/p>\n<p>Biber leben in einer Art Ehe, d.h. sie suchen sich nicht jedes Jahr einen neuen Partner, sondern bleiben ihr Leben lang mit demselben Partner zusammen. Sie bekommen jedes Jahr zwischen zwei und vier Jungtiere und ziehen den Nachwuchs zwei lang Jahre auf. Danach m\u00fcssen die Jungtiere sich ein neues Zuhause suchen und wandern ca. 10 Kilometer und mehr, um ein geeignetes Revier zu finden. Dabei verlassen sie auch das Wasser und gehen \u00fcber Land, wo sie immer wieder auf Stra\u00dfen treffen. Hierin besteht die gr\u00f6\u00dfte Gefahr f\u00fcr die Biber, denn viele Jungtiere werden bei ihrer Wanderung \u00fcberfahren.<\/p>\n<p>Baden-W\u00fcrttemberg war urspr\u00fcnglich dicht mit Bibern besiedelt und das Tier spiegelt sich in vielen Orts- und Gew\u00e4ssernamen wider. Auch im Naturpark findet man solche Hinweise,\u00a0 wie beispielsweise beim Ortsnamen \u201eBibersfeld\u201c oder dem Fluss \u201eBibers\u201c. Doch der Biber wurde f\u00fcr sein Fell und sein Fleisch intensiv gejagt und galt ab Mitte des neunzehnten Jahrhunderts in Baden-W\u00fcrttemberg als ausgerottet. Erst seit den 1980-er Jahren fand der Biber seinen Weg \u00fcber Fl\u00fcsse aus Bayern, der Schweiz und Frankreich nach Baden-W\u00fcrttemberg zur\u00fcck. Seitdem breitet er sich immer weiter an den Fl\u00fcssen entlang aus, um neue Reviere zu gr\u00fcnden.<\/p>\n<p>Ins Naturparkgebiet ist der Biber \u00fcber den Kocher und die Jagst in die kleineren Nebenfl\u00fcsse eingewandert. Mittlerweile hat er weitere Reviere entlang der Brettach, Ohrn, Kupfer, Kocher, Bibers, Murr, Fichtenberger Rot und Lein sowie an verschiedenen Seen\u00a0besiedelt. Wie viele Tiere schon im Naturparkgebiet leben, l\u00e4sst sich schwer nachvollziehen. Die Anzahl wird aber tendenziell steigen, denn Biber sind nach internationalem und nationalem Recht streng gesch\u00fctzte Tiere. Man darf ihn weder st\u00f6ren noch vertreiben und schon gar nicht t\u00f6ten. Auch seine Biberbauten und Staud\u00e4mme darf man nicht st\u00f6ren oder entfernen. Nur im Einzelfall, und mit Ausnahmegenehmigung des Landratsamtes, darf ein Biberdamm entfernt werden. In den Naturschutzgebieten im Naturpark finden die Biber eine gute Lebensgrundlage mit nur wenigen menschlichen St\u00f6rungen.<\/p>\n<p>Manchmal kommt es zu Nutzungskonflikten zwischen Menschen und Bibern, etwa wenn etwa Wiesen wegen Biberd\u00e4mmen \u00fcberflutet werden oder wenn ein Biber sich in den Staudamm eines Sees eingr\u00e4bt und diesen undicht macht. Auch Waldbesitzer f\u00fcrchten manchmal um ihre B\u00e4ume. Aber f\u00fcr die meisten Konflikte gibt es wirksame Ma\u00dfnahmen, um die Sch\u00e4den zu minimieren. Die wirksamste Ma\u00dfnahme um Nutzungskonflikte ist die Ausweisung einen naturbelassenen Gew\u00e4sserrandstreifen mit 10 bis 20 m Breite. Denn Biber entfernen sich nicht weit vom Ufer. Ist dies nicht m\u00f6glich, eignet sich extensive Gr\u00fcnlandnutzung statt Felder f\u00fcr die Gebiete um die Gew\u00e4sser.<\/p>\n<p>Auch wenn es vereinzelt zu Konflikten kommen kann, verdankt der Mensch dem Biber einen gro\u00dfen Beitrag zum \u00d6kosystem und zur Biodiversit\u00e4t. Durch sein F\u00e4llen von B\u00e4umen sorgt er immer wieder f\u00fcr Lichtungen im Auwald, wodurch andere Pflanzen eine Chance zur Ansiedelung bekommen und tr\u00e4gt somit zu einer diversen Waldstruktur und einer nat\u00fcrlichen Verj\u00fcngung des Waldes bei. Durch seine Bauten schafft der Biber Lebensr\u00e4ume f\u00fcr Fische, Insekten, Amphibien und V\u00f6gel. Der Biberdamm h\u00e4lt bei Hochwasser Wasser zur\u00fcck und sch\u00fctzt so den Unterlauf. Durch das Stauen des Wassers wird ebenfalls der Grundwasserspiegel erh\u00f6ht und die Selbstreinigungskraft des Wassers gef\u00f6rdert. Daher kommt der Biber direkt und indirekt dem Lebensumfeld des Menschen zu Gute.<\/p>\n<p>Um der R\u00fcckkehr der Biber zu begleiten und m\u00f6gliche auftretende Konflikte individuell zu l\u00f6sen, gibt es in Baden-W\u00fcrttemberg ein dichtes Netz an Personen, die f\u00fcr das Biber-Management des Landes zust\u00e4ndig sind. Die Biberbeauftragten des Landes sind hauptamtlich in den Landrats\u00e4mtern f\u00fcr die Tiere im Einsatz, w\u00e4hrend sich zahlreiche ehrenamtliche BiberberaterInnen um die fl\u00e4chendeckende Betreuung der Biber k\u00fcmmern. Sie sind die erste Anlaufstelle bei Fragen und Problemen und stehen in engem Kontakt zu den Biberbeauftragten.<\/p>\n<p>Auch im Naturpark gibt es Biberberater, unter anderem ist dies unsere Naturparkf\u00fchrerin Petra Kuch. Sie bietet Biber-Touren und Vortr\u00e4ge an und schreibt au\u00dferdem einen Biber-Blog. Schauen Sie doch mal vorbei unter: <a href=\"http:\/\/www.biber-schule.de\/\" target=\"_blank\">www.biber-schule.de<\/a><\/p>\n<p>Noch mehr Infos \u00fcber den Biber finden Sie auf der Seite des Landesnaturschutzverbands: <a href=\"https:\/\/lnv-bw.de\/biber-in-baden-wuerttemberg\/\" target=\"_blank\">https:\/\/lnv-bw.de\/biber-in-baden-wuerttemberg\/<\/a><\/p>\n","protected":false},"excerpt":{"rendered":"<p>Biber: Streng gesch\u00fctzer Baumeister f\u00f6rdert Biodiversit\u00e4t <\/p>\n","protected":false},"author":25,"featured_media":8873,"comment_status":"open","ping_status":"open","sticky":false,"template":"","format":"standard","meta":[],"categories":[7],"tags":[1885],"yoast_head":"<!-- This site is optimized with the Yoast SEO plugin v19.10 - https:\/\/yoast.com\/wordpress\/plugins\/seo\/ -->\n<title>R\u00fcckkehr der Biber im Naturpark Schw\u00e4bisch-Fr\u00e4nkischer Wald - Naturpark Schw\u00e4bisch-Fr\u00e4nkischer Wald<\/title>\n<meta name=\"robots\" content=\"index, follow, max-snippet:-1, max-image-preview:large, max-video-preview:-1\" \/>\n<link rel=\"canonical\" href=\"https:\/\/www.naturparkmagazin.de\/schwaebisch-fraenkischer-wald\/rueckkehr-der-biber-im-naturpark-schwaebisch-fraenkischer-wald\/\" \/>\n<meta property=\"og:locale\" content=\"de_DE\" \/>\n<meta property=\"og:type\" content=\"article\" \/>\n<meta property=\"og:title\" content=\"R\u00fcckkehr der Biber im Naturpark Schw\u00e4bisch-Fr\u00e4nkischer Wald - Naturpark Schw\u00e4bisch-Fr\u00e4nkischer Wald\" \/>\n<meta property=\"og:description\" content=\"Biber: Streng gesch\u00fctzer Baumeister f\u00f6rdert Biodiversit\u00e4t\" \/>\n<meta property=\"og:url\" content=\"https:\/\/www.naturparkmagazin.de\/schwaebisch-fraenkischer-wald\/rueckkehr-der-biber-im-naturpark-schwaebisch-fraenkischer-wald\/\" \/>\n<meta property=\"og:site_name\" content=\"Naturpark Schw\u00e4bisch-Fr\u00e4nkischer Wald\" \/>\n<meta property=\"article:author\" content=\"https:\/\/www.facebook.com\/naturparkSFW\" \/>\n<meta property=\"article:published_time\" content=\"2020-05-15T06:49:15+00:00\" \/>\n<meta property=\"article:modified_time\" content=\"2020-05-26T06:24:08+00:00\" \/>\n<meta property=\"og:image\" content=\"https:\/\/www.naturparkmagazin.de\/schwaebisch-fraenkischer-wald\/wp-content\/uploads\/sites\/34\/190316_NPF_Biber-331.jpg\" \/>\n\t<meta property=\"og:image:width\" content=\"200\" \/>\n\t<meta property=\"og:image:height\" content=\"200\" \/>\n\t<meta property=\"og:image:type\" content=\"image\/jpeg\" \/>\n<meta name=\"author\" content=\"Naturpark-Team\" \/>\n<meta name=\"twitter:label1\" content=\"Verfasst von\" \/>\n\t<meta name=\"twitter:data1\" content=\"Naturpark-Team\" \/>\n\t<meta name=\"twitter:label2\" content=\"Gesch\u00e4tzte Lesezeit\" \/>\n\t<meta name=\"twitter:data2\" content=\"5\u00a0Minuten\" \/>\n<script type=\"application\/ld+json\" class=\"yoast-schema-graph\">{\"@context\":\"https:\/\/schema.org\",\"@graph\":[{\"@type\":\"WebPage\",\"@id\":\"https:\/\/www.naturparkmagazin.de\/schwaebisch-fraenkischer-wald\/rueckkehr-der-biber-im-naturpark-schwaebisch-fraenkischer-wald\/\",\"url\":\"https:\/\/www.naturparkmagazin.de\/schwaebisch-fraenkischer-wald\/rueckkehr-der-biber-im-naturpark-schwaebisch-fraenkischer-wald\/\",\"name\":\"R\u00fcckkehr der Biber im Naturpark Schw\u00e4bisch-Fr\u00e4nkischer Wald - Naturpark Schw\u00e4bisch-Fr\u00e4nkischer Wald\",\"isPartOf\":{\"@id\":\"https:\/\/www.naturparkmagazin.de\/schwaebisch-fraenkischer-wald\/#website\"},\"datePublished\":\"2020-05-15T06:49:15+00:00\",\"dateModified\":\"2020-05-26T06:24:08+00:00\",\"author\":{\"@id\":\"https:\/\/www.naturparkmagazin.de\/schwaebisch-fraenkischer-wald\/#\/schema\/person\/f047a3702ae747fd7830cf8ac95e6066\"},\"breadcrumb\":{\"@id\":\"https:\/\/www.naturparkmagazin.de\/schwaebisch-fraenkischer-wald\/rueckkehr-der-biber-im-naturpark-schwaebisch-fraenkischer-wald\/#breadcrumb\"},\"inLanguage\":\"de\",\"potentialAction\":[{\"@type\":\"ReadAction\",\"target\":[\"https:\/\/www.naturparkmagazin.de\/schwaebisch-fraenkischer-wald\/rueckkehr-der-biber-im-naturpark-schwaebisch-fraenkischer-wald\/\"]}]},{\"@type\":\"BreadcrumbList\",\"@id\":\"https:\/\/www.naturparkmagazin.de\/schwaebisch-fraenkischer-wald\/rueckkehr-der-biber-im-naturpark-schwaebisch-fraenkischer-wald\/#breadcrumb\",\"itemListElement\":[{\"@type\":\"ListItem\",\"position\":1,\"name\":\"Home\",\"item\":\"https:\/\/www.naturparkmagazin.de\/schwaebisch-fraenkischer-wald\/\"},{\"@type\":\"ListItem\",\"position\":2,\"name\":\"R\u00fcckkehr der Biber im Naturpark Schw\u00e4bisch-Fr\u00e4nkischer Wald\"}]},{\"@type\":\"WebSite\",\"@id\":\"https:\/\/www.naturparkmagazin.de\/schwaebisch-fraenkischer-wald\/#website\",\"url\":\"https:\/\/www.naturparkmagazin.de\/schwaebisch-fraenkischer-wald\/\",\"name\":\"Naturpark Schw\u00e4bisch-Fr\u00e4nkischer Wald\",\"description\":\"\",\"potentialAction\":[{\"@type\":\"SearchAction\",\"target\":{\"@type\":\"EntryPoint\",\"urlTemplate\":\"https:\/\/www.naturparkmagazin.de\/schwaebisch-fraenkischer-wald\/?s={search_term_string}\"},\"query-input\":\"required name=search_term_string\"}],\"inLanguage\":\"de\"},{\"@type\":\"Person\",\"@id\":\"https:\/\/www.naturparkmagazin.de\/schwaebisch-fraenkischer-wald\/#\/schema\/person\/f047a3702ae747fd7830cf8ac95e6066\",\"name\":\"Naturpark-Team\",\"sameAs\":[\"http:\/\/www.naturpark-sfw.de\",\"https:\/\/www.facebook.com\/naturparkSFW\"],\"url\":\"https:\/\/www.naturparkmagazin.de\/schwaebisch-fraenkischer-wald\/author\/bernharddrixler\/\"}]}<\/script>\n<!-- \/ Yoast SEO plugin. -->","yoast_head_json":{"title":"R\u00fcckkehr der Biber im Naturpark Schw\u00e4bisch-Fr\u00e4nkischer Wald - Naturpark Schw\u00e4bisch-Fr\u00e4nkischer Wald","robots":{"index":"index","follow":"follow","max-snippet":"max-snippet:-1","max-image-preview":"max-image-preview:large","max-video-preview":"max-video-preview:-1"},"canonical":"https:\/\/www.naturparkmagazin.de\/schwaebisch-fraenkischer-wald\/rueckkehr-der-biber-im-naturpark-schwaebisch-fraenkischer-wald\/","og_locale":"de_DE","og_type":"article","og_title":"R\u00fcckkehr der Biber im Naturpark Schw\u00e4bisch-Fr\u00e4nkischer Wald - Naturpark Schw\u00e4bisch-Fr\u00e4nkischer Wald","og_description":"Biber: Streng gesch\u00fctzer Baumeister f\u00f6rdert Biodiversit\u00e4t","og_url":"https:\/\/www.naturparkmagazin.de\/schwaebisch-fraenkischer-wald\/rueckkehr-der-biber-im-naturpark-schwaebisch-fraenkischer-wald\/","og_site_name":"Naturpark Schw\u00e4bisch-Fr\u00e4nkischer Wald","article_author":"https:\/\/www.facebook.com\/naturparkSFW","article_published_time":"2020-05-15T06:49:15+00:00","article_modified_time":"2020-05-26T06:24:08+00:00","og_image":[{"width":200,"height":200,"url":"https:\/\/www.naturparkmagazin.de\/schwaebisch-fraenkischer-wald\/wp-content\/uploads\/sites\/34\/190316_NPF_Biber-331.jpg","type":"image\/jpeg"}],"author":"Naturpark-Team","twitter_misc":{"Verfasst von":"Naturpark-Team","Gesch\u00e4tzte Lesezeit":"5\u00a0Minuten"},"schema":{"@context":"https:\/\/schema.org","@graph":[{"@type":"WebPage","@id":"https:\/\/www.naturparkmagazin.de\/schwaebisch-fraenkischer-wald\/rueckkehr-der-biber-im-naturpark-schwaebisch-fraenkischer-wald\/","url":"https:\/\/www.naturparkmagazin.de\/schwaebisch-fraenkischer-wald\/rueckkehr-der-biber-im-naturpark-schwaebisch-fraenkischer-wald\/","name":"R\u00fcckkehr der Biber im Naturpark Schw\u00e4bisch-Fr\u00e4nkischer Wald - Naturpark Schw\u00e4bisch-Fr\u00e4nkischer Wald","isPartOf":{"@id":"https:\/\/www.naturparkmagazin.de\/schwaebisch-fraenkischer-wald\/#website"},"datePublished":"2020-05-15T06:49:15+00:00","dateModified":"2020-05-26T06:24:08+00:00","author":{"@id":"https:\/\/www.naturparkmagazin.de\/schwaebisch-fraenkischer-wald\/#\/schema\/person\/f047a3702ae747fd7830cf8ac95e6066"},"breadcrumb":{"@id":"https:\/\/www.naturparkmagazin.de\/schwaebisch-fraenkischer-wald\/rueckkehr-der-biber-im-naturpark-schwaebisch-fraenkischer-wald\/#breadcrumb"},"inLanguage":"de","potentialAction":[{"@type":"ReadAction","target":["https:\/\/www.naturparkmagazin.de\/schwaebisch-fraenkischer-wald\/rueckkehr-der-biber-im-naturpark-schwaebisch-fraenkischer-wald\/"]}]},{"@type":"BreadcrumbList","@id":"https:\/\/www.naturparkmagazin.de\/schwaebisch-fraenkischer-wald\/rueckkehr-der-biber-im-naturpark-schwaebisch-fraenkischer-wald\/#breadcrumb","itemListElement":[{"@type":"ListItem","position":1,"name":"Home","item":"https:\/\/www.naturparkmagazin.de\/schwaebisch-fraenkischer-wald\/"},{"@type":"ListItem","position":2,"name":"R\u00fcckkehr der Biber im Naturpark Schw\u00e4bisch-Fr\u00e4nkischer Wald"}]},{"@type":"WebSite","@id":"https:\/\/www.naturparkmagazin.de\/schwaebisch-fraenkischer-wald\/#website","url":"https:\/\/www.naturparkmagazin.de\/schwaebisch-fraenkischer-wald\/","name":"Naturpark Schw\u00e4bisch-Fr\u00e4nkischer Wald","description":"","potentialAction":[{"@type":"SearchAction","target":{"@type":"EntryPoint","urlTemplate":"https:\/\/www.naturparkmagazin.de\/schwaebisch-fraenkischer-wald\/?s={search_term_string}"},"query-input":"required name=search_term_string"}],"inLanguage":"de"},{"@type":"Person","@id":"https:\/\/www.naturparkmagazin.de\/schwaebisch-fraenkischer-wald\/#\/schema\/person\/f047a3702ae747fd7830cf8ac95e6066","name":"Naturpark-Team","sameAs":["http:\/\/www.naturpark-sfw.de","https:\/\/www.facebook.com\/naturparkSFW"],"url":"https:\/\/www.naturparkmagazin.de\/schwaebisch-fraenkischer-wald\/author\/bernharddrixler\/"}]}},"_links":{"self":[{"href":"https:\/\/www.naturparkmagazin.de\/schwaebisch-fraenkischer-wald\/wp-json\/wp\/v2\/posts\/8870"}],"collection":[{"href":"https:\/\/www.naturparkmagazin.de\/schwaebisch-fraenkischer-wald\/wp-json\/wp\/v2\/posts"}],"about":[{"href":"https:\/\/www.naturparkmagazin.de\/schwaebisch-fraenkischer-wald\/wp-json\/wp\/v2\/types\/post"}],"author":[{"embeddable":true,"href":"https:\/\/www.naturparkmagazin.de\/schwaebisch-fraenkischer-wald\/wp-json\/wp\/v2\/users\/25"}],"replies":[{"embeddable":true,"href":"https:\/\/www.naturparkmagazin.de\/schwaebisch-fraenkischer-wald\/wp-json\/wp\/v2\/comments?post=8870"}],"version-history":[{"count":3,"href":"https:\/\/www.naturparkmagazin.de\/schwaebisch-fraenkischer-wald\/wp-json\/wp\/v2\/posts\/8870\/revisions"}],"predecessor-version":[{"id":8899,"href":"https:\/\/www.naturparkmagazin.de\/schwaebisch-fraenkischer-wald\/wp-json\/wp\/v2\/posts\/8870\/revisions\/8899"}],"wp:featuredmedia":[{"embeddable":true,"href":"https:\/\/www.naturparkmagazin.de\/schwaebisch-fraenkischer-wald\/wp-json\/wp\/v2\/media\/8873"}],"wp:attachment":[{"href":"https:\/\/www.naturparkmagazin.de\/schwaebisch-fraenkischer-wald\/wp-json\/wp\/v2\/media?parent=8870"}],"wp:term":[{"taxonomy":"category","embeddable":true,"href":"https:\/\/www.naturparkmagazin.de\/schwaebisch-fraenkischer-wald\/wp-json\/wp\/v2\/categories?post=8870"},{"taxonomy":"post_tag","embeddable":true,"href":"https:\/\/www.naturparkmagazin.de\/schwaebisch-fraenkischer-wald\/wp-json\/wp\/v2\/tags?post=8870"}],"curies":[{"name":"wp","href":"https:\/\/api.w.org\/{rel}","templated":true}]}}