{"id":8913,"date":"2020-05-15T16:28:55","date_gmt":"2020-05-15T14:28:55","guid":{"rendered":"https:\/\/www.naturparkmagazin.de\/schwaebisch-fraenkischer-wald\/?p=8913"},"modified":"2020-05-26T16:33:56","modified_gmt":"2020-05-26T14:33:56","slug":"ganz-besondere-rezepte-2","status":"publish","type":"post","link":"https:\/\/www.naturparkmagazin.de\/schwaebisch-fraenkischer-wald\/ganz-besondere-rezepte-2\/","title":{"rendered":"Ganz besondere Rezepte&#8230;"},"content":{"rendered":"<p>&#8230;f\u00fcr insektenfreundliche Oasen!<\/p>\n<div id=\"attachment_8911\" style=\"width: 510px\" class=\"wp-caption alignright\"><a href=\"https:\/\/www.naturparkmagazin.de\/schwaebisch-fraenkischer-wald\/wp-content\/uploads\/sites\/34\/2020_06_1_MutZuWildenEcken.jpg\"><img aria-describedby=\"caption-attachment-8911\" decoding=\"async\" loading=\"lazy\" class=\"size-full wp-image-8911\" src=\"https:\/\/www.naturparkmagazin.de\/schwaebisch-fraenkischer-wald\/wp-content\/uploads\/sites\/34\/2020_06_1_MutZuWildenEcken.jpg\" alt=\"Mut zu wilden Ecken im Garten\" width=\"500\" height=\"300\" srcset=\"https:\/\/www.naturparkmagazin.de\/schwaebisch-fraenkischer-wald\/wp-content\/uploads\/sites\/34\/2020_06_1_MutZuWildenEcken.jpg 500w, https:\/\/www.naturparkmagazin.de\/schwaebisch-fraenkischer-wald\/wp-content\/uploads\/sites\/34\/2020_06_1_MutZuWildenEcken-300x180.jpg 300w, https:\/\/www.naturparkmagazin.de\/schwaebisch-fraenkischer-wald\/wp-content\/uploads\/sites\/34\/2020_06_1_MutZuWildenEcken-200x120.jpg 200w\" sizes=\"(max-width: 500px) 100vw, 500px\" \/><\/a><p id=\"caption-attachment-8911\" class=\"wp-caption-text\">Mut zu wilden Ecken im Garten<\/p><\/div>\n<p>Die sieben Naturparke Baden-W\u00fcrttembergs engagieren sich im Rahmen des Projekts Bl\u00fchende Naturparke f\u00fcr den Insektenschutz, indem Wildblumenwiesen durch eine Neuansaat oder eine Pflegeumstellung geschaffen werden. Artenreiche Wiesen gebietsheimischer Pflanzen bieten Insekten Lebensraum, Nahrungsquellen und \u00dcberwinterungsm\u00f6glichkeiten. Belassen Sie auch in Ihrem Garten wilde Bereiche und schaffen Sie so insektenfreundliche Oasen. Wilde Wiesen m\u00fcssen ein bis drei Mal im Jahr gem\u00e4ht und das Schnittgut abgetragen werden.<\/p>\n<p><strong>Nutzg\u00e4rten\n<\/strong>Viel Potential bieten auch Gem\u00fcse- und Kr\u00e4uterbeete, wenn Insekten genug Raum gelassen wird. Verzichten Sie auf chemische Hilfsmittel und lassen Sie regelm\u00e4\u00dfig einige Pflanzen in die Bl\u00fcte gehen. Besonders Kr\u00e4uter wie Rosmarin, Salbei, Borretsch, Kapuzinerkresse und Oregano sind wahre Insektenmagneten.<\/p>\n<p><strong>Z\u00e4une, Mauern und Hecken\n<\/strong>\u00d6kologische sehr wertvoll ist eine Abgrenzung durch eine Trockenmauer aus Natursteinen. Sie sollte nach S\u00fcden ausgerichtet sein und die Fugen mit Sand, Erde oder kleinen Steinen gef\u00fcllt sein. Wem blanke Fugen nicht gr\u00fcn genug sind, kann trockenheitstolerante Pflanzen setzen. Zur Abgrenzung k\u00f6nnen Sie aus Reisig eine Totholzhecke anlegen. Sie bietet nicht nur Insekten Unterschlupf, sondern wird auch von Amphibien, Eidechsen, Zaunk\u00f6nigen und Igeln gerne genutzt. Auch ein lebendiger Zaun aus Weiden ist eine sinnvolle L\u00f6sung.<\/p>\n<p><strong>Nisthilfen f\u00fcr Fortgeschrittene\n<\/strong>Hohle Schilfst\u00e4ngel oder Brombeerranken sind schnell geb\u00fcndelt und bieten einigen Wildbienenarten Nistm\u00f6glichkeiten. Rund drei Viertel aller Wildbienen nisten jedoch im Boden. Sie ben\u00f6tigen offene Bodenfl\u00e4chen, Sandhaufen, sandgef\u00fcllte Fugen, kahle H\u00e4nge oder Abbruchkanten. Auch in Ihrem Garten k\u00f6nnen Sie einen sonnigen Ort offen und st\u00f6rungsfrei halten.<strong>\n<\/strong><\/p>\n<div id=\"attachment_8915\" style=\"width: 510px\" class=\"wp-caption alignright\"><a href=\"https:\/\/www.naturparkmagazin.de\/schwaebisch-fraenkischer-wald\/wp-content\/uploads\/sites\/34\/2020_06_2_BodennistendeWildbiene.jpg\"><img aria-describedby=\"caption-attachment-8915\" decoding=\"async\" loading=\"lazy\" class=\"wp-image-8915 size-full\" src=\"https:\/\/www.naturparkmagazin.de\/schwaebisch-fraenkischer-wald\/wp-content\/uploads\/sites\/34\/2020_06_2_BodennistendeWildbiene.jpg\" alt=\"Drei Viertel aller Wildbienen nisten im Boden\" width=\"500\" height=\"300\" srcset=\"https:\/\/www.naturparkmagazin.de\/schwaebisch-fraenkischer-wald\/wp-content\/uploads\/sites\/34\/2020_06_2_BodennistendeWildbiene.jpg 500w, https:\/\/www.naturparkmagazin.de\/schwaebisch-fraenkischer-wald\/wp-content\/uploads\/sites\/34\/2020_06_2_BodennistendeWildbiene-300x180.jpg 300w, https:\/\/www.naturparkmagazin.de\/schwaebisch-fraenkischer-wald\/wp-content\/uploads\/sites\/34\/2020_06_2_BodennistendeWildbiene-200x120.jpg 200w\" sizes=\"(max-width: 500px) 100vw, 500px\" \/><\/a><p id=\"caption-attachment-8915\" class=\"wp-caption-text\">Drei Viertel aller Wildbienen nisten im Boden<\/p><\/div>\n<p><strong>Mehr Informationen\n<\/strong>Die Naturparke Baden-W\u00fcrttembergs bieten in ihrem neuen Flyer \u201eInsektenfreundliche Lebensr\u00e4ume gestalten\u201c mehr Tipps zur Gestaltung eines insektenfreundlichen Gartens oder Balkons. Erh\u00e4ltlich in Ihrem Naturpark oder als Download unter <a href=\"http:\/\/www.bluehende-naturparke.de\/downloads\" target=\"_blank\">www.bluehende-naturparke.de\/downloads<\/a>.<\/p>\n<p><strong>Ansprechpartnerin\n<\/strong>Projektmanagement Bl\u00fchende Naturparke, Julia Mack, c\/o Naturpark Schwarzwald Mitte\/Nord, Mail: <a href=\"mailto:info@bluehende-naturparke.de\" target=\"_blank\">info@bluehende-naturparke.de<\/a><\/p>\n<p>Bilder:\nMut zu wilden Ecken im Garten. (Foto: Naturpark Schw\u00e4bisch-Fr\u00e4nkischer Wald)\nDrei Viertel aller Wildbienen nisten im Boden. (Fotorechte m\u00fcssen nicht ausgewiesen werden.)<\/p>\n","protected":false},"excerpt":{"rendered":"<p>Bl\u00fchende Naturparke f\u00fcr den Insektenschutz: Insektenfreundliches G\u00e4rtnern<\/p>\n","protected":false},"author":25,"featured_media":8918,"comment_status":"open","ping_status":"open","sticky":false,"template":"","format":"standard","meta":[],"categories":[14],"tags":[1885],"yoast_head":"<!-- This site is optimized with the Yoast SEO plugin v19.10 - https:\/\/yoast.com\/wordpress\/plugins\/seo\/ -->\n<title>Ganz besondere Rezepte... - Naturpark Schw\u00e4bisch-Fr\u00e4nkischer Wald<\/title>\n<meta name=\"robots\" content=\"index, follow, max-snippet:-1, max-image-preview:large, max-video-preview:-1\" \/>\n<link rel=\"canonical\" href=\"https:\/\/www.naturparkmagazin.de\/schwaebisch-fraenkischer-wald\/ganz-besondere-rezepte-2\/\" \/>\n<meta property=\"og:locale\" content=\"de_DE\" \/>\n<meta property=\"og:type\" content=\"article\" \/>\n<meta property=\"og:title\" content=\"Ganz besondere Rezepte... - Naturpark Schw\u00e4bisch-Fr\u00e4nkischer Wald\" \/>\n<meta property=\"og:description\" content=\"Bl\u00fchende Naturparke f\u00fcr den Insektenschutz: Insektenfreundliches G\u00e4rtnern\" \/>\n<meta property=\"og:url\" content=\"https:\/\/www.naturparkmagazin.de\/schwaebisch-fraenkischer-wald\/ganz-besondere-rezepte-2\/\" \/>\n<meta property=\"og:site_name\" content=\"Naturpark Schw\u00e4bisch-Fr\u00e4nkischer Wald\" \/>\n<meta property=\"article:author\" content=\"https:\/\/www.facebook.com\/naturparkSFW\" \/>\n<meta property=\"article:published_time\" content=\"2020-05-15T14:28:55+00:00\" \/>\n<meta property=\"article:modified_time\" content=\"2020-05-26T14:33:56+00:00\" \/>\n<meta property=\"og:image\" content=\"https:\/\/www.naturparkmagazin.de\/schwaebisch-fraenkischer-wald\/wp-content\/uploads\/sites\/34\/2020_06_1_MutZuWildenEcken1.jpg\" \/>\n\t<meta property=\"og:image:width\" content=\"200\" \/>\n\t<meta property=\"og:image:height\" content=\"200\" \/>\n\t<meta property=\"og:image:type\" content=\"image\/jpeg\" \/>\n<meta name=\"author\" content=\"Naturpark-Team\" \/>\n<meta name=\"twitter:label1\" content=\"Verfasst von\" \/>\n\t<meta name=\"twitter:data1\" content=\"Naturpark-Team\" \/>\n\t<meta name=\"twitter:label2\" content=\"Gesch\u00e4tzte Lesezeit\" \/>\n\t<meta name=\"twitter:data2\" content=\"2\u00a0Minuten\" \/>\n<script type=\"application\/ld+json\" class=\"yoast-schema-graph\">{\"@context\":\"https:\/\/schema.org\",\"@graph\":[{\"@type\":\"WebPage\",\"@id\":\"https:\/\/www.naturparkmagazin.de\/schwaebisch-fraenkischer-wald\/ganz-besondere-rezepte-2\/\",\"url\":\"https:\/\/www.naturparkmagazin.de\/schwaebisch-fraenkischer-wald\/ganz-besondere-rezepte-2\/\",\"name\":\"Ganz besondere Rezepte... - Naturpark Schw\u00e4bisch-Fr\u00e4nkischer Wald\",\"isPartOf\":{\"@id\":\"https:\/\/www.naturparkmagazin.de\/schwaebisch-fraenkischer-wald\/#website\"},\"datePublished\":\"2020-05-15T14:28:55+00:00\",\"dateModified\":\"2020-05-26T14:33:56+00:00\",\"author\":{\"@id\":\"https:\/\/www.naturparkmagazin.de\/schwaebisch-fraenkischer-wald\/#\/schema\/person\/f047a3702ae747fd7830cf8ac95e6066\"},\"breadcrumb\":{\"@id\":\"https:\/\/www.naturparkmagazin.de\/schwaebisch-fraenkischer-wald\/ganz-besondere-rezepte-2\/#breadcrumb\"},\"inLanguage\":\"de\",\"potentialAction\":[{\"@type\":\"ReadAction\",\"target\":[\"https:\/\/www.naturparkmagazin.de\/schwaebisch-fraenkischer-wald\/ganz-besondere-rezepte-2\/\"]}]},{\"@type\":\"BreadcrumbList\",\"@id\":\"https:\/\/www.naturparkmagazin.de\/schwaebisch-fraenkischer-wald\/ganz-besondere-rezepte-2\/#breadcrumb\",\"itemListElement\":[{\"@type\":\"ListItem\",\"position\":1,\"name\":\"Home\",\"item\":\"https:\/\/www.naturparkmagazin.de\/schwaebisch-fraenkischer-wald\/\"},{\"@type\":\"ListItem\",\"position\":2,\"name\":\"Ganz besondere Rezepte&#8230;\"}]},{\"@type\":\"WebSite\",\"@id\":\"https:\/\/www.naturparkmagazin.de\/schwaebisch-fraenkischer-wald\/#website\",\"url\":\"https:\/\/www.naturparkmagazin.de\/schwaebisch-fraenkischer-wald\/\",\"name\":\"Naturpark Schw\u00e4bisch-Fr\u00e4nkischer Wald\",\"description\":\"\",\"potentialAction\":[{\"@type\":\"SearchAction\",\"target\":{\"@type\":\"EntryPoint\",\"urlTemplate\":\"https:\/\/www.naturparkmagazin.de\/schwaebisch-fraenkischer-wald\/?s={search_term_string}\"},\"query-input\":\"required name=search_term_string\"}],\"inLanguage\":\"de\"},{\"@type\":\"Person\",\"@id\":\"https:\/\/www.naturparkmagazin.de\/schwaebisch-fraenkischer-wald\/#\/schema\/person\/f047a3702ae747fd7830cf8ac95e6066\",\"name\":\"Naturpark-Team\",\"sameAs\":[\"http:\/\/www.naturpark-sfw.de\",\"https:\/\/www.facebook.com\/naturparkSFW\"],\"url\":\"https:\/\/www.naturparkmagazin.de\/schwaebisch-fraenkischer-wald\/author\/bernharddrixler\/\"}]}<\/script>\n<!-- \/ Yoast SEO plugin. -->","yoast_head_json":{"title":"Ganz besondere Rezepte... - Naturpark Schw\u00e4bisch-Fr\u00e4nkischer Wald","robots":{"index":"index","follow":"follow","max-snippet":"max-snippet:-1","max-image-preview":"max-image-preview:large","max-video-preview":"max-video-preview:-1"},"canonical":"https:\/\/www.naturparkmagazin.de\/schwaebisch-fraenkischer-wald\/ganz-besondere-rezepte-2\/","og_locale":"de_DE","og_type":"article","og_title":"Ganz besondere Rezepte... - Naturpark Schw\u00e4bisch-Fr\u00e4nkischer Wald","og_description":"Bl\u00fchende Naturparke f\u00fcr den Insektenschutz: Insektenfreundliches G\u00e4rtnern","og_url":"https:\/\/www.naturparkmagazin.de\/schwaebisch-fraenkischer-wald\/ganz-besondere-rezepte-2\/","og_site_name":"Naturpark Schw\u00e4bisch-Fr\u00e4nkischer Wald","article_author":"https:\/\/www.facebook.com\/naturparkSFW","article_published_time":"2020-05-15T14:28:55+00:00","article_modified_time":"2020-05-26T14:33:56+00:00","og_image":[{"width":200,"height":200,"url":"https:\/\/www.naturparkmagazin.de\/schwaebisch-fraenkischer-wald\/wp-content\/uploads\/sites\/34\/2020_06_1_MutZuWildenEcken1.jpg","type":"image\/jpeg"}],"author":"Naturpark-Team","twitter_misc":{"Verfasst von":"Naturpark-Team","Gesch\u00e4tzte Lesezeit":"2\u00a0Minuten"},"schema":{"@context":"https:\/\/schema.org","@graph":[{"@type":"WebPage","@id":"https:\/\/www.naturparkmagazin.de\/schwaebisch-fraenkischer-wald\/ganz-besondere-rezepte-2\/","url":"https:\/\/www.naturparkmagazin.de\/schwaebisch-fraenkischer-wald\/ganz-besondere-rezepte-2\/","name":"Ganz besondere Rezepte... - Naturpark Schw\u00e4bisch-Fr\u00e4nkischer Wald","isPartOf":{"@id":"https:\/\/www.naturparkmagazin.de\/schwaebisch-fraenkischer-wald\/#website"},"datePublished":"2020-05-15T14:28:55+00:00","dateModified":"2020-05-26T14:33:56+00:00","author":{"@id":"https:\/\/www.naturparkmagazin.de\/schwaebisch-fraenkischer-wald\/#\/schema\/person\/f047a3702ae747fd7830cf8ac95e6066"},"breadcrumb":{"@id":"https:\/\/www.naturparkmagazin.de\/schwaebisch-fraenkischer-wald\/ganz-besondere-rezepte-2\/#breadcrumb"},"inLanguage":"de","potentialAction":[{"@type":"ReadAction","target":["https:\/\/www.naturparkmagazin.de\/schwaebisch-fraenkischer-wald\/ganz-besondere-rezepte-2\/"]}]},{"@type":"BreadcrumbList","@id":"https:\/\/www.naturparkmagazin.de\/schwaebisch-fraenkischer-wald\/ganz-besondere-rezepte-2\/#breadcrumb","itemListElement":[{"@type":"ListItem","position":1,"name":"Home","item":"https:\/\/www.naturparkmagazin.de\/schwaebisch-fraenkischer-wald\/"},{"@type":"ListItem","position":2,"name":"Ganz besondere Rezepte&#8230;"}]},{"@type":"WebSite","@id":"https:\/\/www.naturparkmagazin.de\/schwaebisch-fraenkischer-wald\/#website","url":"https:\/\/www.naturparkmagazin.de\/schwaebisch-fraenkischer-wald\/","name":"Naturpark Schw\u00e4bisch-Fr\u00e4nkischer Wald","description":"","potentialAction":[{"@type":"SearchAction","target":{"@type":"EntryPoint","urlTemplate":"https:\/\/www.naturparkmagazin.de\/schwaebisch-fraenkischer-wald\/?s={search_term_string}"},"query-input":"required name=search_term_string"}],"inLanguage":"de"},{"@type":"Person","@id":"https:\/\/www.naturparkmagazin.de\/schwaebisch-fraenkischer-wald\/#\/schema\/person\/f047a3702ae747fd7830cf8ac95e6066","name":"Naturpark-Team","sameAs":["http:\/\/www.naturpark-sfw.de","https:\/\/www.facebook.com\/naturparkSFW"],"url":"https:\/\/www.naturparkmagazin.de\/schwaebisch-fraenkischer-wald\/author\/bernharddrixler\/"}]}},"_links":{"self":[{"href":"https:\/\/www.naturparkmagazin.de\/schwaebisch-fraenkischer-wald\/wp-json\/wp\/v2\/posts\/8913"}],"collection":[{"href":"https:\/\/www.naturparkmagazin.de\/schwaebisch-fraenkischer-wald\/wp-json\/wp\/v2\/posts"}],"about":[{"href":"https:\/\/www.naturparkmagazin.de\/schwaebisch-fraenkischer-wald\/wp-json\/wp\/v2\/types\/post"}],"author":[{"embeddable":true,"href":"https:\/\/www.naturparkmagazin.de\/schwaebisch-fraenkischer-wald\/wp-json\/wp\/v2\/users\/25"}],"replies":[{"embeddable":true,"href":"https:\/\/www.naturparkmagazin.de\/schwaebisch-fraenkischer-wald\/wp-json\/wp\/v2\/comments?post=8913"}],"version-history":[{"count":3,"href":"https:\/\/www.naturparkmagazin.de\/schwaebisch-fraenkischer-wald\/wp-json\/wp\/v2\/posts\/8913\/revisions"}],"predecessor-version":[{"id":8917,"href":"https:\/\/www.naturparkmagazin.de\/schwaebisch-fraenkischer-wald\/wp-json\/wp\/v2\/posts\/8913\/revisions\/8917"}],"wp:featuredmedia":[{"embeddable":true,"href":"https:\/\/www.naturparkmagazin.de\/schwaebisch-fraenkischer-wald\/wp-json\/wp\/v2\/media\/8918"}],"wp:attachment":[{"href":"https:\/\/www.naturparkmagazin.de\/schwaebisch-fraenkischer-wald\/wp-json\/wp\/v2\/media?parent=8913"}],"wp:term":[{"taxonomy":"category","embeddable":true,"href":"https:\/\/www.naturparkmagazin.de\/schwaebisch-fraenkischer-wald\/wp-json\/wp\/v2\/categories?post=8913"},{"taxonomy":"post_tag","embeddable":true,"href":"https:\/\/www.naturparkmagazin.de\/schwaebisch-fraenkischer-wald\/wp-json\/wp\/v2\/tags?post=8913"}],"curies":[{"name":"wp","href":"https:\/\/api.w.org\/{rel}","templated":true}]}}