{"id":8957,"date":"2020-06-15T15:08:55","date_gmt":"2020-06-15T13:08:55","guid":{"rendered":"https:\/\/www.naturparkmagazin.de\/schwaebisch-fraenkischer-wald\/?p=8957"},"modified":"2020-06-15T17:03:12","modified_gmt":"2020-06-15T15:03:12","slug":"im-naturpark-noch-zu-hause-der-steinkrebs","status":"publish","type":"post","link":"https:\/\/www.naturparkmagazin.de\/schwaebisch-fraenkischer-wald\/im-naturpark-noch-zu-hause-der-steinkrebs\/","title":{"rendered":"Im Naturpark (noch) zu Hause: der Steinkrebs"},"content":{"rendered":"<div id=\"attachment_8960\" style=\"width: 510px\" class=\"wp-caption alignright\"><a href=\"https:\/\/www.naturparkmagazin.de\/schwaebisch-fraenkischer-wald\/wp-content\/uploads\/sites\/34\/20191024_Steinkrebs_Austropotamobius_torrentium_Waldmann_Benjamin_006.jpg\"><img aria-describedby=\"caption-attachment-8960\" decoding=\"async\" loading=\"lazy\" class=\"wp-image-8960 size-full\" src=\"https:\/\/www.naturparkmagazin.de\/schwaebisch-fraenkischer-wald\/wp-content\/uploads\/sites\/34\/20191024_Steinkrebs_Austropotamobius_torrentium_Waldmann_Benjamin_006.jpg\" alt=\"Steinkrebs\" width=\"500\" height=\"300\" srcset=\"https:\/\/www.naturparkmagazin.de\/schwaebisch-fraenkischer-wald\/wp-content\/uploads\/sites\/34\/20191024_Steinkrebs_Austropotamobius_torrentium_Waldmann_Benjamin_006.jpg 500w, https:\/\/www.naturparkmagazin.de\/schwaebisch-fraenkischer-wald\/wp-content\/uploads\/sites\/34\/20191024_Steinkrebs_Austropotamobius_torrentium_Waldmann_Benjamin_006-300x180.jpg 300w, https:\/\/www.naturparkmagazin.de\/schwaebisch-fraenkischer-wald\/wp-content\/uploads\/sites\/34\/20191024_Steinkrebs_Austropotamobius_torrentium_Waldmann_Benjamin_006-200x120.jpg 200w\" sizes=\"(max-width: 500px) 100vw, 500px\" \/><\/a><p id=\"caption-attachment-8960\" class=\"wp-caption-text\">Steinkrebs Austropotamobius torrentium (Foto: Benjamin Waldmann)<\/p><\/div>\n<p>Der Naturpark Schw\u00e4bisch-Fr\u00e4nkischer Wald bietet nicht nur f\u00fcr Menschen eine Heimat, sondern auch f\u00fcr vielerlei Pflanzen- und Tierarten, manche davon sind sehr selten und sch\u00fctzenswert. Der Steinkrebs (<em>Austropotamobius torrentium<\/em>) ist in den B\u00e4chen und Fl\u00fcssen des Naturparks heimisch und hat hier gute Lebensgrundlagen. Allerdings sind Steinkrebse europaweit durch Ver\u00e4nderungen ihres Lebensraumes und Verdr\u00e4ngung durch invasiven Arten stark betroffen und nun vom Aussterben bedroht. Hier im Naturpark sind noch einige Populationen erhalten.<\/p>\n<p>Der Steinkrebs ist neben dem Dohlenkrebs (<em>Austropotamobius pallipes<\/em>) und dem Edelkrebs (<em>Astacus astacus<\/em>) eine von drei in Deutschland heimisch vorkommende Flusskrebsarten. Die beige-graue bis olivgr\u00fcn-braune Steinkrebse sind ca. 8 bis 10 cm lang und k\u00f6nnen 10 bis 12 Jahre alt werden. Sie sind d\u00e4mmerungs- und nachtaktiv und verstecken sich tags\u00fcber in ihren H\u00f6hlen, die sie im Ufer eingraben, oder unter Steinen und Wurzeln im Wasser. Steinkrebse sind wahre Allesfresser. Sie ern\u00e4hren sich von Pflanzen, Insekten, Schnecken und Mollusken, aber auch Aas. Damit sie wachsen k\u00f6nnen, m\u00fcssen sie regelm\u00e4\u00dfig durch H\u00e4utung ihren Panzer abstreifen.<\/p>\n<p>Steinkrebse f\u00fchlen sich vor allem in strukturreichen, sommerkalten Flie\u00dfgew\u00e4ssern mit guter Wasserqualit\u00e4t wohl. Sie bevorzugen B\u00e4che mit wechselnder Str\u00f6mung, vielen Versteckm\u00f6glichkeiten wie Steine oder Wurzeln und grabf\u00e4higen Uferbereichen. H\u00e4ufig finden sich solche Bedingungen nur noch in den Oberl\u00e4ufen der Flie\u00dfgew\u00e4sser im Wald \u2013 wie z.B. im Naturpark Schw\u00e4bisch-Fr\u00e4nkischer Wald. Daher k\u00f6nnen Steinkrebs-Vorkommen durchaus ein Indikator f\u00fcr naturnahe Flie\u00dfgew\u00e4sser mit guter Wasserqualit\u00e4t sein.<\/p>\n<p>Die Paarung der Steinkrebse findet im Herbst statt. Danach tragen die Weibchen die maximal 60 Eier gut gesch\u00fctzt an der Unterseite ihres Hinterleibs. Flusskrebse sind in der kalten Jahreszeit nur wenig aktiv. Wird das Wasser w\u00e4rmer, nimmt auch die Aktivit\u00e4t der Flusskrebse zu und die Jungkrebse schl\u00fcpfen im Fr\u00fchsommer aus ihren Eiern. In zwei bis vier Jahren sind die Jungtiere voll ausgewachsen und geschlechtsreif. Steinkrebse bewegen sich in der Regel im direkten Umfeld ihres Versteckes.<\/p>\n<div id=\"attachment_8962\" style=\"width: 510px\" class=\"wp-caption alignright\"><a href=\"https:\/\/www.naturparkmagazin.de\/schwaebisch-fraenkischer-wald\/wp-content\/uploads\/sites\/34\/20180924_Signalkrebs_Pacifastacus_leniusculus_Waldmann_Benjamin_004.jpg\"><img aria-describedby=\"caption-attachment-8962\" decoding=\"async\" loading=\"lazy\" class=\"wp-image-8962 size-full\" src=\"https:\/\/www.naturparkmagazin.de\/schwaebisch-fraenkischer-wald\/wp-content\/uploads\/sites\/34\/20180924_Signalkrebs_Pacifastacus_leniusculus_Waldmann_Benjamin_004.jpg\" alt=\"Steinkrebs\" width=\"500\" height=\"300\" srcset=\"https:\/\/www.naturparkmagazin.de\/schwaebisch-fraenkischer-wald\/wp-content\/uploads\/sites\/34\/20180924_Signalkrebs_Pacifastacus_leniusculus_Waldmann_Benjamin_004.jpg 500w, https:\/\/www.naturparkmagazin.de\/schwaebisch-fraenkischer-wald\/wp-content\/uploads\/sites\/34\/20180924_Signalkrebs_Pacifastacus_leniusculus_Waldmann_Benjamin_004-300x180.jpg 300w, https:\/\/www.naturparkmagazin.de\/schwaebisch-fraenkischer-wald\/wp-content\/uploads\/sites\/34\/20180924_Signalkrebs_Pacifastacus_leniusculus_Waldmann_Benjamin_004-200x120.jpg 200w\" sizes=\"(max-width: 500px) 100vw, 500px\" \/><\/a><p id=\"caption-attachment-8962\" class=\"wp-caption-text\">Signalkrebs Pacifastacus leniusculus (Foto: Benjamin Waldmann)<\/p><\/div>\n<p>Der Steinkrebs war noch vor 150 Jahren eine h\u00e4ufige Art der kleinen Flie\u00dfgew\u00e4sser und praktisch \u00fcberall in den Mittelgebirgen S\u00fcddeutschlands weit verbreitet. Heutzutage ist er europaweit vom Aussterben bedroht. Deshalb ist er nach der FFH-Richtlinie der EU als priorit\u00e4re Art gesch\u00fctzt.\u00a0 Fr\u00fcher war vor allem der Verlust des Lebensraums durch Eingriffe in Gew\u00e4sser wie Begradigungen oder harter Sohl- und Uferausbau ma\u00dfgeblich f\u00fcr die Bestandsr\u00fcckg\u00e4nge. Hinzu kamen Gew\u00e4sserverschmutzungen durch Abw\u00e4sser und diffuse Eintr\u00e4ge von landwirtschaftlichen Nutzfl\u00e4chen, welche dem empfindlichen Steinkrebs weiter zusetzten.<\/p>\n<p>Heute geht die gr\u00f6\u00dfte Bedrohung f\u00fcr heimische Flusskrebse von invasiven gebietsfremden Flusskrebsarten aus. Diese wurden durch den Menschen in unsere Gew\u00e4sser eingebracht. Sie sind aggressiver und robuster als die heimischen Flusskrebsarten und vermehren sich schneller. Besonders problematisch f\u00fcr unsere Steinkrebse ist der aus Nordamerika stammende Signalkrebs. Er ist deutlich gr\u00f6\u00dfer als der Steinkrebs und dringt rasch bis in die Quellregionen der kleinen Flie\u00dfgew\u00e4sser vor. Doch damit nicht genug. Invasive Flusskrebsarten wie der Signalkrebs sind h\u00e4ufig \u00dcbertr\u00e4ger der sogenannten Krebspest (<em>Aphanomyces astaci<\/em>, ein Eipilz), einer Krankheit, gegen die sie selbst immun sind. Kommen unsere heimischen Flusskrebse wie der Steinkrebs mit der Krebspest in Kontakt, beginnt ein Massensterben welche binnen Wochen ganze Populationen unwiederbringlich ausl\u00f6schen kann. Die Krebspest wird meist dann \u00fcbertragen, wenn invasive Krebsarten mit heimischen Arten im Gew\u00e4sser in Ber\u00fchrung kommen. Doch die Sporen der Krebspest k\u00f6nnen auch an nasser Kleidung, Angelutensilien oder anderen Tieren anhaften und somit in andere Gew\u00e4sser \u201etransportiert\u201c werden \u2013 mit fatalen Folgen f\u00fcr die dort lebenden Steinkrebse.<\/p>\n<p>Im Naturpark sind vergleichsweise noch viele, aber meist isolierte Steinkrebspopulationen zu finden. Das Gebiet stellt damit einen der Verbreitungsschwerpunkte des Steinkrebses in Deutschland und Baden-W\u00fcrttemberg dar. In viele Zufl\u00fcssen der Murr und den n\u00f6rdlichen Zufl\u00fcssen der Rems kommt der Steinkrebs noch vor. Meist sind dabei nur noch die Oberl\u00e4ufe in den W\u00e4ldern besiedelt. Diese naturnahen B\u00e4che bieten den Steinkrebsen noch gute Lebensgrundlagen.<\/p>\n<p>Um Steinkrebse zu sch\u00fctzen und ihre letzten Populationen zu erhalten, hat das Regierungspr\u00e4sidium Stuttgart das Aktionsprogramm Steinkrebs ins Leben gerufen und arbeitet mit 7 Landkreisen zusammen. Das Projekt zielt darauf ab, die Lebensr\u00e4ume f\u00fcr Steinkrebse zu erhalten oder zu verbessern sowie die Ausbreitung des invasiven Signalkrebses m\u00f6glichst zu verhindern. Auch im Naturpark breitet sich der Signalkrebs rasant aus und hat schon zahlreiche Gew\u00e4sser besiedelt, obwohl der Besitz, die Zucht, der Handel und das Ausbringen dieser Art inzwischen europaweit verboten ist. Haben sich invasive Flusskrebse wie der Signalkrebs einmal in einem Flie\u00dfgew\u00e4sser etabliert, kann dieser Bestand nie wieder vollst\u00e4ndig dem Gew\u00e4sser entnommen werden. Deshalb soll durch den Bau sogenannter Krebssperren nun verhindert werden, dass die Signalkrebse weiter in die Seitengew\u00e4sser und Oberl\u00e4ufe der Murr, des Kochers und der Rems einwandern und mit den Restpopulationen der Steinkrebse in Kontakt kommen.<\/p>\n<p>Der Naturpark Schw\u00e4bisch-Fr\u00e4nkischer Wald ist \u00fcber die Zusammenarbeit mit der Regierungspr\u00e4sidium Stuttgart in diesem Projekt sehr erfreut. Uns allen muss es ein Anliegen sein, die Artenvielfalt diesen Planeten zu erhalten. Mit dem Aktionsprogramm Steinkrebs machen wir einen kleinen Schritt in dieser Richtung.<\/p>\n","protected":false},"excerpt":{"rendered":"<p>Steinkrebse sch\u00fctzen und erhalten!<\/p>\n","protected":false},"author":25,"featured_media":8963,"comment_status":"open","ping_status":"open","sticky":false,"template":"","format":"standard","meta":[],"categories":[7],"tags":[1885],"yoast_head":"<!-- This site is optimized with the Yoast SEO plugin v19.10 - https:\/\/yoast.com\/wordpress\/plugins\/seo\/ -->\n<title>Im Naturpark (noch) zu Hause: der Steinkrebs - Naturpark Schw\u00e4bisch-Fr\u00e4nkischer Wald<\/title>\n<meta name=\"robots\" content=\"index, follow, max-snippet:-1, max-image-preview:large, max-video-preview:-1\" \/>\n<link rel=\"canonical\" href=\"https:\/\/www.naturparkmagazin.de\/schwaebisch-fraenkischer-wald\/im-naturpark-noch-zu-hause-der-steinkrebs\/\" \/>\n<meta property=\"og:locale\" content=\"de_DE\" \/>\n<meta property=\"og:type\" content=\"article\" \/>\n<meta property=\"og:title\" content=\"Im Naturpark (noch) zu Hause: der Steinkrebs - Naturpark Schw\u00e4bisch-Fr\u00e4nkischer Wald\" \/>\n<meta property=\"og:description\" content=\"Steinkrebse sch\u00fctzen und erhalten!\" \/>\n<meta property=\"og:url\" content=\"https:\/\/www.naturparkmagazin.de\/schwaebisch-fraenkischer-wald\/im-naturpark-noch-zu-hause-der-steinkrebs\/\" \/>\n<meta property=\"og:site_name\" content=\"Naturpark Schw\u00e4bisch-Fr\u00e4nkischer Wald\" \/>\n<meta property=\"article:author\" content=\"https:\/\/www.facebook.com\/naturparkSFW\" \/>\n<meta property=\"article:published_time\" content=\"2020-06-15T13:08:55+00:00\" \/>\n<meta property=\"article:modified_time\" content=\"2020-06-15T15:03:12+00:00\" \/>\n<meta property=\"og:image\" content=\"https:\/\/www.naturparkmagazin.de\/schwaebisch-fraenkischer-wald\/wp-content\/uploads\/sites\/34\/20191024_Steinkrebs_Austropotamobius_torrentium_Waldmann_Benjamin_0061.jpg\" \/>\n\t<meta property=\"og:image:width\" content=\"200\" \/>\n\t<meta property=\"og:image:height\" content=\"200\" \/>\n\t<meta property=\"og:image:type\" content=\"image\/jpeg\" \/>\n<meta name=\"author\" content=\"Naturpark-Team\" \/>\n<meta name=\"twitter:label1\" content=\"Verfasst von\" \/>\n\t<meta name=\"twitter:data1\" content=\"Naturpark-Team\" \/>\n\t<meta name=\"twitter:label2\" content=\"Gesch\u00e4tzte Lesezeit\" \/>\n\t<meta name=\"twitter:data2\" content=\"5\u00a0Minuten\" \/>\n<script type=\"application\/ld+json\" class=\"yoast-schema-graph\">{\"@context\":\"https:\/\/schema.org\",\"@graph\":[{\"@type\":\"WebPage\",\"@id\":\"https:\/\/www.naturparkmagazin.de\/schwaebisch-fraenkischer-wald\/im-naturpark-noch-zu-hause-der-steinkrebs\/\",\"url\":\"https:\/\/www.naturparkmagazin.de\/schwaebisch-fraenkischer-wald\/im-naturpark-noch-zu-hause-der-steinkrebs\/\",\"name\":\"Im Naturpark (noch) zu Hause: der Steinkrebs - Naturpark Schw\u00e4bisch-Fr\u00e4nkischer Wald\",\"isPartOf\":{\"@id\":\"https:\/\/www.naturparkmagazin.de\/schwaebisch-fraenkischer-wald\/#website\"},\"datePublished\":\"2020-06-15T13:08:55+00:00\",\"dateModified\":\"2020-06-15T15:03:12+00:00\",\"author\":{\"@id\":\"https:\/\/www.naturparkmagazin.de\/schwaebisch-fraenkischer-wald\/#\/schema\/person\/f047a3702ae747fd7830cf8ac95e6066\"},\"breadcrumb\":{\"@id\":\"https:\/\/www.naturparkmagazin.de\/schwaebisch-fraenkischer-wald\/im-naturpark-noch-zu-hause-der-steinkrebs\/#breadcrumb\"},\"inLanguage\":\"de\",\"potentialAction\":[{\"@type\":\"ReadAction\",\"target\":[\"https:\/\/www.naturparkmagazin.de\/schwaebisch-fraenkischer-wald\/im-naturpark-noch-zu-hause-der-steinkrebs\/\"]}]},{\"@type\":\"BreadcrumbList\",\"@id\":\"https:\/\/www.naturparkmagazin.de\/schwaebisch-fraenkischer-wald\/im-naturpark-noch-zu-hause-der-steinkrebs\/#breadcrumb\",\"itemListElement\":[{\"@type\":\"ListItem\",\"position\":1,\"name\":\"Home\",\"item\":\"https:\/\/www.naturparkmagazin.de\/schwaebisch-fraenkischer-wald\/\"},{\"@type\":\"ListItem\",\"position\":2,\"name\":\"Im Naturpark (noch) zu Hause: der Steinkrebs\"}]},{\"@type\":\"WebSite\",\"@id\":\"https:\/\/www.naturparkmagazin.de\/schwaebisch-fraenkischer-wald\/#website\",\"url\":\"https:\/\/www.naturparkmagazin.de\/schwaebisch-fraenkischer-wald\/\",\"name\":\"Naturpark Schw\u00e4bisch-Fr\u00e4nkischer Wald\",\"description\":\"\",\"potentialAction\":[{\"@type\":\"SearchAction\",\"target\":{\"@type\":\"EntryPoint\",\"urlTemplate\":\"https:\/\/www.naturparkmagazin.de\/schwaebisch-fraenkischer-wald\/?s={search_term_string}\"},\"query-input\":\"required name=search_term_string\"}],\"inLanguage\":\"de\"},{\"@type\":\"Person\",\"@id\":\"https:\/\/www.naturparkmagazin.de\/schwaebisch-fraenkischer-wald\/#\/schema\/person\/f047a3702ae747fd7830cf8ac95e6066\",\"name\":\"Naturpark-Team\",\"sameAs\":[\"http:\/\/www.naturpark-sfw.de\",\"https:\/\/www.facebook.com\/naturparkSFW\"],\"url\":\"https:\/\/www.naturparkmagazin.de\/schwaebisch-fraenkischer-wald\/author\/bernharddrixler\/\"}]}<\/script>\n<!-- \/ Yoast SEO plugin. -->","yoast_head_json":{"title":"Im Naturpark (noch) zu Hause: der Steinkrebs - Naturpark Schw\u00e4bisch-Fr\u00e4nkischer Wald","robots":{"index":"index","follow":"follow","max-snippet":"max-snippet:-1","max-image-preview":"max-image-preview:large","max-video-preview":"max-video-preview:-1"},"canonical":"https:\/\/www.naturparkmagazin.de\/schwaebisch-fraenkischer-wald\/im-naturpark-noch-zu-hause-der-steinkrebs\/","og_locale":"de_DE","og_type":"article","og_title":"Im Naturpark (noch) zu Hause: der Steinkrebs - Naturpark Schw\u00e4bisch-Fr\u00e4nkischer Wald","og_description":"Steinkrebse sch\u00fctzen und erhalten!","og_url":"https:\/\/www.naturparkmagazin.de\/schwaebisch-fraenkischer-wald\/im-naturpark-noch-zu-hause-der-steinkrebs\/","og_site_name":"Naturpark Schw\u00e4bisch-Fr\u00e4nkischer Wald","article_author":"https:\/\/www.facebook.com\/naturparkSFW","article_published_time":"2020-06-15T13:08:55+00:00","article_modified_time":"2020-06-15T15:03:12+00:00","og_image":[{"width":200,"height":200,"url":"https:\/\/www.naturparkmagazin.de\/schwaebisch-fraenkischer-wald\/wp-content\/uploads\/sites\/34\/20191024_Steinkrebs_Austropotamobius_torrentium_Waldmann_Benjamin_0061.jpg","type":"image\/jpeg"}],"author":"Naturpark-Team","twitter_misc":{"Verfasst von":"Naturpark-Team","Gesch\u00e4tzte Lesezeit":"5\u00a0Minuten"},"schema":{"@context":"https:\/\/schema.org","@graph":[{"@type":"WebPage","@id":"https:\/\/www.naturparkmagazin.de\/schwaebisch-fraenkischer-wald\/im-naturpark-noch-zu-hause-der-steinkrebs\/","url":"https:\/\/www.naturparkmagazin.de\/schwaebisch-fraenkischer-wald\/im-naturpark-noch-zu-hause-der-steinkrebs\/","name":"Im Naturpark (noch) zu Hause: der Steinkrebs - Naturpark Schw\u00e4bisch-Fr\u00e4nkischer Wald","isPartOf":{"@id":"https:\/\/www.naturparkmagazin.de\/schwaebisch-fraenkischer-wald\/#website"},"datePublished":"2020-06-15T13:08:55+00:00","dateModified":"2020-06-15T15:03:12+00:00","author":{"@id":"https:\/\/www.naturparkmagazin.de\/schwaebisch-fraenkischer-wald\/#\/schema\/person\/f047a3702ae747fd7830cf8ac95e6066"},"breadcrumb":{"@id":"https:\/\/www.naturparkmagazin.de\/schwaebisch-fraenkischer-wald\/im-naturpark-noch-zu-hause-der-steinkrebs\/#breadcrumb"},"inLanguage":"de","potentialAction":[{"@type":"ReadAction","target":["https:\/\/www.naturparkmagazin.de\/schwaebisch-fraenkischer-wald\/im-naturpark-noch-zu-hause-der-steinkrebs\/"]}]},{"@type":"BreadcrumbList","@id":"https:\/\/www.naturparkmagazin.de\/schwaebisch-fraenkischer-wald\/im-naturpark-noch-zu-hause-der-steinkrebs\/#breadcrumb","itemListElement":[{"@type":"ListItem","position":1,"name":"Home","item":"https:\/\/www.naturparkmagazin.de\/schwaebisch-fraenkischer-wald\/"},{"@type":"ListItem","position":2,"name":"Im Naturpark (noch) zu Hause: der Steinkrebs"}]},{"@type":"WebSite","@id":"https:\/\/www.naturparkmagazin.de\/schwaebisch-fraenkischer-wald\/#website","url":"https:\/\/www.naturparkmagazin.de\/schwaebisch-fraenkischer-wald\/","name":"Naturpark Schw\u00e4bisch-Fr\u00e4nkischer Wald","description":"","potentialAction":[{"@type":"SearchAction","target":{"@type":"EntryPoint","urlTemplate":"https:\/\/www.naturparkmagazin.de\/schwaebisch-fraenkischer-wald\/?s={search_term_string}"},"query-input":"required name=search_term_string"}],"inLanguage":"de"},{"@type":"Person","@id":"https:\/\/www.naturparkmagazin.de\/schwaebisch-fraenkischer-wald\/#\/schema\/person\/f047a3702ae747fd7830cf8ac95e6066","name":"Naturpark-Team","sameAs":["http:\/\/www.naturpark-sfw.de","https:\/\/www.facebook.com\/naturparkSFW"],"url":"https:\/\/www.naturparkmagazin.de\/schwaebisch-fraenkischer-wald\/author\/bernharddrixler\/"}]}},"_links":{"self":[{"href":"https:\/\/www.naturparkmagazin.de\/schwaebisch-fraenkischer-wald\/wp-json\/wp\/v2\/posts\/8957"}],"collection":[{"href":"https:\/\/www.naturparkmagazin.de\/schwaebisch-fraenkischer-wald\/wp-json\/wp\/v2\/posts"}],"about":[{"href":"https:\/\/www.naturparkmagazin.de\/schwaebisch-fraenkischer-wald\/wp-json\/wp\/v2\/types\/post"}],"author":[{"embeddable":true,"href":"https:\/\/www.naturparkmagazin.de\/schwaebisch-fraenkischer-wald\/wp-json\/wp\/v2\/users\/25"}],"replies":[{"embeddable":true,"href":"https:\/\/www.naturparkmagazin.de\/schwaebisch-fraenkischer-wald\/wp-json\/wp\/v2\/comments?post=8957"}],"version-history":[{"count":6,"href":"https:\/\/www.naturparkmagazin.de\/schwaebisch-fraenkischer-wald\/wp-json\/wp\/v2\/posts\/8957\/revisions"}],"predecessor-version":[{"id":8970,"href":"https:\/\/www.naturparkmagazin.de\/schwaebisch-fraenkischer-wald\/wp-json\/wp\/v2\/posts\/8957\/revisions\/8970"}],"wp:featuredmedia":[{"embeddable":true,"href":"https:\/\/www.naturparkmagazin.de\/schwaebisch-fraenkischer-wald\/wp-json\/wp\/v2\/media\/8963"}],"wp:attachment":[{"href":"https:\/\/www.naturparkmagazin.de\/schwaebisch-fraenkischer-wald\/wp-json\/wp\/v2\/media?parent=8957"}],"wp:term":[{"taxonomy":"category","embeddable":true,"href":"https:\/\/www.naturparkmagazin.de\/schwaebisch-fraenkischer-wald\/wp-json\/wp\/v2\/categories?post=8957"},{"taxonomy":"post_tag","embeddable":true,"href":"https:\/\/www.naturparkmagazin.de\/schwaebisch-fraenkischer-wald\/wp-json\/wp\/v2\/tags?post=8957"}],"curies":[{"name":"wp","href":"https:\/\/api.w.org\/{rel}","templated":true}]}}