{"id":8986,"date":"2020-06-15T09:34:35","date_gmt":"2020-06-15T07:34:35","guid":{"rendered":"https:\/\/www.naturparkmagazin.de\/schwaebisch-fraenkischer-wald\/?p=8986"},"modified":"2020-06-22T10:12:14","modified_gmt":"2020-06-22T08:12:14","slug":"routen-flyer-der-inklusiven-wanderbotschafter-innen-ab-sofort-verfuegbar","status":"publish","type":"post","link":"https:\/\/www.naturparkmagazin.de\/schwaebisch-fraenkischer-wald\/routen-flyer-der-inklusiven-wanderbotschafter-innen-ab-sofort-verfuegbar\/","title":{"rendered":"Routen-Flyer der Inklusiven Wanderbotschafter\/-innen ab sofort verf\u00fcgbar"},"content":{"rendered":"<p>Eine kleine Wanderung beim gemeinsamen Pressetermin mit anschlie\u00dfendem Arbeitstreffen, so lautete der urspr\u00fcngliche Plan, den Projektleiterin Ines Vorberg mit den Projektpartnern zusammen geschmiedet hatte. Doch die Corona-Pandemie kam dazwischen. &#8222;Gerne h\u00e4tten wir die ersten Routen-Flyer mit den ehrenamtlichen Wanderbotschafter-\/innen zusammen vorgestellt, aber coronabedingt mussten wir umplanen&#8220;, so Vorberg beim Pressetermin Mitte Juni.<\/p>\n<div id=\"attachment_8989\" style=\"width: 510px\" class=\"wp-caption alignright\"><a href=\"https:\/\/www.naturparkmagazin.de\/schwaebisch-fraenkischer-wald\/wp-content\/uploads\/sites\/34\/wanderbotschafter4.jpg\"><img aria-describedby=\"caption-attachment-8989\" decoding=\"async\" loading=\"lazy\" class=\"size-full wp-image-8989\" src=\"https:\/\/www.naturparkmagazin.de\/schwaebisch-fraenkischer-wald\/wp-content\/uploads\/sites\/34\/wanderbotschafter4.jpg\" alt=\"Foto (G.D\u00f6ttling) v.li: Projektpartner Simon Maier (Kreisjugendring), B\u00fcrgermeister Maximilian Friedrich (Berglen), Projektkoordinatorin Andrea Bofinger, Projektleiterin Ines Vorberg (BSK), Gastronom Armin Haller, Projektpartner Bernhard Drixler (Naturpark Schw\u00e4bisch-Fr\u00e4nkischer Wald\" width=\"500\" height=\"300\" srcset=\"https:\/\/www.naturparkmagazin.de\/schwaebisch-fraenkischer-wald\/wp-content\/uploads\/sites\/34\/wanderbotschafter4.jpg 500w, https:\/\/www.naturparkmagazin.de\/schwaebisch-fraenkischer-wald\/wp-content\/uploads\/sites\/34\/wanderbotschafter4-300x180.jpg 300w, https:\/\/www.naturparkmagazin.de\/schwaebisch-fraenkischer-wald\/wp-content\/uploads\/sites\/34\/wanderbotschafter4-200x120.jpg 200w\" sizes=\"(max-width: 500px) 100vw, 500px\" \/><\/a><p id=\"caption-attachment-8989\" class=\"wp-caption-text\">Foto (G.D\u00f6ttling) v.li: Projektpartner Simon Maier (Kreisjugendring), B\u00fcrgermeister Maximilian Friedrich (Berglen), Projektkoordinatorin Andrea Bofinger, Projektleiterin Ines Vorberg (BSK), Gastronom Armin Haller, Projektpartner Bernhard Drixler (Naturpark Schw\u00e4bisch-Fr\u00e4nkischer Wald)<\/p><\/div>\n<p>Vorgestellt wurden die Flyer nun im kleinen Rahmen bei Naturparkteller-Gastronom Armin Haller, <a href=\"https:\/\/www.schuetzenhaus-oedernhardt.de\/\" target=\"_blank\">Sch\u00fctzenhaus Berglen-\u00d6dernhardt<\/a>.<\/p>\n<p>Die Flyer zeichnen sich durch ein praktisches Din A5 Format aus und sind auf robustem, wasserabweisendem Papier gedruckt. Sie liegen in den jeweiligen Rath\u00e4usern bereit und k\u00f6nnen auf der Naturpark-Website unter <a href=\"https:\/\/www.naturpark-sfw.de\/informieren\/broschueren-bestellung\/\" target=\"_blank\">https:\/\/www.naturpark-sfw.de\/informieren\/broschueren-bestellung\/<\/a> bestellt und auch heruntergeladen werden.<\/p>\n<p>Mit einer L\u00e4nge von 1,5 km bis 4,5 km bieten die abwechslungsreichen rollstuhlgeeigneten Routen in den Naturpark-Kommunen Alth\u00fctte, Gro\u00dferlach, Berglen und Welzheim vielf\u00e4ltige Ausblicke in die wundersch\u00f6ne Landschaft des Naturparks Schw\u00e4bisch-Fr\u00e4nkischer Wald. Sie werden zuk\u00fcnftig als Wanderwege angeboten und sollen m\u00f6glichst dieses Jahr noch ausgeschildert werden.<\/p>\n<p>Die Aktion Mensch f\u00f6rdert das Projekt \u201eInklusive Wanderbotschafter\/innen im Naturpark Schw\u00e4bisch-Fr\u00e4nkischer Wald\u201c. Durch gepr\u00fcfte Wegstrecken soll Rollstuhlfahrerinnen\/-fahrern die selbstst\u00e4ndige Nutzung von Wanderwegen erm\u00f6glicht werden. Die ersten vier Routen-Flyer wurden nun ausgearbeitet und stehen allen Interessierten ab sofort zur Verf\u00fcgung. Die n\u00e4chsten Flyer in weiteren Naturpark-Kommunen sind bereits in Vorbereitung.<\/p>\n<p>Weitere Informationen:<\/p>\n<p>Ziel des Projekts ist es, die Teilhabe von Menschen mit Behinderung, insbesondere von mobilit\u00e4tseingeschr\u00e4nkten Menschen, im Bereich Freizeit und Naturerlebnisse zu erm\u00f6glichen. Hierf\u00fcr wurden ehrenamtliche Wanderbotschafter\/-innen geschult und mit einem Wander- und Erfassungspaket ausgestattet. Sie testeten und bewerteten Wege, die zuk\u00fcnftig als Wanderwege angeboten und ausgeschildert werden. Wichtigste Kriterien der Strecken sind, dass sie mit drei bis f\u00fcnf Kilometern L\u00e4nge kurz genug sind, um mit Rollst\u00fchlen und Gehhilfen auch eigenst\u00e4ndig nutzbar zu sein. Au\u00dferdem verf\u00fcgen sie \u00fcber Behindertenparkpl\u00e4tze und befinden sich in direkter N\u00e4he zu geeigneten Toiletten und\/oder Gastronomiebetrieben.<\/p>\n<p>Ma\u00dfnahmentr\u00e4ger ist der Bundesverband Selbsthilfe K\u00f6rperbehinderter (BSK). Als Projektpartner beteiligen sich der Naturpark Schw\u00e4bisch-Fr\u00e4nkischer Wald und der Kreisjugendring Rems-Murr.<\/p>\n","protected":false},"excerpt":{"rendered":"<p>Rollstuhlgeeignet und abwechslungsreich: die Routen der Wanderbotschafter\/-innen<\/p>\n","protected":false},"author":25,"featured_media":8990,"comment_status":"open","ping_status":"open","sticky":false,"template":"","format":"standard","meta":[],"categories":[617],"tags":[1885],"yoast_head":"<!-- This site is optimized with the Yoast SEO plugin v19.10 - https:\/\/yoast.com\/wordpress\/plugins\/seo\/ -->\n<title>Routen-Flyer der Inklusiven Wanderbotschafter\/-innen ab sofort verf\u00fcgbar - Naturpark Schw\u00e4bisch-Fr\u00e4nkischer Wald<\/title>\n<meta name=\"robots\" content=\"index, follow, max-snippet:-1, max-image-preview:large, max-video-preview:-1\" \/>\n<link rel=\"canonical\" href=\"https:\/\/www.naturparkmagazin.de\/schwaebisch-fraenkischer-wald\/routen-flyer-der-inklusiven-wanderbotschafter-innen-ab-sofort-verfuegbar\/\" \/>\n<meta property=\"og:locale\" content=\"de_DE\" \/>\n<meta property=\"og:type\" content=\"article\" \/>\n<meta property=\"og:title\" content=\"Routen-Flyer der Inklusiven Wanderbotschafter\/-innen ab sofort verf\u00fcgbar - Naturpark Schw\u00e4bisch-Fr\u00e4nkischer Wald\" \/>\n<meta property=\"og:description\" content=\"Rollstuhlgeeignet und abwechslungsreich: die Routen der Wanderbotschafter\/-innen\" \/>\n<meta property=\"og:url\" content=\"https:\/\/www.naturparkmagazin.de\/schwaebisch-fraenkischer-wald\/routen-flyer-der-inklusiven-wanderbotschafter-innen-ab-sofort-verfuegbar\/\" \/>\n<meta property=\"og:site_name\" content=\"Naturpark Schw\u00e4bisch-Fr\u00e4nkischer Wald\" \/>\n<meta property=\"article:author\" content=\"https:\/\/www.facebook.com\/naturparkSFW\" \/>\n<meta property=\"article:published_time\" content=\"2020-06-15T07:34:35+00:00\" \/>\n<meta property=\"article:modified_time\" content=\"2020-06-22T08:12:14+00:00\" \/>\n<meta property=\"og:image\" content=\"https:\/\/www.naturparkmagazin.de\/schwaebisch-fraenkischer-wald\/wp-content\/uploads\/sites\/34\/wanderbotschafter41.jpg\" \/>\n\t<meta property=\"og:image:width\" content=\"200\" \/>\n\t<meta property=\"og:image:height\" content=\"200\" \/>\n\t<meta property=\"og:image:type\" content=\"image\/jpeg\" \/>\n<meta name=\"author\" content=\"Naturpark-Team\" \/>\n<meta name=\"twitter:label1\" content=\"Verfasst von\" \/>\n\t<meta name=\"twitter:data1\" content=\"Naturpark-Team\" \/>\n\t<meta name=\"twitter:label2\" content=\"Gesch\u00e4tzte Lesezeit\" \/>\n\t<meta name=\"twitter:data2\" content=\"2\u00a0Minuten\" \/>\n<script type=\"application\/ld+json\" class=\"yoast-schema-graph\">{\"@context\":\"https:\/\/schema.org\",\"@graph\":[{\"@type\":\"WebPage\",\"@id\":\"https:\/\/www.naturparkmagazin.de\/schwaebisch-fraenkischer-wald\/routen-flyer-der-inklusiven-wanderbotschafter-innen-ab-sofort-verfuegbar\/\",\"url\":\"https:\/\/www.naturparkmagazin.de\/schwaebisch-fraenkischer-wald\/routen-flyer-der-inklusiven-wanderbotschafter-innen-ab-sofort-verfuegbar\/\",\"name\":\"Routen-Flyer der Inklusiven Wanderbotschafter\/-innen ab sofort verf\u00fcgbar - Naturpark Schw\u00e4bisch-Fr\u00e4nkischer Wald\",\"isPartOf\":{\"@id\":\"https:\/\/www.naturparkmagazin.de\/schwaebisch-fraenkischer-wald\/#website\"},\"datePublished\":\"2020-06-15T07:34:35+00:00\",\"dateModified\":\"2020-06-22T08:12:14+00:00\",\"author\":{\"@id\":\"https:\/\/www.naturparkmagazin.de\/schwaebisch-fraenkischer-wald\/#\/schema\/person\/f047a3702ae747fd7830cf8ac95e6066\"},\"breadcrumb\":{\"@id\":\"https:\/\/www.naturparkmagazin.de\/schwaebisch-fraenkischer-wald\/routen-flyer-der-inklusiven-wanderbotschafter-innen-ab-sofort-verfuegbar\/#breadcrumb\"},\"inLanguage\":\"de\",\"potentialAction\":[{\"@type\":\"ReadAction\",\"target\":[\"https:\/\/www.naturparkmagazin.de\/schwaebisch-fraenkischer-wald\/routen-flyer-der-inklusiven-wanderbotschafter-innen-ab-sofort-verfuegbar\/\"]}]},{\"@type\":\"BreadcrumbList\",\"@id\":\"https:\/\/www.naturparkmagazin.de\/schwaebisch-fraenkischer-wald\/routen-flyer-der-inklusiven-wanderbotschafter-innen-ab-sofort-verfuegbar\/#breadcrumb\",\"itemListElement\":[{\"@type\":\"ListItem\",\"position\":1,\"name\":\"Home\",\"item\":\"https:\/\/www.naturparkmagazin.de\/schwaebisch-fraenkischer-wald\/\"},{\"@type\":\"ListItem\",\"position\":2,\"name\":\"Routen-Flyer der Inklusiven Wanderbotschafter\/-innen ab sofort verf\u00fcgbar\"}]},{\"@type\":\"WebSite\",\"@id\":\"https:\/\/www.naturparkmagazin.de\/schwaebisch-fraenkischer-wald\/#website\",\"url\":\"https:\/\/www.naturparkmagazin.de\/schwaebisch-fraenkischer-wald\/\",\"name\":\"Naturpark Schw\u00e4bisch-Fr\u00e4nkischer Wald\",\"description\":\"\",\"potentialAction\":[{\"@type\":\"SearchAction\",\"target\":{\"@type\":\"EntryPoint\",\"urlTemplate\":\"https:\/\/www.naturparkmagazin.de\/schwaebisch-fraenkischer-wald\/?s={search_term_string}\"},\"query-input\":\"required name=search_term_string\"}],\"inLanguage\":\"de\"},{\"@type\":\"Person\",\"@id\":\"https:\/\/www.naturparkmagazin.de\/schwaebisch-fraenkischer-wald\/#\/schema\/person\/f047a3702ae747fd7830cf8ac95e6066\",\"name\":\"Naturpark-Team\",\"sameAs\":[\"http:\/\/www.naturpark-sfw.de\",\"https:\/\/www.facebook.com\/naturparkSFW\"],\"url\":\"https:\/\/www.naturparkmagazin.de\/schwaebisch-fraenkischer-wald\/author\/bernharddrixler\/\"}]}<\/script>\n<!-- \/ Yoast SEO plugin. -->","yoast_head_json":{"title":"Routen-Flyer der Inklusiven Wanderbotschafter\/-innen ab sofort verf\u00fcgbar - Naturpark Schw\u00e4bisch-Fr\u00e4nkischer Wald","robots":{"index":"index","follow":"follow","max-snippet":"max-snippet:-1","max-image-preview":"max-image-preview:large","max-video-preview":"max-video-preview:-1"},"canonical":"https:\/\/www.naturparkmagazin.de\/schwaebisch-fraenkischer-wald\/routen-flyer-der-inklusiven-wanderbotschafter-innen-ab-sofort-verfuegbar\/","og_locale":"de_DE","og_type":"article","og_title":"Routen-Flyer der Inklusiven Wanderbotschafter\/-innen ab sofort verf\u00fcgbar - Naturpark Schw\u00e4bisch-Fr\u00e4nkischer Wald","og_description":"Rollstuhlgeeignet und abwechslungsreich: die Routen der Wanderbotschafter\/-innen","og_url":"https:\/\/www.naturparkmagazin.de\/schwaebisch-fraenkischer-wald\/routen-flyer-der-inklusiven-wanderbotschafter-innen-ab-sofort-verfuegbar\/","og_site_name":"Naturpark Schw\u00e4bisch-Fr\u00e4nkischer Wald","article_author":"https:\/\/www.facebook.com\/naturparkSFW","article_published_time":"2020-06-15T07:34:35+00:00","article_modified_time":"2020-06-22T08:12:14+00:00","og_image":[{"width":200,"height":200,"url":"https:\/\/www.naturparkmagazin.de\/schwaebisch-fraenkischer-wald\/wp-content\/uploads\/sites\/34\/wanderbotschafter41.jpg","type":"image\/jpeg"}],"author":"Naturpark-Team","twitter_misc":{"Verfasst von":"Naturpark-Team","Gesch\u00e4tzte Lesezeit":"2\u00a0Minuten"},"schema":{"@context":"https:\/\/schema.org","@graph":[{"@type":"WebPage","@id":"https:\/\/www.naturparkmagazin.de\/schwaebisch-fraenkischer-wald\/routen-flyer-der-inklusiven-wanderbotschafter-innen-ab-sofort-verfuegbar\/","url":"https:\/\/www.naturparkmagazin.de\/schwaebisch-fraenkischer-wald\/routen-flyer-der-inklusiven-wanderbotschafter-innen-ab-sofort-verfuegbar\/","name":"Routen-Flyer der Inklusiven Wanderbotschafter\/-innen ab sofort verf\u00fcgbar - Naturpark Schw\u00e4bisch-Fr\u00e4nkischer Wald","isPartOf":{"@id":"https:\/\/www.naturparkmagazin.de\/schwaebisch-fraenkischer-wald\/#website"},"datePublished":"2020-06-15T07:34:35+00:00","dateModified":"2020-06-22T08:12:14+00:00","author":{"@id":"https:\/\/www.naturparkmagazin.de\/schwaebisch-fraenkischer-wald\/#\/schema\/person\/f047a3702ae747fd7830cf8ac95e6066"},"breadcrumb":{"@id":"https:\/\/www.naturparkmagazin.de\/schwaebisch-fraenkischer-wald\/routen-flyer-der-inklusiven-wanderbotschafter-innen-ab-sofort-verfuegbar\/#breadcrumb"},"inLanguage":"de","potentialAction":[{"@type":"ReadAction","target":["https:\/\/www.naturparkmagazin.de\/schwaebisch-fraenkischer-wald\/routen-flyer-der-inklusiven-wanderbotschafter-innen-ab-sofort-verfuegbar\/"]}]},{"@type":"BreadcrumbList","@id":"https:\/\/www.naturparkmagazin.de\/schwaebisch-fraenkischer-wald\/routen-flyer-der-inklusiven-wanderbotschafter-innen-ab-sofort-verfuegbar\/#breadcrumb","itemListElement":[{"@type":"ListItem","position":1,"name":"Home","item":"https:\/\/www.naturparkmagazin.de\/schwaebisch-fraenkischer-wald\/"},{"@type":"ListItem","position":2,"name":"Routen-Flyer der Inklusiven Wanderbotschafter\/-innen ab sofort verf\u00fcgbar"}]},{"@type":"WebSite","@id":"https:\/\/www.naturparkmagazin.de\/schwaebisch-fraenkischer-wald\/#website","url":"https:\/\/www.naturparkmagazin.de\/schwaebisch-fraenkischer-wald\/","name":"Naturpark Schw\u00e4bisch-Fr\u00e4nkischer Wald","description":"","potentialAction":[{"@type":"SearchAction","target":{"@type":"EntryPoint","urlTemplate":"https:\/\/www.naturparkmagazin.de\/schwaebisch-fraenkischer-wald\/?s={search_term_string}"},"query-input":"required name=search_term_string"}],"inLanguage":"de"},{"@type":"Person","@id":"https:\/\/www.naturparkmagazin.de\/schwaebisch-fraenkischer-wald\/#\/schema\/person\/f047a3702ae747fd7830cf8ac95e6066","name":"Naturpark-Team","sameAs":["http:\/\/www.naturpark-sfw.de","https:\/\/www.facebook.com\/naturparkSFW"],"url":"https:\/\/www.naturparkmagazin.de\/schwaebisch-fraenkischer-wald\/author\/bernharddrixler\/"}]}},"_links":{"self":[{"href":"https:\/\/www.naturparkmagazin.de\/schwaebisch-fraenkischer-wald\/wp-json\/wp\/v2\/posts\/8986"}],"collection":[{"href":"https:\/\/www.naturparkmagazin.de\/schwaebisch-fraenkischer-wald\/wp-json\/wp\/v2\/posts"}],"about":[{"href":"https:\/\/www.naturparkmagazin.de\/schwaebisch-fraenkischer-wald\/wp-json\/wp\/v2\/types\/post"}],"author":[{"embeddable":true,"href":"https:\/\/www.naturparkmagazin.de\/schwaebisch-fraenkischer-wald\/wp-json\/wp\/v2\/users\/25"}],"replies":[{"embeddable":true,"href":"https:\/\/www.naturparkmagazin.de\/schwaebisch-fraenkischer-wald\/wp-json\/wp\/v2\/comments?post=8986"}],"version-history":[{"count":5,"href":"https:\/\/www.naturparkmagazin.de\/schwaebisch-fraenkischer-wald\/wp-json\/wp\/v2\/posts\/8986\/revisions"}],"predecessor-version":[{"id":8996,"href":"https:\/\/www.naturparkmagazin.de\/schwaebisch-fraenkischer-wald\/wp-json\/wp\/v2\/posts\/8986\/revisions\/8996"}],"wp:featuredmedia":[{"embeddable":true,"href":"https:\/\/www.naturparkmagazin.de\/schwaebisch-fraenkischer-wald\/wp-json\/wp\/v2\/media\/8990"}],"wp:attachment":[{"href":"https:\/\/www.naturparkmagazin.de\/schwaebisch-fraenkischer-wald\/wp-json\/wp\/v2\/media?parent=8986"}],"wp:term":[{"taxonomy":"category","embeddable":true,"href":"https:\/\/www.naturparkmagazin.de\/schwaebisch-fraenkischer-wald\/wp-json\/wp\/v2\/categories?post=8986"},{"taxonomy":"post_tag","embeddable":true,"href":"https:\/\/www.naturparkmagazin.de\/schwaebisch-fraenkischer-wald\/wp-json\/wp\/v2\/tags?post=8986"}],"curies":[{"name":"wp","href":"https:\/\/api.w.org\/{rel}","templated":true}]}}