{"id":9011,"date":"2020-07-17T10:44:53","date_gmt":"2020-07-17T08:44:53","guid":{"rendered":"https:\/\/www.naturparkmagazin.de\/schwaebisch-fraenkischer-wald\/?p=9011"},"modified":"2020-07-23T12:19:32","modified_gmt":"2020-07-23T10:19:32","slug":"gemeinsame-stimme-fuer-mehr-gewicht-in-oeffentlichkeit-und-politik","status":"publish","type":"post","link":"https:\/\/www.naturparkmagazin.de\/schwaebisch-fraenkischer-wald\/gemeinsame-stimme-fuer-mehr-gewicht-in-oeffentlichkeit-und-politik\/","title":{"rendered":"Gemeinsame Stimme f\u00fcr mehr Gewicht in \u00d6ffentlichkeit und Politik"},"content":{"rendered":"<p>B\u00fchlertal\/Feldberg \u2013 Seit 15 Jahren setzt sich die Arbeitsgemeinschaft Naturparke Baden-W\u00fcrttemberg auf politischer und \u00f6ffentlicher Ebene f\u00fcr die Belange der sieben Gro\u00dfschutzgebiete im S\u00fcdwesten ein.<\/p>\n<p>Am 7. Juli 2020 j\u00e4hrt sich die Gr\u00fcndung der AG Naturparke zum 15. Mal:<\/p>\n<div id=\"attachment_9012\" style=\"width: 510px\" class=\"wp-caption alignright\"><a href=\"https:\/\/www.naturparkmagazin.de\/schwaebisch-fraenkischer-wald\/wp-content\/uploads\/sites\/34\/Bild1_AG-Naturparke-Baden-W\u00fcrttemberg-07.07.2005.jpg\"><img aria-describedby=\"caption-attachment-9012\" decoding=\"async\" loading=\"lazy\" class=\"size-full wp-image-9012\" src=\"https:\/\/www.naturparkmagazin.de\/schwaebisch-fraenkischer-wald\/wp-content\/uploads\/sites\/34\/Bild1_AG-Naturparke-Baden-W\u00fcrttemberg-07.07.2005.jpg\" alt=\"Vorsitzende und Gesch\u00e4ftsf\u00fchrer der sieben Naturparke Baden-W\u00fcrttembergs bei der Gr\u00fcndungssitzung am 07.07.2005. (v. l.) Bernhard Drixler (Gesch\u00e4ftsf\u00fchrer Naturpark Schw\u00e4bisch-Fr\u00e4nkischer Wald), Manfred Robens (damaliger Gesch\u00e4ftsf\u00fchrer Naturpark Neckartal-Odenwald), Bernd Schneck (Gesch\u00e4ftsf\u00fchrer Naturpark Obere Donau), Matthias Schappert (damaliger Vorsitzender Naturpark Sch\u00f6nbuch), Karl-Heinz Dunker (Gesch\u00e4ftsf\u00fchrer Naturpark Schwarzwald Mitte\/Nord), Landrat Peter Dombrowsky (damaliger Vorsitzender Naturpark Schwarzwald Mitte\/Nord), Roland Sch\u00f6ttle (Gesch\u00e4ftsf\u00fchrer Naturpark S\u00fcdschwarzwald), B\u00fcrgermeister Andreas Felchle (Vorsitzender Naturpark Stromberg-Heuchelberg), Rolf V\u00f6gtle (damaliger stellvertretender Vorsitzender Naturpark Obere Donau), Dietmar Gretter (Gesch\u00e4ftsf\u00fchrer Naturpark Stromberg-Heuchelberg). Bildnachweise (\u00a9 AG Naturparke Baden-W\u00fcrttemberg)\" width=\"500\" height=\"300\" srcset=\"https:\/\/www.naturparkmagazin.de\/schwaebisch-fraenkischer-wald\/wp-content\/uploads\/sites\/34\/Bild1_AG-Naturparke-Baden-W\u00fcrttemberg-07.07.2005.jpg 500w, https:\/\/www.naturparkmagazin.de\/schwaebisch-fraenkischer-wald\/wp-content\/uploads\/sites\/34\/Bild1_AG-Naturparke-Baden-W\u00fcrttemberg-07.07.2005-300x180.jpg 300w, https:\/\/www.naturparkmagazin.de\/schwaebisch-fraenkischer-wald\/wp-content\/uploads\/sites\/34\/Bild1_AG-Naturparke-Baden-W\u00fcrttemberg-07.07.2005-200x120.jpg 200w\" sizes=\"(max-width: 500px) 100vw, 500px\" \/><\/a><p id=\"caption-attachment-9012\" class=\"wp-caption-text\">Vorsitzende und Gesch\u00e4ftsf\u00fchrer der sieben Naturparke Baden-W\u00fcrttembergs bei der Gr\u00fcndungssitzung am 07.07.2005.(v. l.) Bernhard Drixler (Gesch\u00e4ftsf\u00fchrer Naturpark Schw\u00e4bisch-Fr\u00e4nkischer Wald), Manfred Robens (damaliger Gesch\u00e4ftsf\u00fchrer Naturpark Neckartal-Odenwald), Bernd Schneck (Gesch\u00e4ftsf\u00fchrer Naturpark Obere Donau), Matthias Schappert (damaliger Vorsitzender Naturpark Sch\u00f6nbuch), Karl-Heinz Dunker (Gesch\u00e4ftsf\u00fchrer Naturpark Schwarzwald Mitte\/Nord), Landrat Peter Dombrowsky (damaliger Vorsitzender Naturpark Schwarzwald Mitte\/Nord), Roland Sch\u00f6ttle (Gesch\u00e4ftsf\u00fchrer Naturpark S\u00fcdschwarzwald), B\u00fcrgermeister Andreas Felchle (Vorsitzender Naturpark Stromberg-Heuchelberg), Rolf V\u00f6gtle (damaliger stellvertretender Vorsitzender Naturpark Obere Donau), Dietmar Gretter (Gesch\u00e4ftsf\u00fchrer Naturpark Stromberg-Heuchelberg).<\/p><\/div>\n<p>Im ehemaligen Naturpark-Haus auf dem Ruhestein (Ortenaukreis) vereinbarten 2005 die Vorsitzenden der Naturparke Schwarzwald Mitte\/Nord, S\u00fcdschwarzwald, Neckartal-Odenwald, Stromberg-Heuchelberg, Schw\u00e4bisch-Fr\u00e4nkischer Wald, Obere Donau und Sch\u00f6nbuch eine zuk\u00fcnftig engere Zusammenarbeit. Einige der bei der Gr\u00fcndung Anwesenden sind auch heute noch Vorsitzende oder Gesch\u00e4ftsf\u00fchrer der Naturparke.<\/p>\n<p>Zum ersten Sprecher der AG Naturparke wurde der damalige Freudenst\u00e4dter Landrat Peter Dombrowsky gew\u00e4hlt. \u201eDie Gr\u00fcndung der AG war \u00fcberf\u00e4llig. Wir m\u00fcssen f\u00fcr die Naturparke eine Lobby schaffen\u201c, brachte der ehemalige Vorsitzende des Naturparks Schwarzwald Mitte\/Nord und damalige Gastgeber die Gr\u00fcnde f\u00fcr den Zusammenschluss auf den Punkt. Ziel war es, das Image der Naturparke in der \u00d6ffentlichkeit und der Politik sowie die finanzielle Unterst\u00fctzung zu verbessern. \u201eUnd das ist uns in jahrelanger Arbeit auch gelungen\u201c, erinnern sich Karl-Heinz Dunker und Roland Sch\u00f6ttle. F\u00fcr die Gesch\u00e4ftsf\u00fchrer des Naturparks Schwarzwald Mitte\/Nord und des Naturparks S\u00fcdschwarzwald war die AG-Gr\u00fcndung seinerzeit der Schl\u00fcssel daf\u00fcr, dass die Naturparke als Element einer erfolgreichen und nachhaltigen Regionalentwicklung des l\u00e4ndlichen Raumes wahrgenommen werden. \u201eDie Finanzierung der Naturparkarbeit war viele Jahre lang eine Herausforderung. Heute haben die Naturparke im Land einen deutlich h\u00f6heren Stellenwert als noch vor 15 Jahren.\u201c Die Zusammenarbeit der sieben Naturparke hat Vorbildcharakter f\u00fcr die Naturparke in anderen Bundesl\u00e4ndern. Auch hier haben sich Naturparke teils zu Arbeitsgemeinschaften zusammengeschlossen.<\/p>\n<p>Durch die Gr\u00fcndung der Arbeitsgemeinschaft intensivierte sich auch der Austausch unter den Naturparken auf verschiedenen Ebenen. So werden regelm\u00e4\u00dfig Projekte auf Ebene der Vorsitzenden, Gesch\u00e4ftsf\u00fchrer*innen und Mitarbeiter*innen in den S\u00e4ulen Naturschutz und Landschaftspflege, nachhaltiger Tourismus und Erholung, Bildung f\u00fcr nachhaltige Entwicklung und nachhaltige Regionalentwicklung erarbeitet oder ausgetauscht. Gemeinsame Veranstaltungen wie der Markt der Naturparke, der Brunch auf dem Bauernhof oder Kampagnen wie die Bl\u00fchenden Naturparke sind Teil der \u00d6ffentlichkeitsarbeit ebenso wie die Herausgabe von Printprodukten. So ver\u00f6ffentlicht die AG jedes Jahr ihr gemeinsames Erlebnismagazin <em>#Naturpark<\/em>, eine Jahresbilanz sowie eine Brosch\u00fcre mit Tourenvorschl\u00e4gen. Gemeinsame Messeauftritte auf der Urlaubsmesse CMT in Stuttgart oder der Internationalen Gr\u00fcne Woche in Berlin sind fester Bestandteil des AG-Lebens.<\/p>\n<div id=\"attachment_9013\" style=\"width: 510px\" class=\"wp-caption alignright\"><a href=\"https:\/\/www.naturparkmagazin.de\/schwaebisch-fraenkischer-wald\/wp-content\/uploads\/sites\/34\/Bild2_AG-Naturparke-Baden-W\u00fcrttemberg-13.01.2020.jpg\"><img aria-describedby=\"caption-attachment-9013\" decoding=\"async\" loading=\"lazy\" class=\"size-full wp-image-9013\" src=\"https:\/\/www.naturparkmagazin.de\/schwaebisch-fraenkischer-wald\/wp-content\/uploads\/sites\/34\/Bild2_AG-Naturparke-Baden-W\u00fcrttemberg-13.01.2020.jpg\" alt=\"Minister Hauk, Vorsitzende, Gesch\u00e4ftsf\u00fchrer und Projektpartner*innen der sieben Naturparke Baden-W\u00fcrttembergs am 13.01.2020 auf der Urlaubsmesse CMT in Stuttgart. Hintere Reihe v. l.: B\u00fcrgermeister Klaus Mack (Vorsitzender Naturpark Schwarzwald Mitte\/Nord), Landrat Stefan B\u00e4r (Vorsitzender Naturpark Obere Donau), B\u00fcrgermeister Armin M\u00f6\u00dfner (Vorsitzender Naturpark Schw\u00e4bisch-Fr\u00e4nkischer Wald), B\u00fcrgermeister Andreas Felchle (Vorsitzender Naturpark Stromberg-Heuchelberg), Mathias Allg\u00e4uer (Gesch\u00e4ftsf\u00fchrer Naturpark Sch\u00f6nbuch), Andreas Kreutz (Gesch\u00e4ftsf\u00fchrer Naturpark Neckartal-Odenwald). Vordere Reihe v. l.: Ines Vorberg (Projektmanagerin \u201eInklusive Wanderbotschafter\u201c, Naturpark Schw\u00e4bisch-Fr\u00e4nkischer Wald), Hans-Peter Matt (Beratungs- und Gutachterb\u00fcro mahp-barrierefrei), Landr\u00e4tin Marion Dammann (Sprecherin AG Naturparke und Vorsitzende Naturpark S\u00fcdschwarzwald), Minister Peter Hauk MdL (Ministerium f\u00fcr L\u00e4ndlichen Raum und Verbraucherschutz). Bildnachweise (\u00a9 AG Naturparke Baden-W\u00fcrttemberg)\" width=\"500\" height=\"300\" srcset=\"https:\/\/www.naturparkmagazin.de\/schwaebisch-fraenkischer-wald\/wp-content\/uploads\/sites\/34\/Bild2_AG-Naturparke-Baden-W\u00fcrttemberg-13.01.2020.jpg 500w, https:\/\/www.naturparkmagazin.de\/schwaebisch-fraenkischer-wald\/wp-content\/uploads\/sites\/34\/Bild2_AG-Naturparke-Baden-W\u00fcrttemberg-13.01.2020-300x180.jpg 300w, https:\/\/www.naturparkmagazin.de\/schwaebisch-fraenkischer-wald\/wp-content\/uploads\/sites\/34\/Bild2_AG-Naturparke-Baden-W\u00fcrttemberg-13.01.2020-200x120.jpg 200w\" sizes=\"(max-width: 500px) 100vw, 500px\" \/><\/a><p id=\"caption-attachment-9013\" class=\"wp-caption-text\">Minister Hauk, Vorsitzende, Gesch\u00e4ftsf\u00fchrer und Projektpartner*innen der sieben Naturparke Baden-W\u00fcrttembergs am 13.01.2020 auf der Urlaubsmesse CMT in Stuttgart.Hintere Reihe v. l.: B\u00fcrgermeister Klaus Mack (Vorsitzender Naturpark Schwarzwald Mitte\/Nord), Landrat Stefan B\u00e4r (Vorsitzender Naturpark Obere Donau), B\u00fcrgermeister Armin M\u00f6\u00dfner (Vorsitzender Naturpark Schw\u00e4bisch-Fr\u00e4nkischer Wald), B\u00fcrgermeister Andreas Felchle (Vorsitzender Naturpark Stromberg-Heuchelberg), Mathias Allg\u00e4uer (Gesch\u00e4ftsf\u00fchrer Naturpark Sch\u00f6nbuch), Andreas Kreutz (Gesch\u00e4ftsf\u00fchrer Naturpark Neckartal-Odenwald).Vordere Reihe v. l.: Ines Vorberg (Projektmanagerin \u201eInklusive Wanderbotschafter\u201c, Naturpark Schw\u00e4bisch-Fr\u00e4nkischer Wald), Hans-Peter Matt (Beratungs- und Gutachterb\u00fcro mahp-barrierefrei), Landr\u00e4tin Marion Dammann (Sprecherin AG Naturparke und Vorsitzende Naturpark S\u00fcdschwarzwald), Minister Peter Hauk MdL (Ministerium f\u00fcr L\u00e4ndlichen Raum und Verbraucherschutz).<\/p><\/div>\n<p>Die Zusammenarbeit in der Arbeitsgemeinschaft Naturparke Baden-W\u00fcrttemberg kann dank der Unterst\u00fctzung durch das <a href=\"https:\/\/mlr.baden-wuerttemberg.de\/de\/startseite\/\" target=\"_blank\">Ministerium f\u00fcr L\u00e4ndlichen Raum und Verbraucherschutz <\/a>Baden-W\u00fcrttemberg und mit Finanzmitteln des Landes, der Lotterie Gl\u00fccksspirale und der Europ\u00e4ischen Union so erfolgreich umgesetzt werden.<\/p>\n<p>Die L\u00f6rracher Landr\u00e4tin Marion Dammann, Vorsitzende des Naturparks S\u00fcdschwarzwald und Sprecherin der AG Naturparke, pl\u00e4diert angesichts der Entwicklung im Zuge der Corona-Pandemie daf\u00fcr, die Themen Natur- und Klimaschutz sowie nachhaltige Regionalentwicklung nicht aus den Augen zu verlieren. \u201eDie Naturparke m\u00fcssen finanziell und personell gut aufgestellt sein, um sich auch weiterhin diesen wichtigen Zukunftsthemen widmen zu k\u00f6nnen.\u201c Die inhaltliche Ausrichtung der AG-Arbeit wird dieses Jahr durch die Erneuerung ihres gemeinsamen Strategiepapiers \u201eNaturparke 2030\u201c vorgenommen. Dieses wird im Oktober ver\u00f6ffentlicht.<\/p>\n<p><strong>Hintergrund<\/strong><\/p>\n<p>Die sieben Naturparke in Baden-W\u00fcrttemberg nehmen rund ein Drittel der Landesfl\u00e4che ein. Als Gro\u00dfschutzgebiete erhalten sie die facettenreichen Kulturlandschaften im Einklang von Menschen, Tieren und Pflanzen. Die sieben Naturparke sind Motoren f\u00fcr die nachhaltige Entwicklung des l\u00e4ndlichen Raumes in Baden-W\u00fcrttemberg. Mehr als 400 Kommunen in 34 Stadt- und Landkreisen, zahlreiche Vereine, Verb\u00e4nde und Ehrenamtliche engagieren sich in den Naturparken und wirken in deren Entscheidungsgremien und Netzwerken mit. Auf diese Weise wird mit allen Interessengruppen die Zukunft der l\u00e4ndlichen Regionen gestaltet. Inhaltliche Schwerpunkte sind die Aufgabenfelder Naturschutz und Landschaftspflege, nachhaltige Regionalentwicklung, Erholung und nachhaltiger Tourismus sowie Bildung f\u00fcr nachhaltige Entwicklung.<\/p>\n<p><strong>Die sieben Naturparke in Baden-W\u00fcrttemberg\n<\/strong><a href=\"http:\/\/www.naturparke-bw.de\" target=\"_blank\">www.naturparke-bw.de<\/a>\nNaturpark Neckartal-Odenwald <a href=\"http:\/\/www.naturpark-neckartal-odenwald.de\" target=\"_blank\">www.naturpark-neckartal-odenwald.de<\/a>\nNaturpark Stromberg-Heuchelberg <a href=\"http:\/\/www.naturpark-stromberg-heuchelberg.de\" target=\"_blank\">www.naturpark-stromberg-heuchelberg.de<\/a>\nNaturpark Schw\u00e4bisch-Fr\u00e4nkischer Wald <a href=\"http:\/\/www.naturpark-sfw.de\" target=\"_blank\">www.naturpark-sfw.de<\/a>\nNaturpark Schwarzwald Mitte\/Nord <a href=\"http:\/\/www.naturparkschwarzwald.de\" target=\"_blank\">www.naturparkschwarzwald.de<\/a>\nNaturpark S\u00fcdschwarzwald <a href=\"http:\/\/www.naturpark-suedschwarzwald.de\" target=\"_blank\">www.naturpark-suedschwarzwald.de<\/a>\nNaturpark Obere Donau <a href=\"http:\/\/www.naturpark-obere-donau.de\" target=\"_blank\">www.naturpark-obere-donau.de<\/a>\nNaturpark Sch\u00f6nbuch <a href=\"http:\/\/www.naturpark-schoenbuch.de\" target=\"_blank\">www.naturpark-schoenbuch.de<\/a><\/p>\n<p>Bildnachweise (\u00a9 AG Naturparke Baden-W\u00fcrttemberg)<\/p>\n","protected":false},"excerpt":{"rendered":"<p>AG Naturparke Baden-W\u00fcrttemberg: Intensiver Austausch unter den Naturparken <\/p>\n","protected":false},"author":25,"featured_media":9014,"comment_status":"open","ping_status":"open","sticky":false,"template":"","format":"standard","meta":[],"categories":[7],"tags":[],"yoast_head":"<!-- This site is optimized with the Yoast SEO plugin v19.10 - https:\/\/yoast.com\/wordpress\/plugins\/seo\/ -->\n<title>Gemeinsame Stimme f\u00fcr mehr Gewicht in \u00d6ffentlichkeit und Politik - Naturpark Schw\u00e4bisch-Fr\u00e4nkischer Wald<\/title>\n<meta name=\"robots\" content=\"index, follow, max-snippet:-1, max-image-preview:large, max-video-preview:-1\" \/>\n<link rel=\"canonical\" href=\"https:\/\/www.naturparkmagazin.de\/schwaebisch-fraenkischer-wald\/gemeinsame-stimme-fuer-mehr-gewicht-in-oeffentlichkeit-und-politik\/\" \/>\n<meta property=\"og:locale\" content=\"de_DE\" \/>\n<meta property=\"og:type\" content=\"article\" \/>\n<meta property=\"og:title\" content=\"Gemeinsame Stimme f\u00fcr mehr Gewicht in \u00d6ffentlichkeit und Politik - Naturpark Schw\u00e4bisch-Fr\u00e4nkischer Wald\" \/>\n<meta property=\"og:description\" content=\"AG Naturparke Baden-W\u00fcrttemberg: Intensiver Austausch unter den Naturparken\" \/>\n<meta property=\"og:url\" content=\"https:\/\/www.naturparkmagazin.de\/schwaebisch-fraenkischer-wald\/gemeinsame-stimme-fuer-mehr-gewicht-in-oeffentlichkeit-und-politik\/\" \/>\n<meta property=\"og:site_name\" content=\"Naturpark Schw\u00e4bisch-Fr\u00e4nkischer Wald\" \/>\n<meta property=\"article:author\" content=\"https:\/\/www.facebook.com\/naturparkSFW\" \/>\n<meta property=\"article:published_time\" content=\"2020-07-17T08:44:53+00:00\" \/>\n<meta property=\"article:modified_time\" content=\"2020-07-23T10:19:32+00:00\" \/>\n<meta property=\"og:image\" content=\"https:\/\/www.naturparkmagazin.de\/schwaebisch-fraenkischer-wald\/wp-content\/uploads\/sites\/34\/Bild2_AG-Naturparke-Baden-W\u00fcrttemberg-13.01.20201.jpg\" \/>\n\t<meta property=\"og:image:width\" content=\"200\" \/>\n\t<meta property=\"og:image:height\" content=\"200\" \/>\n\t<meta property=\"og:image:type\" content=\"image\/jpeg\" \/>\n<meta name=\"author\" content=\"Naturpark-Team\" \/>\n<meta name=\"twitter:label1\" content=\"Verfasst von\" \/>\n\t<meta name=\"twitter:data1\" content=\"Naturpark-Team\" \/>\n\t<meta name=\"twitter:label2\" content=\"Gesch\u00e4tzte Lesezeit\" \/>\n\t<meta name=\"twitter:data2\" content=\"5\u00a0Minuten\" \/>\n<script type=\"application\/ld+json\" class=\"yoast-schema-graph\">{\"@context\":\"https:\/\/schema.org\",\"@graph\":[{\"@type\":\"WebPage\",\"@id\":\"https:\/\/www.naturparkmagazin.de\/schwaebisch-fraenkischer-wald\/gemeinsame-stimme-fuer-mehr-gewicht-in-oeffentlichkeit-und-politik\/\",\"url\":\"https:\/\/www.naturparkmagazin.de\/schwaebisch-fraenkischer-wald\/gemeinsame-stimme-fuer-mehr-gewicht-in-oeffentlichkeit-und-politik\/\",\"name\":\"Gemeinsame Stimme f\u00fcr mehr Gewicht in \u00d6ffentlichkeit und Politik - Naturpark Schw\u00e4bisch-Fr\u00e4nkischer Wald\",\"isPartOf\":{\"@id\":\"https:\/\/www.naturparkmagazin.de\/schwaebisch-fraenkischer-wald\/#website\"},\"datePublished\":\"2020-07-17T08:44:53+00:00\",\"dateModified\":\"2020-07-23T10:19:32+00:00\",\"author\":{\"@id\":\"https:\/\/www.naturparkmagazin.de\/schwaebisch-fraenkischer-wald\/#\/schema\/person\/f047a3702ae747fd7830cf8ac95e6066\"},\"breadcrumb\":{\"@id\":\"https:\/\/www.naturparkmagazin.de\/schwaebisch-fraenkischer-wald\/gemeinsame-stimme-fuer-mehr-gewicht-in-oeffentlichkeit-und-politik\/#breadcrumb\"},\"inLanguage\":\"de\",\"potentialAction\":[{\"@type\":\"ReadAction\",\"target\":[\"https:\/\/www.naturparkmagazin.de\/schwaebisch-fraenkischer-wald\/gemeinsame-stimme-fuer-mehr-gewicht-in-oeffentlichkeit-und-politik\/\"]}]},{\"@type\":\"BreadcrumbList\",\"@id\":\"https:\/\/www.naturparkmagazin.de\/schwaebisch-fraenkischer-wald\/gemeinsame-stimme-fuer-mehr-gewicht-in-oeffentlichkeit-und-politik\/#breadcrumb\",\"itemListElement\":[{\"@type\":\"ListItem\",\"position\":1,\"name\":\"Home\",\"item\":\"https:\/\/www.naturparkmagazin.de\/schwaebisch-fraenkischer-wald\/\"},{\"@type\":\"ListItem\",\"position\":2,\"name\":\"Gemeinsame Stimme f\u00fcr mehr Gewicht in \u00d6ffentlichkeit und Politik\"}]},{\"@type\":\"WebSite\",\"@id\":\"https:\/\/www.naturparkmagazin.de\/schwaebisch-fraenkischer-wald\/#website\",\"url\":\"https:\/\/www.naturparkmagazin.de\/schwaebisch-fraenkischer-wald\/\",\"name\":\"Naturpark Schw\u00e4bisch-Fr\u00e4nkischer Wald\",\"description\":\"\",\"potentialAction\":[{\"@type\":\"SearchAction\",\"target\":{\"@type\":\"EntryPoint\",\"urlTemplate\":\"https:\/\/www.naturparkmagazin.de\/schwaebisch-fraenkischer-wald\/?s={search_term_string}\"},\"query-input\":\"required name=search_term_string\"}],\"inLanguage\":\"de\"},{\"@type\":\"Person\",\"@id\":\"https:\/\/www.naturparkmagazin.de\/schwaebisch-fraenkischer-wald\/#\/schema\/person\/f047a3702ae747fd7830cf8ac95e6066\",\"name\":\"Naturpark-Team\",\"sameAs\":[\"http:\/\/www.naturpark-sfw.de\",\"https:\/\/www.facebook.com\/naturparkSFW\"],\"url\":\"https:\/\/www.naturparkmagazin.de\/schwaebisch-fraenkischer-wald\/author\/bernharddrixler\/\"}]}<\/script>\n<!-- \/ Yoast SEO plugin. -->","yoast_head_json":{"title":"Gemeinsame Stimme f\u00fcr mehr Gewicht in \u00d6ffentlichkeit und Politik - Naturpark Schw\u00e4bisch-Fr\u00e4nkischer Wald","robots":{"index":"index","follow":"follow","max-snippet":"max-snippet:-1","max-image-preview":"max-image-preview:large","max-video-preview":"max-video-preview:-1"},"canonical":"https:\/\/www.naturparkmagazin.de\/schwaebisch-fraenkischer-wald\/gemeinsame-stimme-fuer-mehr-gewicht-in-oeffentlichkeit-und-politik\/","og_locale":"de_DE","og_type":"article","og_title":"Gemeinsame Stimme f\u00fcr mehr Gewicht in \u00d6ffentlichkeit und Politik - Naturpark Schw\u00e4bisch-Fr\u00e4nkischer Wald","og_description":"AG Naturparke Baden-W\u00fcrttemberg: Intensiver Austausch unter den Naturparken","og_url":"https:\/\/www.naturparkmagazin.de\/schwaebisch-fraenkischer-wald\/gemeinsame-stimme-fuer-mehr-gewicht-in-oeffentlichkeit-und-politik\/","og_site_name":"Naturpark Schw\u00e4bisch-Fr\u00e4nkischer Wald","article_author":"https:\/\/www.facebook.com\/naturparkSFW","article_published_time":"2020-07-17T08:44:53+00:00","article_modified_time":"2020-07-23T10:19:32+00:00","og_image":[{"width":200,"height":200,"url":"https:\/\/www.naturparkmagazin.de\/schwaebisch-fraenkischer-wald\/wp-content\/uploads\/sites\/34\/Bild2_AG-Naturparke-Baden-W\u00fcrttemberg-13.01.20201.jpg","type":"image\/jpeg"}],"author":"Naturpark-Team","twitter_misc":{"Verfasst von":"Naturpark-Team","Gesch\u00e4tzte Lesezeit":"5\u00a0Minuten"},"schema":{"@context":"https:\/\/schema.org","@graph":[{"@type":"WebPage","@id":"https:\/\/www.naturparkmagazin.de\/schwaebisch-fraenkischer-wald\/gemeinsame-stimme-fuer-mehr-gewicht-in-oeffentlichkeit-und-politik\/","url":"https:\/\/www.naturparkmagazin.de\/schwaebisch-fraenkischer-wald\/gemeinsame-stimme-fuer-mehr-gewicht-in-oeffentlichkeit-und-politik\/","name":"Gemeinsame Stimme f\u00fcr mehr Gewicht in \u00d6ffentlichkeit und Politik - Naturpark Schw\u00e4bisch-Fr\u00e4nkischer Wald","isPartOf":{"@id":"https:\/\/www.naturparkmagazin.de\/schwaebisch-fraenkischer-wald\/#website"},"datePublished":"2020-07-17T08:44:53+00:00","dateModified":"2020-07-23T10:19:32+00:00","author":{"@id":"https:\/\/www.naturparkmagazin.de\/schwaebisch-fraenkischer-wald\/#\/schema\/person\/f047a3702ae747fd7830cf8ac95e6066"},"breadcrumb":{"@id":"https:\/\/www.naturparkmagazin.de\/schwaebisch-fraenkischer-wald\/gemeinsame-stimme-fuer-mehr-gewicht-in-oeffentlichkeit-und-politik\/#breadcrumb"},"inLanguage":"de","potentialAction":[{"@type":"ReadAction","target":["https:\/\/www.naturparkmagazin.de\/schwaebisch-fraenkischer-wald\/gemeinsame-stimme-fuer-mehr-gewicht-in-oeffentlichkeit-und-politik\/"]}]},{"@type":"BreadcrumbList","@id":"https:\/\/www.naturparkmagazin.de\/schwaebisch-fraenkischer-wald\/gemeinsame-stimme-fuer-mehr-gewicht-in-oeffentlichkeit-und-politik\/#breadcrumb","itemListElement":[{"@type":"ListItem","position":1,"name":"Home","item":"https:\/\/www.naturparkmagazin.de\/schwaebisch-fraenkischer-wald\/"},{"@type":"ListItem","position":2,"name":"Gemeinsame Stimme f\u00fcr mehr Gewicht in \u00d6ffentlichkeit und Politik"}]},{"@type":"WebSite","@id":"https:\/\/www.naturparkmagazin.de\/schwaebisch-fraenkischer-wald\/#website","url":"https:\/\/www.naturparkmagazin.de\/schwaebisch-fraenkischer-wald\/","name":"Naturpark Schw\u00e4bisch-Fr\u00e4nkischer Wald","description":"","potentialAction":[{"@type":"SearchAction","target":{"@type":"EntryPoint","urlTemplate":"https:\/\/www.naturparkmagazin.de\/schwaebisch-fraenkischer-wald\/?s={search_term_string}"},"query-input":"required name=search_term_string"}],"inLanguage":"de"},{"@type":"Person","@id":"https:\/\/www.naturparkmagazin.de\/schwaebisch-fraenkischer-wald\/#\/schema\/person\/f047a3702ae747fd7830cf8ac95e6066","name":"Naturpark-Team","sameAs":["http:\/\/www.naturpark-sfw.de","https:\/\/www.facebook.com\/naturparkSFW"],"url":"https:\/\/www.naturparkmagazin.de\/schwaebisch-fraenkischer-wald\/author\/bernharddrixler\/"}]}},"_links":{"self":[{"href":"https:\/\/www.naturparkmagazin.de\/schwaebisch-fraenkischer-wald\/wp-json\/wp\/v2\/posts\/9011"}],"collection":[{"href":"https:\/\/www.naturparkmagazin.de\/schwaebisch-fraenkischer-wald\/wp-json\/wp\/v2\/posts"}],"about":[{"href":"https:\/\/www.naturparkmagazin.de\/schwaebisch-fraenkischer-wald\/wp-json\/wp\/v2\/types\/post"}],"author":[{"embeddable":true,"href":"https:\/\/www.naturparkmagazin.de\/schwaebisch-fraenkischer-wald\/wp-json\/wp\/v2\/users\/25"}],"replies":[{"embeddable":true,"href":"https:\/\/www.naturparkmagazin.de\/schwaebisch-fraenkischer-wald\/wp-json\/wp\/v2\/comments?post=9011"}],"version-history":[{"count":4,"href":"https:\/\/www.naturparkmagazin.de\/schwaebisch-fraenkischer-wald\/wp-json\/wp\/v2\/posts\/9011\/revisions"}],"predecessor-version":[{"id":9063,"href":"https:\/\/www.naturparkmagazin.de\/schwaebisch-fraenkischer-wald\/wp-json\/wp\/v2\/posts\/9011\/revisions\/9063"}],"wp:featuredmedia":[{"embeddable":true,"href":"https:\/\/www.naturparkmagazin.de\/schwaebisch-fraenkischer-wald\/wp-json\/wp\/v2\/media\/9014"}],"wp:attachment":[{"href":"https:\/\/www.naturparkmagazin.de\/schwaebisch-fraenkischer-wald\/wp-json\/wp\/v2\/media?parent=9011"}],"wp:term":[{"taxonomy":"category","embeddable":true,"href":"https:\/\/www.naturparkmagazin.de\/schwaebisch-fraenkischer-wald\/wp-json\/wp\/v2\/categories?post=9011"},{"taxonomy":"post_tag","embeddable":true,"href":"https:\/\/www.naturparkmagazin.de\/schwaebisch-fraenkischer-wald\/wp-json\/wp\/v2\/tags?post=9011"}],"curies":[{"name":"wp","href":"https:\/\/api.w.org\/{rel}","templated":true}]}}