{"id":9035,"date":"2020-07-17T11:57:17","date_gmt":"2020-07-17T09:57:17","guid":{"rendered":"https:\/\/www.naturparkmagazin.de\/schwaebisch-fraenkischer-wald\/?p=9035"},"modified":"2020-07-23T12:16:06","modified_gmt":"2020-07-23T10:16:06","slug":"zwei-neue-naturpark-schulen-zertifiziert","status":"publish","type":"post","link":"https:\/\/www.naturparkmagazin.de\/schwaebisch-fraenkischer-wald\/zwei-neue-naturpark-schulen-zertifiziert\/","title":{"rendered":"Zwei neue Naturpark-Schulen zertifiziert"},"content":{"rendered":"<p>Zwei neue Schulen erhalten, nachdem eine Jury aus Vertretern des Naturparks und der Staatlichen Schul\u00e4mter die Schulberichte und Schulbesuche nun positiv bewertet haben, demn\u00e4chst das Zertifikat vom Verband Deutscher Naturparke zur \u201cNaturpark-Schule\u201c.<\/p>\n<p>Beide Kommunen mit den B\u00fcrgermeistern Ian Sch\u00f6lzel, Weissach im Tal und Armin Kiemel, Gemeinde Abtsgm\u00fcnd, unterst\u00fctzten zusammen mit den positiven Gemeinderatsbeschl\u00fcssen ihre Schulen auf dem Wege zur Zertifizierung. Im Naturparkgebiet gibt es nun damit 12 Naturpark-Schulen, deutschlandweit sind es rund 100.<\/p>\n<div id=\"attachment_9036\" style=\"width: 510px\" class=\"wp-caption alignright\"><a href=\"https:\/\/www.naturparkmagazin.de\/schwaebisch-fraenkischer-wald\/wp-content\/uploads\/sites\/34\/200703_Jury_Sonnenschule_Untergroeningen_ra-3.jpg\"><img aria-describedby=\"caption-attachment-9036\" decoding=\"async\" loading=\"lazy\" class=\"size-full wp-image-9036\" src=\"https:\/\/www.naturparkmagazin.de\/schwaebisch-fraenkischer-wald\/wp-content\/uploads\/sites\/34\/200703_Jury_Sonnenschule_Untergroeningen_ra-3.jpg\" alt=\"Naturpark-Schule Grundschule Sonnenschule, Abtsgm\u00fcnd-Untergr\u00f6ningen \" width=\"500\" height=\"300\" srcset=\"https:\/\/www.naturparkmagazin.de\/schwaebisch-fraenkischer-wald\/wp-content\/uploads\/sites\/34\/200703_Jury_Sonnenschule_Untergroeningen_ra-3.jpg 500w, https:\/\/www.naturparkmagazin.de\/schwaebisch-fraenkischer-wald\/wp-content\/uploads\/sites\/34\/200703_Jury_Sonnenschule_Untergroeningen_ra-3-300x180.jpg 300w, https:\/\/www.naturparkmagazin.de\/schwaebisch-fraenkischer-wald\/wp-content\/uploads\/sites\/34\/200703_Jury_Sonnenschule_Untergroeningen_ra-3-200x120.jpg 200w\" sizes=\"(max-width: 500px) 100vw, 500px\" \/><\/a><p id=\"caption-attachment-9036\" class=\"wp-caption-text\">Naturpark-Schule Grundschule Sonnenschule, Abtsgm\u00fcnd-Untergr\u00f6ningen<\/p><\/div>\n<p>Folgende Schulen wurden zertifiziert:<\/p>\n<ul>\n<li>Die <strong><a href=\"http:\/\/weissach-im-tal.de\/start\/familie+und+bildung\/ganztagsgrundschule+oberweissach.html\" target=\"_blank\">\u201eGanztagsgrundschule Oberweissach\u201c in der Gemeinde Weissach im Tal<\/a><\/strong> im Rems-Murr-Kreis (Schulleiterin Deniz Wei\u00df) und<\/li>\n<li>die <strong><a href=\"http:\/\/www.sonnenschule-ug.aa.schule-bw.de\/\" target=\"_blank\">Grundschule \u201eSonnenschule Untergr\u00f6ningen\u201c in der Gemeinde Abtsgm\u00fcnd<\/a><\/strong> im Ostalbkreis (Schulleiterin Claudia Schreiber)<\/li>\n<\/ul>\n<p>Hintergrund: Im Sinne der Bildung f\u00fcr nachhaltige Entwicklung (BNE) erm\u00f6glicht der Naturpark Schw\u00e4bisch-Fr\u00e4nkischer Wald durch kontinuierliche Umweltbildungsangebote an Schulen einen nachhaltigen Einfluss auf das Handlungsbewusstsein von Kindern und Jugendlichen.<\/p>\n<p>Der Naturpark begleitet zusammen mit den Staatlichen Schul\u00e4mtern Backnang, K\u00fcnzelsau und G\u00f6ppingen die interessierten Schulen im Naturparkgebiet auf ihrem Weg zur zertifizierten &#8222;Naturpark-Schule&#8220;, eine Initiative, die vom Verband Deutscher Naturparke (VDN) ins Leben gerufen wurde.<\/p>\n<p>Ziel der Naturpark-Schulen ist es, Sch\u00fclerinnen und Sch\u00fcler durch origin\u00e4re Naturerfahrungen f\u00fcr Natur- und Umweltthemen sowie f\u00fcr die Besonderheiten in der Region zu begeistern. In einer Naturpark-Schule werden<\/p>\n<ul>\n<li>eine nachhaltige Natur-, Umwelt- und Heimatbildung im Lehrplan verankert<\/li>\n<li>im Schuljahr schulische und au\u00dferschulische Aktivit\u00e4ten zu den Themenfeldern Natur, Umwelt und Heimat durchgef\u00fchrt<\/li>\n<li>der Naturpark, Naturparkf\u00fchrer und andere au\u00dferschulische Partner (z.B. Schutzgemeinschaft Deutscher Wald, NABU, Welterbe Limes, Bauernh\u00f6fe, Imker&#8230;) f\u00fcr die Angebote mit einbezogen<\/li>\n<li>gemeinsame Aktivit\u00e4ten von und mit den Eltern durchgef\u00fchrt<\/li>\n<li>Fortbildungsangebote f\u00fcr Lehrerinnen und Lehrer angeboten<\/li>\n<li>Besonderheiten der Schule herausgestellt, bspw. Waldklassenzimmer, Baumpatenschaften, Schulgarten etc.<\/li>\n<\/ul>\n<p>Das Pr\u00e4dikat Naturpark-Schule wird f\u00fcr einen Zeitraum von f\u00fcnf Jahren vergeben und kann danach f\u00fcr jeweils f\u00fcnf Jahre verl\u00e4ngert werden.<\/p>\n","protected":false},"excerpt":{"rendered":"<p>Naturpark-Schule &#8211; &#8222;Lernen ist Erleben. Alles andere ist Information&#8220;<\/p>\n","protected":false},"author":25,"featured_media":9057,"comment_status":"open","ping_status":"open","sticky":false,"template":"","format":"standard","meta":[],"categories":[7],"tags":[],"yoast_head":"<!-- This site is optimized with the Yoast SEO plugin v19.10 - https:\/\/yoast.com\/wordpress\/plugins\/seo\/ -->\n<title>Zwei neue Naturpark-Schulen zertifiziert - Naturpark Schw\u00e4bisch-Fr\u00e4nkischer Wald<\/title>\n<meta name=\"robots\" content=\"index, follow, max-snippet:-1, max-image-preview:large, max-video-preview:-1\" \/>\n<link rel=\"canonical\" href=\"https:\/\/www.naturparkmagazin.de\/schwaebisch-fraenkischer-wald\/zwei-neue-naturpark-schulen-zertifiziert\/\" \/>\n<meta property=\"og:locale\" content=\"de_DE\" \/>\n<meta property=\"og:type\" content=\"article\" \/>\n<meta property=\"og:title\" content=\"Zwei neue Naturpark-Schulen zertifiziert - Naturpark Schw\u00e4bisch-Fr\u00e4nkischer Wald\" \/>\n<meta property=\"og:description\" content=\"Naturpark-Schule - &quot;Lernen ist Erleben. Alles andere ist Information&quot;\" \/>\n<meta property=\"og:url\" content=\"https:\/\/www.naturparkmagazin.de\/schwaebisch-fraenkischer-wald\/zwei-neue-naturpark-schulen-zertifiziert\/\" \/>\n<meta property=\"og:site_name\" content=\"Naturpark Schw\u00e4bisch-Fr\u00e4nkischer Wald\" \/>\n<meta property=\"article:author\" content=\"https:\/\/www.facebook.com\/naturparkSFW\" \/>\n<meta property=\"article:published_time\" content=\"2020-07-17T09:57:17+00:00\" \/>\n<meta property=\"article:modified_time\" content=\"2020-07-23T10:16:06+00:00\" \/>\n<meta property=\"og:image\" content=\"https:\/\/www.naturparkmagazin.de\/schwaebisch-fraenkischer-wald\/wp-content\/uploads\/sites\/34\/200703_Jury_Sonnenschule_Untergroeningen_ra-31.jpg\" \/>\n\t<meta property=\"og:image:width\" content=\"200\" \/>\n\t<meta property=\"og:image:height\" content=\"200\" \/>\n\t<meta property=\"og:image:type\" content=\"image\/jpeg\" \/>\n<meta name=\"author\" content=\"Naturpark-Team\" \/>\n<meta name=\"twitter:label1\" content=\"Verfasst von\" \/>\n\t<meta name=\"twitter:data1\" content=\"Naturpark-Team\" \/>\n\t<meta name=\"twitter:label2\" content=\"Gesch\u00e4tzte Lesezeit\" \/>\n\t<meta name=\"twitter:data2\" content=\"2\u00a0Minuten\" \/>\n<script type=\"application\/ld+json\" class=\"yoast-schema-graph\">{\"@context\":\"https:\/\/schema.org\",\"@graph\":[{\"@type\":\"WebPage\",\"@id\":\"https:\/\/www.naturparkmagazin.de\/schwaebisch-fraenkischer-wald\/zwei-neue-naturpark-schulen-zertifiziert\/\",\"url\":\"https:\/\/www.naturparkmagazin.de\/schwaebisch-fraenkischer-wald\/zwei-neue-naturpark-schulen-zertifiziert\/\",\"name\":\"Zwei neue Naturpark-Schulen zertifiziert - Naturpark Schw\u00e4bisch-Fr\u00e4nkischer Wald\",\"isPartOf\":{\"@id\":\"https:\/\/www.naturparkmagazin.de\/schwaebisch-fraenkischer-wald\/#website\"},\"datePublished\":\"2020-07-17T09:57:17+00:00\",\"dateModified\":\"2020-07-23T10:16:06+00:00\",\"author\":{\"@id\":\"https:\/\/www.naturparkmagazin.de\/schwaebisch-fraenkischer-wald\/#\/schema\/person\/f047a3702ae747fd7830cf8ac95e6066\"},\"breadcrumb\":{\"@id\":\"https:\/\/www.naturparkmagazin.de\/schwaebisch-fraenkischer-wald\/zwei-neue-naturpark-schulen-zertifiziert\/#breadcrumb\"},\"inLanguage\":\"de\",\"potentialAction\":[{\"@type\":\"ReadAction\",\"target\":[\"https:\/\/www.naturparkmagazin.de\/schwaebisch-fraenkischer-wald\/zwei-neue-naturpark-schulen-zertifiziert\/\"]}]},{\"@type\":\"BreadcrumbList\",\"@id\":\"https:\/\/www.naturparkmagazin.de\/schwaebisch-fraenkischer-wald\/zwei-neue-naturpark-schulen-zertifiziert\/#breadcrumb\",\"itemListElement\":[{\"@type\":\"ListItem\",\"position\":1,\"name\":\"Home\",\"item\":\"https:\/\/www.naturparkmagazin.de\/schwaebisch-fraenkischer-wald\/\"},{\"@type\":\"ListItem\",\"position\":2,\"name\":\"Zwei neue Naturpark-Schulen zertifiziert\"}]},{\"@type\":\"WebSite\",\"@id\":\"https:\/\/www.naturparkmagazin.de\/schwaebisch-fraenkischer-wald\/#website\",\"url\":\"https:\/\/www.naturparkmagazin.de\/schwaebisch-fraenkischer-wald\/\",\"name\":\"Naturpark Schw\u00e4bisch-Fr\u00e4nkischer Wald\",\"description\":\"\",\"potentialAction\":[{\"@type\":\"SearchAction\",\"target\":{\"@type\":\"EntryPoint\",\"urlTemplate\":\"https:\/\/www.naturparkmagazin.de\/schwaebisch-fraenkischer-wald\/?s={search_term_string}\"},\"query-input\":\"required name=search_term_string\"}],\"inLanguage\":\"de\"},{\"@type\":\"Person\",\"@id\":\"https:\/\/www.naturparkmagazin.de\/schwaebisch-fraenkischer-wald\/#\/schema\/person\/f047a3702ae747fd7830cf8ac95e6066\",\"name\":\"Naturpark-Team\",\"sameAs\":[\"http:\/\/www.naturpark-sfw.de\",\"https:\/\/www.facebook.com\/naturparkSFW\"],\"url\":\"https:\/\/www.naturparkmagazin.de\/schwaebisch-fraenkischer-wald\/author\/bernharddrixler\/\"}]}<\/script>\n<!-- \/ Yoast SEO plugin. -->","yoast_head_json":{"title":"Zwei neue Naturpark-Schulen zertifiziert - Naturpark Schw\u00e4bisch-Fr\u00e4nkischer Wald","robots":{"index":"index","follow":"follow","max-snippet":"max-snippet:-1","max-image-preview":"max-image-preview:large","max-video-preview":"max-video-preview:-1"},"canonical":"https:\/\/www.naturparkmagazin.de\/schwaebisch-fraenkischer-wald\/zwei-neue-naturpark-schulen-zertifiziert\/","og_locale":"de_DE","og_type":"article","og_title":"Zwei neue Naturpark-Schulen zertifiziert - Naturpark Schw\u00e4bisch-Fr\u00e4nkischer Wald","og_description":"Naturpark-Schule - \"Lernen ist Erleben. Alles andere ist Information\"","og_url":"https:\/\/www.naturparkmagazin.de\/schwaebisch-fraenkischer-wald\/zwei-neue-naturpark-schulen-zertifiziert\/","og_site_name":"Naturpark Schw\u00e4bisch-Fr\u00e4nkischer Wald","article_author":"https:\/\/www.facebook.com\/naturparkSFW","article_published_time":"2020-07-17T09:57:17+00:00","article_modified_time":"2020-07-23T10:16:06+00:00","og_image":[{"width":200,"height":200,"url":"https:\/\/www.naturparkmagazin.de\/schwaebisch-fraenkischer-wald\/wp-content\/uploads\/sites\/34\/200703_Jury_Sonnenschule_Untergroeningen_ra-31.jpg","type":"image\/jpeg"}],"author":"Naturpark-Team","twitter_misc":{"Verfasst von":"Naturpark-Team","Gesch\u00e4tzte Lesezeit":"2\u00a0Minuten"},"schema":{"@context":"https:\/\/schema.org","@graph":[{"@type":"WebPage","@id":"https:\/\/www.naturparkmagazin.de\/schwaebisch-fraenkischer-wald\/zwei-neue-naturpark-schulen-zertifiziert\/","url":"https:\/\/www.naturparkmagazin.de\/schwaebisch-fraenkischer-wald\/zwei-neue-naturpark-schulen-zertifiziert\/","name":"Zwei neue Naturpark-Schulen zertifiziert - Naturpark Schw\u00e4bisch-Fr\u00e4nkischer Wald","isPartOf":{"@id":"https:\/\/www.naturparkmagazin.de\/schwaebisch-fraenkischer-wald\/#website"},"datePublished":"2020-07-17T09:57:17+00:00","dateModified":"2020-07-23T10:16:06+00:00","author":{"@id":"https:\/\/www.naturparkmagazin.de\/schwaebisch-fraenkischer-wald\/#\/schema\/person\/f047a3702ae747fd7830cf8ac95e6066"},"breadcrumb":{"@id":"https:\/\/www.naturparkmagazin.de\/schwaebisch-fraenkischer-wald\/zwei-neue-naturpark-schulen-zertifiziert\/#breadcrumb"},"inLanguage":"de","potentialAction":[{"@type":"ReadAction","target":["https:\/\/www.naturparkmagazin.de\/schwaebisch-fraenkischer-wald\/zwei-neue-naturpark-schulen-zertifiziert\/"]}]},{"@type":"BreadcrumbList","@id":"https:\/\/www.naturparkmagazin.de\/schwaebisch-fraenkischer-wald\/zwei-neue-naturpark-schulen-zertifiziert\/#breadcrumb","itemListElement":[{"@type":"ListItem","position":1,"name":"Home","item":"https:\/\/www.naturparkmagazin.de\/schwaebisch-fraenkischer-wald\/"},{"@type":"ListItem","position":2,"name":"Zwei neue Naturpark-Schulen zertifiziert"}]},{"@type":"WebSite","@id":"https:\/\/www.naturparkmagazin.de\/schwaebisch-fraenkischer-wald\/#website","url":"https:\/\/www.naturparkmagazin.de\/schwaebisch-fraenkischer-wald\/","name":"Naturpark Schw\u00e4bisch-Fr\u00e4nkischer Wald","description":"","potentialAction":[{"@type":"SearchAction","target":{"@type":"EntryPoint","urlTemplate":"https:\/\/www.naturparkmagazin.de\/schwaebisch-fraenkischer-wald\/?s={search_term_string}"},"query-input":"required name=search_term_string"}],"inLanguage":"de"},{"@type":"Person","@id":"https:\/\/www.naturparkmagazin.de\/schwaebisch-fraenkischer-wald\/#\/schema\/person\/f047a3702ae747fd7830cf8ac95e6066","name":"Naturpark-Team","sameAs":["http:\/\/www.naturpark-sfw.de","https:\/\/www.facebook.com\/naturparkSFW"],"url":"https:\/\/www.naturparkmagazin.de\/schwaebisch-fraenkischer-wald\/author\/bernharddrixler\/"}]}},"_links":{"self":[{"href":"https:\/\/www.naturparkmagazin.de\/schwaebisch-fraenkischer-wald\/wp-json\/wp\/v2\/posts\/9035"}],"collection":[{"href":"https:\/\/www.naturparkmagazin.de\/schwaebisch-fraenkischer-wald\/wp-json\/wp\/v2\/posts"}],"about":[{"href":"https:\/\/www.naturparkmagazin.de\/schwaebisch-fraenkischer-wald\/wp-json\/wp\/v2\/types\/post"}],"author":[{"embeddable":true,"href":"https:\/\/www.naturparkmagazin.de\/schwaebisch-fraenkischer-wald\/wp-json\/wp\/v2\/users\/25"}],"replies":[{"embeddable":true,"href":"https:\/\/www.naturparkmagazin.de\/schwaebisch-fraenkischer-wald\/wp-json\/wp\/v2\/comments?post=9035"}],"version-history":[{"count":3,"href":"https:\/\/www.naturparkmagazin.de\/schwaebisch-fraenkischer-wald\/wp-json\/wp\/v2\/posts\/9035\/revisions"}],"predecessor-version":[{"id":9059,"href":"https:\/\/www.naturparkmagazin.de\/schwaebisch-fraenkischer-wald\/wp-json\/wp\/v2\/posts\/9035\/revisions\/9059"}],"wp:featuredmedia":[{"embeddable":true,"href":"https:\/\/www.naturparkmagazin.de\/schwaebisch-fraenkischer-wald\/wp-json\/wp\/v2\/media\/9057"}],"wp:attachment":[{"href":"https:\/\/www.naturparkmagazin.de\/schwaebisch-fraenkischer-wald\/wp-json\/wp\/v2\/media?parent=9035"}],"wp:term":[{"taxonomy":"category","embeddable":true,"href":"https:\/\/www.naturparkmagazin.de\/schwaebisch-fraenkischer-wald\/wp-json\/wp\/v2\/categories?post=9035"},{"taxonomy":"post_tag","embeddable":true,"href":"https:\/\/www.naturparkmagazin.de\/schwaebisch-fraenkischer-wald\/wp-json\/wp\/v2\/tags?post=9035"}],"curies":[{"name":"wp","href":"https:\/\/api.w.org\/{rel}","templated":true}]}}