{"id":904,"date":"2014-07-17T10:14:08","date_gmt":"2014-07-17T08:14:08","guid":{"rendered":"http:\/\/www.naturparkmagazin.de\/schwaebisch-fraenkischer-wald\/?p=904"},"modified":"2014-07-17T10:14:26","modified_gmt":"2014-07-17T08:14:26","slug":"unterwegs-mit-den-naturparkfuehrern-im-monat-august","status":"publish","type":"post","link":"https:\/\/www.naturparkmagazin.de\/schwaebisch-fraenkischer-wald\/unterwegs-mit-den-naturparkfuehrern-im-monat-august\/","title":{"rendered":"Unterwegs mit den Naturparkf\u00fchrern im Monat August"},"content":{"rendered":"<p><a href=\"https:\/\/www.naturparkmagazin.de\/schwaebisch-fraenkischer-wald\/wp-content\/uploads\/sites\/34\/140727_Kuch.jpg\"><img decoding=\"async\" loading=\"lazy\" class=\"alignright size-thumbnail wp-image-542\" alt=\"Unterwegs mit die Naturparkf\u00fchrer\" src=\"https:\/\/www.naturparkmagazin.de\/schwaebisch-fraenkischer-wald\/wp-content\/uploads\/sites\/34\/140727_Kuch-300x273.jpg\" width=\"300\" height=\"273\" srcset=\"https:\/\/www.naturparkmagazin.de\/schwaebisch-fraenkischer-wald\/wp-content\/uploads\/sites\/34\/140727_Kuch-300x273.jpg 300w, https:\/\/www.naturparkmagazin.de\/schwaebisch-fraenkischer-wald\/wp-content\/uploads\/sites\/34\/140727_Kuch-620x565.jpg 620w, https:\/\/www.naturparkmagazin.de\/schwaebisch-fraenkischer-wald\/wp-content\/uploads\/sites\/34\/140727_Kuch-940x857.jpg 940w, https:\/\/www.naturparkmagazin.de\/schwaebisch-fraenkischer-wald\/wp-content\/uploads\/sites\/34\/140727_Kuch-670x611.jpg 670w, https:\/\/www.naturparkmagazin.de\/schwaebisch-fraenkischer-wald\/wp-content\/uploads\/sites\/34\/140727_Kuch-200x182.jpg 200w, https:\/\/www.naturparkmagazin.de\/schwaebisch-fraenkischer-wald\/wp-content\/uploads\/sites\/34\/140727_Kuch.jpg 970w\" sizes=\"(max-width: 300px) 100vw, 300px\" \/><\/a>Seien Sie dabei, wenn die Naturparkf\u00fchrer zu Ihren Veranstaltungen im August laden und genie\u00dfen Sie einen tollen Ausflug mit interessanten Gespr\u00e4chen, in die uns vorliegende wunderbare Natur im Schw\u00e4bisch-Fr\u00e4nkischen Wald.<\/p>\n<p>&nbsp;<\/p>\n<p>Sonntag, 3. August<\/p>\n<p>&nbsp;<\/p>\n<p>Die Tiere des Waldes<\/p>\n<p>&nbsp;<\/p>\n<p>L\u00f6wensteiner Bergtour: Die Familien-Abenteuer-Tour f\u00fchrt uns in den Klankwald. Schleichspiele, Pirschpfad und Suchaufgaben machen uns mit den heimischen Tieren des Waldes vertraut. Zum Abschluss wollen wir gemeinsam am Lagerfeuer sitzen und W\u00fcrstle grillen.<\/p>\n<p>&nbsp;<\/p>\n<p>Naturparkf\u00fchrerin Sabine R\u00fccker erwartet Sie um 14 Uhr in L\u00f6wenstein-Reisach, am Wanderparkplatz Altenhau, Altenhau 57. Dauer der Tour ca. 3-4 Stunden. Kosten pro Person 7,50\u20ac Kinder frei, inkl. Wald-Zauber-Trank. Bitte haben Sie ein Taschenmesser, Sitzkissen, Trinkgef\u00e4\u00df, Vesper und Grillwurst dabei. Die Strecke ist nicht kinderwagentauglich. Einer Anmeldung bedarf es nicht. Weitere Informationen finden Sie unter Telefon: 07130-401120, oder <a href=\"mailto:ruecker@die-naturparkfuehrer.de\">ruecker@die-naturparkfuehrer.de<\/a>.<\/p>\n<p>&nbsp;<\/p>\n<p>Sonntag, 3. August<\/p>\n<p>&nbsp;<\/p>\n<p>Hoch hinauf &#8211; auf den Altenberg<\/p>\n<p>&nbsp;<\/p>\n<p>Die Wanderung f\u00fchrt uns vom Kochertal hinauf durch abgeschiedene Geh\u00f6fte zum Altenberg. Einzigartig der Panoramablick vom Turm auf 600 m, zu den Limpurger und Ellwanger Bergen, auf die Schw\u00e4bische Alb und zur Hohen Brach und bis weit ins Land hinein.<\/p>\n<p>&nbsp;<\/p>\n<p>Naturparkf\u00fchrerin Gerda Drexel-Stich erwartet Sie um 12 Uhr in Sulzbach-Laufen \/ Kocher, OT Sulzbach, am Parkplatz Stephan-Keck-Halle in der Nestelbergstra\u00dfe 6. Dauer der Wanderung ca. 4 Stunden. Kosten pro Person betragen 8 \u20ac. Bitte bringen Sie ein eigenes Fernglas mit. Es besteht die M\u00f6glichkeit des \u201eEinkehrens\u201c. Anmeldung bitte bis 1. August. Weitere Infos unter: Telefon: 07176-3139, oder E-Mail an: <a href=\"mailto:drexel-stich@die-naturparkfuehrer.de\">drexel-stich@die-naturparkfuehrer.de<\/a>.<\/p>\n<p>&nbsp;<\/p>\n<p>Sonntag, 3. August<\/p>\n<p>&nbsp;<\/p>\n<p>Ernte-Schatzsuche in Sulzbach<\/p>\n<p>&nbsp;<\/p>\n<p>Ausgehend vom idyllischen Sulzbacher Marktplatz begeben wir uns auf eine abenteuerliche GPS-Schatzsuche durch Sulzbach. Unterwegs besuchen wir die G\u00e4rtnerei Wahl, wo wir alte regionale und saisonale Besonderheiten verkosten, w\u00e4hrend wir in die Geheimnisse der Zubereitung und Konservierung dieser ersten Gem\u00fcseernte eingef\u00fchrt werden. Weiter geht\u2019s vorbei am Sulzbacher Schl\u00f6ssle zu FABERS Caf\u00e9 am Rathaus, wo wir uns in heimeliger Atmosph\u00e4re an den von Stephanie Faber selbstzubereiteten K\u00f6stlichkeiten st\u00e4rken.<\/p>\n<p>&nbsp;<\/p>\n<p>Naturparkf\u00fchrerin Ruth Bohn erwartet Sie um 14 Uhr in Sulzbach\/Murr am Rathaus. Die Dauer der Strecke betr\u00e4gt ungef\u00e4hr 2,5 Stunden und kostet 9 \u20ac pro Person, Kinder bis 10 Jahre 5 \u20ac inkl. Verkostung im Fabers Caf\u00e9 (nicht im Preis inbegriffen). Kinderwagentauglich. Anmeldung bis 1. August. Weitere Informationen unter: Telefon 07184-2198, oder E-Mail an: <a href=\"mailto:bohn@die-naturparkfuehrer.de\">bohn@die-naturparkfuehrer.de<\/a>.<\/p>\n<p>&nbsp;<\/p>\n<p>Sonntag, 10. August<\/p>\n<p>&nbsp;<\/p>\n<p>Vollmond \u00fcber dem Naturpark<\/p>\n<p>&nbsp;<\/p>\n<p>Der Tag neigt sich dem Ende zu und bei einem gem\u00fctlichen Spaziergang wollen wir den Tag ausklingen lassen. Die V\u00f6gel verabschieden den Tag mit einem herrlichen Gesang, die Sonne verschwindet am glutroten Horizont und der Vollmond steigt im Schatten der Waldenburger Berge empor. Bei einem tollen Ausblick auf den Naturpark und die Hohenloher Ebene lauschen die Teilnehmer den Geschichten und Sagen dieser Gegend.<\/p>\n<p>&nbsp;<\/p>\n<p>Naturparkf\u00fchrerin Petra Kuch erwartet Sie um 19 Uhr in Pfedelbach-Lindelberg am Wanderparkplatz 200m vor dem Ortseingang. Dauer des Spaziergangs ca. 2 Stunden. Kosten pro Person betragen 6\u20ac, Kinder frei. Nicht barrierefrei und nur bedingt kinderwagentauglich. Einer Anmeldung bedarf es nicht. Weitere Informationen unter: <a href=\"http:\/\/www.wald-safari.de\">www.wald-safari.de<\/a>, oder E-Mail an: <a href=\"mailto:kuch@die-naturparkfuehrer.de\">kuch@die-naturparkfuehrer.de<\/a>.<\/p>\n<p>&nbsp;<\/p>\n<p>Sonntag, 10. August<\/p>\n<p>&nbsp;<\/p>\n<p>Vollmondwanderung<\/p>\n<p>&nbsp;<\/p>\n<p>Mainhardter Kostbarkeiten: Schon immer strahlt der Mond eine besondere Faszination aus. Vollmondn\u00e4chte waren fr\u00fcher heilig. An ausgesuchten Pl\u00e4tzen im Wald erleben wir bei Ritualen und Meditation, M\u00e4rchen und Liedern einen ganz besonderen Sommerabend. Zum Abschluss besteht die M\u00f6glichkeit einer St\u00e4rkung im Hof oder am Feuer mit Bewirtung bei Familie Braun.<\/p>\n<p>&nbsp;<\/p>\n<p>Naturparkf\u00fchrerin Sabine R\u00fccker erwartet Sie um 19 Uhr in Mainhardt-Riegenhof, auf dem Demeterhof Braun, Riegenhof 4. Dauer der Veranstaltung betr\u00e4gt ca. 2 Stunden und kostet pro Person 5\u20ac, Kinder 2,50\u20ac. Die Bewirtung findet auf eigene Kostet statt. Einer Anmeldung bedarf es nicht. Infos unter: Telefon 07130-401120, oder E-Mail an: <a href=\"mailto:ruecker@die-naturparkfuehrer.de\">ruecker@die-naturparkfuehrer.de<\/a>.<\/p>\n<p>&nbsp;<\/p>\n<p>Sonntag, 17. August<\/p>\n<p>&nbsp;<\/p>\n<p>Flatterhaftes \u00fcber dem Ebnisee<\/p>\n<p>&nbsp;<\/p>\n<p>Fast schon traditionell sind die Fledermausf\u00fchrungen am Ebnisee: Immer wieder spannend, immer wieder neu, und immer wieder anders als zuvor! Eine aufregende Familienwanderung rund um das bekannteste Gew\u00e4sser des Naturparkes mit ungeahnten \u00dcberraschungen!<\/p>\n<p>&nbsp;<\/p>\n<p>Naturparkf\u00fchrer Albrecht P. Block erwartet Sie um 20 Uhr in Kaisersbach-Ebnisee, an der Infoh\u00fctte bei der Bushaltestelle. Dauer ca. 2,5 Stunden. Kosten 6\u20ac pro Person, Kinder bis 14 Jahre 3\u20ac. Leichter, ebenerdiger und barrierefreie Spaziergang um den See. Bitte f\u00fchren Sie keine Taschenlampen und kein Blitzlicht bei sich. Anmeldung erforderlich. Weitere Informationen unter: Telefon 07183-428859, oder E-Mail an: <a href=\"mailto:block@die-naturparkfuehrer.de\">block@die-naturparkfuehrer.de<\/a>.<\/p>\n<p>&nbsp;<\/p>\n<p>Sonntag, 17. August<\/p>\n<p>&nbsp;<\/p>\n<p>Mythos Baum<\/p>\n<p>&nbsp;<\/p>\n<p>Was Sie schon immer \u00fcber B\u00e4ume wissen wollten und vieles Ungeahnte mehr erfahren Sie bei dieser ungew\u00f6hnlichen Waldf\u00fchrung. L\u00e4ngst Vergessenes, Mystisches, Mythologisches und ganz Praktisches wird gegenw\u00e4rtig.<\/p>\n<p>Im Anschluss an die Waldf\u00fchrung verk\u00f6stigen wir Sie mit einer exzellenten WWW &#8211; \u201eWelzheimer Wald Wurst\u201c, ganz speziell nur f\u00fcr uns gemacht, auf Fichtenzapfenfeuer gegrillt und einem guten Getr\u00e4nk.<\/p>\n<p>&nbsp;<\/p>\n<p>Naturparkf\u00fchrer Walter Hieber und Prof. Dr. Manfred Krautter erwarten Sie um 10 Uhr in Kaisersbach am Wanderparkplatz Finken bei der L1150 Kirchenkirnberg, Abzweig Bruch. Die F\u00fchrung dauert ca. 3,5 Stunden und kostet 15 \u20ac pro Person, Kinder 10. Alles inkl. WWW und Getr\u00e4nke. Anmeldung bitte bis 3. August. Weitere Informationen unter Telefon: 07182-935697, oder E-Mail an: <a href=\"mailto:hieber@die-naturparkfuehrer.de\">hieber@die-naturparkfuehrer.de<\/a>.<\/p>\n<p>&nbsp;<\/p>\n<p>Sonntag, 24. August<\/p>\n<p>&nbsp;<\/p>\n<p>GPS-Kr\u00e4uterjagd im Honigt\u00e4le<\/p>\n<p>&nbsp;<\/p>\n<p>Eine abwechslungsreiche Tour f\u00fcr die ganze Familie durchs Fornsbacher Honigt\u00e4le. Auf einer abenteuerlichen GPS-Schatzsuche begleitet vom Duft w\u00fcrziger Bl\u00fctenpflanzen sammeln wir gemeinsam Wiesenkr\u00e4uter, die dann auf der Wiesenterrasse des landwirtschaftlichen Anwesens der Familie Heinz zu einer k\u00f6stlichen Bauernmahlzeit zubereitet werden.<\/p>\n<p>&nbsp;<\/p>\n<p>Naturparkf\u00fchrerin Ruth Bohn erwartet Sie um 14 Uhr in Murrhardt-Fornsbach in der Ortsmitte Richtung Neuhauser Tal am Wanderparkplatz. Die Dauer der Kr\u00e4uterjagt betr\u00e4gt ungef\u00e4hr 3 Stunden und kostet pro Person 8 \u20ac, Kinder nur 4 \u20ac.\u00a0 Die Bauernmahlzeit ist im Preis nicht enthalten. Die Strecke ist nur bedingt Kinderwagen tauglich. Anmeldung bitte bis 21. August.<\/p>\n<p>Infos unter: Telefon 07184-2198, oder E-Mail an: <a href=\"mailto:bohn@die-naturparkfuehrer.de\">bohn@die-naturparkfuehrer.de<\/a><\/p>\n<p>&nbsp;<\/p>\n<p>Sonntag, 31. August<\/p>\n<p>&nbsp;<\/p>\n<p>Immer nur Steinpilze?<\/p>\n<p>&nbsp;<\/p>\n<p>Bei dieser famili\u00e4ren Pilzexkursion bei Alth\u00fctte finden die Teilnehmer garantiert auch andere interessante Arten, die eine n\u00e4here Betrachtung lohnen. Nach der Exkursion wird eine kleine Pilzschau mit dem Sammelergebnis durchgef\u00fchrt.<\/p>\n<p>&nbsp;<\/p>\n<p>Naturparkf\u00fchrer Albrecht P. Block erwartet Sie um 14 Uhr in Alth\u00fctte am Park-, Spiel- und Grillplatz Steinbachtal an der L1120 in Richtung Ebnisee. Die Dauer der Wanderung betr\u00e4gt ca. 4 Stunden und ist nicht barrierefrei. Bitte bringen Sie ein Sammelk\u00f6rbchen, ein Taschenmesser und Ihre Selbstverpflegung mit. Preis pro Person 8\u20ac, Kinder bis 14 Jahre 4\u20ac. Unter: 07183-428859, oder E-Mail an: <a href=\"mailto:block@die-naturparkfuehrer.de\">block@die-naturparkfuehrer.de<\/a> k\u00f6nnen Sie sich Informieren und sich anmelden.<\/p>\n<p>&nbsp;<\/p>\n<p>&nbsp;<\/p>\n<p>Sonntag, 31. August<\/p>\n<p>&nbsp;<\/p>\n<p>M\u00fchlen \u2013 Mythen \u2013 Maultaschen<\/p>\n<p>&nbsp;<\/p>\n<p>Auf einer kurzweiligen Tour zeigen wir Ihnen versteckte Sch\u00e4tze einer wundersch\u00f6nen Natur in der Mitte des Schw\u00e4bischen Waldes. Los geht\u2018s in gesch\u00fctzter Natur entlang der &#8222;Finsteren Rot&#8220;, vorbei an der kleinen &#8222;Hummelgautsche&#8220;, Hundsberger S\u00e4gm\u00fchle und Menzlesm\u00fchle zur herrlichen gelegene Heinlesm\u00fchle. Nach allerlei Mythen, Geschichten und M\u00e4rchen \u00fcber M\u00fchlen bekommen wir hier ein regionaltypisches Abendessen: &#8222;Variationen von Schw\u00e4bischen Maultaschen&#8220; von der Bio-Landmetzgerei Ziesel.<\/p>\n<p>&nbsp;<\/p>\n<p>Naturparkf\u00fchrer Walter Hieber erwartet Sie um 15 Uhr in Alfdorf-Hellershof am Wanderparkplatz Schadberg an der L 1080 Richtung Schadberg. Die Tour mit anschlie\u00dfendem Essen, dauert ca. 4 Stunden und kostet Sie inkl. Maultaschenbuffet und Getr\u00e4nke 24\u20ac, Kinder 16\u20ac. Anmeldung bitte bis 28. August.<\/p>\n<p>Infos unter: Telefon 07182-935697, oder E-Mail an: <a href=\"mailto:hieber@die-naturparkfuehrer.de\">hieber@die-naturparkfuehrer.de<\/a>.<\/p>\n<p>&nbsp;<\/p>\n","protected":false},"excerpt":{"rendered":"<p>Seien Sie dabei, wenn die Naturparkf\u00fchrer zu Ihren Veranstaltungen im August laden und genie\u00dfen Sie einen tollen Ausflug mit interessanten Gespr\u00e4chen in die uns vorliegende wunderbare Natur im Schw\u00e4bisch-Fr\u00e4nkischen Wald.<\/p>\n","protected":false},"author":25,"featured_media":880,"comment_status":"open","ping_status":"open","sticky":false,"template":"","format":"standard","meta":[],"categories":[11],"tags":[],"yoast_head":"<!-- This site is optimized with the Yoast SEO plugin v19.10 - https:\/\/yoast.com\/wordpress\/plugins\/seo\/ -->\n<title>Unterwegs mit den Naturparkf\u00fchrern im Monat August - Naturpark Schw\u00e4bisch-Fr\u00e4nkischer Wald<\/title>\n<meta name=\"robots\" content=\"index, follow, max-snippet:-1, max-image-preview:large, max-video-preview:-1\" \/>\n<link rel=\"canonical\" href=\"https:\/\/www.naturparkmagazin.de\/schwaebisch-fraenkischer-wald\/unterwegs-mit-den-naturparkfuehrern-im-monat-august\/\" \/>\n<meta property=\"og:locale\" content=\"de_DE\" \/>\n<meta property=\"og:type\" content=\"article\" \/>\n<meta property=\"og:title\" content=\"Unterwegs mit den Naturparkf\u00fchrern im Monat August - Naturpark Schw\u00e4bisch-Fr\u00e4nkischer Wald\" \/>\n<meta property=\"og:description\" content=\"Seien Sie dabei, wenn die Naturparkf\u00fchrer zu Ihren Veranstaltungen im August laden und genie\u00dfen Sie einen tollen Ausflug mit interessanten Gespr\u00e4chen in die uns vorliegende wunderbare Natur im Schw\u00e4bisch-Fr\u00e4nkischen Wald.\" \/>\n<meta property=\"og:url\" content=\"https:\/\/www.naturparkmagazin.de\/schwaebisch-fraenkischer-wald\/unterwegs-mit-den-naturparkfuehrern-im-monat-august\/\" \/>\n<meta property=\"og:site_name\" content=\"Naturpark Schw\u00e4bisch-Fr\u00e4nkischer Wald\" \/>\n<meta property=\"article:author\" content=\"https:\/\/www.facebook.com\/naturparkSFW\" \/>\n<meta property=\"article:published_time\" content=\"2014-07-17T08:14:08+00:00\" \/>\n<meta property=\"article:modified_time\" content=\"2014-07-17T08:14:26+00:00\" \/>\n<meta property=\"og:image\" content=\"https:\/\/www.naturparkmagazin.de\/schwaebisch-fraenkischer-wald\/wp-content\/uploads\/sites\/34\/2014_NPaktiv_Titel.jpg\" \/>\n\t<meta property=\"og:image:width\" content=\"298\" \/>\n\t<meta property=\"og:image:height\" content=\"573\" \/>\n\t<meta property=\"og:image:type\" content=\"image\/jpeg\" \/>\n<meta name=\"author\" content=\"Naturpark-Team\" \/>\n<meta name=\"twitter:label1\" content=\"Verfasst von\" \/>\n\t<meta name=\"twitter:data1\" content=\"Naturpark-Team\" \/>\n\t<meta name=\"twitter:label2\" content=\"Gesch\u00e4tzte Lesezeit\" \/>\n\t<meta name=\"twitter:data2\" content=\"6\u00a0Minuten\" \/>\n<script type=\"application\/ld+json\" class=\"yoast-schema-graph\">{\"@context\":\"https:\/\/schema.org\",\"@graph\":[{\"@type\":\"WebPage\",\"@id\":\"https:\/\/www.naturparkmagazin.de\/schwaebisch-fraenkischer-wald\/unterwegs-mit-den-naturparkfuehrern-im-monat-august\/\",\"url\":\"https:\/\/www.naturparkmagazin.de\/schwaebisch-fraenkischer-wald\/unterwegs-mit-den-naturparkfuehrern-im-monat-august\/\",\"name\":\"Unterwegs mit den Naturparkf\u00fchrern im Monat August - Naturpark Schw\u00e4bisch-Fr\u00e4nkischer Wald\",\"isPartOf\":{\"@id\":\"https:\/\/www.naturparkmagazin.de\/schwaebisch-fraenkischer-wald\/#website\"},\"datePublished\":\"2014-07-17T08:14:08+00:00\",\"dateModified\":\"2014-07-17T08:14:26+00:00\",\"author\":{\"@id\":\"https:\/\/www.naturparkmagazin.de\/schwaebisch-fraenkischer-wald\/#\/schema\/person\/f047a3702ae747fd7830cf8ac95e6066\"},\"breadcrumb\":{\"@id\":\"https:\/\/www.naturparkmagazin.de\/schwaebisch-fraenkischer-wald\/unterwegs-mit-den-naturparkfuehrern-im-monat-august\/#breadcrumb\"},\"inLanguage\":\"de\",\"potentialAction\":[{\"@type\":\"ReadAction\",\"target\":[\"https:\/\/www.naturparkmagazin.de\/schwaebisch-fraenkischer-wald\/unterwegs-mit-den-naturparkfuehrern-im-monat-august\/\"]}]},{\"@type\":\"BreadcrumbList\",\"@id\":\"https:\/\/www.naturparkmagazin.de\/schwaebisch-fraenkischer-wald\/unterwegs-mit-den-naturparkfuehrern-im-monat-august\/#breadcrumb\",\"itemListElement\":[{\"@type\":\"ListItem\",\"position\":1,\"name\":\"Home\",\"item\":\"https:\/\/www.naturparkmagazin.de\/schwaebisch-fraenkischer-wald\/\"},{\"@type\":\"ListItem\",\"position\":2,\"name\":\"Unterwegs mit den Naturparkf\u00fchrern im Monat August\"}]},{\"@type\":\"WebSite\",\"@id\":\"https:\/\/www.naturparkmagazin.de\/schwaebisch-fraenkischer-wald\/#website\",\"url\":\"https:\/\/www.naturparkmagazin.de\/schwaebisch-fraenkischer-wald\/\",\"name\":\"Naturpark Schw\u00e4bisch-Fr\u00e4nkischer Wald\",\"description\":\"\",\"potentialAction\":[{\"@type\":\"SearchAction\",\"target\":{\"@type\":\"EntryPoint\",\"urlTemplate\":\"https:\/\/www.naturparkmagazin.de\/schwaebisch-fraenkischer-wald\/?s={search_term_string}\"},\"query-input\":\"required name=search_term_string\"}],\"inLanguage\":\"de\"},{\"@type\":\"Person\",\"@id\":\"https:\/\/www.naturparkmagazin.de\/schwaebisch-fraenkischer-wald\/#\/schema\/person\/f047a3702ae747fd7830cf8ac95e6066\",\"name\":\"Naturpark-Team\",\"sameAs\":[\"http:\/\/www.naturpark-sfw.de\",\"https:\/\/www.facebook.com\/naturparkSFW\"],\"url\":\"https:\/\/www.naturparkmagazin.de\/schwaebisch-fraenkischer-wald\/author\/bernharddrixler\/\"}]}<\/script>\n<!-- \/ Yoast SEO plugin. -->","yoast_head_json":{"title":"Unterwegs mit den Naturparkf\u00fchrern im Monat August - Naturpark Schw\u00e4bisch-Fr\u00e4nkischer Wald","robots":{"index":"index","follow":"follow","max-snippet":"max-snippet:-1","max-image-preview":"max-image-preview:large","max-video-preview":"max-video-preview:-1"},"canonical":"https:\/\/www.naturparkmagazin.de\/schwaebisch-fraenkischer-wald\/unterwegs-mit-den-naturparkfuehrern-im-monat-august\/","og_locale":"de_DE","og_type":"article","og_title":"Unterwegs mit den Naturparkf\u00fchrern im Monat August - Naturpark Schw\u00e4bisch-Fr\u00e4nkischer Wald","og_description":"Seien Sie dabei, wenn die Naturparkf\u00fchrer zu Ihren Veranstaltungen im August laden und genie\u00dfen Sie einen tollen Ausflug mit interessanten Gespr\u00e4chen in die uns vorliegende wunderbare Natur im Schw\u00e4bisch-Fr\u00e4nkischen Wald.","og_url":"https:\/\/www.naturparkmagazin.de\/schwaebisch-fraenkischer-wald\/unterwegs-mit-den-naturparkfuehrern-im-monat-august\/","og_site_name":"Naturpark Schw\u00e4bisch-Fr\u00e4nkischer Wald","article_author":"https:\/\/www.facebook.com\/naturparkSFW","article_published_time":"2014-07-17T08:14:08+00:00","article_modified_time":"2014-07-17T08:14:26+00:00","og_image":[{"width":298,"height":573,"url":"https:\/\/www.naturparkmagazin.de\/schwaebisch-fraenkischer-wald\/wp-content\/uploads\/sites\/34\/2014_NPaktiv_Titel.jpg","type":"image\/jpeg"}],"author":"Naturpark-Team","twitter_misc":{"Verfasst von":"Naturpark-Team","Gesch\u00e4tzte Lesezeit":"6\u00a0Minuten"},"schema":{"@context":"https:\/\/schema.org","@graph":[{"@type":"WebPage","@id":"https:\/\/www.naturparkmagazin.de\/schwaebisch-fraenkischer-wald\/unterwegs-mit-den-naturparkfuehrern-im-monat-august\/","url":"https:\/\/www.naturparkmagazin.de\/schwaebisch-fraenkischer-wald\/unterwegs-mit-den-naturparkfuehrern-im-monat-august\/","name":"Unterwegs mit den Naturparkf\u00fchrern im Monat August - Naturpark Schw\u00e4bisch-Fr\u00e4nkischer Wald","isPartOf":{"@id":"https:\/\/www.naturparkmagazin.de\/schwaebisch-fraenkischer-wald\/#website"},"datePublished":"2014-07-17T08:14:08+00:00","dateModified":"2014-07-17T08:14:26+00:00","author":{"@id":"https:\/\/www.naturparkmagazin.de\/schwaebisch-fraenkischer-wald\/#\/schema\/person\/f047a3702ae747fd7830cf8ac95e6066"},"breadcrumb":{"@id":"https:\/\/www.naturparkmagazin.de\/schwaebisch-fraenkischer-wald\/unterwegs-mit-den-naturparkfuehrern-im-monat-august\/#breadcrumb"},"inLanguage":"de","potentialAction":[{"@type":"ReadAction","target":["https:\/\/www.naturparkmagazin.de\/schwaebisch-fraenkischer-wald\/unterwegs-mit-den-naturparkfuehrern-im-monat-august\/"]}]},{"@type":"BreadcrumbList","@id":"https:\/\/www.naturparkmagazin.de\/schwaebisch-fraenkischer-wald\/unterwegs-mit-den-naturparkfuehrern-im-monat-august\/#breadcrumb","itemListElement":[{"@type":"ListItem","position":1,"name":"Home","item":"https:\/\/www.naturparkmagazin.de\/schwaebisch-fraenkischer-wald\/"},{"@type":"ListItem","position":2,"name":"Unterwegs mit den Naturparkf\u00fchrern im Monat August"}]},{"@type":"WebSite","@id":"https:\/\/www.naturparkmagazin.de\/schwaebisch-fraenkischer-wald\/#website","url":"https:\/\/www.naturparkmagazin.de\/schwaebisch-fraenkischer-wald\/","name":"Naturpark Schw\u00e4bisch-Fr\u00e4nkischer Wald","description":"","potentialAction":[{"@type":"SearchAction","target":{"@type":"EntryPoint","urlTemplate":"https:\/\/www.naturparkmagazin.de\/schwaebisch-fraenkischer-wald\/?s={search_term_string}"},"query-input":"required name=search_term_string"}],"inLanguage":"de"},{"@type":"Person","@id":"https:\/\/www.naturparkmagazin.de\/schwaebisch-fraenkischer-wald\/#\/schema\/person\/f047a3702ae747fd7830cf8ac95e6066","name":"Naturpark-Team","sameAs":["http:\/\/www.naturpark-sfw.de","https:\/\/www.facebook.com\/naturparkSFW"],"url":"https:\/\/www.naturparkmagazin.de\/schwaebisch-fraenkischer-wald\/author\/bernharddrixler\/"}]}},"_links":{"self":[{"href":"https:\/\/www.naturparkmagazin.de\/schwaebisch-fraenkischer-wald\/wp-json\/wp\/v2\/posts\/904"}],"collection":[{"href":"https:\/\/www.naturparkmagazin.de\/schwaebisch-fraenkischer-wald\/wp-json\/wp\/v2\/posts"}],"about":[{"href":"https:\/\/www.naturparkmagazin.de\/schwaebisch-fraenkischer-wald\/wp-json\/wp\/v2\/types\/post"}],"author":[{"embeddable":true,"href":"https:\/\/www.naturparkmagazin.de\/schwaebisch-fraenkischer-wald\/wp-json\/wp\/v2\/users\/25"}],"replies":[{"embeddable":true,"href":"https:\/\/www.naturparkmagazin.de\/schwaebisch-fraenkischer-wald\/wp-json\/wp\/v2\/comments?post=904"}],"version-history":[{"count":4,"href":"https:\/\/www.naturparkmagazin.de\/schwaebisch-fraenkischer-wald\/wp-json\/wp\/v2\/posts\/904\/revisions"}],"predecessor-version":[{"id":910,"href":"https:\/\/www.naturparkmagazin.de\/schwaebisch-fraenkischer-wald\/wp-json\/wp\/v2\/posts\/904\/revisions\/910"}],"wp:featuredmedia":[{"embeddable":true,"href":"https:\/\/www.naturparkmagazin.de\/schwaebisch-fraenkischer-wald\/wp-json\/wp\/v2\/media\/880"}],"wp:attachment":[{"href":"https:\/\/www.naturparkmagazin.de\/schwaebisch-fraenkischer-wald\/wp-json\/wp\/v2\/media?parent=904"}],"wp:term":[{"taxonomy":"category","embeddable":true,"href":"https:\/\/www.naturparkmagazin.de\/schwaebisch-fraenkischer-wald\/wp-json\/wp\/v2\/categories?post=904"},{"taxonomy":"post_tag","embeddable":true,"href":"https:\/\/www.naturparkmagazin.de\/schwaebisch-fraenkischer-wald\/wp-json\/wp\/v2\/tags?post=904"}],"curies":[{"name":"wp","href":"https:\/\/api.w.org\/{rel}","templated":true}]}}