{"id":9042,"date":"2020-07-17T15:31:52","date_gmt":"2020-07-17T13:31:52","guid":{"rendered":"https:\/\/www.naturparkmagazin.de\/schwaebisch-fraenkischer-wald\/?p=9042"},"modified":"2020-07-07T16:38:08","modified_gmt":"2020-07-07T14:38:08","slug":"regional-luftig-und-lecker-gaststaette-schuetzenhaus-oedernhardt","status":"publish","type":"post","link":"https:\/\/www.naturparkmagazin.de\/schwaebisch-fraenkischer-wald\/regional-luftig-und-lecker-gaststaette-schuetzenhaus-oedernhardt\/","title":{"rendered":"Regional, luftig und lecker: Gastst\u00e4tte Sch\u00fctzenhaus \u00d6dernhardt"},"content":{"rendered":"<div class=\"article__bodytext \">Die Pressepr\u00e4sentation der vier ersten Routen-Flyer im Projekt &#8222;Inklusive Wanderbotschafter\/-innen im Naturpark Schw\u00e4bisch-Fr\u00e4nkischer Wald&#8220; fand Mitte Juni im Sch\u00fctzenhaus in Berglen statt.<\/p>\n<div id=\"attachment_9043\" style=\"width: 310px\" class=\"wp-caption alignright\"><a href=\"https:\/\/www.naturparkmagazin.de\/schwaebisch-fraenkischer-wald\/wp-content\/uploads\/sites\/34\/2020-06-17-09.20.28.jpg\"><img aria-describedby=\"caption-attachment-9043\" decoding=\"async\" loading=\"lazy\" class=\"size-full wp-image-9043\" src=\"https:\/\/www.naturparkmagazin.de\/schwaebisch-fraenkischer-wald\/wp-content\/uploads\/sites\/34\/2020-06-17-09.20.28.jpg\" alt=\"Gastst\u00e4tte Sch\u00fctzenhaus, Berglen-\u00d6dernhardt\" width=\"300\" height=\"500\" srcset=\"https:\/\/www.naturparkmagazin.de\/schwaebisch-fraenkischer-wald\/wp-content\/uploads\/sites\/34\/2020-06-17-09.20.28.jpg 300w, https:\/\/www.naturparkmagazin.de\/schwaebisch-fraenkischer-wald\/wp-content\/uploads\/sites\/34\/2020-06-17-09.20.28-200x333.jpg 200w\" sizes=\"(max-width: 300px) 100vw, 300px\" \/><\/a><p id=\"caption-attachment-9043\" class=\"wp-caption-text\">Gastst\u00e4tte Sch\u00fctzenhaus, Berglen-\u00d6dernhardt<\/p><\/div>\n<\/div>\n<div class=\"article__bodytext \"><\/div>\n<div class=\"article__bodytext \"><\/div>\n<div class=\"article__bodytext \">Route 3 &#8222;Berglen-\u00d6dernhard &#8211; Wiesenweg&#8220; startet direkt bei der Gastst\u00e4tte Sch\u00fctzenhaus zu einem sch\u00f6nen Rundweg durch historische Streuobstwiesen.<\/div>\n<div class=\"article__bodytext \"><\/div>\n<div class=\"article__bodytext \">Naturparkteller-Gastronom Armin Haller, selbst aktiv im Gemeinderat, bietet eine abwechslungsreiche regionale K\u00fcche und eine gro\u00dfe Auswahl saisonaler Speisen und Getr\u00e4nke. Seine Gastst\u00e4tte verf\u00fcgt \u00fcber eine behindertengerechte Toilette. Gastr\u00e4ume und Terrasse sind mit dem Rollstuhl barrierefrei erreichbar.<\/p>\n<div id=\"attachment_9044\" style=\"width: 310px\" class=\"wp-caption alignright\"><a href=\"https:\/\/www.naturparkmagazin.de\/schwaebisch-fraenkischer-wald\/wp-content\/uploads\/sites\/34\/2020-06-17-09.37.44.jpg\"><img aria-describedby=\"caption-attachment-9044\" decoding=\"async\" loading=\"lazy\" class=\"wp-image-9044 size-full\" src=\"https:\/\/www.naturparkmagazin.de\/schwaebisch-fraenkischer-wald\/wp-content\/uploads\/sites\/34\/2020-06-17-09.37.44.jpg\" alt=\"2020-06-17 09.37.44\" width=\"300\" height=\"500\" srcset=\"https:\/\/www.naturparkmagazin.de\/schwaebisch-fraenkischer-wald\/wp-content\/uploads\/sites\/34\/2020-06-17-09.37.44.jpg 300w, https:\/\/www.naturparkmagazin.de\/schwaebisch-fraenkischer-wald\/wp-content\/uploads\/sites\/34\/2020-06-17-09.37.44-200x333.jpg 200w\" sizes=\"(max-width: 300px) 100vw, 300px\" \/><\/a><p id=\"caption-attachment-9044\" class=\"wp-caption-text\">Entspannte Atmosph\u00e4re auf der weitl\u00e4ufigen Terrasse &#8211; auch beim Arbeiten<\/p><\/div>\n<div id=\"attachment_9045\" style=\"width: 510px\" class=\"wp-caption alignright\"><a href=\"https:\/\/www.naturparkmagazin.de\/schwaebisch-fraenkischer-wald\/wp-content\/uploads\/sites\/34\/2020-06-17-09.28.46.jpg\"><img aria-describedby=\"caption-attachment-9045\" decoding=\"async\" loading=\"lazy\" class=\"wp-image-9045 size-full\" src=\"https:\/\/www.naturparkmagazin.de\/schwaebisch-fraenkischer-wald\/wp-content\/uploads\/sites\/34\/2020-06-17-09.28.46.jpg\" alt=\"2020-06-17 09.28.46\" width=\"500\" height=\"300\" srcset=\"https:\/\/www.naturparkmagazin.de\/schwaebisch-fraenkischer-wald\/wp-content\/uploads\/sites\/34\/2020-06-17-09.28.46.jpg 500w, https:\/\/www.naturparkmagazin.de\/schwaebisch-fraenkischer-wald\/wp-content\/uploads\/sites\/34\/2020-06-17-09.28.46-300x180.jpg 300w, https:\/\/www.naturparkmagazin.de\/schwaebisch-fraenkischer-wald\/wp-content\/uploads\/sites\/34\/2020-06-17-09.28.46-200x120.jpg 200w\" sizes=\"(max-width: 500px) 100vw, 500px\" \/><\/a><p id=\"caption-attachment-9045\" class=\"wp-caption-text\">Naturparkteller in saisonalen Varianten<\/p><\/div>\n<div id=\"attachment_9046\" style=\"width: 510px\" class=\"wp-caption alignright\"><a href=\"https:\/\/www.naturparkmagazin.de\/schwaebisch-fraenkischer-wald\/wp-content\/uploads\/sites\/34\/2020-06-17-09.52.56.jpg\"><img aria-describedby=\"caption-attachment-9046\" decoding=\"async\" loading=\"lazy\" class=\"wp-image-9046 size-full\" src=\"https:\/\/www.naturparkmagazin.de\/schwaebisch-fraenkischer-wald\/wp-content\/uploads\/sites\/34\/2020-06-17-09.52.56.jpg\" alt=\"2020-06-17 09.52.56\" width=\"500\" height=\"300\" srcset=\"https:\/\/www.naturparkmagazin.de\/schwaebisch-fraenkischer-wald\/wp-content\/uploads\/sites\/34\/2020-06-17-09.52.56.jpg 500w, https:\/\/www.naturparkmagazin.de\/schwaebisch-fraenkischer-wald\/wp-content\/uploads\/sites\/34\/2020-06-17-09.52.56-300x180.jpg 300w, https:\/\/www.naturparkmagazin.de\/schwaebisch-fraenkischer-wald\/wp-content\/uploads\/sites\/34\/2020-06-17-09.52.56-200x120.jpg 200w\" sizes=\"(max-width: 500px) 100vw, 500px\" \/><\/a><p id=\"caption-attachment-9046\" class=\"wp-caption-text\">Sch\u00f6ne Kulisse f\u00fcr die Projekt-Pr\u00e4sentation der vier ersten Routen-Flyer<\/p><\/div>\n<\/div>\n<div class=\"article__bodytext \"><\/div>\n<div class=\"article__bodytext \">Klicken Sie hier f\u00fcr:<\/div>\n<div class=\"article__bodytext \"><a href=\"https:\/\/www.schuetzenhaus-oedernhardt.de\/\" target=\"_blank\">Infos zur Gastst\u00e4tte Sch\u00fctzenhaus<\/a><\/div>\n<p>Kontakt:\n<strong>Familie Haller\n<\/strong>Olgastra\u00dfe 21,\u00a073663 Berglen\nTel.: 07195 73233, <a href=\"mailto:mail@schuetzenhaus-oedernhardt.de\" target=\"_blank\">mail@schuetzenhaus-oedernhardt.de\n<\/a>Reservierungsanfragen, auch f\u00fcr die Terrasse, sind nur\u00a0telefonisch m\u00f6glich.<\/p>\n<ul>\n<li><a href=\"https:\/\/www.naturpark-sfw.de\/erleben\/barrierefreie-angebote\/inklusive-wanderbotschafterinnen\/\" target=\"_blank\">Infos zu den Inklusiven Wanderbotschafter\/-innen<\/a><\/li>\n<li class=\"article__bodytext \"><a href=\"https:\/\/www.berglen.de\/de\/startseite\" target=\"_blank\">Infos zur Gemeinde Berglen<\/a><\/li>\n<\/ul>\n<div class=\"article__bodytext \"><\/div>\n<div class=\"article__bodytext \"><\/div>\n<div class=\"article__bodytext \"><\/div>\n<div class=\"article__bodytext \"><\/div>\n<div class=\"article__bodytext \"><\/div>\n","protected":false},"excerpt":{"rendered":"<p>Idealer Startpunkt f\u00fcr eine Wanderung durch historische Streuobstwiesen<\/p>\n","protected":false},"author":25,"featured_media":9047,"comment_status":"open","ping_status":"open","sticky":false,"template":"","format":"standard","meta":[],"categories":[7],"tags":[1885],"yoast_head":"<!-- This site is optimized with the Yoast SEO plugin v19.10 - https:\/\/yoast.com\/wordpress\/plugins\/seo\/ -->\n<title>Regional, luftig und lecker: Gastst\u00e4tte Sch\u00fctzenhaus \u00d6dernhardt - Naturpark Schw\u00e4bisch-Fr\u00e4nkischer Wald<\/title>\n<meta name=\"robots\" content=\"index, follow, max-snippet:-1, max-image-preview:large, max-video-preview:-1\" \/>\n<link rel=\"canonical\" href=\"https:\/\/www.naturparkmagazin.de\/schwaebisch-fraenkischer-wald\/regional-luftig-und-lecker-gaststaette-schuetzenhaus-oedernhardt\/\" \/>\n<meta property=\"og:locale\" content=\"de_DE\" \/>\n<meta property=\"og:type\" content=\"article\" \/>\n<meta property=\"og:title\" content=\"Regional, luftig und lecker: Gastst\u00e4tte Sch\u00fctzenhaus \u00d6dernhardt - Naturpark Schw\u00e4bisch-Fr\u00e4nkischer Wald\" \/>\n<meta property=\"og:description\" content=\"Idealer Startpunkt f\u00fcr eine Wanderung durch historische Streuobstwiesen\" \/>\n<meta property=\"og:url\" content=\"https:\/\/www.naturparkmagazin.de\/schwaebisch-fraenkischer-wald\/regional-luftig-und-lecker-gaststaette-schuetzenhaus-oedernhardt\/\" \/>\n<meta property=\"og:site_name\" content=\"Naturpark Schw\u00e4bisch-Fr\u00e4nkischer Wald\" \/>\n<meta property=\"article:author\" content=\"https:\/\/www.facebook.com\/naturparkSFW\" \/>\n<meta property=\"article:published_time\" content=\"2020-07-17T13:31:52+00:00\" \/>\n<meta property=\"article:modified_time\" content=\"2020-07-07T14:38:08+00:00\" \/>\n<meta property=\"og:image\" content=\"https:\/\/www.naturparkmagazin.de\/schwaebisch-fraenkischer-wald\/wp-content\/uploads\/sites\/34\/2020-06-17-09.20.281.jpg\" \/>\n\t<meta property=\"og:image:width\" content=\"200\" \/>\n\t<meta property=\"og:image:height\" content=\"200\" \/>\n\t<meta property=\"og:image:type\" content=\"image\/jpeg\" \/>\n<meta name=\"author\" content=\"Naturpark-Team\" \/>\n<meta name=\"twitter:label1\" content=\"Verfasst von\" \/>\n\t<meta name=\"twitter:data1\" content=\"Naturpark-Team\" \/>\n\t<meta name=\"twitter:label2\" content=\"Gesch\u00e4tzte Lesezeit\" \/>\n\t<meta name=\"twitter:data2\" content=\"1\u00a0Minute\" \/>\n<script type=\"application\/ld+json\" class=\"yoast-schema-graph\">{\"@context\":\"https:\/\/schema.org\",\"@graph\":[{\"@type\":\"WebPage\",\"@id\":\"https:\/\/www.naturparkmagazin.de\/schwaebisch-fraenkischer-wald\/regional-luftig-und-lecker-gaststaette-schuetzenhaus-oedernhardt\/\",\"url\":\"https:\/\/www.naturparkmagazin.de\/schwaebisch-fraenkischer-wald\/regional-luftig-und-lecker-gaststaette-schuetzenhaus-oedernhardt\/\",\"name\":\"Regional, luftig und lecker: Gastst\u00e4tte Sch\u00fctzenhaus \u00d6dernhardt - Naturpark Schw\u00e4bisch-Fr\u00e4nkischer Wald\",\"isPartOf\":{\"@id\":\"https:\/\/www.naturparkmagazin.de\/schwaebisch-fraenkischer-wald\/#website\"},\"datePublished\":\"2020-07-17T13:31:52+00:00\",\"dateModified\":\"2020-07-07T14:38:08+00:00\",\"author\":{\"@id\":\"https:\/\/www.naturparkmagazin.de\/schwaebisch-fraenkischer-wald\/#\/schema\/person\/f047a3702ae747fd7830cf8ac95e6066\"},\"breadcrumb\":{\"@id\":\"https:\/\/www.naturparkmagazin.de\/schwaebisch-fraenkischer-wald\/regional-luftig-und-lecker-gaststaette-schuetzenhaus-oedernhardt\/#breadcrumb\"},\"inLanguage\":\"de\",\"potentialAction\":[{\"@type\":\"ReadAction\",\"target\":[\"https:\/\/www.naturparkmagazin.de\/schwaebisch-fraenkischer-wald\/regional-luftig-und-lecker-gaststaette-schuetzenhaus-oedernhardt\/\"]}]},{\"@type\":\"BreadcrumbList\",\"@id\":\"https:\/\/www.naturparkmagazin.de\/schwaebisch-fraenkischer-wald\/regional-luftig-und-lecker-gaststaette-schuetzenhaus-oedernhardt\/#breadcrumb\",\"itemListElement\":[{\"@type\":\"ListItem\",\"position\":1,\"name\":\"Home\",\"item\":\"https:\/\/www.naturparkmagazin.de\/schwaebisch-fraenkischer-wald\/\"},{\"@type\":\"ListItem\",\"position\":2,\"name\":\"Regional, luftig und lecker: Gastst\u00e4tte Sch\u00fctzenhaus \u00d6dernhardt\"}]},{\"@type\":\"WebSite\",\"@id\":\"https:\/\/www.naturparkmagazin.de\/schwaebisch-fraenkischer-wald\/#website\",\"url\":\"https:\/\/www.naturparkmagazin.de\/schwaebisch-fraenkischer-wald\/\",\"name\":\"Naturpark Schw\u00e4bisch-Fr\u00e4nkischer Wald\",\"description\":\"\",\"potentialAction\":[{\"@type\":\"SearchAction\",\"target\":{\"@type\":\"EntryPoint\",\"urlTemplate\":\"https:\/\/www.naturparkmagazin.de\/schwaebisch-fraenkischer-wald\/?s={search_term_string}\"},\"query-input\":\"required name=search_term_string\"}],\"inLanguage\":\"de\"},{\"@type\":\"Person\",\"@id\":\"https:\/\/www.naturparkmagazin.de\/schwaebisch-fraenkischer-wald\/#\/schema\/person\/f047a3702ae747fd7830cf8ac95e6066\",\"name\":\"Naturpark-Team\",\"sameAs\":[\"http:\/\/www.naturpark-sfw.de\",\"https:\/\/www.facebook.com\/naturparkSFW\"],\"url\":\"https:\/\/www.naturparkmagazin.de\/schwaebisch-fraenkischer-wald\/author\/bernharddrixler\/\"}]}<\/script>\n<!-- \/ Yoast SEO plugin. -->","yoast_head_json":{"title":"Regional, luftig und lecker: Gastst\u00e4tte Sch\u00fctzenhaus \u00d6dernhardt - Naturpark Schw\u00e4bisch-Fr\u00e4nkischer Wald","robots":{"index":"index","follow":"follow","max-snippet":"max-snippet:-1","max-image-preview":"max-image-preview:large","max-video-preview":"max-video-preview:-1"},"canonical":"https:\/\/www.naturparkmagazin.de\/schwaebisch-fraenkischer-wald\/regional-luftig-und-lecker-gaststaette-schuetzenhaus-oedernhardt\/","og_locale":"de_DE","og_type":"article","og_title":"Regional, luftig und lecker: Gastst\u00e4tte Sch\u00fctzenhaus \u00d6dernhardt - Naturpark Schw\u00e4bisch-Fr\u00e4nkischer Wald","og_description":"Idealer Startpunkt f\u00fcr eine Wanderung durch historische Streuobstwiesen","og_url":"https:\/\/www.naturparkmagazin.de\/schwaebisch-fraenkischer-wald\/regional-luftig-und-lecker-gaststaette-schuetzenhaus-oedernhardt\/","og_site_name":"Naturpark Schw\u00e4bisch-Fr\u00e4nkischer Wald","article_author":"https:\/\/www.facebook.com\/naturparkSFW","article_published_time":"2020-07-17T13:31:52+00:00","article_modified_time":"2020-07-07T14:38:08+00:00","og_image":[{"width":200,"height":200,"url":"https:\/\/www.naturparkmagazin.de\/schwaebisch-fraenkischer-wald\/wp-content\/uploads\/sites\/34\/2020-06-17-09.20.281.jpg","type":"image\/jpeg"}],"author":"Naturpark-Team","twitter_misc":{"Verfasst von":"Naturpark-Team","Gesch\u00e4tzte Lesezeit":"1\u00a0Minute"},"schema":{"@context":"https:\/\/schema.org","@graph":[{"@type":"WebPage","@id":"https:\/\/www.naturparkmagazin.de\/schwaebisch-fraenkischer-wald\/regional-luftig-und-lecker-gaststaette-schuetzenhaus-oedernhardt\/","url":"https:\/\/www.naturparkmagazin.de\/schwaebisch-fraenkischer-wald\/regional-luftig-und-lecker-gaststaette-schuetzenhaus-oedernhardt\/","name":"Regional, luftig und lecker: Gastst\u00e4tte Sch\u00fctzenhaus \u00d6dernhardt - Naturpark Schw\u00e4bisch-Fr\u00e4nkischer Wald","isPartOf":{"@id":"https:\/\/www.naturparkmagazin.de\/schwaebisch-fraenkischer-wald\/#website"},"datePublished":"2020-07-17T13:31:52+00:00","dateModified":"2020-07-07T14:38:08+00:00","author":{"@id":"https:\/\/www.naturparkmagazin.de\/schwaebisch-fraenkischer-wald\/#\/schema\/person\/f047a3702ae747fd7830cf8ac95e6066"},"breadcrumb":{"@id":"https:\/\/www.naturparkmagazin.de\/schwaebisch-fraenkischer-wald\/regional-luftig-und-lecker-gaststaette-schuetzenhaus-oedernhardt\/#breadcrumb"},"inLanguage":"de","potentialAction":[{"@type":"ReadAction","target":["https:\/\/www.naturparkmagazin.de\/schwaebisch-fraenkischer-wald\/regional-luftig-und-lecker-gaststaette-schuetzenhaus-oedernhardt\/"]}]},{"@type":"BreadcrumbList","@id":"https:\/\/www.naturparkmagazin.de\/schwaebisch-fraenkischer-wald\/regional-luftig-und-lecker-gaststaette-schuetzenhaus-oedernhardt\/#breadcrumb","itemListElement":[{"@type":"ListItem","position":1,"name":"Home","item":"https:\/\/www.naturparkmagazin.de\/schwaebisch-fraenkischer-wald\/"},{"@type":"ListItem","position":2,"name":"Regional, luftig und lecker: Gastst\u00e4tte Sch\u00fctzenhaus \u00d6dernhardt"}]},{"@type":"WebSite","@id":"https:\/\/www.naturparkmagazin.de\/schwaebisch-fraenkischer-wald\/#website","url":"https:\/\/www.naturparkmagazin.de\/schwaebisch-fraenkischer-wald\/","name":"Naturpark Schw\u00e4bisch-Fr\u00e4nkischer Wald","description":"","potentialAction":[{"@type":"SearchAction","target":{"@type":"EntryPoint","urlTemplate":"https:\/\/www.naturparkmagazin.de\/schwaebisch-fraenkischer-wald\/?s={search_term_string}"},"query-input":"required name=search_term_string"}],"inLanguage":"de"},{"@type":"Person","@id":"https:\/\/www.naturparkmagazin.de\/schwaebisch-fraenkischer-wald\/#\/schema\/person\/f047a3702ae747fd7830cf8ac95e6066","name":"Naturpark-Team","sameAs":["http:\/\/www.naturpark-sfw.de","https:\/\/www.facebook.com\/naturparkSFW"],"url":"https:\/\/www.naturparkmagazin.de\/schwaebisch-fraenkischer-wald\/author\/bernharddrixler\/"}]}},"_links":{"self":[{"href":"https:\/\/www.naturparkmagazin.de\/schwaebisch-fraenkischer-wald\/wp-json\/wp\/v2\/posts\/9042"}],"collection":[{"href":"https:\/\/www.naturparkmagazin.de\/schwaebisch-fraenkischer-wald\/wp-json\/wp\/v2\/posts"}],"about":[{"href":"https:\/\/www.naturparkmagazin.de\/schwaebisch-fraenkischer-wald\/wp-json\/wp\/v2\/types\/post"}],"author":[{"embeddable":true,"href":"https:\/\/www.naturparkmagazin.de\/schwaebisch-fraenkischer-wald\/wp-json\/wp\/v2\/users\/25"}],"replies":[{"embeddable":true,"href":"https:\/\/www.naturparkmagazin.de\/schwaebisch-fraenkischer-wald\/wp-json\/wp\/v2\/comments?post=9042"}],"version-history":[{"count":3,"href":"https:\/\/www.naturparkmagazin.de\/schwaebisch-fraenkischer-wald\/wp-json\/wp\/v2\/posts\/9042\/revisions"}],"predecessor-version":[{"id":9049,"href":"https:\/\/www.naturparkmagazin.de\/schwaebisch-fraenkischer-wald\/wp-json\/wp\/v2\/posts\/9042\/revisions\/9049"}],"wp:featuredmedia":[{"embeddable":true,"href":"https:\/\/www.naturparkmagazin.de\/schwaebisch-fraenkischer-wald\/wp-json\/wp\/v2\/media\/9047"}],"wp:attachment":[{"href":"https:\/\/www.naturparkmagazin.de\/schwaebisch-fraenkischer-wald\/wp-json\/wp\/v2\/media?parent=9042"}],"wp:term":[{"taxonomy":"category","embeddable":true,"href":"https:\/\/www.naturparkmagazin.de\/schwaebisch-fraenkischer-wald\/wp-json\/wp\/v2\/categories?post=9042"},{"taxonomy":"post_tag","embeddable":true,"href":"https:\/\/www.naturparkmagazin.de\/schwaebisch-fraenkischer-wald\/wp-json\/wp\/v2\/tags?post=9042"}],"curies":[{"name":"wp","href":"https:\/\/api.w.org\/{rel}","templated":true}]}}