{"id":907,"date":"2014-07-17T10:20:33","date_gmt":"2014-07-17T08:20:33","guid":{"rendered":"http:\/\/www.naturparkmagazin.de\/schwaebisch-fraenkischer-wald\/?p=907"},"modified":"2014-07-29T13:37:00","modified_gmt":"2014-07-29T11:37:00","slug":"ebnisee-fuer-alle-2014-2","status":"publish","type":"post","link":"https:\/\/www.naturparkmagazin.de\/schwaebisch-fraenkischer-wald\/ebnisee-fuer-alle-2014-2\/","title":{"rendered":"Ebnisee f\u00fcr Alle 2014"},"content":{"rendered":"<p>Spielen l\u00e4sst Schranken verschwinden, bringt Menschen zusammen und verbindet. Diese Erfahrungen k\u00f6nnen Sie am Donnerstag den 07. August von 11 bis 18 Uhr beim dritten Erlebnistag der Veranstaltungsreihe \u201eEbnisee f\u00fcr Alle\u201c sammeln. Besonders freuen wir uns, dass es uns in diesem Jahr wieder m\u00f6glich ist, die inklusiven Veranstaltungen rund um den Ebnisee auch an einem Wochentag anbieten zu k\u00f6nnen.<\/p>\n<p>Veranstalter der Aktionstage ist der Ebniseeverein. Das Projekt wird durch den Naturpark Schw\u00e4bisch-Fr\u00e4nkischer Wald mit Mitteln des Landes Baden-W\u00fcrttemberg, der Lotterie Gl\u00fccksspirale und der Europ\u00e4ischen Union gef\u00f6rdert.<\/p>\n<p>Wie w\u00e4re es einmal, wie ein echter Indianer mit einem Bogen zu schie\u00dfen? Dies k\u00f6nnen Sie bei Manfred K\u00fcbler ausprobieren und herausfinden, dass das Schie\u00dfen mit dem Bogen gar nicht so einfach ist wie es aussieht. Ebenfalls indianisch geht es bei Musiker und Instrumentenbauer Andreas Deuschle weiter, denn dort gibt es die M\u00f6glichkeit, eine Indianerfl\u00f6te zu bauen und die Magie des warmen und weichen Klangs zu sp\u00fcren. Wer sich mehr f\u00fcr die R\u00f6mer interessiert, kann bei Naturparkf\u00fchrerin und Limes-Cicerona Michaela K\u00f6hler in die Geschichte der R\u00f6mer eintauchen, faszinierendes Wissen aus dieser Zeit aufsaugen und sinnhaft erleben. Wie die R\u00f6mer es einst taten, k\u00f6nnen auch Sie in der Tonwerkstatt von Jeoma Flores, lustige Fabelwesen, oder gruselige Ebniseemonster modelieren.<\/p>\n<div id=\"attachment_326\" style=\"width: 310px\" class=\"wp-caption alignright\"><a href=\"https:\/\/www.naturparkmagazin.de\/schwaebisch-fraenkischer-wald\/wp-content\/uploads\/sites\/34\/100725_Ebnisee-fuer-alle_Presserundgang-079_klein1.jpg\"><img aria-describedby=\"caption-attachment-326\" decoding=\"async\" loading=\"lazy\" class=\"size-thumbnail wp-image-326\" alt=\"(c) Naturpark Schw\u00e4bisch-Fr\u00e4nkischer Wald\" src=\"https:\/\/www.naturparkmagazin.de\/schwaebisch-fraenkischer-wald\/wp-content\/uploads\/sites\/34\/100725_Ebnisee-fuer-alle_Presserundgang-079_klein1-300x199.jpg\" width=\"300\" height=\"199\" \/><\/a><p id=\"caption-attachment-326\" class=\"wp-caption-text\">(c) Naturpark Schw\u00e4bisch-Fr\u00e4nkischer Wald<\/p><\/div>\n<p>Waldp\u00e4dagogen und Naturparkf\u00fchrer entf\u00fchren junge wie alte Naturentdecker zu spannenden Naturerlebnissen mit allen Sinnen. Wackelig wird es bei Baumpfleger Thomas-Andreas B\u00e4lz. Er nimmt Sie mit zum Klettern, Schaukeln, Balancieren und Slacklinen unter dem Dach der B\u00e4ume! Sp\u00fcren und entdecken Sie mit Hilfe von Seilen Ihre F\u00e4higkeiten und stellen Sie diese auf die Probe. Theaterp\u00e4dagogin Ina Hermans bietet ein vielseitiges Programm mit und ohne Pferd an. Die Natur riechen, h\u00f6ren und sp\u00fcren hei\u00dft das Motto und wer m\u00f6chte, kann sich von Stute \u201eLuna\u201c tragen lassen.<\/p>\n<p>Konrad Jelden, 1. Vorsitzender des Ebnisee Vereins, l\u00e4dt Sie um 14 Uhr zu einer informativen F\u00fchrung um den Ebnisee ein. Das tolle dabei, er ist in Begleitung eines Geb\u00e4rdensprache-Dolmetschers und bietet so die M\u00f6glichkeit, geh\u00f6rlose und h\u00f6rgesch\u00e4digte Menschen mit auf die Reise zu nehmen. Bei Simon Maier und dem Streuobstmobil vom Kreisjugendring Rems-Murr, k\u00f6nnen Sie mit viel Spa\u00df den Umgang mit dem Rollstuhl \u00fcben und es sogar bis zum \u201eRolli-F\u00fchrerschein\u201c schaffen. Das Streuobstmobil bietet f\u00fcr die ganze Familie Informationen und Mitmachaktionen zu den unterschiedlichsten Naturthemen.<\/p>\n<p>Der Flyer mit zum Erlebnistag \u201eEbnisee f\u00fcr Alle\u201c kann beim Naturpark angefordert, oder im Internet heruntergeladen werden. Mehr zum Thema Barrierefreiheit im Naturpark finden Sie unter: <a href=\"http:\/\/www.naturpark-sfw.de\">www.naturpark-sfw.de<\/a>.<\/p>\n","protected":false},"excerpt":{"rendered":"<p>Spielen l\u00e4sst Schranken verschwinden, bringt Menschen zusammen und verbindet. Diese Erfahrungen k\u00f6nnen Sie am Donnerstag den 07. August von 11 bis 18 Uhr beim dritten Erlebnistag der Veranstaltungsreihe \u201eEbnisee f\u00fcr Alle\u201c sammeln. Besonders freuen wir uns, dass es uns in diesem Jahr wieder m\u00f6glich ist, die inklusiven Veranstaltungen rund um den Ebnisee auch an einem Wochentag anbieten zu k\u00f6nnen.<\/p>\n","protected":false},"author":25,"featured_media":935,"comment_status":"open","ping_status":"open","sticky":false,"template":"","format":"standard","meta":[],"categories":[11],"tags":[],"yoast_head":"<!-- This site is optimized with the Yoast SEO plugin v19.10 - https:\/\/yoast.com\/wordpress\/plugins\/seo\/ -->\n<title>Ebnisee f\u00fcr Alle 2014 - Naturpark Schw\u00e4bisch-Fr\u00e4nkischer Wald<\/title>\n<meta name=\"robots\" content=\"index, follow, max-snippet:-1, max-image-preview:large, max-video-preview:-1\" \/>\n<link rel=\"canonical\" href=\"https:\/\/www.naturparkmagazin.de\/schwaebisch-fraenkischer-wald\/ebnisee-fuer-alle-2014-2\/\" \/>\n<meta property=\"og:locale\" content=\"de_DE\" \/>\n<meta property=\"og:type\" content=\"article\" \/>\n<meta property=\"og:title\" content=\"Ebnisee f\u00fcr Alle 2014 - Naturpark Schw\u00e4bisch-Fr\u00e4nkischer Wald\" \/>\n<meta property=\"og:description\" content=\"Spielen l\u00e4sst Schranken verschwinden, bringt Menschen zusammen und verbindet. Diese Erfahrungen k\u00f6nnen Sie am Donnerstag den 07. August von 11 bis 18 Uhr beim dritten Erlebnistag der Veranstaltungsreihe \u201eEbnisee f\u00fcr Alle\u201c sammeln. Besonders freuen wir uns, dass es uns in diesem Jahr wieder m\u00f6glich ist, die inklusiven Veranstaltungen rund um den Ebnisee auch an einem Wochentag anbieten zu k\u00f6nnen.\" \/>\n<meta property=\"og:url\" content=\"https:\/\/www.naturparkmagazin.de\/schwaebisch-fraenkischer-wald\/ebnisee-fuer-alle-2014-2\/\" \/>\n<meta property=\"og:site_name\" content=\"Naturpark Schw\u00e4bisch-Fr\u00e4nkischer Wald\" \/>\n<meta property=\"article:author\" content=\"https:\/\/www.facebook.com\/naturparkSFW\" \/>\n<meta property=\"article:published_time\" content=\"2014-07-17T08:20:33+00:00\" \/>\n<meta property=\"article:modified_time\" content=\"2014-07-29T11:37:00+00:00\" \/>\n<meta property=\"og:image\" content=\"https:\/\/www.naturparkmagazin.de\/schwaebisch-fraenkischer-wald\/wp-content\/uploads\/sites\/34\/ebnisee.jpg\" \/>\n\t<meta property=\"og:image:width\" content=\"180\" \/>\n\t<meta property=\"og:image:height\" content=\"135\" \/>\n\t<meta property=\"og:image:type\" content=\"image\/jpeg\" \/>\n<meta name=\"author\" content=\"Naturpark-Team\" \/>\n<meta name=\"twitter:label1\" content=\"Verfasst von\" \/>\n\t<meta name=\"twitter:data1\" content=\"Naturpark-Team\" \/>\n\t<meta name=\"twitter:label2\" content=\"Gesch\u00e4tzte Lesezeit\" \/>\n\t<meta name=\"twitter:data2\" content=\"2\u00a0Minuten\" \/>\n<script type=\"application\/ld+json\" class=\"yoast-schema-graph\">{\"@context\":\"https:\/\/schema.org\",\"@graph\":[{\"@type\":\"WebPage\",\"@id\":\"https:\/\/www.naturparkmagazin.de\/schwaebisch-fraenkischer-wald\/ebnisee-fuer-alle-2014-2\/\",\"url\":\"https:\/\/www.naturparkmagazin.de\/schwaebisch-fraenkischer-wald\/ebnisee-fuer-alle-2014-2\/\",\"name\":\"Ebnisee f\u00fcr Alle 2014 - Naturpark Schw\u00e4bisch-Fr\u00e4nkischer Wald\",\"isPartOf\":{\"@id\":\"https:\/\/www.naturparkmagazin.de\/schwaebisch-fraenkischer-wald\/#website\"},\"datePublished\":\"2014-07-17T08:20:33+00:00\",\"dateModified\":\"2014-07-29T11:37:00+00:00\",\"author\":{\"@id\":\"https:\/\/www.naturparkmagazin.de\/schwaebisch-fraenkischer-wald\/#\/schema\/person\/f047a3702ae747fd7830cf8ac95e6066\"},\"breadcrumb\":{\"@id\":\"https:\/\/www.naturparkmagazin.de\/schwaebisch-fraenkischer-wald\/ebnisee-fuer-alle-2014-2\/#breadcrumb\"},\"inLanguage\":\"de\",\"potentialAction\":[{\"@type\":\"ReadAction\",\"target\":[\"https:\/\/www.naturparkmagazin.de\/schwaebisch-fraenkischer-wald\/ebnisee-fuer-alle-2014-2\/\"]}]},{\"@type\":\"BreadcrumbList\",\"@id\":\"https:\/\/www.naturparkmagazin.de\/schwaebisch-fraenkischer-wald\/ebnisee-fuer-alle-2014-2\/#breadcrumb\",\"itemListElement\":[{\"@type\":\"ListItem\",\"position\":1,\"name\":\"Home\",\"item\":\"https:\/\/www.naturparkmagazin.de\/schwaebisch-fraenkischer-wald\/\"},{\"@type\":\"ListItem\",\"position\":2,\"name\":\"Ebnisee f\u00fcr Alle 2014\"}]},{\"@type\":\"WebSite\",\"@id\":\"https:\/\/www.naturparkmagazin.de\/schwaebisch-fraenkischer-wald\/#website\",\"url\":\"https:\/\/www.naturparkmagazin.de\/schwaebisch-fraenkischer-wald\/\",\"name\":\"Naturpark Schw\u00e4bisch-Fr\u00e4nkischer Wald\",\"description\":\"\",\"potentialAction\":[{\"@type\":\"SearchAction\",\"target\":{\"@type\":\"EntryPoint\",\"urlTemplate\":\"https:\/\/www.naturparkmagazin.de\/schwaebisch-fraenkischer-wald\/?s={search_term_string}\"},\"query-input\":\"required name=search_term_string\"}],\"inLanguage\":\"de\"},{\"@type\":\"Person\",\"@id\":\"https:\/\/www.naturparkmagazin.de\/schwaebisch-fraenkischer-wald\/#\/schema\/person\/f047a3702ae747fd7830cf8ac95e6066\",\"name\":\"Naturpark-Team\",\"sameAs\":[\"http:\/\/www.naturpark-sfw.de\",\"https:\/\/www.facebook.com\/naturparkSFW\"],\"url\":\"https:\/\/www.naturparkmagazin.de\/schwaebisch-fraenkischer-wald\/author\/bernharddrixler\/\"}]}<\/script>\n<!-- \/ Yoast SEO plugin. -->","yoast_head_json":{"title":"Ebnisee f\u00fcr Alle 2014 - Naturpark Schw\u00e4bisch-Fr\u00e4nkischer Wald","robots":{"index":"index","follow":"follow","max-snippet":"max-snippet:-1","max-image-preview":"max-image-preview:large","max-video-preview":"max-video-preview:-1"},"canonical":"https:\/\/www.naturparkmagazin.de\/schwaebisch-fraenkischer-wald\/ebnisee-fuer-alle-2014-2\/","og_locale":"de_DE","og_type":"article","og_title":"Ebnisee f\u00fcr Alle 2014 - Naturpark Schw\u00e4bisch-Fr\u00e4nkischer Wald","og_description":"Spielen l\u00e4sst Schranken verschwinden, bringt Menschen zusammen und verbindet. Diese Erfahrungen k\u00f6nnen Sie am Donnerstag den 07. August von 11 bis 18 Uhr beim dritten Erlebnistag der Veranstaltungsreihe \u201eEbnisee f\u00fcr Alle\u201c sammeln. Besonders freuen wir uns, dass es uns in diesem Jahr wieder m\u00f6glich ist, die inklusiven Veranstaltungen rund um den Ebnisee auch an einem Wochentag anbieten zu k\u00f6nnen.","og_url":"https:\/\/www.naturparkmagazin.de\/schwaebisch-fraenkischer-wald\/ebnisee-fuer-alle-2014-2\/","og_site_name":"Naturpark Schw\u00e4bisch-Fr\u00e4nkischer Wald","article_author":"https:\/\/www.facebook.com\/naturparkSFW","article_published_time":"2014-07-17T08:20:33+00:00","article_modified_time":"2014-07-29T11:37:00+00:00","og_image":[{"width":180,"height":135,"url":"https:\/\/www.naturparkmagazin.de\/schwaebisch-fraenkischer-wald\/wp-content\/uploads\/sites\/34\/ebnisee.jpg","type":"image\/jpeg"}],"author":"Naturpark-Team","twitter_misc":{"Verfasst von":"Naturpark-Team","Gesch\u00e4tzte Lesezeit":"2\u00a0Minuten"},"schema":{"@context":"https:\/\/schema.org","@graph":[{"@type":"WebPage","@id":"https:\/\/www.naturparkmagazin.de\/schwaebisch-fraenkischer-wald\/ebnisee-fuer-alle-2014-2\/","url":"https:\/\/www.naturparkmagazin.de\/schwaebisch-fraenkischer-wald\/ebnisee-fuer-alle-2014-2\/","name":"Ebnisee f\u00fcr Alle 2014 - Naturpark Schw\u00e4bisch-Fr\u00e4nkischer Wald","isPartOf":{"@id":"https:\/\/www.naturparkmagazin.de\/schwaebisch-fraenkischer-wald\/#website"},"datePublished":"2014-07-17T08:20:33+00:00","dateModified":"2014-07-29T11:37:00+00:00","author":{"@id":"https:\/\/www.naturparkmagazin.de\/schwaebisch-fraenkischer-wald\/#\/schema\/person\/f047a3702ae747fd7830cf8ac95e6066"},"breadcrumb":{"@id":"https:\/\/www.naturparkmagazin.de\/schwaebisch-fraenkischer-wald\/ebnisee-fuer-alle-2014-2\/#breadcrumb"},"inLanguage":"de","potentialAction":[{"@type":"ReadAction","target":["https:\/\/www.naturparkmagazin.de\/schwaebisch-fraenkischer-wald\/ebnisee-fuer-alle-2014-2\/"]}]},{"@type":"BreadcrumbList","@id":"https:\/\/www.naturparkmagazin.de\/schwaebisch-fraenkischer-wald\/ebnisee-fuer-alle-2014-2\/#breadcrumb","itemListElement":[{"@type":"ListItem","position":1,"name":"Home","item":"https:\/\/www.naturparkmagazin.de\/schwaebisch-fraenkischer-wald\/"},{"@type":"ListItem","position":2,"name":"Ebnisee f\u00fcr Alle 2014"}]},{"@type":"WebSite","@id":"https:\/\/www.naturparkmagazin.de\/schwaebisch-fraenkischer-wald\/#website","url":"https:\/\/www.naturparkmagazin.de\/schwaebisch-fraenkischer-wald\/","name":"Naturpark Schw\u00e4bisch-Fr\u00e4nkischer Wald","description":"","potentialAction":[{"@type":"SearchAction","target":{"@type":"EntryPoint","urlTemplate":"https:\/\/www.naturparkmagazin.de\/schwaebisch-fraenkischer-wald\/?s={search_term_string}"},"query-input":"required name=search_term_string"}],"inLanguage":"de"},{"@type":"Person","@id":"https:\/\/www.naturparkmagazin.de\/schwaebisch-fraenkischer-wald\/#\/schema\/person\/f047a3702ae747fd7830cf8ac95e6066","name":"Naturpark-Team","sameAs":["http:\/\/www.naturpark-sfw.de","https:\/\/www.facebook.com\/naturparkSFW"],"url":"https:\/\/www.naturparkmagazin.de\/schwaebisch-fraenkischer-wald\/author\/bernharddrixler\/"}]}},"_links":{"self":[{"href":"https:\/\/www.naturparkmagazin.de\/schwaebisch-fraenkischer-wald\/wp-json\/wp\/v2\/posts\/907"}],"collection":[{"href":"https:\/\/www.naturparkmagazin.de\/schwaebisch-fraenkischer-wald\/wp-json\/wp\/v2\/posts"}],"about":[{"href":"https:\/\/www.naturparkmagazin.de\/schwaebisch-fraenkischer-wald\/wp-json\/wp\/v2\/types\/post"}],"author":[{"embeddable":true,"href":"https:\/\/www.naturparkmagazin.de\/schwaebisch-fraenkischer-wald\/wp-json\/wp\/v2\/users\/25"}],"replies":[{"embeddable":true,"href":"https:\/\/www.naturparkmagazin.de\/schwaebisch-fraenkischer-wald\/wp-json\/wp\/v2\/comments?post=907"}],"version-history":[{"count":2,"href":"https:\/\/www.naturparkmagazin.de\/schwaebisch-fraenkischer-wald\/wp-json\/wp\/v2\/posts\/907\/revisions"}],"predecessor-version":[{"id":912,"href":"https:\/\/www.naturparkmagazin.de\/schwaebisch-fraenkischer-wald\/wp-json\/wp\/v2\/posts\/907\/revisions\/912"}],"wp:featuredmedia":[{"embeddable":true,"href":"https:\/\/www.naturparkmagazin.de\/schwaebisch-fraenkischer-wald\/wp-json\/wp\/v2\/media\/935"}],"wp:attachment":[{"href":"https:\/\/www.naturparkmagazin.de\/schwaebisch-fraenkischer-wald\/wp-json\/wp\/v2\/media?parent=907"}],"wp:term":[{"taxonomy":"category","embeddable":true,"href":"https:\/\/www.naturparkmagazin.de\/schwaebisch-fraenkischer-wald\/wp-json\/wp\/v2\/categories?post=907"},{"taxonomy":"post_tag","embeddable":true,"href":"https:\/\/www.naturparkmagazin.de\/schwaebisch-fraenkischer-wald\/wp-json\/wp\/v2\/tags?post=907"}],"curies":[{"name":"wp","href":"https:\/\/api.w.org\/{rel}","templated":true}]}}