{"id":9084,"date":"2020-08-14T08:06:37","date_gmt":"2020-08-14T06:06:37","guid":{"rendered":"https:\/\/www.naturparkmagazin.de\/schwaebisch-fraenkischer-wald\/?p=9084"},"modified":"2020-08-14T08:15:47","modified_gmt":"2020-08-14T06:15:47","slug":"waldmeisterwandermarathon-am-20-tag-des-schwaebischen-waldes","status":"publish","type":"post","link":"https:\/\/www.naturparkmagazin.de\/schwaebisch-fraenkischer-wald\/waldmeisterwandermarathon-am-20-tag-des-schwaebischen-waldes\/","title":{"rendered":"WaldMeisterWanderMarathon am 20. Tag des Schw\u00e4bischen Waldes"},"content":{"rendered":"<p>Am 20. September 2020 findet im Rahmen des 20. Tages des Schw\u00e4bischen Waldes ein Wanderangebot der Extraklasse statt: der 5. WaldMeisterWanderMarathon. Dieser steht unter dem Motto \u201eWandern f\u00fcr Alle\u201c und findet dieses Jahr rund um Sulzbach an der Murr statt.<\/p>\n<div id=\"attachment_9087\" style=\"width: 510px\" class=\"wp-caption alignright\"><a href=\"https:\/\/www.naturparkmagazin.de\/schwaebisch-fraenkischer-wald\/wp-content\/uploads\/sites\/34\/K_H_Rueckert_Wandermarathon1.jpg\"><img aria-describedby=\"caption-attachment-9087\" decoding=\"async\" loading=\"lazy\" class=\"size-full wp-image-9087\" src=\"https:\/\/www.naturparkmagazin.de\/schwaebisch-fraenkischer-wald\/wp-content\/uploads\/sites\/34\/K_H_Rueckert_Wandermarathon1.jpg\" alt=\"WaldMeisterWanderMarathon am 20. Tag des Schw\u00e4bischen Waldes (Foto: Waldentdecker, Quelle: Karl-Heinz R\u00fcckert)\" width=\"500\" height=\"300\" srcset=\"https:\/\/www.naturparkmagazin.de\/schwaebisch-fraenkischer-wald\/wp-content\/uploads\/sites\/34\/K_H_Rueckert_Wandermarathon1.jpg 500w, https:\/\/www.naturparkmagazin.de\/schwaebisch-fraenkischer-wald\/wp-content\/uploads\/sites\/34\/K_H_Rueckert_Wandermarathon1-300x180.jpg 300w, https:\/\/www.naturparkmagazin.de\/schwaebisch-fraenkischer-wald\/wp-content\/uploads\/sites\/34\/K_H_Rueckert_Wandermarathon1-200x120.jpg 200w\" sizes=\"(max-width: 500px) 100vw, 500px\" \/><\/a><p id=\"caption-attachment-9087\" class=\"wp-caption-text\">WaldMeisterWanderMarathon (Foto: Waldentdecker, Quelle: Karl-Heinz R\u00fcckert)<\/p><\/div>\n<p>Der WanderMarathon wird veranstaltet von der Schw\u00e4bischer Wald Tourismus e.V. in Kooperation mit den WaldMeistern, den Naturparkf\u00fchrern Walter Hieber und Prof. Dr. Manfred Krautter. Gef\u00f6rdert wird der WanderMarathon durch den Naturpark Schw\u00e4bisch-Fr\u00e4nkischer Wald mit Mitteln des Landes Baden-W\u00fcrttemberg und der Lotterie Gl\u00fccksspirale.<\/p>\n<p>Ausgestattet mit GPX-Daten f\u00fcrs Navi oder einer Karte mit Streckenverlauf k\u00f6nnen verschiedene extra f\u00fcr diesen Tag ausgeschilderte Routen erwandert werden. Wie es sich f\u00fcr einen Marathon geh\u00f6rt, k\u00f6nnen die Wanderer w\u00e4hlen zwischen einer Tour von 42 Kilometern L\u00e4nge und einem Halbmarathon, der auf 21 Kilometern durch die reizvolle Landschaft f\u00fchrt. F\u00fcr Familien mit Kindern und gem\u00fctliche Wanderer wird eine abwechslungsreiche Rundtour mit 7 Kilometern ausgewiesen.<\/p>\n<p>Im Jubil\u00e4umsjahr haben sich die Veranstalter entschlossen, die Teilnehmergeb\u00fchr entfallen zu lassen. Der Start ist am Rathaus in der Sulzbacher Ortsmitte zwischen 8.00 und 12.00 Uhr m\u00f6glich. Das Ziel ist bis 19.00 Uhr besetzt. Die Starter wandern allein und eigenverantwortlich, es k\u00f6nnen aber am Start auch kleine Gruppen gebildet werden. Die gut ausgeschilderten Strecken sind ausgestattet mit Toiletten und Getr\u00e4nkestationen und f\u00fcr alle angemeldeten Teilnehmer wird ein R\u00fcckholservice bei Notf\u00e4llen gestellt.<\/p>\n<p>Die Gastst\u00e4tten in Sulzbach laden nach geleisteten Kilometern zum gem\u00fctlichen Kaffeetrinken, Eis- oder Abendessen ein.<\/p>\n<p>Anmeldung unter Angabe der gew\u00fcnschten Streckenl\u00e4nge ist ab sofort m\u00f6glich unter <a href=\"mailto:info@waldentdecker.de\" target=\"_blank\">info@waldentdecker.de<\/a> oder 07182\/935697. Weitere Informationen unter <a href=\"http:\/\/www.schwaebischerwald.com\" target=\"_blank\">www.schwaebischerwald.com<\/a><\/p>\n<p>Alle Veranstaltungen und Infos zum Tag des Schw\u00e4bischen Waldes finden sich im digitalen Programmheft, das auf der Website <a href=\"http:\/\/www.schwaebischerwald.com\" target=\"_blank\">www.schwaebischerwald.com<\/a> auch zum Herunterladen zur Verf\u00fcgung steht.<\/p>\n<p>Das Projekt wird durch den Naturpark Schw\u00e4bisch-Fr\u00e4nkischer Wald mit Mitteln des Landes Baden-W\u00fcrttemberg und der Lotterie Gl\u00fccksspirale gef\u00f6rdert. Dank f\u00fcr Unterst\u00fctzung gilt auch der Haller Wildbadquelle.<\/p>\n<p>Kontakt:<\/p>\n<p>Walter Hieber \/\/ Naturparkf\u00fchrer im Schw\u00e4bisch-Fr\u00e4nkischen Wald<\/p>\n<p>Burgstra\u00dfe 35 \/\/ 73642 Welzheim<\/p>\n<p>Telefon 07182\/935697 \/\/ Mobil 0151\/57605757<\/p>\n<p>Fax 07182\/935698<\/p>\n<p>E-Mail: <a href=\"mailto:walter.hieber@waldentdecker.de\" target=\"_blank\">walter.hieber@waldentdecker.de<\/a> \/\/ Internet: <a href=\"http:\/\/www.waldentdecker.de\" target=\"_blank\">www.waldentdecker.de<\/a><\/p>\n","protected":false},"excerpt":{"rendered":"<p>Wanderangebot der Extraklasse: der 5. WaldMeisterWanderMarathon<\/p>\n","protected":false},"author":25,"featured_media":9086,"comment_status":"open","ping_status":"open","sticky":false,"template":"","format":"standard","meta":[],"categories":[617],"tags":[1885],"yoast_head":"<!-- This site is optimized with the Yoast SEO plugin v19.10 - https:\/\/yoast.com\/wordpress\/plugins\/seo\/ -->\n<title>WaldMeisterWanderMarathon am 20. Tag des Schw\u00e4bischen Waldes - Naturpark Schw\u00e4bisch-Fr\u00e4nkischer Wald<\/title>\n<meta name=\"robots\" content=\"index, follow, max-snippet:-1, max-image-preview:large, max-video-preview:-1\" \/>\n<link rel=\"canonical\" href=\"https:\/\/www.naturparkmagazin.de\/schwaebisch-fraenkischer-wald\/waldmeisterwandermarathon-am-20-tag-des-schwaebischen-waldes\/\" \/>\n<meta property=\"og:locale\" content=\"de_DE\" \/>\n<meta property=\"og:type\" content=\"article\" \/>\n<meta property=\"og:title\" content=\"WaldMeisterWanderMarathon am 20. Tag des Schw\u00e4bischen Waldes - Naturpark Schw\u00e4bisch-Fr\u00e4nkischer Wald\" \/>\n<meta property=\"og:description\" content=\"Wanderangebot der Extraklasse: der 5. WaldMeisterWanderMarathon\" \/>\n<meta property=\"og:url\" content=\"https:\/\/www.naturparkmagazin.de\/schwaebisch-fraenkischer-wald\/waldmeisterwandermarathon-am-20-tag-des-schwaebischen-waldes\/\" \/>\n<meta property=\"og:site_name\" content=\"Naturpark Schw\u00e4bisch-Fr\u00e4nkischer Wald\" \/>\n<meta property=\"article:author\" content=\"https:\/\/www.facebook.com\/naturparkSFW\" \/>\n<meta property=\"article:published_time\" content=\"2020-08-14T06:06:37+00:00\" \/>\n<meta property=\"article:modified_time\" content=\"2020-08-14T06:15:47+00:00\" \/>\n<meta property=\"og:image\" content=\"https:\/\/www.naturparkmagazin.de\/schwaebisch-fraenkischer-wald\/wp-content\/uploads\/sites\/34\/K_H_Rueckert_Wandermarathon.jpg\" \/>\n\t<meta property=\"og:image:width\" content=\"200\" \/>\n\t<meta property=\"og:image:height\" content=\"200\" \/>\n\t<meta property=\"og:image:type\" content=\"image\/jpeg\" \/>\n<meta name=\"author\" content=\"Naturpark-Team\" \/>\n<meta name=\"twitter:label1\" content=\"Verfasst von\" \/>\n\t<meta name=\"twitter:data1\" content=\"Naturpark-Team\" \/>\n\t<meta name=\"twitter:label2\" content=\"Gesch\u00e4tzte Lesezeit\" \/>\n\t<meta name=\"twitter:data2\" content=\"2\u00a0Minuten\" \/>\n<script type=\"application\/ld+json\" class=\"yoast-schema-graph\">{\"@context\":\"https:\/\/schema.org\",\"@graph\":[{\"@type\":\"WebPage\",\"@id\":\"https:\/\/www.naturparkmagazin.de\/schwaebisch-fraenkischer-wald\/waldmeisterwandermarathon-am-20-tag-des-schwaebischen-waldes\/\",\"url\":\"https:\/\/www.naturparkmagazin.de\/schwaebisch-fraenkischer-wald\/waldmeisterwandermarathon-am-20-tag-des-schwaebischen-waldes\/\",\"name\":\"WaldMeisterWanderMarathon am 20. Tag des Schw\u00e4bischen Waldes - Naturpark Schw\u00e4bisch-Fr\u00e4nkischer Wald\",\"isPartOf\":{\"@id\":\"https:\/\/www.naturparkmagazin.de\/schwaebisch-fraenkischer-wald\/#website\"},\"datePublished\":\"2020-08-14T06:06:37+00:00\",\"dateModified\":\"2020-08-14T06:15:47+00:00\",\"author\":{\"@id\":\"https:\/\/www.naturparkmagazin.de\/schwaebisch-fraenkischer-wald\/#\/schema\/person\/f047a3702ae747fd7830cf8ac95e6066\"},\"breadcrumb\":{\"@id\":\"https:\/\/www.naturparkmagazin.de\/schwaebisch-fraenkischer-wald\/waldmeisterwandermarathon-am-20-tag-des-schwaebischen-waldes\/#breadcrumb\"},\"inLanguage\":\"de\",\"potentialAction\":[{\"@type\":\"ReadAction\",\"target\":[\"https:\/\/www.naturparkmagazin.de\/schwaebisch-fraenkischer-wald\/waldmeisterwandermarathon-am-20-tag-des-schwaebischen-waldes\/\"]}]},{\"@type\":\"BreadcrumbList\",\"@id\":\"https:\/\/www.naturparkmagazin.de\/schwaebisch-fraenkischer-wald\/waldmeisterwandermarathon-am-20-tag-des-schwaebischen-waldes\/#breadcrumb\",\"itemListElement\":[{\"@type\":\"ListItem\",\"position\":1,\"name\":\"Home\",\"item\":\"https:\/\/www.naturparkmagazin.de\/schwaebisch-fraenkischer-wald\/\"},{\"@type\":\"ListItem\",\"position\":2,\"name\":\"WaldMeisterWanderMarathon am 20. Tag des Schw\u00e4bischen Waldes\"}]},{\"@type\":\"WebSite\",\"@id\":\"https:\/\/www.naturparkmagazin.de\/schwaebisch-fraenkischer-wald\/#website\",\"url\":\"https:\/\/www.naturparkmagazin.de\/schwaebisch-fraenkischer-wald\/\",\"name\":\"Naturpark Schw\u00e4bisch-Fr\u00e4nkischer Wald\",\"description\":\"\",\"potentialAction\":[{\"@type\":\"SearchAction\",\"target\":{\"@type\":\"EntryPoint\",\"urlTemplate\":\"https:\/\/www.naturparkmagazin.de\/schwaebisch-fraenkischer-wald\/?s={search_term_string}\"},\"query-input\":\"required name=search_term_string\"}],\"inLanguage\":\"de\"},{\"@type\":\"Person\",\"@id\":\"https:\/\/www.naturparkmagazin.de\/schwaebisch-fraenkischer-wald\/#\/schema\/person\/f047a3702ae747fd7830cf8ac95e6066\",\"name\":\"Naturpark-Team\",\"sameAs\":[\"http:\/\/www.naturpark-sfw.de\",\"https:\/\/www.facebook.com\/naturparkSFW\"],\"url\":\"https:\/\/www.naturparkmagazin.de\/schwaebisch-fraenkischer-wald\/author\/bernharddrixler\/\"}]}<\/script>\n<!-- \/ Yoast SEO plugin. -->","yoast_head_json":{"title":"WaldMeisterWanderMarathon am 20. Tag des Schw\u00e4bischen Waldes - Naturpark Schw\u00e4bisch-Fr\u00e4nkischer Wald","robots":{"index":"index","follow":"follow","max-snippet":"max-snippet:-1","max-image-preview":"max-image-preview:large","max-video-preview":"max-video-preview:-1"},"canonical":"https:\/\/www.naturparkmagazin.de\/schwaebisch-fraenkischer-wald\/waldmeisterwandermarathon-am-20-tag-des-schwaebischen-waldes\/","og_locale":"de_DE","og_type":"article","og_title":"WaldMeisterWanderMarathon am 20. Tag des Schw\u00e4bischen Waldes - Naturpark Schw\u00e4bisch-Fr\u00e4nkischer Wald","og_description":"Wanderangebot der Extraklasse: der 5. WaldMeisterWanderMarathon","og_url":"https:\/\/www.naturparkmagazin.de\/schwaebisch-fraenkischer-wald\/waldmeisterwandermarathon-am-20-tag-des-schwaebischen-waldes\/","og_site_name":"Naturpark Schw\u00e4bisch-Fr\u00e4nkischer Wald","article_author":"https:\/\/www.facebook.com\/naturparkSFW","article_published_time":"2020-08-14T06:06:37+00:00","article_modified_time":"2020-08-14T06:15:47+00:00","og_image":[{"width":200,"height":200,"url":"https:\/\/www.naturparkmagazin.de\/schwaebisch-fraenkischer-wald\/wp-content\/uploads\/sites\/34\/K_H_Rueckert_Wandermarathon.jpg","type":"image\/jpeg"}],"author":"Naturpark-Team","twitter_misc":{"Verfasst von":"Naturpark-Team","Gesch\u00e4tzte Lesezeit":"2\u00a0Minuten"},"schema":{"@context":"https:\/\/schema.org","@graph":[{"@type":"WebPage","@id":"https:\/\/www.naturparkmagazin.de\/schwaebisch-fraenkischer-wald\/waldmeisterwandermarathon-am-20-tag-des-schwaebischen-waldes\/","url":"https:\/\/www.naturparkmagazin.de\/schwaebisch-fraenkischer-wald\/waldmeisterwandermarathon-am-20-tag-des-schwaebischen-waldes\/","name":"WaldMeisterWanderMarathon am 20. Tag des Schw\u00e4bischen Waldes - Naturpark Schw\u00e4bisch-Fr\u00e4nkischer Wald","isPartOf":{"@id":"https:\/\/www.naturparkmagazin.de\/schwaebisch-fraenkischer-wald\/#website"},"datePublished":"2020-08-14T06:06:37+00:00","dateModified":"2020-08-14T06:15:47+00:00","author":{"@id":"https:\/\/www.naturparkmagazin.de\/schwaebisch-fraenkischer-wald\/#\/schema\/person\/f047a3702ae747fd7830cf8ac95e6066"},"breadcrumb":{"@id":"https:\/\/www.naturparkmagazin.de\/schwaebisch-fraenkischer-wald\/waldmeisterwandermarathon-am-20-tag-des-schwaebischen-waldes\/#breadcrumb"},"inLanguage":"de","potentialAction":[{"@type":"ReadAction","target":["https:\/\/www.naturparkmagazin.de\/schwaebisch-fraenkischer-wald\/waldmeisterwandermarathon-am-20-tag-des-schwaebischen-waldes\/"]}]},{"@type":"BreadcrumbList","@id":"https:\/\/www.naturparkmagazin.de\/schwaebisch-fraenkischer-wald\/waldmeisterwandermarathon-am-20-tag-des-schwaebischen-waldes\/#breadcrumb","itemListElement":[{"@type":"ListItem","position":1,"name":"Home","item":"https:\/\/www.naturparkmagazin.de\/schwaebisch-fraenkischer-wald\/"},{"@type":"ListItem","position":2,"name":"WaldMeisterWanderMarathon am 20. Tag des Schw\u00e4bischen Waldes"}]},{"@type":"WebSite","@id":"https:\/\/www.naturparkmagazin.de\/schwaebisch-fraenkischer-wald\/#website","url":"https:\/\/www.naturparkmagazin.de\/schwaebisch-fraenkischer-wald\/","name":"Naturpark Schw\u00e4bisch-Fr\u00e4nkischer Wald","description":"","potentialAction":[{"@type":"SearchAction","target":{"@type":"EntryPoint","urlTemplate":"https:\/\/www.naturparkmagazin.de\/schwaebisch-fraenkischer-wald\/?s={search_term_string}"},"query-input":"required name=search_term_string"}],"inLanguage":"de"},{"@type":"Person","@id":"https:\/\/www.naturparkmagazin.de\/schwaebisch-fraenkischer-wald\/#\/schema\/person\/f047a3702ae747fd7830cf8ac95e6066","name":"Naturpark-Team","sameAs":["http:\/\/www.naturpark-sfw.de","https:\/\/www.facebook.com\/naturparkSFW"],"url":"https:\/\/www.naturparkmagazin.de\/schwaebisch-fraenkischer-wald\/author\/bernharddrixler\/"}]}},"_links":{"self":[{"href":"https:\/\/www.naturparkmagazin.de\/schwaebisch-fraenkischer-wald\/wp-json\/wp\/v2\/posts\/9084"}],"collection":[{"href":"https:\/\/www.naturparkmagazin.de\/schwaebisch-fraenkischer-wald\/wp-json\/wp\/v2\/posts"}],"about":[{"href":"https:\/\/www.naturparkmagazin.de\/schwaebisch-fraenkischer-wald\/wp-json\/wp\/v2\/types\/post"}],"author":[{"embeddable":true,"href":"https:\/\/www.naturparkmagazin.de\/schwaebisch-fraenkischer-wald\/wp-json\/wp\/v2\/users\/25"}],"replies":[{"embeddable":true,"href":"https:\/\/www.naturparkmagazin.de\/schwaebisch-fraenkischer-wald\/wp-json\/wp\/v2\/comments?post=9084"}],"version-history":[{"count":2,"href":"https:\/\/www.naturparkmagazin.de\/schwaebisch-fraenkischer-wald\/wp-json\/wp\/v2\/posts\/9084\/revisions"}],"predecessor-version":[{"id":9097,"href":"https:\/\/www.naturparkmagazin.de\/schwaebisch-fraenkischer-wald\/wp-json\/wp\/v2\/posts\/9084\/revisions\/9097"}],"wp:featuredmedia":[{"embeddable":true,"href":"https:\/\/www.naturparkmagazin.de\/schwaebisch-fraenkischer-wald\/wp-json\/wp\/v2\/media\/9086"}],"wp:attachment":[{"href":"https:\/\/www.naturparkmagazin.de\/schwaebisch-fraenkischer-wald\/wp-json\/wp\/v2\/media?parent=9084"}],"wp:term":[{"taxonomy":"category","embeddable":true,"href":"https:\/\/www.naturparkmagazin.de\/schwaebisch-fraenkischer-wald\/wp-json\/wp\/v2\/categories?post=9084"},{"taxonomy":"post_tag","embeddable":true,"href":"https:\/\/www.naturparkmagazin.de\/schwaebisch-fraenkischer-wald\/wp-json\/wp\/v2\/tags?post=9084"}],"curies":[{"name":"wp","href":"https:\/\/api.w.org\/{rel}","templated":true}]}}