{"id":9089,"date":"2020-08-14T08:11:25","date_gmt":"2020-08-14T06:11:25","guid":{"rendered":"https:\/\/www.naturparkmagazin.de\/schwaebisch-fraenkischer-wald\/?p=9089"},"modified":"2020-08-14T08:11:25","modified_gmt":"2020-08-14T06:11:25","slug":"oppenweiler-parkgewimmel","status":"publish","type":"post","link":"https:\/\/www.naturparkmagazin.de\/schwaebisch-fraenkischer-wald\/oppenweiler-parkgewimmel\/","title":{"rendered":"Oppenweiler Parkgewimmel!"},"content":{"rendered":"<div class=\"article__bodytext \">\n<p>Ab jetzt hei\u00dft es: Spiel, Spa\u00df und ein kleines bisschen Wissen rund um Ente, Amsel, Igel und Co.<a href=\"https:\/\/www.naturparkmagazin.de\/schwaebisch-fraenkischer-wald\/wp-content\/uploads\/sites\/34\/Oppenweiler_Parkgewimmel.jpg\"><img decoding=\"async\" loading=\"lazy\" class=\"alignright size-full wp-image-9090\" src=\"https:\/\/www.naturparkmagazin.de\/schwaebisch-fraenkischer-wald\/wp-content\/uploads\/sites\/34\/Oppenweiler_Parkgewimmel.jpg\" alt=\"Oppenweiler Parkgewimmel\" width=\"500\" height=\"300\" srcset=\"https:\/\/www.naturparkmagazin.de\/schwaebisch-fraenkischer-wald\/wp-content\/uploads\/sites\/34\/Oppenweiler_Parkgewimmel.jpg 500w, https:\/\/www.naturparkmagazin.de\/schwaebisch-fraenkischer-wald\/wp-content\/uploads\/sites\/34\/Oppenweiler_Parkgewimmel-300x180.jpg 300w, https:\/\/www.naturparkmagazin.de\/schwaebisch-fraenkischer-wald\/wp-content\/uploads\/sites\/34\/Oppenweiler_Parkgewimmel-200x120.jpg 200w\" sizes=\"(max-width: 500px) 100vw, 500px\" \/><\/a><\/p>\n<p>Wir, Nico und Katharina, haben uns tolle Sachen \u00fcberlegt und allerlei Wissenswertes \u00fcber Tiere, die im Schlosspark heimisch sind, zusammengetragen. Schon die Vorbereitung hat uns wahnsinnig viel Spa\u00df gemacht. Und auch wir haben noch so manches Kurioses \u00fcber Tiere gelernt, von denen wir dachten, schon alles zu wissen. Ihr seht \u2013 es wird richtig spannend f\u00fcr euch!<\/p>\n<p>Insgesamt haben wir 12 Stationen im Park rund um das Rathaus in Oppenweiler angebracht. Diese m\u00fcsst ihr zun\u00e4chst einmal finden. Alle Stationen sind aber gut von den Wegen aus zu sehen und zu erreichen! An jeder Station wir ein Tier n\u00e4her vorgestellt. Au\u00dferdem warten unterschiedliche Mitmachaktionen und spannende R\u00e4tselfragen auf euch. Die L\u00f6sungsbuchstaben tragt ihr in die Teilnahmepostkarte ein. Diese gibt es im Rathaus Oppenweiler und beim Kooperationspartner im Naturparkzentrum Schw\u00e4bisch-Fr\u00e4nkischer Wald in Murrhardt. Oder ihr ladet sie euch vorab von der Homepage der Gemeinde Oppenweiler, des Kreisjugendring Rems-Murr e.V. oder des Naturparks Schw\u00e4bisch-Fr\u00e4nkischer Wald herunter. Habt ihr den L\u00f6sungssatz eingetragen, k\u00f6nnt ihr die Postkarte an den zuvor genannten Stellen wieder abgeben. Bei richtiger L\u00f6sung nehmt ihr an einer Verlosung von verschiedenen Preisen teile. Pro Person darf eine Postkarte abgegeben werden.<\/p>\n<p>Die Stationen sind ab Mittwoch, 22.07.20 f\u00fcr euch aufgebaut. Bis zum Sonntag, 20.09.2020 habt ihr dann Gelegenheit mitzumachen!<\/p>\n<p>Also: Schnell einen Stift, Marschverpflegung und eure Familie und \/ oder Freunde geschnappt und ab in den Schlosspark Oppenweiler! Die Wege dort sind barrierefrei.<\/p>\n<p>Wir freuen uns, wenn ihr dabei seid und mit dem Eichh\u00f6rnchen um die Wette springt, die Punkte unseres \u201eSiebenpunktes\u201c wiederfindet oder den \u201eSchatz\u201c der Elster entdeckt!<\/p>\n<p><a class=\"download\" title=\"Opens internal link in current window\" href=\"https:\/\/www.naturpark-sfw.de\/userfiles\/fileadmin-sfw\/2020_Bilder_PDF_Titel\/2020_PDF\/2020_Oppenweiler_KJR_Parkgewimmel_Postkarte_vorne-zusammengefuegt-1.pdf\" target=\"_blank\">Hier gibt es die Teilnahmepostkarte als PDF zum Herunterladen.<\/a><\/p>\n<p>Euer OUTdoor-INklusions-Tandem Nico Dollmann und Katharina Sch\u00f6nemann<\/p>\n<\/div>\n","protected":false},"excerpt":{"rendered":"<p>Spiel, Spa\u00df und ein kleines bisschen Wissen<\/p>\n","protected":false},"author":25,"featured_media":9091,"comment_status":"open","ping_status":"open","sticky":false,"template":"","format":"standard","meta":[],"categories":[7],"tags":[1885],"yoast_head":"<!-- This site is optimized with the Yoast SEO plugin v19.10 - https:\/\/yoast.com\/wordpress\/plugins\/seo\/ -->\n<title>Oppenweiler Parkgewimmel! - Naturpark Schw\u00e4bisch-Fr\u00e4nkischer Wald<\/title>\n<meta name=\"robots\" content=\"index, follow, max-snippet:-1, max-image-preview:large, max-video-preview:-1\" \/>\n<link rel=\"canonical\" href=\"https:\/\/www.naturparkmagazin.de\/schwaebisch-fraenkischer-wald\/oppenweiler-parkgewimmel\/\" \/>\n<meta property=\"og:locale\" content=\"de_DE\" \/>\n<meta property=\"og:type\" content=\"article\" \/>\n<meta property=\"og:title\" content=\"Oppenweiler Parkgewimmel! - Naturpark Schw\u00e4bisch-Fr\u00e4nkischer Wald\" \/>\n<meta property=\"og:description\" content=\"Spiel, Spa\u00df und ein kleines bisschen Wissen\" \/>\n<meta property=\"og:url\" content=\"https:\/\/www.naturparkmagazin.de\/schwaebisch-fraenkischer-wald\/oppenweiler-parkgewimmel\/\" \/>\n<meta property=\"og:site_name\" content=\"Naturpark Schw\u00e4bisch-Fr\u00e4nkischer Wald\" \/>\n<meta property=\"article:author\" content=\"https:\/\/www.facebook.com\/naturparkSFW\" \/>\n<meta property=\"article:published_time\" content=\"2020-08-14T06:11:25+00:00\" \/>\n<meta property=\"og:image\" content=\"https:\/\/www.naturparkmagazin.de\/schwaebisch-fraenkischer-wald\/wp-content\/uploads\/sites\/34\/Oppenweiler_Parkgewimmel1.jpg\" \/>\n\t<meta property=\"og:image:width\" content=\"200\" \/>\n\t<meta property=\"og:image:height\" content=\"200\" \/>\n\t<meta property=\"og:image:type\" content=\"image\/jpeg\" \/>\n<meta name=\"author\" content=\"Naturpark-Team\" \/>\n<meta name=\"twitter:label1\" content=\"Verfasst von\" \/>\n\t<meta name=\"twitter:data1\" content=\"Naturpark-Team\" \/>\n\t<meta name=\"twitter:label2\" content=\"Gesch\u00e4tzte Lesezeit\" \/>\n\t<meta name=\"twitter:data2\" content=\"2\u00a0Minuten\" \/>\n<script type=\"application\/ld+json\" class=\"yoast-schema-graph\">{\"@context\":\"https:\/\/schema.org\",\"@graph\":[{\"@type\":\"WebPage\",\"@id\":\"https:\/\/www.naturparkmagazin.de\/schwaebisch-fraenkischer-wald\/oppenweiler-parkgewimmel\/\",\"url\":\"https:\/\/www.naturparkmagazin.de\/schwaebisch-fraenkischer-wald\/oppenweiler-parkgewimmel\/\",\"name\":\"Oppenweiler Parkgewimmel! - Naturpark Schw\u00e4bisch-Fr\u00e4nkischer Wald\",\"isPartOf\":{\"@id\":\"https:\/\/www.naturparkmagazin.de\/schwaebisch-fraenkischer-wald\/#website\"},\"datePublished\":\"2020-08-14T06:11:25+00:00\",\"dateModified\":\"2020-08-14T06:11:25+00:00\",\"author\":{\"@id\":\"https:\/\/www.naturparkmagazin.de\/schwaebisch-fraenkischer-wald\/#\/schema\/person\/f047a3702ae747fd7830cf8ac95e6066\"},\"breadcrumb\":{\"@id\":\"https:\/\/www.naturparkmagazin.de\/schwaebisch-fraenkischer-wald\/oppenweiler-parkgewimmel\/#breadcrumb\"},\"inLanguage\":\"de\",\"potentialAction\":[{\"@type\":\"ReadAction\",\"target\":[\"https:\/\/www.naturparkmagazin.de\/schwaebisch-fraenkischer-wald\/oppenweiler-parkgewimmel\/\"]}]},{\"@type\":\"BreadcrumbList\",\"@id\":\"https:\/\/www.naturparkmagazin.de\/schwaebisch-fraenkischer-wald\/oppenweiler-parkgewimmel\/#breadcrumb\",\"itemListElement\":[{\"@type\":\"ListItem\",\"position\":1,\"name\":\"Home\",\"item\":\"https:\/\/www.naturparkmagazin.de\/schwaebisch-fraenkischer-wald\/\"},{\"@type\":\"ListItem\",\"position\":2,\"name\":\"Oppenweiler Parkgewimmel!\"}]},{\"@type\":\"WebSite\",\"@id\":\"https:\/\/www.naturparkmagazin.de\/schwaebisch-fraenkischer-wald\/#website\",\"url\":\"https:\/\/www.naturparkmagazin.de\/schwaebisch-fraenkischer-wald\/\",\"name\":\"Naturpark Schw\u00e4bisch-Fr\u00e4nkischer Wald\",\"description\":\"\",\"potentialAction\":[{\"@type\":\"SearchAction\",\"target\":{\"@type\":\"EntryPoint\",\"urlTemplate\":\"https:\/\/www.naturparkmagazin.de\/schwaebisch-fraenkischer-wald\/?s={search_term_string}\"},\"query-input\":\"required name=search_term_string\"}],\"inLanguage\":\"de\"},{\"@type\":\"Person\",\"@id\":\"https:\/\/www.naturparkmagazin.de\/schwaebisch-fraenkischer-wald\/#\/schema\/person\/f047a3702ae747fd7830cf8ac95e6066\",\"name\":\"Naturpark-Team\",\"sameAs\":[\"http:\/\/www.naturpark-sfw.de\",\"https:\/\/www.facebook.com\/naturparkSFW\"],\"url\":\"https:\/\/www.naturparkmagazin.de\/schwaebisch-fraenkischer-wald\/author\/bernharddrixler\/\"}]}<\/script>\n<!-- \/ Yoast SEO plugin. -->","yoast_head_json":{"title":"Oppenweiler Parkgewimmel! - Naturpark Schw\u00e4bisch-Fr\u00e4nkischer Wald","robots":{"index":"index","follow":"follow","max-snippet":"max-snippet:-1","max-image-preview":"max-image-preview:large","max-video-preview":"max-video-preview:-1"},"canonical":"https:\/\/www.naturparkmagazin.de\/schwaebisch-fraenkischer-wald\/oppenweiler-parkgewimmel\/","og_locale":"de_DE","og_type":"article","og_title":"Oppenweiler Parkgewimmel! - Naturpark Schw\u00e4bisch-Fr\u00e4nkischer Wald","og_description":"Spiel, Spa\u00df und ein kleines bisschen Wissen","og_url":"https:\/\/www.naturparkmagazin.de\/schwaebisch-fraenkischer-wald\/oppenweiler-parkgewimmel\/","og_site_name":"Naturpark Schw\u00e4bisch-Fr\u00e4nkischer Wald","article_author":"https:\/\/www.facebook.com\/naturparkSFW","article_published_time":"2020-08-14T06:11:25+00:00","og_image":[{"width":200,"height":200,"url":"https:\/\/www.naturparkmagazin.de\/schwaebisch-fraenkischer-wald\/wp-content\/uploads\/sites\/34\/Oppenweiler_Parkgewimmel1.jpg","type":"image\/jpeg"}],"author":"Naturpark-Team","twitter_misc":{"Verfasst von":"Naturpark-Team","Gesch\u00e4tzte Lesezeit":"2\u00a0Minuten"},"schema":{"@context":"https:\/\/schema.org","@graph":[{"@type":"WebPage","@id":"https:\/\/www.naturparkmagazin.de\/schwaebisch-fraenkischer-wald\/oppenweiler-parkgewimmel\/","url":"https:\/\/www.naturparkmagazin.de\/schwaebisch-fraenkischer-wald\/oppenweiler-parkgewimmel\/","name":"Oppenweiler Parkgewimmel! - Naturpark Schw\u00e4bisch-Fr\u00e4nkischer Wald","isPartOf":{"@id":"https:\/\/www.naturparkmagazin.de\/schwaebisch-fraenkischer-wald\/#website"},"datePublished":"2020-08-14T06:11:25+00:00","dateModified":"2020-08-14T06:11:25+00:00","author":{"@id":"https:\/\/www.naturparkmagazin.de\/schwaebisch-fraenkischer-wald\/#\/schema\/person\/f047a3702ae747fd7830cf8ac95e6066"},"breadcrumb":{"@id":"https:\/\/www.naturparkmagazin.de\/schwaebisch-fraenkischer-wald\/oppenweiler-parkgewimmel\/#breadcrumb"},"inLanguage":"de","potentialAction":[{"@type":"ReadAction","target":["https:\/\/www.naturparkmagazin.de\/schwaebisch-fraenkischer-wald\/oppenweiler-parkgewimmel\/"]}]},{"@type":"BreadcrumbList","@id":"https:\/\/www.naturparkmagazin.de\/schwaebisch-fraenkischer-wald\/oppenweiler-parkgewimmel\/#breadcrumb","itemListElement":[{"@type":"ListItem","position":1,"name":"Home","item":"https:\/\/www.naturparkmagazin.de\/schwaebisch-fraenkischer-wald\/"},{"@type":"ListItem","position":2,"name":"Oppenweiler Parkgewimmel!"}]},{"@type":"WebSite","@id":"https:\/\/www.naturparkmagazin.de\/schwaebisch-fraenkischer-wald\/#website","url":"https:\/\/www.naturparkmagazin.de\/schwaebisch-fraenkischer-wald\/","name":"Naturpark Schw\u00e4bisch-Fr\u00e4nkischer Wald","description":"","potentialAction":[{"@type":"SearchAction","target":{"@type":"EntryPoint","urlTemplate":"https:\/\/www.naturparkmagazin.de\/schwaebisch-fraenkischer-wald\/?s={search_term_string}"},"query-input":"required name=search_term_string"}],"inLanguage":"de"},{"@type":"Person","@id":"https:\/\/www.naturparkmagazin.de\/schwaebisch-fraenkischer-wald\/#\/schema\/person\/f047a3702ae747fd7830cf8ac95e6066","name":"Naturpark-Team","sameAs":["http:\/\/www.naturpark-sfw.de","https:\/\/www.facebook.com\/naturparkSFW"],"url":"https:\/\/www.naturparkmagazin.de\/schwaebisch-fraenkischer-wald\/author\/bernharddrixler\/"}]}},"_links":{"self":[{"href":"https:\/\/www.naturparkmagazin.de\/schwaebisch-fraenkischer-wald\/wp-json\/wp\/v2\/posts\/9089"}],"collection":[{"href":"https:\/\/www.naturparkmagazin.de\/schwaebisch-fraenkischer-wald\/wp-json\/wp\/v2\/posts"}],"about":[{"href":"https:\/\/www.naturparkmagazin.de\/schwaebisch-fraenkischer-wald\/wp-json\/wp\/v2\/types\/post"}],"author":[{"embeddable":true,"href":"https:\/\/www.naturparkmagazin.de\/schwaebisch-fraenkischer-wald\/wp-json\/wp\/v2\/users\/25"}],"replies":[{"embeddable":true,"href":"https:\/\/www.naturparkmagazin.de\/schwaebisch-fraenkischer-wald\/wp-json\/wp\/v2\/comments?post=9089"}],"version-history":[{"count":1,"href":"https:\/\/www.naturparkmagazin.de\/schwaebisch-fraenkischer-wald\/wp-json\/wp\/v2\/posts\/9089\/revisions"}],"predecessor-version":[{"id":9092,"href":"https:\/\/www.naturparkmagazin.de\/schwaebisch-fraenkischer-wald\/wp-json\/wp\/v2\/posts\/9089\/revisions\/9092"}],"wp:featuredmedia":[{"embeddable":true,"href":"https:\/\/www.naturparkmagazin.de\/schwaebisch-fraenkischer-wald\/wp-json\/wp\/v2\/media\/9091"}],"wp:attachment":[{"href":"https:\/\/www.naturparkmagazin.de\/schwaebisch-fraenkischer-wald\/wp-json\/wp\/v2\/media?parent=9089"}],"wp:term":[{"taxonomy":"category","embeddable":true,"href":"https:\/\/www.naturparkmagazin.de\/schwaebisch-fraenkischer-wald\/wp-json\/wp\/v2\/categories?post=9089"},{"taxonomy":"post_tag","embeddable":true,"href":"https:\/\/www.naturparkmagazin.de\/schwaebisch-fraenkischer-wald\/wp-json\/wp\/v2\/tags?post=9089"}],"curies":[{"name":"wp","href":"https:\/\/api.w.org\/{rel}","templated":true}]}}