{"id":9093,"date":"2020-08-14T08:14:00","date_gmt":"2020-08-14T06:14:00","guid":{"rendered":"https:\/\/www.naturparkmagazin.de\/schwaebisch-fraenkischer-wald\/?p=9093"},"modified":"2020-08-14T08:14:47","modified_gmt":"2020-08-14T06:14:47","slug":"berglen-bretzenacker-auf-der-streuobstwiese-ist-was-los","status":"publish","type":"post","link":"https:\/\/www.naturparkmagazin.de\/schwaebisch-fraenkischer-wald\/berglen-bretzenacker-auf-der-streuobstwiese-ist-was-los\/","title":{"rendered":"Berglen-Bretzenacker \u201eAuf der Streuobstwiese ist was los!\u201c"},"content":{"rendered":"<div class=\"article__bodytext \">\n<p>Entlang des Obst- und Geh\u00f6lzweges in Berglen-Bretzenacker warten interessante Infos, spannende R\u00e4tsel und abwechslungsreiche Mitmachaktionen auf euch.<a href=\"https:\/\/www.naturparkmagazin.de\/schwaebisch-fraenkischer-wald\/wp-content\/uploads\/sites\/34\/2020_Berglen_Rallye_2.jpg\"><img decoding=\"async\" loading=\"lazy\" class=\"alignright size-full wp-image-9094\" src=\"https:\/\/www.naturparkmagazin.de\/schwaebisch-fraenkischer-wald\/wp-content\/uploads\/sites\/34\/2020_Berglen_Rallye_2.jpg\" alt=\"Berglen Rallye\" width=\"500\" height=\"300\" srcset=\"https:\/\/www.naturparkmagazin.de\/schwaebisch-fraenkischer-wald\/wp-content\/uploads\/sites\/34\/2020_Berglen_Rallye_2.jpg 500w, https:\/\/www.naturparkmagazin.de\/schwaebisch-fraenkischer-wald\/wp-content\/uploads\/sites\/34\/2020_Berglen_Rallye_2-300x180.jpg 300w, https:\/\/www.naturparkmagazin.de\/schwaebisch-fraenkischer-wald\/wp-content\/uploads\/sites\/34\/2020_Berglen_Rallye_2-200x120.jpg 200w\" sizes=\"(max-width: 500px) 100vw, 500px\" \/><\/a><\/p>\n<p>Wir, Nico und Katharina, haben uns tolle Sachen \u00fcberlegt und allerlei Wissenswertes \u00fcber Insekten, V\u00f6gel und S\u00e4ugetiere die die Streuobstwiese bewohnen zusammengetragen. Schon die Vorbereitung hat uns wahnsinnig viel Spa\u00df gemacht. Und auch wir haben noch so manches Kurioses \u00fcber Tiere gelernt, von denen wir dachten, schon alles zu wissen. Ihr seht \u2013 es wird richtig spannend f\u00fcr euch!<\/p>\n<p>Um mitzumachen m\u00fcsst ihr euch lediglich die Teilnahmepostkarte am Rathaus in Berglen oder im Naturparkzentrum in Murrhardt abholen. Oder ihr druckt sich euch vorab zuhause aus. Sie wird auf der Homepage des Kreisjugendring Rems-Murr e.V. und beim Kooperationspartner Naturpark Schw\u00e4bisch-Fr\u00e4nkischer Wald zu finden sein! Dann noch einen Stift und Marschverpflegung geschnappt und ab geht es in die Streuobstwiesen. Die Strecke ist ca. 2,7 km lang und barrierefrei.<\/p>\n<p>Wenn ihr den L\u00f6sungssatz eingetragen habt, m\u00fcsst ihr das Ganze in Berglen im Rathaus oder im Naturparkzentrum in Murrhardt abgeben oder per Post an die Gemeinde Berglen schicken (Gemeinde Berglen, Beethovenstra\u00dfe 14-20, 73663 Berglen).<\/p>\n<p><a class=\"download\" title=\"Opens internal link in current window\" href=\"https:\/\/www.naturpark-sfw.de\/userfiles\/fileadmin-sfw\/2020_Bilder_PDF_Titel\/2020_PDF\/200727_Berglen_Rallye_Postkarte_vorne-zusammengefuegt.pdf\" target=\"_blank\">Hier gibt es die Teilnahmepostkarte als PDF zum Herunterladen.<\/a><\/p>\n<p>Bei richtigem L\u00f6sungssatz nehmt ihr dann an einer Verlosung von verschiedenen Preisen teil.<\/p>\n<p>Die Stationen sind sp\u00e4testens mit dem Beginn der Sommerferien aufgebaut, evtl. sogar schon fr\u00fcher. Bis zum Sonntag, 20.09.2020 habt ihr dann Gelegenheit mitzumachen!<\/p>\n<p>Wir freuen uns, wenn ihr dabei seid und mit den Grash\u00fcpfern um die Wette springt, dem flinken Hasen Konkurrenz macht oder mit den Meisen nach Bruth\u00f6hlen sucht!<\/p>\n<p>Euer OUTdoor-INklusions-Tandem Nico Dollmann und Katharina Sch\u00f6nemann<\/p>\n<\/div>\n","protected":false},"excerpt":{"rendered":"<p>Interessante Infos, spannende R\u00e4tsel und abwechslungsreiche Mitmachaktionen <\/p>\n","protected":false},"author":25,"featured_media":9095,"comment_status":"open","ping_status":"open","sticky":false,"template":"","format":"standard","meta":[],"categories":[7],"tags":[1885],"yoast_head":"<!-- This site is optimized with the Yoast SEO plugin v19.10 - https:\/\/yoast.com\/wordpress\/plugins\/seo\/ -->\n<title>Berglen-Bretzenacker \u201eAuf der Streuobstwiese ist was los!\u201c - Naturpark Schw\u00e4bisch-Fr\u00e4nkischer Wald<\/title>\n<meta name=\"robots\" content=\"index, follow, max-snippet:-1, max-image-preview:large, max-video-preview:-1\" \/>\n<link rel=\"canonical\" href=\"https:\/\/www.naturparkmagazin.de\/schwaebisch-fraenkischer-wald\/berglen-bretzenacker-auf-der-streuobstwiese-ist-was-los\/\" \/>\n<meta property=\"og:locale\" content=\"de_DE\" \/>\n<meta property=\"og:type\" content=\"article\" \/>\n<meta property=\"og:title\" content=\"Berglen-Bretzenacker \u201eAuf der Streuobstwiese ist was los!\u201c - Naturpark Schw\u00e4bisch-Fr\u00e4nkischer Wald\" \/>\n<meta property=\"og:description\" content=\"Interessante Infos, spannende R\u00e4tsel und abwechslungsreiche Mitmachaktionen\" \/>\n<meta property=\"og:url\" content=\"https:\/\/www.naturparkmagazin.de\/schwaebisch-fraenkischer-wald\/berglen-bretzenacker-auf-der-streuobstwiese-ist-was-los\/\" \/>\n<meta property=\"og:site_name\" content=\"Naturpark Schw\u00e4bisch-Fr\u00e4nkischer Wald\" \/>\n<meta property=\"article:author\" content=\"https:\/\/www.facebook.com\/naturparkSFW\" \/>\n<meta property=\"article:published_time\" content=\"2020-08-14T06:14:00+00:00\" \/>\n<meta property=\"article:modified_time\" content=\"2020-08-14T06:14:47+00:00\" \/>\n<meta property=\"og:image\" content=\"https:\/\/www.naturparkmagazin.de\/schwaebisch-fraenkischer-wald\/wp-content\/uploads\/sites\/34\/2020_Berglen_Rallye_21.jpg\" \/>\n\t<meta property=\"og:image:width\" content=\"200\" \/>\n\t<meta property=\"og:image:height\" content=\"200\" \/>\n\t<meta property=\"og:image:type\" content=\"image\/jpeg\" \/>\n<meta name=\"author\" content=\"Naturpark-Team\" \/>\n<meta name=\"twitter:label1\" content=\"Verfasst von\" \/>\n\t<meta name=\"twitter:data1\" content=\"Naturpark-Team\" \/>\n\t<meta name=\"twitter:label2\" content=\"Gesch\u00e4tzte Lesezeit\" \/>\n\t<meta name=\"twitter:data2\" content=\"1\u00a0Minute\" \/>\n<script type=\"application\/ld+json\" class=\"yoast-schema-graph\">{\"@context\":\"https:\/\/schema.org\",\"@graph\":[{\"@type\":\"WebPage\",\"@id\":\"https:\/\/www.naturparkmagazin.de\/schwaebisch-fraenkischer-wald\/berglen-bretzenacker-auf-der-streuobstwiese-ist-was-los\/\",\"url\":\"https:\/\/www.naturparkmagazin.de\/schwaebisch-fraenkischer-wald\/berglen-bretzenacker-auf-der-streuobstwiese-ist-was-los\/\",\"name\":\"Berglen-Bretzenacker \u201eAuf der Streuobstwiese ist was los!\u201c - Naturpark Schw\u00e4bisch-Fr\u00e4nkischer Wald\",\"isPartOf\":{\"@id\":\"https:\/\/www.naturparkmagazin.de\/schwaebisch-fraenkischer-wald\/#website\"},\"datePublished\":\"2020-08-14T06:14:00+00:00\",\"dateModified\":\"2020-08-14T06:14:47+00:00\",\"author\":{\"@id\":\"https:\/\/www.naturparkmagazin.de\/schwaebisch-fraenkischer-wald\/#\/schema\/person\/f047a3702ae747fd7830cf8ac95e6066\"},\"breadcrumb\":{\"@id\":\"https:\/\/www.naturparkmagazin.de\/schwaebisch-fraenkischer-wald\/berglen-bretzenacker-auf-der-streuobstwiese-ist-was-los\/#breadcrumb\"},\"inLanguage\":\"de\",\"potentialAction\":[{\"@type\":\"ReadAction\",\"target\":[\"https:\/\/www.naturparkmagazin.de\/schwaebisch-fraenkischer-wald\/berglen-bretzenacker-auf-der-streuobstwiese-ist-was-los\/\"]}]},{\"@type\":\"BreadcrumbList\",\"@id\":\"https:\/\/www.naturparkmagazin.de\/schwaebisch-fraenkischer-wald\/berglen-bretzenacker-auf-der-streuobstwiese-ist-was-los\/#breadcrumb\",\"itemListElement\":[{\"@type\":\"ListItem\",\"position\":1,\"name\":\"Home\",\"item\":\"https:\/\/www.naturparkmagazin.de\/schwaebisch-fraenkischer-wald\/\"},{\"@type\":\"ListItem\",\"position\":2,\"name\":\"Berglen-Bretzenacker \u201eAuf der Streuobstwiese ist was los!\u201c\"}]},{\"@type\":\"WebSite\",\"@id\":\"https:\/\/www.naturparkmagazin.de\/schwaebisch-fraenkischer-wald\/#website\",\"url\":\"https:\/\/www.naturparkmagazin.de\/schwaebisch-fraenkischer-wald\/\",\"name\":\"Naturpark Schw\u00e4bisch-Fr\u00e4nkischer Wald\",\"description\":\"\",\"potentialAction\":[{\"@type\":\"SearchAction\",\"target\":{\"@type\":\"EntryPoint\",\"urlTemplate\":\"https:\/\/www.naturparkmagazin.de\/schwaebisch-fraenkischer-wald\/?s={search_term_string}\"},\"query-input\":\"required name=search_term_string\"}],\"inLanguage\":\"de\"},{\"@type\":\"Person\",\"@id\":\"https:\/\/www.naturparkmagazin.de\/schwaebisch-fraenkischer-wald\/#\/schema\/person\/f047a3702ae747fd7830cf8ac95e6066\",\"name\":\"Naturpark-Team\",\"sameAs\":[\"http:\/\/www.naturpark-sfw.de\",\"https:\/\/www.facebook.com\/naturparkSFW\"],\"url\":\"https:\/\/www.naturparkmagazin.de\/schwaebisch-fraenkischer-wald\/author\/bernharddrixler\/\"}]}<\/script>\n<!-- \/ Yoast SEO plugin. -->","yoast_head_json":{"title":"Berglen-Bretzenacker \u201eAuf der Streuobstwiese ist was los!\u201c - Naturpark Schw\u00e4bisch-Fr\u00e4nkischer Wald","robots":{"index":"index","follow":"follow","max-snippet":"max-snippet:-1","max-image-preview":"max-image-preview:large","max-video-preview":"max-video-preview:-1"},"canonical":"https:\/\/www.naturparkmagazin.de\/schwaebisch-fraenkischer-wald\/berglen-bretzenacker-auf-der-streuobstwiese-ist-was-los\/","og_locale":"de_DE","og_type":"article","og_title":"Berglen-Bretzenacker \u201eAuf der Streuobstwiese ist was los!\u201c - Naturpark Schw\u00e4bisch-Fr\u00e4nkischer Wald","og_description":"Interessante Infos, spannende R\u00e4tsel und abwechslungsreiche Mitmachaktionen","og_url":"https:\/\/www.naturparkmagazin.de\/schwaebisch-fraenkischer-wald\/berglen-bretzenacker-auf-der-streuobstwiese-ist-was-los\/","og_site_name":"Naturpark Schw\u00e4bisch-Fr\u00e4nkischer Wald","article_author":"https:\/\/www.facebook.com\/naturparkSFW","article_published_time":"2020-08-14T06:14:00+00:00","article_modified_time":"2020-08-14T06:14:47+00:00","og_image":[{"width":200,"height":200,"url":"https:\/\/www.naturparkmagazin.de\/schwaebisch-fraenkischer-wald\/wp-content\/uploads\/sites\/34\/2020_Berglen_Rallye_21.jpg","type":"image\/jpeg"}],"author":"Naturpark-Team","twitter_misc":{"Verfasst von":"Naturpark-Team","Gesch\u00e4tzte Lesezeit":"1\u00a0Minute"},"schema":{"@context":"https:\/\/schema.org","@graph":[{"@type":"WebPage","@id":"https:\/\/www.naturparkmagazin.de\/schwaebisch-fraenkischer-wald\/berglen-bretzenacker-auf-der-streuobstwiese-ist-was-los\/","url":"https:\/\/www.naturparkmagazin.de\/schwaebisch-fraenkischer-wald\/berglen-bretzenacker-auf-der-streuobstwiese-ist-was-los\/","name":"Berglen-Bretzenacker \u201eAuf der Streuobstwiese ist was los!\u201c - Naturpark Schw\u00e4bisch-Fr\u00e4nkischer Wald","isPartOf":{"@id":"https:\/\/www.naturparkmagazin.de\/schwaebisch-fraenkischer-wald\/#website"},"datePublished":"2020-08-14T06:14:00+00:00","dateModified":"2020-08-14T06:14:47+00:00","author":{"@id":"https:\/\/www.naturparkmagazin.de\/schwaebisch-fraenkischer-wald\/#\/schema\/person\/f047a3702ae747fd7830cf8ac95e6066"},"breadcrumb":{"@id":"https:\/\/www.naturparkmagazin.de\/schwaebisch-fraenkischer-wald\/berglen-bretzenacker-auf-der-streuobstwiese-ist-was-los\/#breadcrumb"},"inLanguage":"de","potentialAction":[{"@type":"ReadAction","target":["https:\/\/www.naturparkmagazin.de\/schwaebisch-fraenkischer-wald\/berglen-bretzenacker-auf-der-streuobstwiese-ist-was-los\/"]}]},{"@type":"BreadcrumbList","@id":"https:\/\/www.naturparkmagazin.de\/schwaebisch-fraenkischer-wald\/berglen-bretzenacker-auf-der-streuobstwiese-ist-was-los\/#breadcrumb","itemListElement":[{"@type":"ListItem","position":1,"name":"Home","item":"https:\/\/www.naturparkmagazin.de\/schwaebisch-fraenkischer-wald\/"},{"@type":"ListItem","position":2,"name":"Berglen-Bretzenacker \u201eAuf der Streuobstwiese ist was los!\u201c"}]},{"@type":"WebSite","@id":"https:\/\/www.naturparkmagazin.de\/schwaebisch-fraenkischer-wald\/#website","url":"https:\/\/www.naturparkmagazin.de\/schwaebisch-fraenkischer-wald\/","name":"Naturpark Schw\u00e4bisch-Fr\u00e4nkischer Wald","description":"","potentialAction":[{"@type":"SearchAction","target":{"@type":"EntryPoint","urlTemplate":"https:\/\/www.naturparkmagazin.de\/schwaebisch-fraenkischer-wald\/?s={search_term_string}"},"query-input":"required name=search_term_string"}],"inLanguage":"de"},{"@type":"Person","@id":"https:\/\/www.naturparkmagazin.de\/schwaebisch-fraenkischer-wald\/#\/schema\/person\/f047a3702ae747fd7830cf8ac95e6066","name":"Naturpark-Team","sameAs":["http:\/\/www.naturpark-sfw.de","https:\/\/www.facebook.com\/naturparkSFW"],"url":"https:\/\/www.naturparkmagazin.de\/schwaebisch-fraenkischer-wald\/author\/bernharddrixler\/"}]}},"_links":{"self":[{"href":"https:\/\/www.naturparkmagazin.de\/schwaebisch-fraenkischer-wald\/wp-json\/wp\/v2\/posts\/9093"}],"collection":[{"href":"https:\/\/www.naturparkmagazin.de\/schwaebisch-fraenkischer-wald\/wp-json\/wp\/v2\/posts"}],"about":[{"href":"https:\/\/www.naturparkmagazin.de\/schwaebisch-fraenkischer-wald\/wp-json\/wp\/v2\/types\/post"}],"author":[{"embeddable":true,"href":"https:\/\/www.naturparkmagazin.de\/schwaebisch-fraenkischer-wald\/wp-json\/wp\/v2\/users\/25"}],"replies":[{"embeddable":true,"href":"https:\/\/www.naturparkmagazin.de\/schwaebisch-fraenkischer-wald\/wp-json\/wp\/v2\/comments?post=9093"}],"version-history":[{"count":1,"href":"https:\/\/www.naturparkmagazin.de\/schwaebisch-fraenkischer-wald\/wp-json\/wp\/v2\/posts\/9093\/revisions"}],"predecessor-version":[{"id":9096,"href":"https:\/\/www.naturparkmagazin.de\/schwaebisch-fraenkischer-wald\/wp-json\/wp\/v2\/posts\/9093\/revisions\/9096"}],"wp:featuredmedia":[{"embeddable":true,"href":"https:\/\/www.naturparkmagazin.de\/schwaebisch-fraenkischer-wald\/wp-json\/wp\/v2\/media\/9095"}],"wp:attachment":[{"href":"https:\/\/www.naturparkmagazin.de\/schwaebisch-fraenkischer-wald\/wp-json\/wp\/v2\/media?parent=9093"}],"wp:term":[{"taxonomy":"category","embeddable":true,"href":"https:\/\/www.naturparkmagazin.de\/schwaebisch-fraenkischer-wald\/wp-json\/wp\/v2\/categories?post=9093"},{"taxonomy":"post_tag","embeddable":true,"href":"https:\/\/www.naturparkmagazin.de\/schwaebisch-fraenkischer-wald\/wp-json\/wp\/v2\/tags?post=9093"}],"curies":[{"name":"wp","href":"https:\/\/api.w.org\/{rel}","templated":true}]}}