{"id":9111,"date":"2020-09-15T10:35:06","date_gmt":"2020-09-15T08:35:06","guid":{"rendered":"https:\/\/www.naturparkmagazin.de\/schwaebisch-fraenkischer-wald\/?p=9111"},"modified":"2020-09-11T10:41:17","modified_gmt":"2020-09-11T08:41:17","slug":"mit-den-naturparkfuehrern-wird-der-herbst-besonders-bunt","status":"publish","type":"post","link":"https:\/\/www.naturparkmagazin.de\/schwaebisch-fraenkischer-wald\/mit-den-naturparkfuehrern-wird-der-herbst-besonders-bunt\/","title":{"rendered":"Mit den Naturparkf\u00fchrern wird der Herbst besonders bunt"},"content":{"rendered":"<p>Der Herbst ist die bunteste Jahreszeit im Naturpark. <a href=\"https:\/\/www.naturparkmagazin.de\/schwaebisch-fraenkischer-wald\/wp-content\/uploads\/sites\/34\/200902_BILD_Herbst-mit-den-Naturparkfuehrern_Sanwald.jpg\"><img decoding=\"async\" loading=\"lazy\" class=\"alignright size-full wp-image-9112\" src=\"https:\/\/www.naturparkmagazin.de\/schwaebisch-fraenkischer-wald\/wp-content\/uploads\/sites\/34\/200902_BILD_Herbst-mit-den-Naturparkfuehrern_Sanwald.jpg\" alt=\"Herbst mit den Naturparkf\u00fchrern\" width=\"500\" height=\"300\" srcset=\"https:\/\/www.naturparkmagazin.de\/schwaebisch-fraenkischer-wald\/wp-content\/uploads\/sites\/34\/200902_BILD_Herbst-mit-den-Naturparkfuehrern_Sanwald.jpg 500w, https:\/\/www.naturparkmagazin.de\/schwaebisch-fraenkischer-wald\/wp-content\/uploads\/sites\/34\/200902_BILD_Herbst-mit-den-Naturparkfuehrern_Sanwald-300x180.jpg 300w, https:\/\/www.naturparkmagazin.de\/schwaebisch-fraenkischer-wald\/wp-content\/uploads\/sites\/34\/200902_BILD_Herbst-mit-den-Naturparkfuehrern_Sanwald-200x120.jpg 200w\" sizes=\"(max-width: 500px) 100vw, 500px\" \/><\/a><\/p>\n<p>Und genauso abwechslungsreich und spannend ist der herbstliche Strau\u00df an Aktionen der Naturparkf\u00fchrer Schw\u00e4bisch-Fr\u00e4nkischer Wald. Denn so vielf\u00e4ltig wie der Naturpark selbst, sind auch die Naturparkf\u00fchrer und ihr Programm. Man kann \u201ereine, gesunde Gebirgsluft\u201c schnuppern, durch \u201e5 T\u00e4ler\u201c wandern oder \u00fcber \u201esch\u00f6ne Wege alte Kirchen und eine Turmh\u00fcgelburg\u201c besuchen. Oder wie w\u00e4re es zur Abwechslung einmal mit einer \u201ebauspargeschichtlichen Rundwanderung\u201c um W\u00fcstenrot? Auch auf die im Herbst anstehenden Jahreszeitenfeste wird auf den F\u00fchrungen der Naturparkf\u00fchrer eingegangen. Au\u00dferdem gibt es eher spirituelle Wanderungen mit Liedern, Stille\u00fcbungen und Zeit zur inneren Einkehr. F\u00fcr sportlich versierte Leute finden verschiedene Distanzwanderungen statt. Unter anderem der \u201eWaldMeister-WanderMarathon\u201c am 20.09.2020 in Sulzbach\/Murr (Wegstrecke ca. 42 km, 21 km oder 7 km). Und auf Familien warten viele abwechslungsreiche Aktionen im bunten Herbstwald. Als eines der besonderen Highlights ein Spaziergang mit Alpakas.<\/p>\n<p>Diese und viele weitere Termine finden sich in der \u201eNaturpark aktiv\u201c-Brosch\u00fcre und auf <a href=\"http:\/\/www.die-naturparkfuehrer.de\" target=\"_blank\">www.die-naturparkfuehrer.de<\/a>.<\/p>\n<p>Aufgrund der aktuellen Situation ist weiterhin f\u00fcr alle Touren eine Anmeldung erforderlich.<\/p>\n","protected":false},"excerpt":{"rendered":"<p>Den bunten Herbst mit den Naturparkf\u00fchrern erwandern und erleben<\/p>\n","protected":false},"author":25,"featured_media":9113,"comment_status":"open","ping_status":"open","sticky":false,"template":"","format":"standard","meta":[],"categories":[617],"tags":[],"yoast_head":"<!-- This site is optimized with the Yoast SEO plugin v19.10 - https:\/\/yoast.com\/wordpress\/plugins\/seo\/ -->\n<title>Mit den Naturparkf\u00fchrern wird der Herbst besonders bunt - Naturpark Schw\u00e4bisch-Fr\u00e4nkischer Wald<\/title>\n<meta name=\"robots\" content=\"index, follow, max-snippet:-1, max-image-preview:large, max-video-preview:-1\" \/>\n<link rel=\"canonical\" href=\"https:\/\/www.naturparkmagazin.de\/schwaebisch-fraenkischer-wald\/mit-den-naturparkfuehrern-wird-der-herbst-besonders-bunt\/\" \/>\n<meta property=\"og:locale\" content=\"de_DE\" \/>\n<meta property=\"og:type\" content=\"article\" \/>\n<meta property=\"og:title\" content=\"Mit den Naturparkf\u00fchrern wird der Herbst besonders bunt - Naturpark Schw\u00e4bisch-Fr\u00e4nkischer Wald\" \/>\n<meta property=\"og:description\" content=\"Den bunten Herbst mit den Naturparkf\u00fchrern erwandern und erleben\" \/>\n<meta property=\"og:url\" content=\"https:\/\/www.naturparkmagazin.de\/schwaebisch-fraenkischer-wald\/mit-den-naturparkfuehrern-wird-der-herbst-besonders-bunt\/\" \/>\n<meta property=\"og:site_name\" content=\"Naturpark Schw\u00e4bisch-Fr\u00e4nkischer Wald\" \/>\n<meta property=\"article:author\" content=\"https:\/\/www.facebook.com\/naturparkSFW\" \/>\n<meta property=\"article:published_time\" content=\"2020-09-15T08:35:06+00:00\" \/>\n<meta property=\"article:modified_time\" content=\"2020-09-11T08:41:17+00:00\" \/>\n<meta property=\"og:image\" content=\"https:\/\/www.naturparkmagazin.de\/schwaebisch-fraenkischer-wald\/wp-content\/uploads\/sites\/34\/200902_BILD_Herbst-mit-den-Naturparkfuehrern_Sanwald1.jpg\" \/>\n\t<meta property=\"og:image:width\" content=\"200\" \/>\n\t<meta property=\"og:image:height\" content=\"200\" \/>\n\t<meta property=\"og:image:type\" content=\"image\/jpeg\" \/>\n<meta name=\"author\" content=\"Naturpark-Team\" \/>\n<meta name=\"twitter:label1\" content=\"Verfasst von\" \/>\n\t<meta name=\"twitter:data1\" content=\"Naturpark-Team\" \/>\n\t<meta name=\"twitter:label2\" content=\"Gesch\u00e4tzte Lesezeit\" \/>\n\t<meta name=\"twitter:data2\" content=\"1\u00a0Minute\" \/>\n<script type=\"application\/ld+json\" class=\"yoast-schema-graph\">{\"@context\":\"https:\/\/schema.org\",\"@graph\":[{\"@type\":\"WebPage\",\"@id\":\"https:\/\/www.naturparkmagazin.de\/schwaebisch-fraenkischer-wald\/mit-den-naturparkfuehrern-wird-der-herbst-besonders-bunt\/\",\"url\":\"https:\/\/www.naturparkmagazin.de\/schwaebisch-fraenkischer-wald\/mit-den-naturparkfuehrern-wird-der-herbst-besonders-bunt\/\",\"name\":\"Mit den Naturparkf\u00fchrern wird der Herbst besonders bunt - Naturpark Schw\u00e4bisch-Fr\u00e4nkischer Wald\",\"isPartOf\":{\"@id\":\"https:\/\/www.naturparkmagazin.de\/schwaebisch-fraenkischer-wald\/#website\"},\"datePublished\":\"2020-09-15T08:35:06+00:00\",\"dateModified\":\"2020-09-11T08:41:17+00:00\",\"author\":{\"@id\":\"https:\/\/www.naturparkmagazin.de\/schwaebisch-fraenkischer-wald\/#\/schema\/person\/f047a3702ae747fd7830cf8ac95e6066\"},\"breadcrumb\":{\"@id\":\"https:\/\/www.naturparkmagazin.de\/schwaebisch-fraenkischer-wald\/mit-den-naturparkfuehrern-wird-der-herbst-besonders-bunt\/#breadcrumb\"},\"inLanguage\":\"de\",\"potentialAction\":[{\"@type\":\"ReadAction\",\"target\":[\"https:\/\/www.naturparkmagazin.de\/schwaebisch-fraenkischer-wald\/mit-den-naturparkfuehrern-wird-der-herbst-besonders-bunt\/\"]}]},{\"@type\":\"BreadcrumbList\",\"@id\":\"https:\/\/www.naturparkmagazin.de\/schwaebisch-fraenkischer-wald\/mit-den-naturparkfuehrern-wird-der-herbst-besonders-bunt\/#breadcrumb\",\"itemListElement\":[{\"@type\":\"ListItem\",\"position\":1,\"name\":\"Home\",\"item\":\"https:\/\/www.naturparkmagazin.de\/schwaebisch-fraenkischer-wald\/\"},{\"@type\":\"ListItem\",\"position\":2,\"name\":\"Mit den Naturparkf\u00fchrern wird der Herbst besonders bunt\"}]},{\"@type\":\"WebSite\",\"@id\":\"https:\/\/www.naturparkmagazin.de\/schwaebisch-fraenkischer-wald\/#website\",\"url\":\"https:\/\/www.naturparkmagazin.de\/schwaebisch-fraenkischer-wald\/\",\"name\":\"Naturpark Schw\u00e4bisch-Fr\u00e4nkischer Wald\",\"description\":\"\",\"potentialAction\":[{\"@type\":\"SearchAction\",\"target\":{\"@type\":\"EntryPoint\",\"urlTemplate\":\"https:\/\/www.naturparkmagazin.de\/schwaebisch-fraenkischer-wald\/?s={search_term_string}\"},\"query-input\":\"required name=search_term_string\"}],\"inLanguage\":\"de\"},{\"@type\":\"Person\",\"@id\":\"https:\/\/www.naturparkmagazin.de\/schwaebisch-fraenkischer-wald\/#\/schema\/person\/f047a3702ae747fd7830cf8ac95e6066\",\"name\":\"Naturpark-Team\",\"sameAs\":[\"http:\/\/www.naturpark-sfw.de\",\"https:\/\/www.facebook.com\/naturparkSFW\"],\"url\":\"https:\/\/www.naturparkmagazin.de\/schwaebisch-fraenkischer-wald\/author\/bernharddrixler\/\"}]}<\/script>\n<!-- \/ Yoast SEO plugin. -->","yoast_head_json":{"title":"Mit den Naturparkf\u00fchrern wird der Herbst besonders bunt - Naturpark Schw\u00e4bisch-Fr\u00e4nkischer Wald","robots":{"index":"index","follow":"follow","max-snippet":"max-snippet:-1","max-image-preview":"max-image-preview:large","max-video-preview":"max-video-preview:-1"},"canonical":"https:\/\/www.naturparkmagazin.de\/schwaebisch-fraenkischer-wald\/mit-den-naturparkfuehrern-wird-der-herbst-besonders-bunt\/","og_locale":"de_DE","og_type":"article","og_title":"Mit den Naturparkf\u00fchrern wird der Herbst besonders bunt - Naturpark Schw\u00e4bisch-Fr\u00e4nkischer Wald","og_description":"Den bunten Herbst mit den Naturparkf\u00fchrern erwandern und erleben","og_url":"https:\/\/www.naturparkmagazin.de\/schwaebisch-fraenkischer-wald\/mit-den-naturparkfuehrern-wird-der-herbst-besonders-bunt\/","og_site_name":"Naturpark Schw\u00e4bisch-Fr\u00e4nkischer Wald","article_author":"https:\/\/www.facebook.com\/naturparkSFW","article_published_time":"2020-09-15T08:35:06+00:00","article_modified_time":"2020-09-11T08:41:17+00:00","og_image":[{"width":200,"height":200,"url":"https:\/\/www.naturparkmagazin.de\/schwaebisch-fraenkischer-wald\/wp-content\/uploads\/sites\/34\/200902_BILD_Herbst-mit-den-Naturparkfuehrern_Sanwald1.jpg","type":"image\/jpeg"}],"author":"Naturpark-Team","twitter_misc":{"Verfasst von":"Naturpark-Team","Gesch\u00e4tzte Lesezeit":"1\u00a0Minute"},"schema":{"@context":"https:\/\/schema.org","@graph":[{"@type":"WebPage","@id":"https:\/\/www.naturparkmagazin.de\/schwaebisch-fraenkischer-wald\/mit-den-naturparkfuehrern-wird-der-herbst-besonders-bunt\/","url":"https:\/\/www.naturparkmagazin.de\/schwaebisch-fraenkischer-wald\/mit-den-naturparkfuehrern-wird-der-herbst-besonders-bunt\/","name":"Mit den Naturparkf\u00fchrern wird der Herbst besonders bunt - Naturpark Schw\u00e4bisch-Fr\u00e4nkischer Wald","isPartOf":{"@id":"https:\/\/www.naturparkmagazin.de\/schwaebisch-fraenkischer-wald\/#website"},"datePublished":"2020-09-15T08:35:06+00:00","dateModified":"2020-09-11T08:41:17+00:00","author":{"@id":"https:\/\/www.naturparkmagazin.de\/schwaebisch-fraenkischer-wald\/#\/schema\/person\/f047a3702ae747fd7830cf8ac95e6066"},"breadcrumb":{"@id":"https:\/\/www.naturparkmagazin.de\/schwaebisch-fraenkischer-wald\/mit-den-naturparkfuehrern-wird-der-herbst-besonders-bunt\/#breadcrumb"},"inLanguage":"de","potentialAction":[{"@type":"ReadAction","target":["https:\/\/www.naturparkmagazin.de\/schwaebisch-fraenkischer-wald\/mit-den-naturparkfuehrern-wird-der-herbst-besonders-bunt\/"]}]},{"@type":"BreadcrumbList","@id":"https:\/\/www.naturparkmagazin.de\/schwaebisch-fraenkischer-wald\/mit-den-naturparkfuehrern-wird-der-herbst-besonders-bunt\/#breadcrumb","itemListElement":[{"@type":"ListItem","position":1,"name":"Home","item":"https:\/\/www.naturparkmagazin.de\/schwaebisch-fraenkischer-wald\/"},{"@type":"ListItem","position":2,"name":"Mit den Naturparkf\u00fchrern wird der Herbst besonders bunt"}]},{"@type":"WebSite","@id":"https:\/\/www.naturparkmagazin.de\/schwaebisch-fraenkischer-wald\/#website","url":"https:\/\/www.naturparkmagazin.de\/schwaebisch-fraenkischer-wald\/","name":"Naturpark Schw\u00e4bisch-Fr\u00e4nkischer Wald","description":"","potentialAction":[{"@type":"SearchAction","target":{"@type":"EntryPoint","urlTemplate":"https:\/\/www.naturparkmagazin.de\/schwaebisch-fraenkischer-wald\/?s={search_term_string}"},"query-input":"required name=search_term_string"}],"inLanguage":"de"},{"@type":"Person","@id":"https:\/\/www.naturparkmagazin.de\/schwaebisch-fraenkischer-wald\/#\/schema\/person\/f047a3702ae747fd7830cf8ac95e6066","name":"Naturpark-Team","sameAs":["http:\/\/www.naturpark-sfw.de","https:\/\/www.facebook.com\/naturparkSFW"],"url":"https:\/\/www.naturparkmagazin.de\/schwaebisch-fraenkischer-wald\/author\/bernharddrixler\/"}]}},"_links":{"self":[{"href":"https:\/\/www.naturparkmagazin.de\/schwaebisch-fraenkischer-wald\/wp-json\/wp\/v2\/posts\/9111"}],"collection":[{"href":"https:\/\/www.naturparkmagazin.de\/schwaebisch-fraenkischer-wald\/wp-json\/wp\/v2\/posts"}],"about":[{"href":"https:\/\/www.naturparkmagazin.de\/schwaebisch-fraenkischer-wald\/wp-json\/wp\/v2\/types\/post"}],"author":[{"embeddable":true,"href":"https:\/\/www.naturparkmagazin.de\/schwaebisch-fraenkischer-wald\/wp-json\/wp\/v2\/users\/25"}],"replies":[{"embeddable":true,"href":"https:\/\/www.naturparkmagazin.de\/schwaebisch-fraenkischer-wald\/wp-json\/wp\/v2\/comments?post=9111"}],"version-history":[{"count":1,"href":"https:\/\/www.naturparkmagazin.de\/schwaebisch-fraenkischer-wald\/wp-json\/wp\/v2\/posts\/9111\/revisions"}],"predecessor-version":[{"id":9114,"href":"https:\/\/www.naturparkmagazin.de\/schwaebisch-fraenkischer-wald\/wp-json\/wp\/v2\/posts\/9111\/revisions\/9114"}],"wp:featuredmedia":[{"embeddable":true,"href":"https:\/\/www.naturparkmagazin.de\/schwaebisch-fraenkischer-wald\/wp-json\/wp\/v2\/media\/9113"}],"wp:attachment":[{"href":"https:\/\/www.naturparkmagazin.de\/schwaebisch-fraenkischer-wald\/wp-json\/wp\/v2\/media?parent=9111"}],"wp:term":[{"taxonomy":"category","embeddable":true,"href":"https:\/\/www.naturparkmagazin.de\/schwaebisch-fraenkischer-wald\/wp-json\/wp\/v2\/categories?post=9111"},{"taxonomy":"post_tag","embeddable":true,"href":"https:\/\/www.naturparkmagazin.de\/schwaebisch-fraenkischer-wald\/wp-json\/wp\/v2\/tags?post=9111"}],"curies":[{"name":"wp","href":"https:\/\/api.w.org\/{rel}","templated":true}]}}