{"id":9115,"date":"2020-09-15T10:43:11","date_gmt":"2020-09-15T08:43:11","guid":{"rendered":"https:\/\/www.naturparkmagazin.de\/schwaebisch-fraenkischer-wald\/?p=9115"},"modified":"2020-09-11T10:52:05","modified_gmt":"2020-09-11T08:52:05","slug":"pflege-das-beste-rezept-fuer-wertvolle-graeben","status":"publish","type":"post","link":"https:\/\/www.naturparkmagazin.de\/schwaebisch-fraenkischer-wald\/pflege-das-beste-rezept-fuer-wertvolle-graeben\/","title":{"rendered":"Pflege &#8211; das beste Rezept f\u00fcr wertvolle Gr\u00e4ben!"},"content":{"rendered":"<p>Besonders zwischen gro\u00dfen, landwirtschaftlich genutzten Fl\u00e4chen sind Kleinstrukturen, wie beispielsweise Gr\u00e4ben mit naturnaher Vegetation sehr wertvoll und wichtig.<\/p>\n<div id=\"attachment_9116\" style=\"width: 510px\" class=\"wp-caption alignright\"><a href=\"https:\/\/www.naturparkmagazin.de\/schwaebisch-fraenkischer-wald\/wp-content\/uploads\/sites\/34\/118647512_3513384385395964_75928924772774009_o.jpg\"><img aria-describedby=\"caption-attachment-9116\" decoding=\"async\" loading=\"lazy\" class=\"size-full wp-image-9116\" src=\"https:\/\/www.naturparkmagazin.de\/schwaebisch-fraenkischer-wald\/wp-content\/uploads\/sites\/34\/118647512_3513384385395964_75928924772774009_o.jpg\" alt=\" Ein gut bewachsener Graben mit Pufferstreifen und flachen Uferbereichen\" width=\"500\" height=\"300\" srcset=\"https:\/\/www.naturparkmagazin.de\/schwaebisch-fraenkischer-wald\/wp-content\/uploads\/sites\/34\/118647512_3513384385395964_75928924772774009_o.jpg 500w, https:\/\/www.naturparkmagazin.de\/schwaebisch-fraenkischer-wald\/wp-content\/uploads\/sites\/34\/118647512_3513384385395964_75928924772774009_o-300x180.jpg 300w, https:\/\/www.naturparkmagazin.de\/schwaebisch-fraenkischer-wald\/wp-content\/uploads\/sites\/34\/118647512_3513384385395964_75928924772774009_o-200x120.jpg 200w\" sizes=\"(max-width: 500px) 100vw, 500px\" \/><\/a><p id=\"caption-attachment-9116\" class=\"wp-caption-text\">Ein gut bewachsener Graben mit Pufferstreifen und flachen Uferbereichen<\/p><\/div>\n<p>Gut gepflegte Gr\u00e4ben k\u00f6nnen vielen Pflanzen und Tieren Lebensraum, einen Brut-, Nist-oder Laichplatz bieten und k\u00f6nnen ein wertvolles Winterquartier sein. V\u00f6geln, Amphibien, S\u00e4ugern und Insekten bieten Gr\u00e4ben Versteckm\u00f6glichkeiten und Nahrung, V\u00f6gel sch\u00e4tzen die gebotenen Sitz-und Singwarten. Ohne Unterhaltung w\u00fcrde ein Graben durch Sedimenteintrag oder Bewuchs verschwinden. Voraussetzungen m\u00fcssen geschaffen werden. Nicht jeder Graben ist ein Eldorado der Artenvielfalt. Wichtig ist, zwischen Graben und intensiv genutzten Fl\u00e4chen breite Streifen zum Abpuffern zu schaffen. Die Sohle des Graben selbst muss unverbaut sein und jegliche Barrieren, die das Wandern von beispielweise Amphibien behindern, sollten entfernt werden. Grunds\u00e4tzliche Ver\u00e4nderungen am Grabenprofil sollten jedoch nicht ohne Weiteres vorgenommen werden.<\/p>\n<p>Wichtig ist au\u00dferdem, dass bei der Pflege mit schonenden Arbeitsger\u00e4ten extensiv und immer abschnittsweise gearbeitet wird und jegliches Schnittgut 1-2 Tage nahe des Ufers abgelagert wird, um aufgenommenen Tieren die Flucht zu erm\u00f6glichen. Ohne Pflege, ohne Graben. Um die Pflege auf das Leben am und im Graben abzustimmen, sollten die vorhandenen Arten bekannt sein. Die Uferb\u00f6schungen und Randstreifen sollten je nach Bedarf einmal pro Jahr zwischen August und Oktober gem\u00e4ht werden. Haben jedoch beispielsweise Libellen den Graben besiedelt, sollte nach M\u00f6glichkeit nur sehr fr\u00fch und ggf. ein zweites Mal sehr sp\u00e4t im Jahr gem\u00e4ht werden. Wichtig ist, dass nicht gleichzeitig mit dem Umgebungsfl\u00e4chen gem\u00e4ht wird und mindestens 1\/3tel der Fl\u00e4che bestehen bleibt, um R\u00fcckzugsbereiche zu belassen. Am schonendsten ist die Arbeit mit einer (Motor)Sense, einem M\u00e4hkorb mit Abstandshalter oder einem Balkenm\u00e4her. Eine M\u00e4hh\u00f6he von 10cm sollte nicht unterschritten werden. Um &#8222;Problempflanzen&#8220; zu begegnen, hilft oft eine h\u00e4ufige und selektive Mahd. Ist das Wasser sehr n\u00e4hrstoffreich und es steht genug Licht zur Verf\u00fcgung, k\u00f6nnen Gr\u00e4ben schnell verkrauten. Vielleicht kann eine Bepflanzung die Lichtverh\u00e4ltnisse regulieren? Muss der Graben entkrautet werden, sind Arbeiten mit einer Sense oder einem Balkenm\u00e4her zwischen August und Oktober am schonendsten. Jegliches M\u00e4hgut kann zerh\u00e4ckselt auf \u00c4ckern untergepfl\u00fcgt oder auf Kompostieranlagen kompostiert werden.<\/p>\n<p>R\u00e4umungen sind die invasivste Form der Pflege und sollten durch flache Ufer und breite Pufferstreifen vorgebeugt werden. Sollte eine R\u00e4umung doch notwendig sein, sollte sie auf ein Mindestma\u00df beschr\u00e4nkt werden und nie h\u00e4ufiger als alle f\u00fcnf Jahre durchgef\u00fchrt werden.<\/p>\n","protected":false},"excerpt":{"rendered":"<p>Gr\u00e4ben mit naturnaher Vegetation sind wertvoll und wichtig<\/p>\n","protected":false},"author":25,"featured_media":9117,"comment_status":"open","ping_status":"open","sticky":false,"template":"","format":"standard","meta":[],"categories":[7],"tags":[],"yoast_head":"<!-- This site is optimized with the Yoast SEO plugin v19.10 - https:\/\/yoast.com\/wordpress\/plugins\/seo\/ -->\n<title>Pflege - das beste Rezept f\u00fcr wertvolle Gr\u00e4ben! - Naturpark Schw\u00e4bisch-Fr\u00e4nkischer Wald<\/title>\n<meta name=\"robots\" content=\"index, follow, max-snippet:-1, max-image-preview:large, max-video-preview:-1\" \/>\n<link rel=\"canonical\" href=\"https:\/\/www.naturparkmagazin.de\/schwaebisch-fraenkischer-wald\/pflege-das-beste-rezept-fuer-wertvolle-graeben\/\" \/>\n<meta property=\"og:locale\" content=\"de_DE\" \/>\n<meta property=\"og:type\" content=\"article\" \/>\n<meta property=\"og:title\" content=\"Pflege - das beste Rezept f\u00fcr wertvolle Gr\u00e4ben! - Naturpark Schw\u00e4bisch-Fr\u00e4nkischer Wald\" \/>\n<meta property=\"og:description\" content=\"Gr\u00e4ben mit naturnaher Vegetation sind wertvoll und wichtig\" \/>\n<meta property=\"og:url\" content=\"https:\/\/www.naturparkmagazin.de\/schwaebisch-fraenkischer-wald\/pflege-das-beste-rezept-fuer-wertvolle-graeben\/\" \/>\n<meta property=\"og:site_name\" content=\"Naturpark Schw\u00e4bisch-Fr\u00e4nkischer Wald\" \/>\n<meta property=\"article:author\" content=\"https:\/\/www.facebook.com\/naturparkSFW\" \/>\n<meta property=\"article:published_time\" content=\"2020-09-15T08:43:11+00:00\" \/>\n<meta property=\"article:modified_time\" content=\"2020-09-11T08:52:05+00:00\" \/>\n<meta property=\"og:image\" content=\"https:\/\/www.naturparkmagazin.de\/schwaebisch-fraenkischer-wald\/wp-content\/uploads\/sites\/34\/118647512_3513384385395964_75928924772774009_o1.jpg\" \/>\n\t<meta property=\"og:image:width\" content=\"200\" \/>\n\t<meta property=\"og:image:height\" content=\"200\" \/>\n\t<meta property=\"og:image:type\" content=\"image\/jpeg\" \/>\n<meta name=\"author\" content=\"Naturpark-Team\" \/>\n<meta name=\"twitter:label1\" content=\"Verfasst von\" \/>\n\t<meta name=\"twitter:data1\" content=\"Naturpark-Team\" \/>\n\t<meta name=\"twitter:label2\" content=\"Gesch\u00e4tzte Lesezeit\" \/>\n\t<meta name=\"twitter:data2\" content=\"2\u00a0Minuten\" \/>\n<script type=\"application\/ld+json\" class=\"yoast-schema-graph\">{\"@context\":\"https:\/\/schema.org\",\"@graph\":[{\"@type\":\"WebPage\",\"@id\":\"https:\/\/www.naturparkmagazin.de\/schwaebisch-fraenkischer-wald\/pflege-das-beste-rezept-fuer-wertvolle-graeben\/\",\"url\":\"https:\/\/www.naturparkmagazin.de\/schwaebisch-fraenkischer-wald\/pflege-das-beste-rezept-fuer-wertvolle-graeben\/\",\"name\":\"Pflege - das beste Rezept f\u00fcr wertvolle Gr\u00e4ben! - Naturpark Schw\u00e4bisch-Fr\u00e4nkischer Wald\",\"isPartOf\":{\"@id\":\"https:\/\/www.naturparkmagazin.de\/schwaebisch-fraenkischer-wald\/#website\"},\"datePublished\":\"2020-09-15T08:43:11+00:00\",\"dateModified\":\"2020-09-11T08:52:05+00:00\",\"author\":{\"@id\":\"https:\/\/www.naturparkmagazin.de\/schwaebisch-fraenkischer-wald\/#\/schema\/person\/f047a3702ae747fd7830cf8ac95e6066\"},\"breadcrumb\":{\"@id\":\"https:\/\/www.naturparkmagazin.de\/schwaebisch-fraenkischer-wald\/pflege-das-beste-rezept-fuer-wertvolle-graeben\/#breadcrumb\"},\"inLanguage\":\"de\",\"potentialAction\":[{\"@type\":\"ReadAction\",\"target\":[\"https:\/\/www.naturparkmagazin.de\/schwaebisch-fraenkischer-wald\/pflege-das-beste-rezept-fuer-wertvolle-graeben\/\"]}]},{\"@type\":\"BreadcrumbList\",\"@id\":\"https:\/\/www.naturparkmagazin.de\/schwaebisch-fraenkischer-wald\/pflege-das-beste-rezept-fuer-wertvolle-graeben\/#breadcrumb\",\"itemListElement\":[{\"@type\":\"ListItem\",\"position\":1,\"name\":\"Home\",\"item\":\"https:\/\/www.naturparkmagazin.de\/schwaebisch-fraenkischer-wald\/\"},{\"@type\":\"ListItem\",\"position\":2,\"name\":\"Pflege &#8211; das beste Rezept f\u00fcr wertvolle Gr\u00e4ben!\"}]},{\"@type\":\"WebSite\",\"@id\":\"https:\/\/www.naturparkmagazin.de\/schwaebisch-fraenkischer-wald\/#website\",\"url\":\"https:\/\/www.naturparkmagazin.de\/schwaebisch-fraenkischer-wald\/\",\"name\":\"Naturpark Schw\u00e4bisch-Fr\u00e4nkischer Wald\",\"description\":\"\",\"potentialAction\":[{\"@type\":\"SearchAction\",\"target\":{\"@type\":\"EntryPoint\",\"urlTemplate\":\"https:\/\/www.naturparkmagazin.de\/schwaebisch-fraenkischer-wald\/?s={search_term_string}\"},\"query-input\":\"required name=search_term_string\"}],\"inLanguage\":\"de\"},{\"@type\":\"Person\",\"@id\":\"https:\/\/www.naturparkmagazin.de\/schwaebisch-fraenkischer-wald\/#\/schema\/person\/f047a3702ae747fd7830cf8ac95e6066\",\"name\":\"Naturpark-Team\",\"sameAs\":[\"http:\/\/www.naturpark-sfw.de\",\"https:\/\/www.facebook.com\/naturparkSFW\"],\"url\":\"https:\/\/www.naturparkmagazin.de\/schwaebisch-fraenkischer-wald\/author\/bernharddrixler\/\"}]}<\/script>\n<!-- \/ Yoast SEO plugin. -->","yoast_head_json":{"title":"Pflege - das beste Rezept f\u00fcr wertvolle Gr\u00e4ben! - Naturpark Schw\u00e4bisch-Fr\u00e4nkischer Wald","robots":{"index":"index","follow":"follow","max-snippet":"max-snippet:-1","max-image-preview":"max-image-preview:large","max-video-preview":"max-video-preview:-1"},"canonical":"https:\/\/www.naturparkmagazin.de\/schwaebisch-fraenkischer-wald\/pflege-das-beste-rezept-fuer-wertvolle-graeben\/","og_locale":"de_DE","og_type":"article","og_title":"Pflege - das beste Rezept f\u00fcr wertvolle Gr\u00e4ben! - Naturpark Schw\u00e4bisch-Fr\u00e4nkischer Wald","og_description":"Gr\u00e4ben mit naturnaher Vegetation sind wertvoll und wichtig","og_url":"https:\/\/www.naturparkmagazin.de\/schwaebisch-fraenkischer-wald\/pflege-das-beste-rezept-fuer-wertvolle-graeben\/","og_site_name":"Naturpark Schw\u00e4bisch-Fr\u00e4nkischer Wald","article_author":"https:\/\/www.facebook.com\/naturparkSFW","article_published_time":"2020-09-15T08:43:11+00:00","article_modified_time":"2020-09-11T08:52:05+00:00","og_image":[{"width":200,"height":200,"url":"https:\/\/www.naturparkmagazin.de\/schwaebisch-fraenkischer-wald\/wp-content\/uploads\/sites\/34\/118647512_3513384385395964_75928924772774009_o1.jpg","type":"image\/jpeg"}],"author":"Naturpark-Team","twitter_misc":{"Verfasst von":"Naturpark-Team","Gesch\u00e4tzte Lesezeit":"2\u00a0Minuten"},"schema":{"@context":"https:\/\/schema.org","@graph":[{"@type":"WebPage","@id":"https:\/\/www.naturparkmagazin.de\/schwaebisch-fraenkischer-wald\/pflege-das-beste-rezept-fuer-wertvolle-graeben\/","url":"https:\/\/www.naturparkmagazin.de\/schwaebisch-fraenkischer-wald\/pflege-das-beste-rezept-fuer-wertvolle-graeben\/","name":"Pflege - das beste Rezept f\u00fcr wertvolle Gr\u00e4ben! - Naturpark Schw\u00e4bisch-Fr\u00e4nkischer Wald","isPartOf":{"@id":"https:\/\/www.naturparkmagazin.de\/schwaebisch-fraenkischer-wald\/#website"},"datePublished":"2020-09-15T08:43:11+00:00","dateModified":"2020-09-11T08:52:05+00:00","author":{"@id":"https:\/\/www.naturparkmagazin.de\/schwaebisch-fraenkischer-wald\/#\/schema\/person\/f047a3702ae747fd7830cf8ac95e6066"},"breadcrumb":{"@id":"https:\/\/www.naturparkmagazin.de\/schwaebisch-fraenkischer-wald\/pflege-das-beste-rezept-fuer-wertvolle-graeben\/#breadcrumb"},"inLanguage":"de","potentialAction":[{"@type":"ReadAction","target":["https:\/\/www.naturparkmagazin.de\/schwaebisch-fraenkischer-wald\/pflege-das-beste-rezept-fuer-wertvolle-graeben\/"]}]},{"@type":"BreadcrumbList","@id":"https:\/\/www.naturparkmagazin.de\/schwaebisch-fraenkischer-wald\/pflege-das-beste-rezept-fuer-wertvolle-graeben\/#breadcrumb","itemListElement":[{"@type":"ListItem","position":1,"name":"Home","item":"https:\/\/www.naturparkmagazin.de\/schwaebisch-fraenkischer-wald\/"},{"@type":"ListItem","position":2,"name":"Pflege &#8211; das beste Rezept f\u00fcr wertvolle Gr\u00e4ben!"}]},{"@type":"WebSite","@id":"https:\/\/www.naturparkmagazin.de\/schwaebisch-fraenkischer-wald\/#website","url":"https:\/\/www.naturparkmagazin.de\/schwaebisch-fraenkischer-wald\/","name":"Naturpark Schw\u00e4bisch-Fr\u00e4nkischer Wald","description":"","potentialAction":[{"@type":"SearchAction","target":{"@type":"EntryPoint","urlTemplate":"https:\/\/www.naturparkmagazin.de\/schwaebisch-fraenkischer-wald\/?s={search_term_string}"},"query-input":"required name=search_term_string"}],"inLanguage":"de"},{"@type":"Person","@id":"https:\/\/www.naturparkmagazin.de\/schwaebisch-fraenkischer-wald\/#\/schema\/person\/f047a3702ae747fd7830cf8ac95e6066","name":"Naturpark-Team","sameAs":["http:\/\/www.naturpark-sfw.de","https:\/\/www.facebook.com\/naturparkSFW"],"url":"https:\/\/www.naturparkmagazin.de\/schwaebisch-fraenkischer-wald\/author\/bernharddrixler\/"}]}},"_links":{"self":[{"href":"https:\/\/www.naturparkmagazin.de\/schwaebisch-fraenkischer-wald\/wp-json\/wp\/v2\/posts\/9115"}],"collection":[{"href":"https:\/\/www.naturparkmagazin.de\/schwaebisch-fraenkischer-wald\/wp-json\/wp\/v2\/posts"}],"about":[{"href":"https:\/\/www.naturparkmagazin.de\/schwaebisch-fraenkischer-wald\/wp-json\/wp\/v2\/types\/post"}],"author":[{"embeddable":true,"href":"https:\/\/www.naturparkmagazin.de\/schwaebisch-fraenkischer-wald\/wp-json\/wp\/v2\/users\/25"}],"replies":[{"embeddable":true,"href":"https:\/\/www.naturparkmagazin.de\/schwaebisch-fraenkischer-wald\/wp-json\/wp\/v2\/comments?post=9115"}],"version-history":[{"count":1,"href":"https:\/\/www.naturparkmagazin.de\/schwaebisch-fraenkischer-wald\/wp-json\/wp\/v2\/posts\/9115\/revisions"}],"predecessor-version":[{"id":9118,"href":"https:\/\/www.naturparkmagazin.de\/schwaebisch-fraenkischer-wald\/wp-json\/wp\/v2\/posts\/9115\/revisions\/9118"}],"wp:featuredmedia":[{"embeddable":true,"href":"https:\/\/www.naturparkmagazin.de\/schwaebisch-fraenkischer-wald\/wp-json\/wp\/v2\/media\/9117"}],"wp:attachment":[{"href":"https:\/\/www.naturparkmagazin.de\/schwaebisch-fraenkischer-wald\/wp-json\/wp\/v2\/media?parent=9115"}],"wp:term":[{"taxonomy":"category","embeddable":true,"href":"https:\/\/www.naturparkmagazin.de\/schwaebisch-fraenkischer-wald\/wp-json\/wp\/v2\/categories?post=9115"},{"taxonomy":"post_tag","embeddable":true,"href":"https:\/\/www.naturparkmagazin.de\/schwaebisch-fraenkischer-wald\/wp-json\/wp\/v2\/tags?post=9115"}],"curies":[{"name":"wp","href":"https:\/\/api.w.org\/{rel}","templated":true}]}}