{"id":9154,"date":"2020-10-16T13:29:02","date_gmt":"2020-10-16T11:29:02","guid":{"rendered":"https:\/\/www.naturparkmagazin.de\/schwaebisch-fraenkischer-wald\/?p=9154"},"modified":"2020-10-14T13:39:15","modified_gmt":"2020-10-14T11:39:15","slug":"bluehender-naturpark-rueckblick-seminar-grabenunterhaltung-in-bretzfeld","status":"publish","type":"post","link":"https:\/\/www.naturparkmagazin.de\/schwaebisch-fraenkischer-wald\/bluehender-naturpark-rueckblick-seminar-grabenunterhaltung-in-bretzfeld\/","title":{"rendered":"Bl\u00fchender Naturpark \u2013 R\u00fcckblick Seminar Grabenunterhaltung in Bretzfeld"},"content":{"rendered":"<p>Im Naturpark Schw\u00e4bisch-Fr\u00e4nkischer Wald wurde 2017 mit dem Projekt \u201eBl\u00fchender Naturpark\u201c begonnen. Mittlerweile sind 27 von den 48 Naturpark-Kommunen sowie die NABU-\/ BUND-Gruppe Beilstein an diesem Projekt beteiligt. Im April 2018 wurde das gemeinsame Projekt \u201eBl\u00fchende Naturparke Baden-W\u00fcrttemberg\u201c aller sieben Naturparke ins Leben gerufen.<\/p>\n<p>In sogenannten Bauhoftrainings werden die Mitarbeiter\/innen der kommunalen Bauh\u00f6fe in der Anlage und Pflege von naturnahen Gr\u00fcnfl\u00e4chen geschult. Die Seminare und die Beratung der Teilnehmer werden gef\u00f6rdert durch den Naturpark Schw\u00e4bisch-Fr\u00e4nkischer Wald mit Mitteln aus dem Sonderprogramm des Landes Baden-W\u00fcrttemberg zur St\u00e4rkung der Biologischen Vielfalt sowie mit Mitteln des Landes Baden-W\u00fcrttemberg und der Lotterie Gl\u00fccksspirale.<a href=\"https:\/\/www.naturparkmagazin.de\/schwaebisch-fraenkischer-wald\/wp-content\/uploads\/sites\/34\/201006_NPSFW_Seminar_Grabenunterhaltung_Bretzfeld_Ruecker-18k.jpg\"><img decoding=\"async\" loading=\"lazy\" class=\"alignright size-full wp-image-9156\" src=\"https:\/\/www.naturparkmagazin.de\/schwaebisch-fraenkischer-wald\/wp-content\/uploads\/sites\/34\/201006_NPSFW_Seminar_Grabenunterhaltung_Bretzfeld_Ruecker-18k.jpg\" alt=\"Seminar Grabenunterhaltung\" width=\"500\" height=\"300\" srcset=\"https:\/\/www.naturparkmagazin.de\/schwaebisch-fraenkischer-wald\/wp-content\/uploads\/sites\/34\/201006_NPSFW_Seminar_Grabenunterhaltung_Bretzfeld_Ruecker-18k.jpg 500w, https:\/\/www.naturparkmagazin.de\/schwaebisch-fraenkischer-wald\/wp-content\/uploads\/sites\/34\/201006_NPSFW_Seminar_Grabenunterhaltung_Bretzfeld_Ruecker-18k-300x180.jpg 300w, https:\/\/www.naturparkmagazin.de\/schwaebisch-fraenkischer-wald\/wp-content\/uploads\/sites\/34\/201006_NPSFW_Seminar_Grabenunterhaltung_Bretzfeld_Ruecker-18k-200x120.jpg 200w\" sizes=\"(max-width: 500px) 100vw, 500px\" \/><\/a><\/p>\n<p>In Bretzfeld fand am 6. Oktober 2020 das erste Seminar zum Thema \u201eGrabenunterhaltung\u201c statt. Was sich zun\u00e4chst etwas sperrig anh\u00f6rt, stellte sich schnell als spannendes und vielschichtiges Thema heraus. Wenn das Thema Arten- und Biotopschutz an der Tagesordnung ist, dann brennen die Referenten Julia Schulz (Untere Naturschutzbeh\u00f6rde Rems-Murr-Kreis), Klara Friederich (Landschaftserhaltungsverband Hohenlohe) und Bernd Kunz (Artenschutzprogramm Bachmuschel des Landes Baden-W\u00fcrttemberg Regierungs-Bezirk Stuttgart) geradezu f\u00fcr das Thema Grabenunterhaltung.<\/p>\n<p>22 Bauhofmitarbeiter waren gekommen, um sich weiterzubilden. Was sind \u00fcberhaupt Gr\u00e4ben und wie unterscheiden sie sich? Welche Tiere und Pflanzen leben in einem Graben? Wann soll idealerweise gem\u00e4ht werden? Welche Maschinen sind daf\u00fcr geeignet? Warum macht es Sinn abschnittsweise vorzugehen? All diesen Fragen gingen die Experten nach und diskutierten mit den Teilnehmer\/innen praktikable L\u00f6sungen. Nach dem Theorieteil wurden Gr\u00e4ben in Bretzfeld-Schwabbach besichtigt und nebenbei viel gefachsimpelt.<a href=\"https:\/\/www.naturparkmagazin.de\/schwaebisch-fraenkischer-wald\/wp-content\/uploads\/sites\/34\/201006_NPSFW_Seminar_Grabenunterhaltung_Bretzfeld_Ruecker-12k.jpg\"><img decoding=\"async\" loading=\"lazy\" class=\"alignright size-full wp-image-9155\" src=\"https:\/\/www.naturparkmagazin.de\/schwaebisch-fraenkischer-wald\/wp-content\/uploads\/sites\/34\/201006_NPSFW_Seminar_Grabenunterhaltung_Bretzfeld_Ruecker-12k.jpg\" alt=\"Seminar Grabenunterhaltung\" width=\"300\" height=\"500\" srcset=\"https:\/\/www.naturparkmagazin.de\/schwaebisch-fraenkischer-wald\/wp-content\/uploads\/sites\/34\/201006_NPSFW_Seminar_Grabenunterhaltung_Bretzfeld_Ruecker-12k.jpg 300w, https:\/\/www.naturparkmagazin.de\/schwaebisch-fraenkischer-wald\/wp-content\/uploads\/sites\/34\/201006_NPSFW_Seminar_Grabenunterhaltung_Bretzfeld_Ruecker-12k-200x333.jpg 200w\" sizes=\"(max-width: 300px) 100vw, 300px\" \/><\/a><\/p>\n<p>Weitere Informationen zum \u201eBl\u00fchenden Naturpark\u201c:<\/p>\n<p>Naturpark Schw\u00e4bisch-Fr\u00e4nkischer Wald e. V.<\/p>\n<p>Naturparkzentrum, Marktplatz 8, 71540 Murrhardt<\/p>\n<p>Lisa-Marie Funke \/\/ <a href=\"mailto:lisa-marie.funke@naturpark-sfw.de\" target=\"_blank\">lisa-marie.funke@naturpark-sfw.de<\/a> \/\/ 0 71 92 \u2013 21 38 86<\/p>\n<p><a href=\"http:\/\/www.naturpark-sfw.de\" target=\"_blank\">www.naturpark-sfw.de<\/a><\/p>\n","protected":false},"excerpt":{"rendered":"<p>Spannendes Seminar mit engagierten Referenten zum Arten- und Biotopschutz<\/p>\n","protected":false},"author":25,"featured_media":9157,"comment_status":"open","ping_status":"open","sticky":false,"template":"","format":"standard","meta":[],"categories":[7],"tags":[],"yoast_head":"<!-- This site is optimized with the Yoast SEO plugin v19.10 - https:\/\/yoast.com\/wordpress\/plugins\/seo\/ -->\n<title>Bl\u00fchender Naturpark \u2013 R\u00fcckblick Seminar Grabenunterhaltung in Bretzfeld - Naturpark Schw\u00e4bisch-Fr\u00e4nkischer Wald<\/title>\n<meta name=\"robots\" content=\"index, follow, max-snippet:-1, max-image-preview:large, max-video-preview:-1\" \/>\n<link rel=\"canonical\" href=\"https:\/\/www.naturparkmagazin.de\/schwaebisch-fraenkischer-wald\/bluehender-naturpark-rueckblick-seminar-grabenunterhaltung-in-bretzfeld\/\" \/>\n<meta property=\"og:locale\" content=\"de_DE\" \/>\n<meta property=\"og:type\" content=\"article\" \/>\n<meta property=\"og:title\" content=\"Bl\u00fchender Naturpark \u2013 R\u00fcckblick Seminar Grabenunterhaltung in Bretzfeld - Naturpark Schw\u00e4bisch-Fr\u00e4nkischer Wald\" \/>\n<meta property=\"og:description\" content=\"Spannendes Seminar mit engagierten Referenten zum Arten- und Biotopschutz\" \/>\n<meta property=\"og:url\" content=\"https:\/\/www.naturparkmagazin.de\/schwaebisch-fraenkischer-wald\/bluehender-naturpark-rueckblick-seminar-grabenunterhaltung-in-bretzfeld\/\" \/>\n<meta property=\"og:site_name\" content=\"Naturpark Schw\u00e4bisch-Fr\u00e4nkischer Wald\" \/>\n<meta property=\"article:author\" content=\"https:\/\/www.facebook.com\/naturparkSFW\" \/>\n<meta property=\"article:published_time\" content=\"2020-10-16T11:29:02+00:00\" \/>\n<meta property=\"article:modified_time\" content=\"2020-10-14T11:39:15+00:00\" \/>\n<meta property=\"og:image\" content=\"https:\/\/www.naturparkmagazin.de\/schwaebisch-fraenkischer-wald\/wp-content\/uploads\/sites\/34\/201006_NPSFW_Seminar_Grabenunterhaltung_Bretzfeld_Ruecker-29k.jpg\" \/>\n\t<meta property=\"og:image:width\" content=\"200\" \/>\n\t<meta property=\"og:image:height\" content=\"200\" \/>\n\t<meta property=\"og:image:type\" content=\"image\/jpeg\" \/>\n<meta name=\"author\" content=\"Naturpark-Team\" \/>\n<meta name=\"twitter:label1\" content=\"Verfasst von\" \/>\n\t<meta name=\"twitter:data1\" content=\"Naturpark-Team\" \/>\n\t<meta name=\"twitter:label2\" content=\"Gesch\u00e4tzte Lesezeit\" \/>\n\t<meta name=\"twitter:data2\" content=\"1\u00a0Minute\" \/>\n<script type=\"application\/ld+json\" class=\"yoast-schema-graph\">{\"@context\":\"https:\/\/schema.org\",\"@graph\":[{\"@type\":\"WebPage\",\"@id\":\"https:\/\/www.naturparkmagazin.de\/schwaebisch-fraenkischer-wald\/bluehender-naturpark-rueckblick-seminar-grabenunterhaltung-in-bretzfeld\/\",\"url\":\"https:\/\/www.naturparkmagazin.de\/schwaebisch-fraenkischer-wald\/bluehender-naturpark-rueckblick-seminar-grabenunterhaltung-in-bretzfeld\/\",\"name\":\"Bl\u00fchender Naturpark \u2013 R\u00fcckblick Seminar Grabenunterhaltung in Bretzfeld - Naturpark Schw\u00e4bisch-Fr\u00e4nkischer Wald\",\"isPartOf\":{\"@id\":\"https:\/\/www.naturparkmagazin.de\/schwaebisch-fraenkischer-wald\/#website\"},\"datePublished\":\"2020-10-16T11:29:02+00:00\",\"dateModified\":\"2020-10-14T11:39:15+00:00\",\"author\":{\"@id\":\"https:\/\/www.naturparkmagazin.de\/schwaebisch-fraenkischer-wald\/#\/schema\/person\/f047a3702ae747fd7830cf8ac95e6066\"},\"breadcrumb\":{\"@id\":\"https:\/\/www.naturparkmagazin.de\/schwaebisch-fraenkischer-wald\/bluehender-naturpark-rueckblick-seminar-grabenunterhaltung-in-bretzfeld\/#breadcrumb\"},\"inLanguage\":\"de\",\"potentialAction\":[{\"@type\":\"ReadAction\",\"target\":[\"https:\/\/www.naturparkmagazin.de\/schwaebisch-fraenkischer-wald\/bluehender-naturpark-rueckblick-seminar-grabenunterhaltung-in-bretzfeld\/\"]}]},{\"@type\":\"BreadcrumbList\",\"@id\":\"https:\/\/www.naturparkmagazin.de\/schwaebisch-fraenkischer-wald\/bluehender-naturpark-rueckblick-seminar-grabenunterhaltung-in-bretzfeld\/#breadcrumb\",\"itemListElement\":[{\"@type\":\"ListItem\",\"position\":1,\"name\":\"Home\",\"item\":\"https:\/\/www.naturparkmagazin.de\/schwaebisch-fraenkischer-wald\/\"},{\"@type\":\"ListItem\",\"position\":2,\"name\":\"Bl\u00fchender Naturpark \u2013 R\u00fcckblick Seminar Grabenunterhaltung in Bretzfeld\"}]},{\"@type\":\"WebSite\",\"@id\":\"https:\/\/www.naturparkmagazin.de\/schwaebisch-fraenkischer-wald\/#website\",\"url\":\"https:\/\/www.naturparkmagazin.de\/schwaebisch-fraenkischer-wald\/\",\"name\":\"Naturpark Schw\u00e4bisch-Fr\u00e4nkischer Wald\",\"description\":\"\",\"potentialAction\":[{\"@type\":\"SearchAction\",\"target\":{\"@type\":\"EntryPoint\",\"urlTemplate\":\"https:\/\/www.naturparkmagazin.de\/schwaebisch-fraenkischer-wald\/?s={search_term_string}\"},\"query-input\":\"required name=search_term_string\"}],\"inLanguage\":\"de\"},{\"@type\":\"Person\",\"@id\":\"https:\/\/www.naturparkmagazin.de\/schwaebisch-fraenkischer-wald\/#\/schema\/person\/f047a3702ae747fd7830cf8ac95e6066\",\"name\":\"Naturpark-Team\",\"sameAs\":[\"http:\/\/www.naturpark-sfw.de\",\"https:\/\/www.facebook.com\/naturparkSFW\"],\"url\":\"https:\/\/www.naturparkmagazin.de\/schwaebisch-fraenkischer-wald\/author\/bernharddrixler\/\"}]}<\/script>\n<!-- \/ Yoast SEO plugin. -->","yoast_head_json":{"title":"Bl\u00fchender Naturpark \u2013 R\u00fcckblick Seminar Grabenunterhaltung in Bretzfeld - Naturpark Schw\u00e4bisch-Fr\u00e4nkischer Wald","robots":{"index":"index","follow":"follow","max-snippet":"max-snippet:-1","max-image-preview":"max-image-preview:large","max-video-preview":"max-video-preview:-1"},"canonical":"https:\/\/www.naturparkmagazin.de\/schwaebisch-fraenkischer-wald\/bluehender-naturpark-rueckblick-seminar-grabenunterhaltung-in-bretzfeld\/","og_locale":"de_DE","og_type":"article","og_title":"Bl\u00fchender Naturpark \u2013 R\u00fcckblick Seminar Grabenunterhaltung in Bretzfeld - Naturpark Schw\u00e4bisch-Fr\u00e4nkischer Wald","og_description":"Spannendes Seminar mit engagierten Referenten zum Arten- und Biotopschutz","og_url":"https:\/\/www.naturparkmagazin.de\/schwaebisch-fraenkischer-wald\/bluehender-naturpark-rueckblick-seminar-grabenunterhaltung-in-bretzfeld\/","og_site_name":"Naturpark Schw\u00e4bisch-Fr\u00e4nkischer Wald","article_author":"https:\/\/www.facebook.com\/naturparkSFW","article_published_time":"2020-10-16T11:29:02+00:00","article_modified_time":"2020-10-14T11:39:15+00:00","og_image":[{"width":200,"height":200,"url":"https:\/\/www.naturparkmagazin.de\/schwaebisch-fraenkischer-wald\/wp-content\/uploads\/sites\/34\/201006_NPSFW_Seminar_Grabenunterhaltung_Bretzfeld_Ruecker-29k.jpg","type":"image\/jpeg"}],"author":"Naturpark-Team","twitter_misc":{"Verfasst von":"Naturpark-Team","Gesch\u00e4tzte Lesezeit":"1\u00a0Minute"},"schema":{"@context":"https:\/\/schema.org","@graph":[{"@type":"WebPage","@id":"https:\/\/www.naturparkmagazin.de\/schwaebisch-fraenkischer-wald\/bluehender-naturpark-rueckblick-seminar-grabenunterhaltung-in-bretzfeld\/","url":"https:\/\/www.naturparkmagazin.de\/schwaebisch-fraenkischer-wald\/bluehender-naturpark-rueckblick-seminar-grabenunterhaltung-in-bretzfeld\/","name":"Bl\u00fchender Naturpark \u2013 R\u00fcckblick Seminar Grabenunterhaltung in Bretzfeld - Naturpark Schw\u00e4bisch-Fr\u00e4nkischer Wald","isPartOf":{"@id":"https:\/\/www.naturparkmagazin.de\/schwaebisch-fraenkischer-wald\/#website"},"datePublished":"2020-10-16T11:29:02+00:00","dateModified":"2020-10-14T11:39:15+00:00","author":{"@id":"https:\/\/www.naturparkmagazin.de\/schwaebisch-fraenkischer-wald\/#\/schema\/person\/f047a3702ae747fd7830cf8ac95e6066"},"breadcrumb":{"@id":"https:\/\/www.naturparkmagazin.de\/schwaebisch-fraenkischer-wald\/bluehender-naturpark-rueckblick-seminar-grabenunterhaltung-in-bretzfeld\/#breadcrumb"},"inLanguage":"de","potentialAction":[{"@type":"ReadAction","target":["https:\/\/www.naturparkmagazin.de\/schwaebisch-fraenkischer-wald\/bluehender-naturpark-rueckblick-seminar-grabenunterhaltung-in-bretzfeld\/"]}]},{"@type":"BreadcrumbList","@id":"https:\/\/www.naturparkmagazin.de\/schwaebisch-fraenkischer-wald\/bluehender-naturpark-rueckblick-seminar-grabenunterhaltung-in-bretzfeld\/#breadcrumb","itemListElement":[{"@type":"ListItem","position":1,"name":"Home","item":"https:\/\/www.naturparkmagazin.de\/schwaebisch-fraenkischer-wald\/"},{"@type":"ListItem","position":2,"name":"Bl\u00fchender Naturpark \u2013 R\u00fcckblick Seminar Grabenunterhaltung in Bretzfeld"}]},{"@type":"WebSite","@id":"https:\/\/www.naturparkmagazin.de\/schwaebisch-fraenkischer-wald\/#website","url":"https:\/\/www.naturparkmagazin.de\/schwaebisch-fraenkischer-wald\/","name":"Naturpark Schw\u00e4bisch-Fr\u00e4nkischer Wald","description":"","potentialAction":[{"@type":"SearchAction","target":{"@type":"EntryPoint","urlTemplate":"https:\/\/www.naturparkmagazin.de\/schwaebisch-fraenkischer-wald\/?s={search_term_string}"},"query-input":"required name=search_term_string"}],"inLanguage":"de"},{"@type":"Person","@id":"https:\/\/www.naturparkmagazin.de\/schwaebisch-fraenkischer-wald\/#\/schema\/person\/f047a3702ae747fd7830cf8ac95e6066","name":"Naturpark-Team","sameAs":["http:\/\/www.naturpark-sfw.de","https:\/\/www.facebook.com\/naturparkSFW"],"url":"https:\/\/www.naturparkmagazin.de\/schwaebisch-fraenkischer-wald\/author\/bernharddrixler\/"}]}},"_links":{"self":[{"href":"https:\/\/www.naturparkmagazin.de\/schwaebisch-fraenkischer-wald\/wp-json\/wp\/v2\/posts\/9154"}],"collection":[{"href":"https:\/\/www.naturparkmagazin.de\/schwaebisch-fraenkischer-wald\/wp-json\/wp\/v2\/posts"}],"about":[{"href":"https:\/\/www.naturparkmagazin.de\/schwaebisch-fraenkischer-wald\/wp-json\/wp\/v2\/types\/post"}],"author":[{"embeddable":true,"href":"https:\/\/www.naturparkmagazin.de\/schwaebisch-fraenkischer-wald\/wp-json\/wp\/v2\/users\/25"}],"replies":[{"embeddable":true,"href":"https:\/\/www.naturparkmagazin.de\/schwaebisch-fraenkischer-wald\/wp-json\/wp\/v2\/comments?post=9154"}],"version-history":[{"count":1,"href":"https:\/\/www.naturparkmagazin.de\/schwaebisch-fraenkischer-wald\/wp-json\/wp\/v2\/posts\/9154\/revisions"}],"predecessor-version":[{"id":9158,"href":"https:\/\/www.naturparkmagazin.de\/schwaebisch-fraenkischer-wald\/wp-json\/wp\/v2\/posts\/9154\/revisions\/9158"}],"wp:featuredmedia":[{"embeddable":true,"href":"https:\/\/www.naturparkmagazin.de\/schwaebisch-fraenkischer-wald\/wp-json\/wp\/v2\/media\/9157"}],"wp:attachment":[{"href":"https:\/\/www.naturparkmagazin.de\/schwaebisch-fraenkischer-wald\/wp-json\/wp\/v2\/media?parent=9154"}],"wp:term":[{"taxonomy":"category","embeddable":true,"href":"https:\/\/www.naturparkmagazin.de\/schwaebisch-fraenkischer-wald\/wp-json\/wp\/v2\/categories?post=9154"},{"taxonomy":"post_tag","embeddable":true,"href":"https:\/\/www.naturparkmagazin.de\/schwaebisch-fraenkischer-wald\/wp-json\/wp\/v2\/tags?post=9154"}],"curies":[{"name":"wp","href":"https:\/\/api.w.org\/{rel}","templated":true}]}}