{"id":9159,"date":"2020-10-16T13:40:07","date_gmt":"2020-10-16T11:40:07","guid":{"rendered":"https:\/\/www.naturparkmagazin.de\/schwaebisch-fraenkischer-wald\/?p=9159"},"modified":"2020-10-14T17:36:26","modified_gmt":"2020-10-14T15:36:26","slug":"erweiterung-des-carl-schweizer-museums-feierlich-eroeffnet","status":"publish","type":"post","link":"https:\/\/www.naturparkmagazin.de\/schwaebisch-fraenkischer-wald\/erweiterung-des-carl-schweizer-museums-feierlich-eroeffnet\/","title":{"rendered":"Erweiterung des Carl-Schweizer-Museums feierlich er\u00f6ffnet"},"content":{"rendered":"<p>Das <span style=\"color: #000000\"><a style=\"color: #000000;text-decoration: underline\" href=\"https:\/\/www.carl-schweizer-museum.de\/besucherinformation\/\" target=\"_blank\">Carl-Schweizer-Museum<\/a><\/span> ist DAS naturkundliche Museum f\u00fcr Murrhardt und den Naturpark Schw\u00e4bisch-Fr\u00e4nkischer Wald.<\/p>\n<p>Es wurde 1931 von den Pr\u00e4paratoren Carl und Egon Schweizer gegr\u00fcndet und wird bis in die heutige Zeit von deren Nachfahren in Familienbesitz gef\u00fchrt. Es ist als Museum mit Bildungsauftrag anerkannt und arbeitet im Verbund mit der Stadt Murrhardt als regionales und \u00f6rtliches Heimatmuseum.<\/p>\n<p>Zum 70-j\u00e4hrigen Jubil\u00e4um wurde im Oktober 2020 die Erweiterung des Museums um eine stadtgeschichtliche Abteilung in kleiner Runde in der Murrhardter Festhalle gefeiert. Anschlie\u00dfend folgte ein Rundgang durch das Museum in Begleitung des Rems-Murr Landrats Dr. Richard Sigel und des Murrhardter B\u00fcrgermeisters Armin M\u00f6ssner.<a href=\"https:\/\/www.naturparkmagazin.de\/schwaebisch-fraenkischer-wald\/wp-content\/uploads\/sites\/34\/CSM-Eroeffnung.jpg\"><img decoding=\"async\" loading=\"lazy\" class=\"alignright size-full wp-image-9164\" src=\"https:\/\/www.naturparkmagazin.de\/schwaebisch-fraenkischer-wald\/wp-content\/uploads\/sites\/34\/CSM-Eroeffnung.jpg\" alt=\"Feierstunde CSM neue Abteilung\" width=\"500\" height=\"300\" srcset=\"https:\/\/www.naturparkmagazin.de\/schwaebisch-fraenkischer-wald\/wp-content\/uploads\/sites\/34\/CSM-Eroeffnung.jpg 500w, https:\/\/www.naturparkmagazin.de\/schwaebisch-fraenkischer-wald\/wp-content\/uploads\/sites\/34\/CSM-Eroeffnung-300x180.jpg 300w, https:\/\/www.naturparkmagazin.de\/schwaebisch-fraenkischer-wald\/wp-content\/uploads\/sites\/34\/CSM-Eroeffnung-200x120.jpg 200w\" sizes=\"(max-width: 500px) 100vw, 500px\" \/><\/a><\/p>\n<p>Die Modernisierung und Erweiterung des Museums erfolgte im Rahmen eines LEADER F\u00f6rderprojekts. <a href=\"https:\/\/www.leader-schwaebischerwald.de\/index.php?id=3\" target=\"_blank\">Klicken Sie hier f\u00fcr weitere Informationen.<\/a><\/p>\n<p>Das Carl-Schweizer-Museum ist von Beginn an ein sehr guter Kooperationspartner des Naturparks. Wir w\u00fcnschen auch weiterhin viele interessierte Besucherinnen und Besucher!<\/p>\n<p>Klicken Sie hier f\u00fcr weitere Informationen: <a href=\"https:\/\/www.carl-schweizer-museum.de\/\" target=\"_blank\">Museums-Website<\/a> und <a href=\"https:\/\/www.facebook.com\/CarlSchweizerMuseum.de\/\" target=\"_blank\">Carl-Schweizer-Museum auf Facebook<\/a><\/p>\n<div>\n<p>Kontakt:<\/p>\n<\/div>\n<div>\n<div id=\"webcomponent_91c7b75d-4a11-4fe4-8731-d2ce1596ce0f_web\">\n<div>\n<div>CARL-SCHWEIZER-MUSEUM<\/div>\n<div>\n<div>Seegasse 36<\/div>\n<div>71540 Murrhardt<\/div>\n<\/div>\n<div>\n<div>Telefon: 071925402<\/div>\n<div>\u00a0Fax: 07192936188<\/div>\n<\/div>\n<div>E-Mail-Adresse: info@carl-schweizer-museum.de<\/div>\n<\/div>\n<\/div>\n<\/div>\n","protected":false},"excerpt":{"rendered":"<p>Neue stadtgeschichtliche Abteilung er\u00f6ffnet<\/p>\n","protected":false},"author":25,"featured_media":9165,"comment_status":"open","ping_status":"open","sticky":false,"template":"","format":"standard","meta":[],"categories":[8],"tags":[],"yoast_head":"<!-- This site is optimized with the Yoast SEO plugin v19.10 - https:\/\/yoast.com\/wordpress\/plugins\/seo\/ -->\n<title>Erweiterung des Carl-Schweizer-Museums feierlich er\u00f6ffnet - Naturpark Schw\u00e4bisch-Fr\u00e4nkischer Wald<\/title>\n<meta name=\"robots\" content=\"index, follow, max-snippet:-1, max-image-preview:large, max-video-preview:-1\" \/>\n<link rel=\"canonical\" href=\"https:\/\/www.naturparkmagazin.de\/schwaebisch-fraenkischer-wald\/erweiterung-des-carl-schweizer-museums-feierlich-eroeffnet\/\" \/>\n<meta property=\"og:locale\" content=\"de_DE\" \/>\n<meta property=\"og:type\" content=\"article\" \/>\n<meta property=\"og:title\" content=\"Erweiterung des Carl-Schweizer-Museums feierlich er\u00f6ffnet - Naturpark Schw\u00e4bisch-Fr\u00e4nkischer Wald\" \/>\n<meta property=\"og:description\" content=\"Neue stadtgeschichtliche Abteilung er\u00f6ffnet\" \/>\n<meta property=\"og:url\" content=\"https:\/\/www.naturparkmagazin.de\/schwaebisch-fraenkischer-wald\/erweiterung-des-carl-schweizer-museums-feierlich-eroeffnet\/\" \/>\n<meta property=\"og:site_name\" content=\"Naturpark Schw\u00e4bisch-Fr\u00e4nkischer Wald\" \/>\n<meta property=\"article:author\" content=\"https:\/\/www.facebook.com\/naturparkSFW\" \/>\n<meta property=\"article:published_time\" content=\"2020-10-16T11:40:07+00:00\" \/>\n<meta property=\"article:modified_time\" content=\"2020-10-14T15:36:26+00:00\" \/>\n<meta property=\"og:image\" content=\"https:\/\/www.naturparkmagazin.de\/schwaebisch-fraenkischer-wald\/wp-content\/uploads\/sites\/34\/CSM-Eroeffnung1.jpg\" \/>\n\t<meta property=\"og:image:width\" content=\"200\" \/>\n\t<meta property=\"og:image:height\" content=\"200\" \/>\n\t<meta property=\"og:image:type\" content=\"image\/jpeg\" \/>\n<meta name=\"author\" content=\"Naturpark-Team\" \/>\n<meta name=\"twitter:label1\" content=\"Verfasst von\" \/>\n\t<meta name=\"twitter:data1\" content=\"Naturpark-Team\" \/>\n\t<meta name=\"twitter:label2\" content=\"Gesch\u00e4tzte Lesezeit\" \/>\n\t<meta name=\"twitter:data2\" content=\"1\u00a0Minute\" \/>\n<script type=\"application\/ld+json\" class=\"yoast-schema-graph\">{\"@context\":\"https:\/\/schema.org\",\"@graph\":[{\"@type\":\"WebPage\",\"@id\":\"https:\/\/www.naturparkmagazin.de\/schwaebisch-fraenkischer-wald\/erweiterung-des-carl-schweizer-museums-feierlich-eroeffnet\/\",\"url\":\"https:\/\/www.naturparkmagazin.de\/schwaebisch-fraenkischer-wald\/erweiterung-des-carl-schweizer-museums-feierlich-eroeffnet\/\",\"name\":\"Erweiterung des Carl-Schweizer-Museums feierlich er\u00f6ffnet - Naturpark Schw\u00e4bisch-Fr\u00e4nkischer Wald\",\"isPartOf\":{\"@id\":\"https:\/\/www.naturparkmagazin.de\/schwaebisch-fraenkischer-wald\/#website\"},\"datePublished\":\"2020-10-16T11:40:07+00:00\",\"dateModified\":\"2020-10-14T15:36:26+00:00\",\"author\":{\"@id\":\"https:\/\/www.naturparkmagazin.de\/schwaebisch-fraenkischer-wald\/#\/schema\/person\/f047a3702ae747fd7830cf8ac95e6066\"},\"breadcrumb\":{\"@id\":\"https:\/\/www.naturparkmagazin.de\/schwaebisch-fraenkischer-wald\/erweiterung-des-carl-schweizer-museums-feierlich-eroeffnet\/#breadcrumb\"},\"inLanguage\":\"de\",\"potentialAction\":[{\"@type\":\"ReadAction\",\"target\":[\"https:\/\/www.naturparkmagazin.de\/schwaebisch-fraenkischer-wald\/erweiterung-des-carl-schweizer-museums-feierlich-eroeffnet\/\"]}]},{\"@type\":\"BreadcrumbList\",\"@id\":\"https:\/\/www.naturparkmagazin.de\/schwaebisch-fraenkischer-wald\/erweiterung-des-carl-schweizer-museums-feierlich-eroeffnet\/#breadcrumb\",\"itemListElement\":[{\"@type\":\"ListItem\",\"position\":1,\"name\":\"Home\",\"item\":\"https:\/\/www.naturparkmagazin.de\/schwaebisch-fraenkischer-wald\/\"},{\"@type\":\"ListItem\",\"position\":2,\"name\":\"Erweiterung des Carl-Schweizer-Museums feierlich er\u00f6ffnet\"}]},{\"@type\":\"WebSite\",\"@id\":\"https:\/\/www.naturparkmagazin.de\/schwaebisch-fraenkischer-wald\/#website\",\"url\":\"https:\/\/www.naturparkmagazin.de\/schwaebisch-fraenkischer-wald\/\",\"name\":\"Naturpark Schw\u00e4bisch-Fr\u00e4nkischer Wald\",\"description\":\"\",\"potentialAction\":[{\"@type\":\"SearchAction\",\"target\":{\"@type\":\"EntryPoint\",\"urlTemplate\":\"https:\/\/www.naturparkmagazin.de\/schwaebisch-fraenkischer-wald\/?s={search_term_string}\"},\"query-input\":\"required name=search_term_string\"}],\"inLanguage\":\"de\"},{\"@type\":\"Person\",\"@id\":\"https:\/\/www.naturparkmagazin.de\/schwaebisch-fraenkischer-wald\/#\/schema\/person\/f047a3702ae747fd7830cf8ac95e6066\",\"name\":\"Naturpark-Team\",\"sameAs\":[\"http:\/\/www.naturpark-sfw.de\",\"https:\/\/www.facebook.com\/naturparkSFW\"],\"url\":\"https:\/\/www.naturparkmagazin.de\/schwaebisch-fraenkischer-wald\/author\/bernharddrixler\/\"}]}<\/script>\n<!-- \/ Yoast SEO plugin. -->","yoast_head_json":{"title":"Erweiterung des Carl-Schweizer-Museums feierlich er\u00f6ffnet - Naturpark Schw\u00e4bisch-Fr\u00e4nkischer Wald","robots":{"index":"index","follow":"follow","max-snippet":"max-snippet:-1","max-image-preview":"max-image-preview:large","max-video-preview":"max-video-preview:-1"},"canonical":"https:\/\/www.naturparkmagazin.de\/schwaebisch-fraenkischer-wald\/erweiterung-des-carl-schweizer-museums-feierlich-eroeffnet\/","og_locale":"de_DE","og_type":"article","og_title":"Erweiterung des Carl-Schweizer-Museums feierlich er\u00f6ffnet - Naturpark Schw\u00e4bisch-Fr\u00e4nkischer Wald","og_description":"Neue stadtgeschichtliche Abteilung er\u00f6ffnet","og_url":"https:\/\/www.naturparkmagazin.de\/schwaebisch-fraenkischer-wald\/erweiterung-des-carl-schweizer-museums-feierlich-eroeffnet\/","og_site_name":"Naturpark Schw\u00e4bisch-Fr\u00e4nkischer Wald","article_author":"https:\/\/www.facebook.com\/naturparkSFW","article_published_time":"2020-10-16T11:40:07+00:00","article_modified_time":"2020-10-14T15:36:26+00:00","og_image":[{"width":200,"height":200,"url":"https:\/\/www.naturparkmagazin.de\/schwaebisch-fraenkischer-wald\/wp-content\/uploads\/sites\/34\/CSM-Eroeffnung1.jpg","type":"image\/jpeg"}],"author":"Naturpark-Team","twitter_misc":{"Verfasst von":"Naturpark-Team","Gesch\u00e4tzte Lesezeit":"1\u00a0Minute"},"schema":{"@context":"https:\/\/schema.org","@graph":[{"@type":"WebPage","@id":"https:\/\/www.naturparkmagazin.de\/schwaebisch-fraenkischer-wald\/erweiterung-des-carl-schweizer-museums-feierlich-eroeffnet\/","url":"https:\/\/www.naturparkmagazin.de\/schwaebisch-fraenkischer-wald\/erweiterung-des-carl-schweizer-museums-feierlich-eroeffnet\/","name":"Erweiterung des Carl-Schweizer-Museums feierlich er\u00f6ffnet - Naturpark Schw\u00e4bisch-Fr\u00e4nkischer Wald","isPartOf":{"@id":"https:\/\/www.naturparkmagazin.de\/schwaebisch-fraenkischer-wald\/#website"},"datePublished":"2020-10-16T11:40:07+00:00","dateModified":"2020-10-14T15:36:26+00:00","author":{"@id":"https:\/\/www.naturparkmagazin.de\/schwaebisch-fraenkischer-wald\/#\/schema\/person\/f047a3702ae747fd7830cf8ac95e6066"},"breadcrumb":{"@id":"https:\/\/www.naturparkmagazin.de\/schwaebisch-fraenkischer-wald\/erweiterung-des-carl-schweizer-museums-feierlich-eroeffnet\/#breadcrumb"},"inLanguage":"de","potentialAction":[{"@type":"ReadAction","target":["https:\/\/www.naturparkmagazin.de\/schwaebisch-fraenkischer-wald\/erweiterung-des-carl-schweizer-museums-feierlich-eroeffnet\/"]}]},{"@type":"BreadcrumbList","@id":"https:\/\/www.naturparkmagazin.de\/schwaebisch-fraenkischer-wald\/erweiterung-des-carl-schweizer-museums-feierlich-eroeffnet\/#breadcrumb","itemListElement":[{"@type":"ListItem","position":1,"name":"Home","item":"https:\/\/www.naturparkmagazin.de\/schwaebisch-fraenkischer-wald\/"},{"@type":"ListItem","position":2,"name":"Erweiterung des Carl-Schweizer-Museums feierlich er\u00f6ffnet"}]},{"@type":"WebSite","@id":"https:\/\/www.naturparkmagazin.de\/schwaebisch-fraenkischer-wald\/#website","url":"https:\/\/www.naturparkmagazin.de\/schwaebisch-fraenkischer-wald\/","name":"Naturpark Schw\u00e4bisch-Fr\u00e4nkischer Wald","description":"","potentialAction":[{"@type":"SearchAction","target":{"@type":"EntryPoint","urlTemplate":"https:\/\/www.naturparkmagazin.de\/schwaebisch-fraenkischer-wald\/?s={search_term_string}"},"query-input":"required name=search_term_string"}],"inLanguage":"de"},{"@type":"Person","@id":"https:\/\/www.naturparkmagazin.de\/schwaebisch-fraenkischer-wald\/#\/schema\/person\/f047a3702ae747fd7830cf8ac95e6066","name":"Naturpark-Team","sameAs":["http:\/\/www.naturpark-sfw.de","https:\/\/www.facebook.com\/naturparkSFW"],"url":"https:\/\/www.naturparkmagazin.de\/schwaebisch-fraenkischer-wald\/author\/bernharddrixler\/"}]}},"_links":{"self":[{"href":"https:\/\/www.naturparkmagazin.de\/schwaebisch-fraenkischer-wald\/wp-json\/wp\/v2\/posts\/9159"}],"collection":[{"href":"https:\/\/www.naturparkmagazin.de\/schwaebisch-fraenkischer-wald\/wp-json\/wp\/v2\/posts"}],"about":[{"href":"https:\/\/www.naturparkmagazin.de\/schwaebisch-fraenkischer-wald\/wp-json\/wp\/v2\/types\/post"}],"author":[{"embeddable":true,"href":"https:\/\/www.naturparkmagazin.de\/schwaebisch-fraenkischer-wald\/wp-json\/wp\/v2\/users\/25"}],"replies":[{"embeddable":true,"href":"https:\/\/www.naturparkmagazin.de\/schwaebisch-fraenkischer-wald\/wp-json\/wp\/v2\/comments?post=9159"}],"version-history":[{"count":5,"href":"https:\/\/www.naturparkmagazin.de\/schwaebisch-fraenkischer-wald\/wp-json\/wp\/v2\/posts\/9159\/revisions"}],"predecessor-version":[{"id":9166,"href":"https:\/\/www.naturparkmagazin.de\/schwaebisch-fraenkischer-wald\/wp-json\/wp\/v2\/posts\/9159\/revisions\/9166"}],"wp:featuredmedia":[{"embeddable":true,"href":"https:\/\/www.naturparkmagazin.de\/schwaebisch-fraenkischer-wald\/wp-json\/wp\/v2\/media\/9165"}],"wp:attachment":[{"href":"https:\/\/www.naturparkmagazin.de\/schwaebisch-fraenkischer-wald\/wp-json\/wp\/v2\/media?parent=9159"}],"wp:term":[{"taxonomy":"category","embeddable":true,"href":"https:\/\/www.naturparkmagazin.de\/schwaebisch-fraenkischer-wald\/wp-json\/wp\/v2\/categories?post=9159"},{"taxonomy":"post_tag","embeddable":true,"href":"https:\/\/www.naturparkmagazin.de\/schwaebisch-fraenkischer-wald\/wp-json\/wp\/v2\/tags?post=9159"}],"curies":[{"name":"wp","href":"https:\/\/api.w.org\/{rel}","templated":true}]}}