{"id":9173,"date":"2020-10-16T17:50:05","date_gmt":"2020-10-16T15:50:05","guid":{"rendered":"https:\/\/www.naturparkmagazin.de\/schwaebisch-fraenkischer-wald\/?p=9173"},"modified":"2020-10-14T17:55:02","modified_gmt":"2020-10-14T15:55:02","slug":"wildblumenwiesen-des-projekts-bluehende-naturparke-immer-artenreicher","status":"publish","type":"post","link":"https:\/\/www.naturparkmagazin.de\/schwaebisch-fraenkischer-wald\/wildblumenwiesen-des-projekts-bluehende-naturparke-immer-artenreicher\/","title":{"rendered":"Wildblumenwiesen des Projekts Bl\u00fchende Naturparke immer artenreicher"},"content":{"rendered":"<p>Diesen Sommer konnte zum zweiten Mal durch eine fachliche Hilfskraft der Universit\u00e4t T\u00fcbingen auf insgesamt 24 Fl\u00e4chen des Projekts Bl\u00fchende Naturparke \u00fcberpr\u00fcft werden, wie gut sich die Pflanzenbest\u00e4nde entwickelt haben. Die Ergebnisse zeigen, dass das Projekt sein Ziel, biodiverse, mehrj\u00e4hrige Pflanzenbest\u00e4nde zu schaffen, gut erreicht.<a href=\"https:\/\/www.naturparkmagazin.de\/schwaebisch-fraenkischer-wald\/wp-content\/uploads\/sites\/34\/2020_10_Bluehende_NPBW_Evaluation_2.jpg\"><img decoding=\"async\" loading=\"lazy\" class=\"alignright wp-image-9174 size-full\" src=\"https:\/\/www.naturparkmagazin.de\/schwaebisch-fraenkischer-wald\/wp-content\/uploads\/sites\/34\/2020_10_Bluehende_NPBW_Evaluation_2.jpg\" alt=\"Wildblumenwiesen des Projekts Bl\u00fchende Naturparke immer artenreicher\" width=\"500\" height=\"300\" srcset=\"https:\/\/www.naturparkmagazin.de\/schwaebisch-fraenkischer-wald\/wp-content\/uploads\/sites\/34\/2020_10_Bluehende_NPBW_Evaluation_2.jpg 500w, https:\/\/www.naturparkmagazin.de\/schwaebisch-fraenkischer-wald\/wp-content\/uploads\/sites\/34\/2020_10_Bluehende_NPBW_Evaluation_2-300x180.jpg 300w, https:\/\/www.naturparkmagazin.de\/schwaebisch-fraenkischer-wald\/wp-content\/uploads\/sites\/34\/2020_10_Bluehende_NPBW_Evaluation_2-200x120.jpg 200w\" sizes=\"(max-width: 500px) 100vw, 500px\" \/><\/a>\n<strong>Wie wird untersucht?<\/strong>\nBei jedem Fl\u00e4chenbesuch wurde zun\u00e4chst die Gesamtdeckung der Fl\u00e4che gesch\u00e4tzt. Bei den Begehungen wurde dann eine Diagonale durch die Fl\u00e4che gezogen. Beidseitig der Linie wurde die vorhandene Artenanzahl protokolliert. Dabei wurde zum einen nach den als Saatgut ausgebrachten Pflanzenarten Ausschau gehalten und zum anderen das Vorhandensein weiterer Arten protokolliert. Zur Protokollierung weiterer Arten, wurde die vom Ministerium f\u00fcr L\u00e4ndlichen Raum und Verbraucherschutz ver\u00f6ffentlichten Liste der Kennarten des artenreichen Gr\u00fcnlands genutzt. In einem Quadratmeter wurden anschlie\u00dfend die genaue Individuenzahl dieser Pflanzen bestimmt. So liegen nun Daten der Gesamtdeckung, der Artenanzahl und der Individuenzahl auf 20 Fl\u00e4chen f\u00fcr das Jahr 2019 und 2020 vor. Vier weitere Fl\u00e4chen konnten dieses Jahr mit aufgenommen werden, aufgrund der fehlenden Daten aus dem Vorjahr, kann die Fl\u00e4chenentwicklung jedoch nicht bewertet werden.\n<strong>Die Ergebnisse?<\/strong>\nDie Gesamtdeckung ist auf den Fl\u00e4chen im Durchschnitt mit 87% konstant geblieben. Da viele Insekten (v.a. Wildbienen) auf offene Bodenstellen angewiesen sind, ist eine geschlossene Pflanzendecke auf den Fl\u00e4chen nicht anzustreben. Die Artenzahl ist durchschnittliche von 12 auf 24 Arten pro Fl\u00e4che stark angestiegen. Mehrj\u00e4hrige, gebietsheimische Pflanzenarten brauchen oft einige Jahre, bis sie sich auf der Fl\u00e4che etabliert haben. Die Ergebnisse unterstreichen diesen Prozess. Auch die Individuendichte ist durchschnittlich von 61 auf 77 Arten pro Quadratmeter gestiegen. Die Ergebnisse best\u00e4tigen eine positive Entwicklung der \u00fcberpr\u00fcften Fl\u00e4chen.<\/p>\n<p>Dieses Projekt wurde im Rahmen des Sonderprogramms des Landes zur St\u00e4rkung der biologischen Vielfalt mit Mitteln des Landes Baden-\nW\u00fcrttemberg gef\u00f6rdert.<\/p>\n<p><strong>Mehr Informationen:<\/strong>\nDie sieben Naturparke Baden-W\u00fcrttembergs engagieren sich im Rahmen des Projekts Bl\u00fchende Naturparke f\u00fcr den Insektenschutz, indem Wiesen durch Pflegeumstellungen oder Neuansaaten mit gebietsheimischem Saatgut wieder artenreicher werden und Insekten Lebensraum, Nahrungsquellen und \u00dcberwinterungsm\u00f6glichkeiten bieten.\nWeitere Informationen, auch zur Projektteilnahme, erhalten Sie bei Ihrem Naturpark oder unter <a href=\"http:\/\/bluehende-naturparke.de\" target=\"_blank\">bluehende-naturparke.de<\/a>.\nAnsprechpartnerin:\nProjektmanagement Bl\u00fchende Naturparke, Julia Mack\nc\/o Naturpark Schwarzwald Mitte\/Nord\nMail: info@bluehende-naturparke.de\nLisa-Marie Funke\nProjektmanagerin Naturpark Schw\u00e4bisch-Fr\u00e4nkischer Wald\nMail: lisa-marie.funke@naturpark-sfw.de<\/p>\n","protected":false},"excerpt":{"rendered":"<p>Projekt schafft biodiverse, mehrj\u00e4hrige Pflanzenbest\u00e4nde<\/p>\n","protected":false},"author":25,"featured_media":9175,"comment_status":"open","ping_status":"open","sticky":false,"template":"","format":"standard","meta":[],"categories":[617],"tags":[],"yoast_head":"<!-- This site is optimized with the Yoast SEO plugin v19.10 - https:\/\/yoast.com\/wordpress\/plugins\/seo\/ -->\n<title>Wildblumenwiesen des Projekts Bl\u00fchende Naturparke immer artenreicher - Naturpark Schw\u00e4bisch-Fr\u00e4nkischer Wald<\/title>\n<meta name=\"robots\" content=\"index, follow, max-snippet:-1, max-image-preview:large, max-video-preview:-1\" \/>\n<link rel=\"canonical\" href=\"https:\/\/www.naturparkmagazin.de\/schwaebisch-fraenkischer-wald\/wildblumenwiesen-des-projekts-bluehende-naturparke-immer-artenreicher\/\" \/>\n<meta property=\"og:locale\" content=\"de_DE\" \/>\n<meta property=\"og:type\" content=\"article\" \/>\n<meta property=\"og:title\" content=\"Wildblumenwiesen des Projekts Bl\u00fchende Naturparke immer artenreicher - Naturpark Schw\u00e4bisch-Fr\u00e4nkischer Wald\" \/>\n<meta property=\"og:description\" content=\"Projekt schafft biodiverse, mehrj\u00e4hrige Pflanzenbest\u00e4nde\" \/>\n<meta property=\"og:url\" content=\"https:\/\/www.naturparkmagazin.de\/schwaebisch-fraenkischer-wald\/wildblumenwiesen-des-projekts-bluehende-naturparke-immer-artenreicher\/\" \/>\n<meta property=\"og:site_name\" content=\"Naturpark Schw\u00e4bisch-Fr\u00e4nkischer Wald\" \/>\n<meta property=\"article:author\" content=\"https:\/\/www.facebook.com\/naturparkSFW\" \/>\n<meta property=\"article:published_time\" content=\"2020-10-16T15:50:05+00:00\" \/>\n<meta property=\"article:modified_time\" content=\"2020-10-14T15:55:02+00:00\" \/>\n<meta property=\"og:image\" content=\"https:\/\/www.naturparkmagazin.de\/schwaebisch-fraenkischer-wald\/wp-content\/uploads\/sites\/34\/2020_10_Bluehende_NPBW_Evaluation_21.jpg\" \/>\n\t<meta property=\"og:image:width\" content=\"200\" \/>\n\t<meta property=\"og:image:height\" content=\"200\" \/>\n\t<meta property=\"og:image:type\" content=\"image\/jpeg\" \/>\n<meta name=\"author\" content=\"Naturpark-Team\" \/>\n<meta name=\"twitter:label1\" content=\"Verfasst von\" \/>\n\t<meta name=\"twitter:data1\" content=\"Naturpark-Team\" \/>\n\t<meta name=\"twitter:label2\" content=\"Gesch\u00e4tzte Lesezeit\" \/>\n\t<meta name=\"twitter:data2\" content=\"2\u00a0Minuten\" \/>\n<script type=\"application\/ld+json\" class=\"yoast-schema-graph\">{\"@context\":\"https:\/\/schema.org\",\"@graph\":[{\"@type\":\"WebPage\",\"@id\":\"https:\/\/www.naturparkmagazin.de\/schwaebisch-fraenkischer-wald\/wildblumenwiesen-des-projekts-bluehende-naturparke-immer-artenreicher\/\",\"url\":\"https:\/\/www.naturparkmagazin.de\/schwaebisch-fraenkischer-wald\/wildblumenwiesen-des-projekts-bluehende-naturparke-immer-artenreicher\/\",\"name\":\"Wildblumenwiesen des Projekts Bl\u00fchende Naturparke immer artenreicher - Naturpark Schw\u00e4bisch-Fr\u00e4nkischer Wald\",\"isPartOf\":{\"@id\":\"https:\/\/www.naturparkmagazin.de\/schwaebisch-fraenkischer-wald\/#website\"},\"datePublished\":\"2020-10-16T15:50:05+00:00\",\"dateModified\":\"2020-10-14T15:55:02+00:00\",\"author\":{\"@id\":\"https:\/\/www.naturparkmagazin.de\/schwaebisch-fraenkischer-wald\/#\/schema\/person\/f047a3702ae747fd7830cf8ac95e6066\"},\"breadcrumb\":{\"@id\":\"https:\/\/www.naturparkmagazin.de\/schwaebisch-fraenkischer-wald\/wildblumenwiesen-des-projekts-bluehende-naturparke-immer-artenreicher\/#breadcrumb\"},\"inLanguage\":\"de\",\"potentialAction\":[{\"@type\":\"ReadAction\",\"target\":[\"https:\/\/www.naturparkmagazin.de\/schwaebisch-fraenkischer-wald\/wildblumenwiesen-des-projekts-bluehende-naturparke-immer-artenreicher\/\"]}]},{\"@type\":\"BreadcrumbList\",\"@id\":\"https:\/\/www.naturparkmagazin.de\/schwaebisch-fraenkischer-wald\/wildblumenwiesen-des-projekts-bluehende-naturparke-immer-artenreicher\/#breadcrumb\",\"itemListElement\":[{\"@type\":\"ListItem\",\"position\":1,\"name\":\"Home\",\"item\":\"https:\/\/www.naturparkmagazin.de\/schwaebisch-fraenkischer-wald\/\"},{\"@type\":\"ListItem\",\"position\":2,\"name\":\"Wildblumenwiesen des Projekts Bl\u00fchende Naturparke immer artenreicher\"}]},{\"@type\":\"WebSite\",\"@id\":\"https:\/\/www.naturparkmagazin.de\/schwaebisch-fraenkischer-wald\/#website\",\"url\":\"https:\/\/www.naturparkmagazin.de\/schwaebisch-fraenkischer-wald\/\",\"name\":\"Naturpark Schw\u00e4bisch-Fr\u00e4nkischer Wald\",\"description\":\"\",\"potentialAction\":[{\"@type\":\"SearchAction\",\"target\":{\"@type\":\"EntryPoint\",\"urlTemplate\":\"https:\/\/www.naturparkmagazin.de\/schwaebisch-fraenkischer-wald\/?s={search_term_string}\"},\"query-input\":\"required name=search_term_string\"}],\"inLanguage\":\"de\"},{\"@type\":\"Person\",\"@id\":\"https:\/\/www.naturparkmagazin.de\/schwaebisch-fraenkischer-wald\/#\/schema\/person\/f047a3702ae747fd7830cf8ac95e6066\",\"name\":\"Naturpark-Team\",\"sameAs\":[\"http:\/\/www.naturpark-sfw.de\",\"https:\/\/www.facebook.com\/naturparkSFW\"],\"url\":\"https:\/\/www.naturparkmagazin.de\/schwaebisch-fraenkischer-wald\/author\/bernharddrixler\/\"}]}<\/script>\n<!-- \/ Yoast SEO plugin. -->","yoast_head_json":{"title":"Wildblumenwiesen des Projekts Bl\u00fchende Naturparke immer artenreicher - Naturpark Schw\u00e4bisch-Fr\u00e4nkischer Wald","robots":{"index":"index","follow":"follow","max-snippet":"max-snippet:-1","max-image-preview":"max-image-preview:large","max-video-preview":"max-video-preview:-1"},"canonical":"https:\/\/www.naturparkmagazin.de\/schwaebisch-fraenkischer-wald\/wildblumenwiesen-des-projekts-bluehende-naturparke-immer-artenreicher\/","og_locale":"de_DE","og_type":"article","og_title":"Wildblumenwiesen des Projekts Bl\u00fchende Naturparke immer artenreicher - Naturpark Schw\u00e4bisch-Fr\u00e4nkischer Wald","og_description":"Projekt schafft biodiverse, mehrj\u00e4hrige Pflanzenbest\u00e4nde","og_url":"https:\/\/www.naturparkmagazin.de\/schwaebisch-fraenkischer-wald\/wildblumenwiesen-des-projekts-bluehende-naturparke-immer-artenreicher\/","og_site_name":"Naturpark Schw\u00e4bisch-Fr\u00e4nkischer Wald","article_author":"https:\/\/www.facebook.com\/naturparkSFW","article_published_time":"2020-10-16T15:50:05+00:00","article_modified_time":"2020-10-14T15:55:02+00:00","og_image":[{"width":200,"height":200,"url":"https:\/\/www.naturparkmagazin.de\/schwaebisch-fraenkischer-wald\/wp-content\/uploads\/sites\/34\/2020_10_Bluehende_NPBW_Evaluation_21.jpg","type":"image\/jpeg"}],"author":"Naturpark-Team","twitter_misc":{"Verfasst von":"Naturpark-Team","Gesch\u00e4tzte Lesezeit":"2\u00a0Minuten"},"schema":{"@context":"https:\/\/schema.org","@graph":[{"@type":"WebPage","@id":"https:\/\/www.naturparkmagazin.de\/schwaebisch-fraenkischer-wald\/wildblumenwiesen-des-projekts-bluehende-naturparke-immer-artenreicher\/","url":"https:\/\/www.naturparkmagazin.de\/schwaebisch-fraenkischer-wald\/wildblumenwiesen-des-projekts-bluehende-naturparke-immer-artenreicher\/","name":"Wildblumenwiesen des Projekts Bl\u00fchende Naturparke immer artenreicher - Naturpark Schw\u00e4bisch-Fr\u00e4nkischer Wald","isPartOf":{"@id":"https:\/\/www.naturparkmagazin.de\/schwaebisch-fraenkischer-wald\/#website"},"datePublished":"2020-10-16T15:50:05+00:00","dateModified":"2020-10-14T15:55:02+00:00","author":{"@id":"https:\/\/www.naturparkmagazin.de\/schwaebisch-fraenkischer-wald\/#\/schema\/person\/f047a3702ae747fd7830cf8ac95e6066"},"breadcrumb":{"@id":"https:\/\/www.naturparkmagazin.de\/schwaebisch-fraenkischer-wald\/wildblumenwiesen-des-projekts-bluehende-naturparke-immer-artenreicher\/#breadcrumb"},"inLanguage":"de","potentialAction":[{"@type":"ReadAction","target":["https:\/\/www.naturparkmagazin.de\/schwaebisch-fraenkischer-wald\/wildblumenwiesen-des-projekts-bluehende-naturparke-immer-artenreicher\/"]}]},{"@type":"BreadcrumbList","@id":"https:\/\/www.naturparkmagazin.de\/schwaebisch-fraenkischer-wald\/wildblumenwiesen-des-projekts-bluehende-naturparke-immer-artenreicher\/#breadcrumb","itemListElement":[{"@type":"ListItem","position":1,"name":"Home","item":"https:\/\/www.naturparkmagazin.de\/schwaebisch-fraenkischer-wald\/"},{"@type":"ListItem","position":2,"name":"Wildblumenwiesen des Projekts Bl\u00fchende Naturparke immer artenreicher"}]},{"@type":"WebSite","@id":"https:\/\/www.naturparkmagazin.de\/schwaebisch-fraenkischer-wald\/#website","url":"https:\/\/www.naturparkmagazin.de\/schwaebisch-fraenkischer-wald\/","name":"Naturpark Schw\u00e4bisch-Fr\u00e4nkischer Wald","description":"","potentialAction":[{"@type":"SearchAction","target":{"@type":"EntryPoint","urlTemplate":"https:\/\/www.naturparkmagazin.de\/schwaebisch-fraenkischer-wald\/?s={search_term_string}"},"query-input":"required name=search_term_string"}],"inLanguage":"de"},{"@type":"Person","@id":"https:\/\/www.naturparkmagazin.de\/schwaebisch-fraenkischer-wald\/#\/schema\/person\/f047a3702ae747fd7830cf8ac95e6066","name":"Naturpark-Team","sameAs":["http:\/\/www.naturpark-sfw.de","https:\/\/www.facebook.com\/naturparkSFW"],"url":"https:\/\/www.naturparkmagazin.de\/schwaebisch-fraenkischer-wald\/author\/bernharddrixler\/"}]}},"_links":{"self":[{"href":"https:\/\/www.naturparkmagazin.de\/schwaebisch-fraenkischer-wald\/wp-json\/wp\/v2\/posts\/9173"}],"collection":[{"href":"https:\/\/www.naturparkmagazin.de\/schwaebisch-fraenkischer-wald\/wp-json\/wp\/v2\/posts"}],"about":[{"href":"https:\/\/www.naturparkmagazin.de\/schwaebisch-fraenkischer-wald\/wp-json\/wp\/v2\/types\/post"}],"author":[{"embeddable":true,"href":"https:\/\/www.naturparkmagazin.de\/schwaebisch-fraenkischer-wald\/wp-json\/wp\/v2\/users\/25"}],"replies":[{"embeddable":true,"href":"https:\/\/www.naturparkmagazin.de\/schwaebisch-fraenkischer-wald\/wp-json\/wp\/v2\/comments?post=9173"}],"version-history":[{"count":2,"href":"https:\/\/www.naturparkmagazin.de\/schwaebisch-fraenkischer-wald\/wp-json\/wp\/v2\/posts\/9173\/revisions"}],"predecessor-version":[{"id":9177,"href":"https:\/\/www.naturparkmagazin.de\/schwaebisch-fraenkischer-wald\/wp-json\/wp\/v2\/posts\/9173\/revisions\/9177"}],"wp:featuredmedia":[{"embeddable":true,"href":"https:\/\/www.naturparkmagazin.de\/schwaebisch-fraenkischer-wald\/wp-json\/wp\/v2\/media\/9175"}],"wp:attachment":[{"href":"https:\/\/www.naturparkmagazin.de\/schwaebisch-fraenkischer-wald\/wp-json\/wp\/v2\/media?parent=9173"}],"wp:term":[{"taxonomy":"category","embeddable":true,"href":"https:\/\/www.naturparkmagazin.de\/schwaebisch-fraenkischer-wald\/wp-json\/wp\/v2\/categories?post=9173"},{"taxonomy":"post_tag","embeddable":true,"href":"https:\/\/www.naturparkmagazin.de\/schwaebisch-fraenkischer-wald\/wp-json\/wp\/v2\/tags?post=9173"}],"curies":[{"name":"wp","href":"https:\/\/api.w.org\/{rel}","templated":true}]}}