{"id":919,"date":"2014-07-18T11:58:41","date_gmt":"2014-07-18T09:58:41","guid":{"rendered":"http:\/\/www.naturparkmagazin.de\/schwaebisch-fraenkischer-wald\/?p=919"},"modified":"2014-07-29T13:53:47","modified_gmt":"2014-07-29T11:53:47","slug":"erfahrungsfeld-der-sinne-eins-alles","status":"publish","type":"post","link":"https:\/\/www.naturparkmagazin.de\/schwaebisch-fraenkischer-wald\/erfahrungsfeld-der-sinne-eins-alles\/","title":{"rendered":"Erfahrungsfeld der Sinne Eins + Alles"},"content":{"rendered":"<p><strong>M\u00e4rchen und Mythen \u2013 im Rahmen der Veranstaltungsreihe&#8220; Garten Eden&#8220; im Erfahrungsfeld der &#8222;Sinne Eins und Alles&#8220; in der Laufenm\u00fchle in Welzheim<\/strong><b>\n<\/b><\/p>\n<p>&nbsp;<\/p>\n<p>In Kooperation mit dem Naturpark Schw\u00e4bisch-Fr\u00e4nkischer Wald veranstaltet das Erfahrungsfeld der Sinne &#8220; Eins und Alles&#8220; Workshops zum Thema &#8222;Garten Eden&#8220;.<\/p>\n<p>Jeder Mensch hat eigene Bilder zum Thema Garten Eden. Was allen eigen ist, ist der Bezug zur Natur. Unsere nat\u00fcrliche Heimat bietet Vielfalt auf kleinstem Raum, die in dieser Veranstaltung erlebbar werden soll. Mit Gedichten, M\u00e4rchen, Mythen und Legenden und spielerischen Aktionen entdecken wir die R\u00e4ume des \u201eGarten Edens\u201c.<\/p>\n<p>U. a. mit den Dichtern Eduard M\u00f6rike und Justinus Kerner, welcher in Welzheim gelebt und gewirkt hatte, machen wir uns am Nachmittag des <strong>1.8. 2014<\/strong> auf den Weg. Literarische Einlagen bilden den Ausgangspunkt f\u00fcr unterschiedlichste sinnliche Ausfl\u00fcge an verschiedenen Stationen im Welzheimer Wald.<\/p>\n<p>Rosen und zahlreiche andere Bewohner des \u201eGarten Edens\u201c spielen bei diesem Rundgang die Hauptrolle. Gedichte, Legenden und M\u00e4rchen werden verkn\u00fcpft mit passenden Musikst\u00fccken aus verschiedenen Epochen.<\/p>\n<p>&nbsp;<\/p>\n<p>Termin: <b>01.08.2014<\/b>.<\/p>\n<p>Hierbei handelt es sich um ein offenes, kostenloses Angebot, Beginn: 15 Uhr<\/p>\n<p>Vortragende:<\/p>\n<p>Rezitatorin und M\u00e4rchenerz\u00e4hlerin: Petra Horter<\/p>\n<p>Musikalische Begleitung: Elke Kn\u00f6tzele<\/p>\n<p>&nbsp;<\/p>\n","protected":false},"excerpt":{"rendered":"<p>In Kooperation mit dem Naturpark Schw\u00e4bisch-Fr\u00e4nkischer Wald veranstaltet das &#8222;Erfahrungsfeld der Sinne&#8220; am 1. August einen Workshop zum Thema &#8222;Garten Eden&#8220;. <\/p>\n","protected":false},"author":25,"featured_media":920,"comment_status":"open","ping_status":"open","sticky":false,"template":"","format":"standard","meta":[],"categories":[11],"tags":[],"yoast_head":"<!-- This site is optimized with the Yoast SEO plugin v19.10 - https:\/\/yoast.com\/wordpress\/plugins\/seo\/ -->\n<title>Erfahrungsfeld der Sinne Eins + Alles  - Naturpark Schw\u00e4bisch-Fr\u00e4nkischer Wald<\/title>\n<meta name=\"robots\" content=\"index, follow, max-snippet:-1, max-image-preview:large, max-video-preview:-1\" \/>\n<link rel=\"canonical\" href=\"https:\/\/www.naturparkmagazin.de\/schwaebisch-fraenkischer-wald\/erfahrungsfeld-der-sinne-eins-alles\/\" \/>\n<meta property=\"og:locale\" content=\"de_DE\" \/>\n<meta property=\"og:type\" content=\"article\" \/>\n<meta property=\"og:title\" content=\"Erfahrungsfeld der Sinne Eins + Alles  - Naturpark Schw\u00e4bisch-Fr\u00e4nkischer Wald\" \/>\n<meta property=\"og:description\" content=\"In Kooperation mit dem Naturpark Schw\u00e4bisch-Fr\u00e4nkischer Wald veranstaltet das &quot;Erfahrungsfeld der Sinne&quot; am 1. August einen Workshop zum Thema &quot;Garten Eden&quot;.\" \/>\n<meta property=\"og:url\" content=\"https:\/\/www.naturparkmagazin.de\/schwaebisch-fraenkischer-wald\/erfahrungsfeld-der-sinne-eins-alles\/\" \/>\n<meta property=\"og:site_name\" content=\"Naturpark Schw\u00e4bisch-Fr\u00e4nkischer Wald\" \/>\n<meta property=\"article:author\" content=\"https:\/\/www.facebook.com\/naturparkSFW\" \/>\n<meta property=\"article:published_time\" content=\"2014-07-18T09:58:41+00:00\" \/>\n<meta property=\"article:modified_time\" content=\"2014-07-29T11:53:47+00:00\" \/>\n<meta property=\"og:image\" content=\"https:\/\/www.naturparkmagazin.de\/schwaebisch-fraenkischer-wald\/wp-content\/uploads\/sites\/34\/TitelGartenEden_NaturPark2014Druck.jpg\" \/>\n\t<meta property=\"og:image:width\" content=\"1179\" \/>\n\t<meta property=\"og:image:height\" content=\"2486\" \/>\n\t<meta property=\"og:image:type\" content=\"image\/jpeg\" \/>\n<meta name=\"author\" content=\"Naturpark-Team\" \/>\n<meta name=\"twitter:label1\" content=\"Verfasst von\" \/>\n\t<meta name=\"twitter:data1\" content=\"Naturpark-Team\" \/>\n\t<meta name=\"twitter:label2\" content=\"Gesch\u00e4tzte Lesezeit\" \/>\n\t<meta name=\"twitter:data2\" content=\"1\u00a0Minute\" \/>\n<script type=\"application\/ld+json\" class=\"yoast-schema-graph\">{\"@context\":\"https:\/\/schema.org\",\"@graph\":[{\"@type\":\"WebPage\",\"@id\":\"https:\/\/www.naturparkmagazin.de\/schwaebisch-fraenkischer-wald\/erfahrungsfeld-der-sinne-eins-alles\/\",\"url\":\"https:\/\/www.naturparkmagazin.de\/schwaebisch-fraenkischer-wald\/erfahrungsfeld-der-sinne-eins-alles\/\",\"name\":\"Erfahrungsfeld der Sinne Eins + Alles - Naturpark Schw\u00e4bisch-Fr\u00e4nkischer Wald\",\"isPartOf\":{\"@id\":\"https:\/\/www.naturparkmagazin.de\/schwaebisch-fraenkischer-wald\/#website\"},\"datePublished\":\"2014-07-18T09:58:41+00:00\",\"dateModified\":\"2014-07-29T11:53:47+00:00\",\"author\":{\"@id\":\"https:\/\/www.naturparkmagazin.de\/schwaebisch-fraenkischer-wald\/#\/schema\/person\/f047a3702ae747fd7830cf8ac95e6066\"},\"breadcrumb\":{\"@id\":\"https:\/\/www.naturparkmagazin.de\/schwaebisch-fraenkischer-wald\/erfahrungsfeld-der-sinne-eins-alles\/#breadcrumb\"},\"inLanguage\":\"de\",\"potentialAction\":[{\"@type\":\"ReadAction\",\"target\":[\"https:\/\/www.naturparkmagazin.de\/schwaebisch-fraenkischer-wald\/erfahrungsfeld-der-sinne-eins-alles\/\"]}]},{\"@type\":\"BreadcrumbList\",\"@id\":\"https:\/\/www.naturparkmagazin.de\/schwaebisch-fraenkischer-wald\/erfahrungsfeld-der-sinne-eins-alles\/#breadcrumb\",\"itemListElement\":[{\"@type\":\"ListItem\",\"position\":1,\"name\":\"Home\",\"item\":\"https:\/\/www.naturparkmagazin.de\/schwaebisch-fraenkischer-wald\/\"},{\"@type\":\"ListItem\",\"position\":2,\"name\":\"Erfahrungsfeld der Sinne Eins + Alles\"}]},{\"@type\":\"WebSite\",\"@id\":\"https:\/\/www.naturparkmagazin.de\/schwaebisch-fraenkischer-wald\/#website\",\"url\":\"https:\/\/www.naturparkmagazin.de\/schwaebisch-fraenkischer-wald\/\",\"name\":\"Naturpark Schw\u00e4bisch-Fr\u00e4nkischer Wald\",\"description\":\"\",\"potentialAction\":[{\"@type\":\"SearchAction\",\"target\":{\"@type\":\"EntryPoint\",\"urlTemplate\":\"https:\/\/www.naturparkmagazin.de\/schwaebisch-fraenkischer-wald\/?s={search_term_string}\"},\"query-input\":\"required name=search_term_string\"}],\"inLanguage\":\"de\"},{\"@type\":\"Person\",\"@id\":\"https:\/\/www.naturparkmagazin.de\/schwaebisch-fraenkischer-wald\/#\/schema\/person\/f047a3702ae747fd7830cf8ac95e6066\",\"name\":\"Naturpark-Team\",\"sameAs\":[\"http:\/\/www.naturpark-sfw.de\",\"https:\/\/www.facebook.com\/naturparkSFW\"],\"url\":\"https:\/\/www.naturparkmagazin.de\/schwaebisch-fraenkischer-wald\/author\/bernharddrixler\/\"}]}<\/script>\n<!-- \/ Yoast SEO plugin. -->","yoast_head_json":{"title":"Erfahrungsfeld der Sinne Eins + Alles  - Naturpark Schw\u00e4bisch-Fr\u00e4nkischer Wald","robots":{"index":"index","follow":"follow","max-snippet":"max-snippet:-1","max-image-preview":"max-image-preview:large","max-video-preview":"max-video-preview:-1"},"canonical":"https:\/\/www.naturparkmagazin.de\/schwaebisch-fraenkischer-wald\/erfahrungsfeld-der-sinne-eins-alles\/","og_locale":"de_DE","og_type":"article","og_title":"Erfahrungsfeld der Sinne Eins + Alles  - Naturpark Schw\u00e4bisch-Fr\u00e4nkischer Wald","og_description":"In Kooperation mit dem Naturpark Schw\u00e4bisch-Fr\u00e4nkischer Wald veranstaltet das \"Erfahrungsfeld der Sinne\" am 1. August einen Workshop zum Thema \"Garten Eden\".","og_url":"https:\/\/www.naturparkmagazin.de\/schwaebisch-fraenkischer-wald\/erfahrungsfeld-der-sinne-eins-alles\/","og_site_name":"Naturpark Schw\u00e4bisch-Fr\u00e4nkischer Wald","article_author":"https:\/\/www.facebook.com\/naturparkSFW","article_published_time":"2014-07-18T09:58:41+00:00","article_modified_time":"2014-07-29T11:53:47+00:00","og_image":[{"width":1179,"height":2486,"url":"https:\/\/www.naturparkmagazin.de\/schwaebisch-fraenkischer-wald\/wp-content\/uploads\/sites\/34\/TitelGartenEden_NaturPark2014Druck.jpg","type":"image\/jpeg"}],"author":"Naturpark-Team","twitter_misc":{"Verfasst von":"Naturpark-Team","Gesch\u00e4tzte Lesezeit":"1\u00a0Minute"},"schema":{"@context":"https:\/\/schema.org","@graph":[{"@type":"WebPage","@id":"https:\/\/www.naturparkmagazin.de\/schwaebisch-fraenkischer-wald\/erfahrungsfeld-der-sinne-eins-alles\/","url":"https:\/\/www.naturparkmagazin.de\/schwaebisch-fraenkischer-wald\/erfahrungsfeld-der-sinne-eins-alles\/","name":"Erfahrungsfeld der Sinne Eins + Alles - Naturpark Schw\u00e4bisch-Fr\u00e4nkischer Wald","isPartOf":{"@id":"https:\/\/www.naturparkmagazin.de\/schwaebisch-fraenkischer-wald\/#website"},"datePublished":"2014-07-18T09:58:41+00:00","dateModified":"2014-07-29T11:53:47+00:00","author":{"@id":"https:\/\/www.naturparkmagazin.de\/schwaebisch-fraenkischer-wald\/#\/schema\/person\/f047a3702ae747fd7830cf8ac95e6066"},"breadcrumb":{"@id":"https:\/\/www.naturparkmagazin.de\/schwaebisch-fraenkischer-wald\/erfahrungsfeld-der-sinne-eins-alles\/#breadcrumb"},"inLanguage":"de","potentialAction":[{"@type":"ReadAction","target":["https:\/\/www.naturparkmagazin.de\/schwaebisch-fraenkischer-wald\/erfahrungsfeld-der-sinne-eins-alles\/"]}]},{"@type":"BreadcrumbList","@id":"https:\/\/www.naturparkmagazin.de\/schwaebisch-fraenkischer-wald\/erfahrungsfeld-der-sinne-eins-alles\/#breadcrumb","itemListElement":[{"@type":"ListItem","position":1,"name":"Home","item":"https:\/\/www.naturparkmagazin.de\/schwaebisch-fraenkischer-wald\/"},{"@type":"ListItem","position":2,"name":"Erfahrungsfeld der Sinne Eins + Alles"}]},{"@type":"WebSite","@id":"https:\/\/www.naturparkmagazin.de\/schwaebisch-fraenkischer-wald\/#website","url":"https:\/\/www.naturparkmagazin.de\/schwaebisch-fraenkischer-wald\/","name":"Naturpark Schw\u00e4bisch-Fr\u00e4nkischer Wald","description":"","potentialAction":[{"@type":"SearchAction","target":{"@type":"EntryPoint","urlTemplate":"https:\/\/www.naturparkmagazin.de\/schwaebisch-fraenkischer-wald\/?s={search_term_string}"},"query-input":"required name=search_term_string"}],"inLanguage":"de"},{"@type":"Person","@id":"https:\/\/www.naturparkmagazin.de\/schwaebisch-fraenkischer-wald\/#\/schema\/person\/f047a3702ae747fd7830cf8ac95e6066","name":"Naturpark-Team","sameAs":["http:\/\/www.naturpark-sfw.de","https:\/\/www.facebook.com\/naturparkSFW"],"url":"https:\/\/www.naturparkmagazin.de\/schwaebisch-fraenkischer-wald\/author\/bernharddrixler\/"}]}},"_links":{"self":[{"href":"https:\/\/www.naturparkmagazin.de\/schwaebisch-fraenkischer-wald\/wp-json\/wp\/v2\/posts\/919"}],"collection":[{"href":"https:\/\/www.naturparkmagazin.de\/schwaebisch-fraenkischer-wald\/wp-json\/wp\/v2\/posts"}],"about":[{"href":"https:\/\/www.naturparkmagazin.de\/schwaebisch-fraenkischer-wald\/wp-json\/wp\/v2\/types\/post"}],"author":[{"embeddable":true,"href":"https:\/\/www.naturparkmagazin.de\/schwaebisch-fraenkischer-wald\/wp-json\/wp\/v2\/users\/25"}],"replies":[{"embeddable":true,"href":"https:\/\/www.naturparkmagazin.de\/schwaebisch-fraenkischer-wald\/wp-json\/wp\/v2\/comments?post=919"}],"version-history":[{"count":6,"href":"https:\/\/www.naturparkmagazin.de\/schwaebisch-fraenkischer-wald\/wp-json\/wp\/v2\/posts\/919\/revisions"}],"predecessor-version":[{"id":939,"href":"https:\/\/www.naturparkmagazin.de\/schwaebisch-fraenkischer-wald\/wp-json\/wp\/v2\/posts\/919\/revisions\/939"}],"wp:featuredmedia":[{"embeddable":true,"href":"https:\/\/www.naturparkmagazin.de\/schwaebisch-fraenkischer-wald\/wp-json\/wp\/v2\/media\/920"}],"wp:attachment":[{"href":"https:\/\/www.naturparkmagazin.de\/schwaebisch-fraenkischer-wald\/wp-json\/wp\/v2\/media?parent=919"}],"wp:term":[{"taxonomy":"category","embeddable":true,"href":"https:\/\/www.naturparkmagazin.de\/schwaebisch-fraenkischer-wald\/wp-json\/wp\/v2\/categories?post=919"},{"taxonomy":"post_tag","embeddable":true,"href":"https:\/\/www.naturparkmagazin.de\/schwaebisch-fraenkischer-wald\/wp-json\/wp\/v2\/tags?post=919"}],"curies":[{"name":"wp","href":"https:\/\/api.w.org\/{rel}","templated":true}]}}