{"id":9200,"date":"2020-11-13T10:38:41","date_gmt":"2020-11-13T09:38:41","guid":{"rendered":"https:\/\/www.naturparkmagazin.de\/schwaebisch-fraenkischer-wald\/?p=9200"},"modified":"2020-11-27T09:11:18","modified_gmt":"2020-11-27T08:11:18","slug":"die-naturparkfuehrerinnen-botschafter-des-naturparks","status":"publish","type":"post","link":"https:\/\/www.naturparkmagazin.de\/schwaebisch-fraenkischer-wald\/die-naturparkfuehrerinnen-botschafter-des-naturparks\/","title":{"rendered":"Die Naturparkf\u00fchrer*innen &#8211; Botschafter des Naturparks"},"content":{"rendered":"<p>Unsere nach BANU-Richtlinien zertifizierten Naturparkf\u00fchrer und Naturparkf\u00fchrerinnen nehmen ihre G\u00e4ste mit in die geheimnisvolle Welt der Schluchten, Klingen und Grotten \u2013 dorthin wo Salamander, Prachtlibelle und Waldgei\u00dfbart ihre Heimat haben.<\/p>\n<p>Im November mussten auch die Drau\u00dfen-F\u00fchrungen der Naturparkf\u00fchrer coronabedingt pausieren und so nutzten wir die Zeit f\u00fcr ein Interview mit den beiden Vorsitzenden Karl-Dieter Diemer und Sabine Reiss.<\/p>\n<p><em>Seit wann seid ihr NPF Vorsitzende\/r?\u00a0<a href=\"https:\/\/www.naturparkmagazin.de\/schwaebisch-fraenkischer-wald\/wp-content\/uploads\/sites\/34\/Karl-Sabine.jpg\"><img decoding=\"async\" loading=\"lazy\" class=\"alignright size-full wp-image-9201\" src=\"https:\/\/www.naturparkmagazin.de\/schwaebisch-fraenkischer-wald\/wp-content\/uploads\/sites\/34\/Karl-Sabine.jpg\" alt=\"Naturparkf\u00fchrer-Vorsitzende\" width=\"500\" height=\"300\" srcset=\"https:\/\/www.naturparkmagazin.de\/schwaebisch-fraenkischer-wald\/wp-content\/uploads\/sites\/34\/Karl-Sabine.jpg 500w, https:\/\/www.naturparkmagazin.de\/schwaebisch-fraenkischer-wald\/wp-content\/uploads\/sites\/34\/Karl-Sabine-300x180.jpg 300w, https:\/\/www.naturparkmagazin.de\/schwaebisch-fraenkischer-wald\/wp-content\/uploads\/sites\/34\/Karl-Sabine-200x120.jpg 200w\" sizes=\"(max-width: 500px) 100vw, 500px\" \/><\/a><\/em><\/p>\n<p><span style=\"color: #339966\">Karl-Dieter Diemer (KDD) seit 2017, Sabine Reiss (SR) seit 2019\n<\/span><\/p>\n<p><em>Was ist Euch in der Arbeit als Vorsitzende\/r pers\u00f6nlich wichtig?<\/em><\/p>\n<p><span style=\"color: #339966\">(KDD) Der pers\u00f6nliche Kontakt zu den Mitgliedern. Die Weiterentwicklung unserer Arbeit, das Schaffen von Perspektiven in der direkten Zusammenarbeit. Dabei auch gleichzeitig meinen pers\u00f6nlichen Horizont in menschlicher und fachlicher Sicht erweitern.<\/span><\/p>\n<p><span style=\"color: #339966\">(SR erg\u00e4nzt) Das Miteinander und den pers\u00f6nlichen Kontakt unter den Mitgliedern zu f\u00f6rdern. Unsere Mitglieder bei Bedarf zu motivieren.<\/span><\/p>\n<p><em>Was sind die derzeitigen Herausforderungen f\u00fcr euch?\n<\/em><\/p>\n<p><span style=\"color: #339966\">(KDD) In einer schwierigen Situation wie Corona, die Vorstandsaufgaben mit Engagement und Emotion am Laufen zu halten.<\/span><\/p>\n<p><em>Wie war das Corona-Jahr f\u00fcr die Naturparkf\u00fchrer*Innen r\u00fcckblickend?<\/em><\/p>\n<p><span style=\"color: #339966\">(KDD) Ein gravierender Einschnitt, auf den niemand vorbereitet war. Eine Situation, in der wir auf keinen Erfahrungshintergrund bauen konnten. Auch eine \u00dcberforderungssituation und f\u00fcr manche der deutliche Verlust von Verdienstm\u00f6glichkeiten.\n<\/span><\/p>\n<p><em>Wie sind die Aussichten f\u00fcr 2021 bzw. auch langfristig?<\/em><\/p>\n<p><span style=\"color: #339966\">(KDD) Langfristig wird sich das Interesse der Bev\u00f6lkerung an ihrer Heimat und an ihrem Naturpark vor der Haust\u00fcre steigern. Allerdings sind die Ressourcen unter unseren Mitgliedern stark r\u00fcckl\u00e4ufig, konzentrieren sich immer mehr auf wenige Aktive. Ich w\u00fcnsche mir f\u00fcr 2021 mehr Sicherheit bei den Entscheidungstr\u00e4gern in Bezug auf Corona-Einschr\u00e4nkungen bei Veranstaltungen unter freiem Himmel. Nat\u00fcrlich in dem Sinn, dass auch in Teil-Lockdowns noch M\u00f6glichkeiten bleiben. Sowohl was unser Tourenangebot betrifft, als auch Veranstaltungen der Naturparkschulen.\n<\/span><\/p>\n<p><span style=\"color: #339966\">(SR erg\u00e4nzt): Ich w\u00fcnsche mir f\u00fcr 2021, dass wir mit Corona leben k\u00f6nnen und unsere Veranstaltungen \u00a0(da diese ja im Freien stattfinden und wir ein entsprechendes Hygienekonzept haben und einhalten k\u00f6nnen) entsprechend wieder abhalten k\u00f6nnen. Unsere Teilnehmer freuen sich mehr denn je auf unsere Aktionen.<\/span><\/p>\n<p><em>Vielen Dank f\u00fcr eure Antworten!<\/em><\/p>\n<hr \/>\n<p>Kontakt per E-Mail:\u00a0<a title=\"Opens window for sending email\" href=\"mailto:info@die-naturparkfuehrer.de\" target=\"_blank\">info@die-naturparkfuehrer.de<\/a><\/p>\n<p>Weitere Informationen rund um die Naturparkf\u00fchrer finden Sie hier:<\/p>\n<p><a href=\"https:\/\/www.die-naturparkfuehrer.de\/index.html\" target=\"_blank\">Website &#8211; Die Naturparkf\u00fchrer Schw\u00e4bisch-Fr\u00e4nkischer Wald<\/a><\/p>\n<p><a href=\"https:\/\/www.naturpark-sfw.de\/erleben\/naturparkfuehrer\/\" target=\"_blank\">Website &#8211; Naturpark Schw\u00e4bisch-Fr\u00e4nkischer Wald<\/a><\/p>\n","protected":false},"excerpt":{"rendered":"<p>Naturparkf\u00fchrer-Vorsitzenden Sabine Reiss und Karl Diemer im Interview <\/p>\n","protected":false},"author":25,"featured_media":9202,"comment_status":"open","ping_status":"open","sticky":false,"template":"","format":"standard","meta":[],"categories":[8],"tags":[],"yoast_head":"<!-- This site is optimized with the Yoast SEO plugin v19.10 - https:\/\/yoast.com\/wordpress\/plugins\/seo\/ -->\n<title>Die Naturparkf\u00fchrer*innen - Botschafter des Naturparks - Naturpark Schw\u00e4bisch-Fr\u00e4nkischer Wald<\/title>\n<meta name=\"robots\" content=\"index, follow, max-snippet:-1, max-image-preview:large, max-video-preview:-1\" \/>\n<link rel=\"canonical\" href=\"https:\/\/www.naturparkmagazin.de\/schwaebisch-fraenkischer-wald\/die-naturparkfuehrerinnen-botschafter-des-naturparks\/\" \/>\n<meta property=\"og:locale\" content=\"de_DE\" \/>\n<meta property=\"og:type\" content=\"article\" \/>\n<meta property=\"og:title\" content=\"Die Naturparkf\u00fchrer*innen - Botschafter des Naturparks - Naturpark Schw\u00e4bisch-Fr\u00e4nkischer Wald\" \/>\n<meta property=\"og:description\" content=\"Naturparkf\u00fchrer-Vorsitzenden Sabine Reiss und Karl Diemer im Interview\" \/>\n<meta property=\"og:url\" content=\"https:\/\/www.naturparkmagazin.de\/schwaebisch-fraenkischer-wald\/die-naturparkfuehrerinnen-botschafter-des-naturparks\/\" \/>\n<meta property=\"og:site_name\" content=\"Naturpark Schw\u00e4bisch-Fr\u00e4nkischer Wald\" \/>\n<meta property=\"article:author\" content=\"https:\/\/www.facebook.com\/naturparkSFW\" \/>\n<meta property=\"article:published_time\" content=\"2020-11-13T09:38:41+00:00\" \/>\n<meta property=\"article:modified_time\" content=\"2020-11-27T08:11:18+00:00\" \/>\n<meta property=\"og:image\" content=\"https:\/\/www.naturparkmagazin.de\/schwaebisch-fraenkischer-wald\/wp-content\/uploads\/sites\/34\/2015_Naturpark_dummy.jpg\" \/>\n\t<meta property=\"og:image:width\" content=\"200\" \/>\n\t<meta property=\"og:image:height\" content=\"200\" \/>\n\t<meta property=\"og:image:type\" content=\"image\/jpeg\" \/>\n<meta name=\"author\" content=\"Naturpark-Team\" \/>\n<meta name=\"twitter:label1\" content=\"Verfasst von\" \/>\n\t<meta name=\"twitter:data1\" content=\"Naturpark-Team\" \/>\n\t<meta name=\"twitter:label2\" content=\"Gesch\u00e4tzte Lesezeit\" \/>\n\t<meta name=\"twitter:data2\" content=\"2\u00a0Minuten\" \/>\n<script type=\"application\/ld+json\" class=\"yoast-schema-graph\">{\"@context\":\"https:\/\/schema.org\",\"@graph\":[{\"@type\":\"WebPage\",\"@id\":\"https:\/\/www.naturparkmagazin.de\/schwaebisch-fraenkischer-wald\/die-naturparkfuehrerinnen-botschafter-des-naturparks\/\",\"url\":\"https:\/\/www.naturparkmagazin.de\/schwaebisch-fraenkischer-wald\/die-naturparkfuehrerinnen-botschafter-des-naturparks\/\",\"name\":\"Die Naturparkf\u00fchrer*innen - Botschafter des Naturparks - Naturpark Schw\u00e4bisch-Fr\u00e4nkischer Wald\",\"isPartOf\":{\"@id\":\"https:\/\/www.naturparkmagazin.de\/schwaebisch-fraenkischer-wald\/#website\"},\"datePublished\":\"2020-11-13T09:38:41+00:00\",\"dateModified\":\"2020-11-27T08:11:18+00:00\",\"author\":{\"@id\":\"https:\/\/www.naturparkmagazin.de\/schwaebisch-fraenkischer-wald\/#\/schema\/person\/f047a3702ae747fd7830cf8ac95e6066\"},\"breadcrumb\":{\"@id\":\"https:\/\/www.naturparkmagazin.de\/schwaebisch-fraenkischer-wald\/die-naturparkfuehrerinnen-botschafter-des-naturparks\/#breadcrumb\"},\"inLanguage\":\"de\",\"potentialAction\":[{\"@type\":\"ReadAction\",\"target\":[\"https:\/\/www.naturparkmagazin.de\/schwaebisch-fraenkischer-wald\/die-naturparkfuehrerinnen-botschafter-des-naturparks\/\"]}]},{\"@type\":\"BreadcrumbList\",\"@id\":\"https:\/\/www.naturparkmagazin.de\/schwaebisch-fraenkischer-wald\/die-naturparkfuehrerinnen-botschafter-des-naturparks\/#breadcrumb\",\"itemListElement\":[{\"@type\":\"ListItem\",\"position\":1,\"name\":\"Home\",\"item\":\"https:\/\/www.naturparkmagazin.de\/schwaebisch-fraenkischer-wald\/\"},{\"@type\":\"ListItem\",\"position\":2,\"name\":\"Die Naturparkf\u00fchrer*innen &#8211; Botschafter des Naturparks\"}]},{\"@type\":\"WebSite\",\"@id\":\"https:\/\/www.naturparkmagazin.de\/schwaebisch-fraenkischer-wald\/#website\",\"url\":\"https:\/\/www.naturparkmagazin.de\/schwaebisch-fraenkischer-wald\/\",\"name\":\"Naturpark Schw\u00e4bisch-Fr\u00e4nkischer Wald\",\"description\":\"\",\"potentialAction\":[{\"@type\":\"SearchAction\",\"target\":{\"@type\":\"EntryPoint\",\"urlTemplate\":\"https:\/\/www.naturparkmagazin.de\/schwaebisch-fraenkischer-wald\/?s={search_term_string}\"},\"query-input\":\"required name=search_term_string\"}],\"inLanguage\":\"de\"},{\"@type\":\"Person\",\"@id\":\"https:\/\/www.naturparkmagazin.de\/schwaebisch-fraenkischer-wald\/#\/schema\/person\/f047a3702ae747fd7830cf8ac95e6066\",\"name\":\"Naturpark-Team\",\"sameAs\":[\"http:\/\/www.naturpark-sfw.de\",\"https:\/\/www.facebook.com\/naturparkSFW\"],\"url\":\"https:\/\/www.naturparkmagazin.de\/schwaebisch-fraenkischer-wald\/author\/bernharddrixler\/\"}]}<\/script>\n<!-- \/ Yoast SEO plugin. -->","yoast_head_json":{"title":"Die Naturparkf\u00fchrer*innen - Botschafter des Naturparks - Naturpark Schw\u00e4bisch-Fr\u00e4nkischer Wald","robots":{"index":"index","follow":"follow","max-snippet":"max-snippet:-1","max-image-preview":"max-image-preview:large","max-video-preview":"max-video-preview:-1"},"canonical":"https:\/\/www.naturparkmagazin.de\/schwaebisch-fraenkischer-wald\/die-naturparkfuehrerinnen-botschafter-des-naturparks\/","og_locale":"de_DE","og_type":"article","og_title":"Die Naturparkf\u00fchrer*innen - Botschafter des Naturparks - Naturpark Schw\u00e4bisch-Fr\u00e4nkischer Wald","og_description":"Naturparkf\u00fchrer-Vorsitzenden Sabine Reiss und Karl Diemer im Interview","og_url":"https:\/\/www.naturparkmagazin.de\/schwaebisch-fraenkischer-wald\/die-naturparkfuehrerinnen-botschafter-des-naturparks\/","og_site_name":"Naturpark Schw\u00e4bisch-Fr\u00e4nkischer Wald","article_author":"https:\/\/www.facebook.com\/naturparkSFW","article_published_time":"2020-11-13T09:38:41+00:00","article_modified_time":"2020-11-27T08:11:18+00:00","og_image":[{"width":200,"height":200,"url":"https:\/\/www.naturparkmagazin.de\/schwaebisch-fraenkischer-wald\/wp-content\/uploads\/sites\/34\/2015_Naturpark_dummy.jpg","type":"image\/jpeg"}],"author":"Naturpark-Team","twitter_misc":{"Verfasst von":"Naturpark-Team","Gesch\u00e4tzte Lesezeit":"2\u00a0Minuten"},"schema":{"@context":"https:\/\/schema.org","@graph":[{"@type":"WebPage","@id":"https:\/\/www.naturparkmagazin.de\/schwaebisch-fraenkischer-wald\/die-naturparkfuehrerinnen-botschafter-des-naturparks\/","url":"https:\/\/www.naturparkmagazin.de\/schwaebisch-fraenkischer-wald\/die-naturparkfuehrerinnen-botschafter-des-naturparks\/","name":"Die Naturparkf\u00fchrer*innen - Botschafter des Naturparks - Naturpark Schw\u00e4bisch-Fr\u00e4nkischer Wald","isPartOf":{"@id":"https:\/\/www.naturparkmagazin.de\/schwaebisch-fraenkischer-wald\/#website"},"datePublished":"2020-11-13T09:38:41+00:00","dateModified":"2020-11-27T08:11:18+00:00","author":{"@id":"https:\/\/www.naturparkmagazin.de\/schwaebisch-fraenkischer-wald\/#\/schema\/person\/f047a3702ae747fd7830cf8ac95e6066"},"breadcrumb":{"@id":"https:\/\/www.naturparkmagazin.de\/schwaebisch-fraenkischer-wald\/die-naturparkfuehrerinnen-botschafter-des-naturparks\/#breadcrumb"},"inLanguage":"de","potentialAction":[{"@type":"ReadAction","target":["https:\/\/www.naturparkmagazin.de\/schwaebisch-fraenkischer-wald\/die-naturparkfuehrerinnen-botschafter-des-naturparks\/"]}]},{"@type":"BreadcrumbList","@id":"https:\/\/www.naturparkmagazin.de\/schwaebisch-fraenkischer-wald\/die-naturparkfuehrerinnen-botschafter-des-naturparks\/#breadcrumb","itemListElement":[{"@type":"ListItem","position":1,"name":"Home","item":"https:\/\/www.naturparkmagazin.de\/schwaebisch-fraenkischer-wald\/"},{"@type":"ListItem","position":2,"name":"Die Naturparkf\u00fchrer*innen &#8211; Botschafter des Naturparks"}]},{"@type":"WebSite","@id":"https:\/\/www.naturparkmagazin.de\/schwaebisch-fraenkischer-wald\/#website","url":"https:\/\/www.naturparkmagazin.de\/schwaebisch-fraenkischer-wald\/","name":"Naturpark Schw\u00e4bisch-Fr\u00e4nkischer Wald","description":"","potentialAction":[{"@type":"SearchAction","target":{"@type":"EntryPoint","urlTemplate":"https:\/\/www.naturparkmagazin.de\/schwaebisch-fraenkischer-wald\/?s={search_term_string}"},"query-input":"required name=search_term_string"}],"inLanguage":"de"},{"@type":"Person","@id":"https:\/\/www.naturparkmagazin.de\/schwaebisch-fraenkischer-wald\/#\/schema\/person\/f047a3702ae747fd7830cf8ac95e6066","name":"Naturpark-Team","sameAs":["http:\/\/www.naturpark-sfw.de","https:\/\/www.facebook.com\/naturparkSFW"],"url":"https:\/\/www.naturparkmagazin.de\/schwaebisch-fraenkischer-wald\/author\/bernharddrixler\/"}]}},"_links":{"self":[{"href":"https:\/\/www.naturparkmagazin.de\/schwaebisch-fraenkischer-wald\/wp-json\/wp\/v2\/posts\/9200"}],"collection":[{"href":"https:\/\/www.naturparkmagazin.de\/schwaebisch-fraenkischer-wald\/wp-json\/wp\/v2\/posts"}],"about":[{"href":"https:\/\/www.naturparkmagazin.de\/schwaebisch-fraenkischer-wald\/wp-json\/wp\/v2\/types\/post"}],"author":[{"embeddable":true,"href":"https:\/\/www.naturparkmagazin.de\/schwaebisch-fraenkischer-wald\/wp-json\/wp\/v2\/users\/25"}],"replies":[{"embeddable":true,"href":"https:\/\/www.naturparkmagazin.de\/schwaebisch-fraenkischer-wald\/wp-json\/wp\/v2\/comments?post=9200"}],"version-history":[{"count":11,"href":"https:\/\/www.naturparkmagazin.de\/schwaebisch-fraenkischer-wald\/wp-json\/wp\/v2\/posts\/9200\/revisions"}],"predecessor-version":[{"id":9397,"href":"https:\/\/www.naturparkmagazin.de\/schwaebisch-fraenkischer-wald\/wp-json\/wp\/v2\/posts\/9200\/revisions\/9397"}],"wp:featuredmedia":[{"embeddable":true,"href":"https:\/\/www.naturparkmagazin.de\/schwaebisch-fraenkischer-wald\/wp-json\/wp\/v2\/media\/9202"}],"wp:attachment":[{"href":"https:\/\/www.naturparkmagazin.de\/schwaebisch-fraenkischer-wald\/wp-json\/wp\/v2\/media?parent=9200"}],"wp:term":[{"taxonomy":"category","embeddable":true,"href":"https:\/\/www.naturparkmagazin.de\/schwaebisch-fraenkischer-wald\/wp-json\/wp\/v2\/categories?post=9200"},{"taxonomy":"post_tag","embeddable":true,"href":"https:\/\/www.naturparkmagazin.de\/schwaebisch-fraenkischer-wald\/wp-json\/wp\/v2\/tags?post=9200"}],"curies":[{"name":"wp","href":"https:\/\/api.w.org\/{rel}","templated":true}]}}