{"id":9204,"date":"2020-11-13T11:00:50","date_gmt":"2020-11-13T10:00:50","guid":{"rendered":"https:\/\/www.naturparkmagazin.de\/schwaebisch-fraenkischer-wald\/?p=9204"},"modified":"2020-11-13T06:45:23","modified_gmt":"2020-11-13T05:45:23","slug":"natuerlich-schoen-mit-professor-krautters-seifen","status":"publish","type":"post","link":"https:\/\/www.naturparkmagazin.de\/schwaebisch-fraenkischer-wald\/natuerlich-schoen-mit-professor-krautters-seifen\/","title":{"rendered":"Nat\u00fcrlich sch\u00f6n mit Professor Krautters Seifen"},"content":{"rendered":"<p>&#8222;Eo ergo sum&#8220; (Ich gehe, also bin ich) ist sein Leitmotiv und seit Jahrzehnten ist Naturparkf\u00fchrer Prof. Dr. Manfred Krautter sowohl privat als auch beruflich &#8222;drau\u00dfen&#8220; unterwegs. Neben seiner Profession &#8211; der Geologie und Pal\u00e4ontologie\u00a0&#8211; besch\u00e4ftigt er sich mit historisch-wissenschaftlichen Themen wie dem mittelalterlichen Waldgewerbe und als zertifizierter Pilzsachverst\u00e4ndiger organisiert er Pilzwanderungen und Pilzberatungen.<\/p>\n<p>Uns erz\u00e4hlt er von (s)einer weiteren Passion:<a href=\"https:\/\/www.naturparkmagazin.de\/schwaebisch-fraenkischer-wald\/wp-content\/uploads\/sites\/34\/Lavendelseife.jpg\"><img decoding=\"async\" loading=\"lazy\" class=\"alignright size-full wp-image-9207\" src=\"https:\/\/www.naturparkmagazin.de\/schwaebisch-fraenkischer-wald\/wp-content\/uploads\/sites\/34\/Lavendelseife.jpg\" alt=\"Krautters Seifen\" width=\"500\" height=\"300\" srcset=\"https:\/\/www.naturparkmagazin.de\/schwaebisch-fraenkischer-wald\/wp-content\/uploads\/sites\/34\/Lavendelseife.jpg 500w, https:\/\/www.naturparkmagazin.de\/schwaebisch-fraenkischer-wald\/wp-content\/uploads\/sites\/34\/Lavendelseife-300x180.jpg 300w, https:\/\/www.naturparkmagazin.de\/schwaebisch-fraenkischer-wald\/wp-content\/uploads\/sites\/34\/Lavendelseife-200x120.jpg 200w\" sizes=\"(max-width: 500px) 100vw, 500px\" \/><\/a><\/p>\n<p>&#8222;Ich mache nun seit knapp 20 Jahren Seifen aus reinen Pflanzen\u00f6len. Tierische Produkte mit Ausnahme von Ziegenmilch verwende ich nicht. Au\u00dferdem verwende ich keine mineralischen \u00d6le, also \u00d6le, die aus Erd\u00f6l hergestellt werden. Meine Seifen sind\u00a0reine Pflanzenprodukte. Vegan, wenn man so will.<\/p>\n<p>Vor etwas mehr als 20 Jahren bin ich in Berlin zuf\u00e4llig in einem Seifenladen\u00a0gelandet. Dabei habe ich schnell festgestellt, dass es auch andere Seifen als die bekannten Industrieprodukte gibt. Da ich ein wissenschaftlich neugieriger Mensch bin, habe ich mich dann erst theoretisch mit Seifen und ihrer Herstellung besch\u00e4ftigt und nach der Theorie kommt ja dann der praktische Teil. Also fing ich an, ein Seifenrezept zu entwickeln und dannach die\u00a0Seife zu machen. Und es hat funktioniert.<\/p>\n<p>Bei der Seifenherstellung muss man sehr genau arbeiten. Die Zutaten m\u00fcssen auf&#8217;s\u00a0Gramm genau dosiert werden. Die Pflanzen\u00f6le sollen auf etwa 35\u00b0C erhitzt werden und durch Zugabe einer genau berechneten\u00a0Lauge (\u00c4tznatrion, Brezellauge) wird dann das \u00d6lgemisch langsam verseift.<\/p>\n<p>Wenn m\u00f6glich beziehe ich die Zutaten aus der regionalen Umgebung. Die Ziegenmilch beziehe ich vom Ziegenhof Kohl (Pl\u00fcderhausen-Schautenhof). Die Basis\u00f6le (Sonnenblumen\u00f6l, Raps\u00f6l, etc) aus dem Laden von nebenan. Schwieriger wird es bei den etwas ausgefalleneren \u00e4therischen \u00d6len. Diese beziehe ich \u00fcber einen Spezialanbieter in Reutlingen und Marbach am Neckar. Das Lavendel\u00f6l hole ich direkt in der Provence. Ein guter Freund von mir wohnt quasi neben einer Lavendel\u00f6l-Destillerie und so verbinde ich einen Besuch bei ihm mit dem \u00d6leinkauf.<\/p>\n<p>Momentan mache ich 17 verschiedene Seifen, wobei ich deutlich mehr Sorten (auf Wunsch) gemacht\u00a0habe. Alle meine Seifen sind 5% r\u00fcckfettend und k\u00f6nnen am ganzen K\u00f6rper verwendet werden.<\/p>\n<p>Wieviel St\u00fcck ich pro Jahr produziere wei\u00df ich ehrlich gesagt nicht. Das wechselt sehr. Ich richte mich ganz nach der Nachfrage. Meine gefragteste Seife ist seit Jahren die Ziegenmilchseife mit Mandel\u00f6l. Sie ist sehr mild und hat einen wunderbaren feinporigen Schaum. Au\u00dferdem ist sie feuchtigkeitsspendend.<\/p>\n<p>Au\u00dfer auf Naturparkm\u00e4rkten\u2026 (wenn sie stattfinden) kann man die Seifen bei mir kaufen. Ich habe zwar keinen Laden, aber man kann trotzdem nach telefonischer Vereinbarung vorbeikommen. (Brunnenrain 15, 73655 Pl\u00fcderhausen, Tele: 07181 83994)<\/p>\n<p>Au\u00dferdem werden meine Seifen in folgenden Gesch\u00e4ften angeboten:<\/p>\n<p>Unverpackt Laden Ludwigsburg:\u00a0GeNuss ohne PlaPla, Lindenstr. 2, 71634 Ludwigsburg<\/p>\n<p>ohne PlaPla-store Stuttgart, F\u00fcrstenstra\u00dfe 5,\u00a070173 Stuttgart&#8220;<\/p>\n","protected":false},"excerpt":{"rendered":"<p>rein &#8211; regional &#8211; r\u00fcckfettend: Pflegende Seifen von Naturparkf\u00fchrer Prof. Dr. Manfred Krautter<\/p>\n","protected":false},"author":25,"featured_media":9208,"comment_status":"open","ping_status":"open","sticky":false,"template":"","format":"standard","meta":[],"categories":[13],"tags":[],"yoast_head":"<!-- This site is optimized with the Yoast SEO plugin v19.10 - https:\/\/yoast.com\/wordpress\/plugins\/seo\/ -->\n<title>Nat\u00fcrlich sch\u00f6n mit Professor Krautters Seifen - Naturpark Schw\u00e4bisch-Fr\u00e4nkischer Wald<\/title>\n<meta name=\"robots\" content=\"index, follow, max-snippet:-1, max-image-preview:large, max-video-preview:-1\" \/>\n<link rel=\"canonical\" href=\"https:\/\/www.naturparkmagazin.de\/schwaebisch-fraenkischer-wald\/natuerlich-schoen-mit-professor-krautters-seifen\/\" \/>\n<meta property=\"og:locale\" content=\"de_DE\" \/>\n<meta property=\"og:type\" content=\"article\" \/>\n<meta property=\"og:title\" content=\"Nat\u00fcrlich sch\u00f6n mit Professor Krautters Seifen - Naturpark Schw\u00e4bisch-Fr\u00e4nkischer Wald\" \/>\n<meta property=\"og:description\" content=\"rein - regional - r\u00fcckfettend: Pflegende Seifen von Naturparkf\u00fchrer Prof. Dr. Manfred Krautter\" \/>\n<meta property=\"og:url\" content=\"https:\/\/www.naturparkmagazin.de\/schwaebisch-fraenkischer-wald\/natuerlich-schoen-mit-professor-krautters-seifen\/\" \/>\n<meta property=\"og:site_name\" content=\"Naturpark Schw\u00e4bisch-Fr\u00e4nkischer Wald\" \/>\n<meta property=\"article:author\" content=\"https:\/\/www.facebook.com\/naturparkSFW\" \/>\n<meta property=\"article:published_time\" content=\"2020-11-13T10:00:50+00:00\" \/>\n<meta property=\"article:modified_time\" content=\"2020-11-13T05:45:23+00:00\" \/>\n<meta property=\"og:image\" content=\"https:\/\/www.naturparkmagazin.de\/schwaebisch-fraenkischer-wald\/wp-content\/uploads\/sites\/34\/Lavendelseife1.jpg\" \/>\n\t<meta property=\"og:image:width\" content=\"200\" \/>\n\t<meta property=\"og:image:height\" content=\"200\" \/>\n\t<meta property=\"og:image:type\" content=\"image\/jpeg\" \/>\n<meta name=\"author\" content=\"Naturpark-Team\" \/>\n<meta name=\"twitter:label1\" content=\"Verfasst von\" \/>\n\t<meta name=\"twitter:data1\" content=\"Naturpark-Team\" \/>\n\t<meta name=\"twitter:label2\" content=\"Gesch\u00e4tzte Lesezeit\" \/>\n\t<meta name=\"twitter:data2\" content=\"2\u00a0Minuten\" \/>\n<script type=\"application\/ld+json\" class=\"yoast-schema-graph\">{\"@context\":\"https:\/\/schema.org\",\"@graph\":[{\"@type\":\"WebPage\",\"@id\":\"https:\/\/www.naturparkmagazin.de\/schwaebisch-fraenkischer-wald\/natuerlich-schoen-mit-professor-krautters-seifen\/\",\"url\":\"https:\/\/www.naturparkmagazin.de\/schwaebisch-fraenkischer-wald\/natuerlich-schoen-mit-professor-krautters-seifen\/\",\"name\":\"Nat\u00fcrlich sch\u00f6n mit Professor Krautters Seifen - Naturpark Schw\u00e4bisch-Fr\u00e4nkischer Wald\",\"isPartOf\":{\"@id\":\"https:\/\/www.naturparkmagazin.de\/schwaebisch-fraenkischer-wald\/#website\"},\"datePublished\":\"2020-11-13T10:00:50+00:00\",\"dateModified\":\"2020-11-13T05:45:23+00:00\",\"author\":{\"@id\":\"https:\/\/www.naturparkmagazin.de\/schwaebisch-fraenkischer-wald\/#\/schema\/person\/f047a3702ae747fd7830cf8ac95e6066\"},\"breadcrumb\":{\"@id\":\"https:\/\/www.naturparkmagazin.de\/schwaebisch-fraenkischer-wald\/natuerlich-schoen-mit-professor-krautters-seifen\/#breadcrumb\"},\"inLanguage\":\"de\",\"potentialAction\":[{\"@type\":\"ReadAction\",\"target\":[\"https:\/\/www.naturparkmagazin.de\/schwaebisch-fraenkischer-wald\/natuerlich-schoen-mit-professor-krautters-seifen\/\"]}]},{\"@type\":\"BreadcrumbList\",\"@id\":\"https:\/\/www.naturparkmagazin.de\/schwaebisch-fraenkischer-wald\/natuerlich-schoen-mit-professor-krautters-seifen\/#breadcrumb\",\"itemListElement\":[{\"@type\":\"ListItem\",\"position\":1,\"name\":\"Home\",\"item\":\"https:\/\/www.naturparkmagazin.de\/schwaebisch-fraenkischer-wald\/\"},{\"@type\":\"ListItem\",\"position\":2,\"name\":\"Nat\u00fcrlich sch\u00f6n mit Professor Krautters Seifen\"}]},{\"@type\":\"WebSite\",\"@id\":\"https:\/\/www.naturparkmagazin.de\/schwaebisch-fraenkischer-wald\/#website\",\"url\":\"https:\/\/www.naturparkmagazin.de\/schwaebisch-fraenkischer-wald\/\",\"name\":\"Naturpark Schw\u00e4bisch-Fr\u00e4nkischer Wald\",\"description\":\"\",\"potentialAction\":[{\"@type\":\"SearchAction\",\"target\":{\"@type\":\"EntryPoint\",\"urlTemplate\":\"https:\/\/www.naturparkmagazin.de\/schwaebisch-fraenkischer-wald\/?s={search_term_string}\"},\"query-input\":\"required name=search_term_string\"}],\"inLanguage\":\"de\"},{\"@type\":\"Person\",\"@id\":\"https:\/\/www.naturparkmagazin.de\/schwaebisch-fraenkischer-wald\/#\/schema\/person\/f047a3702ae747fd7830cf8ac95e6066\",\"name\":\"Naturpark-Team\",\"sameAs\":[\"http:\/\/www.naturpark-sfw.de\",\"https:\/\/www.facebook.com\/naturparkSFW\"],\"url\":\"https:\/\/www.naturparkmagazin.de\/schwaebisch-fraenkischer-wald\/author\/bernharddrixler\/\"}]}<\/script>\n<!-- \/ Yoast SEO plugin. -->","yoast_head_json":{"title":"Nat\u00fcrlich sch\u00f6n mit Professor Krautters Seifen - Naturpark Schw\u00e4bisch-Fr\u00e4nkischer Wald","robots":{"index":"index","follow":"follow","max-snippet":"max-snippet:-1","max-image-preview":"max-image-preview:large","max-video-preview":"max-video-preview:-1"},"canonical":"https:\/\/www.naturparkmagazin.de\/schwaebisch-fraenkischer-wald\/natuerlich-schoen-mit-professor-krautters-seifen\/","og_locale":"de_DE","og_type":"article","og_title":"Nat\u00fcrlich sch\u00f6n mit Professor Krautters Seifen - Naturpark Schw\u00e4bisch-Fr\u00e4nkischer Wald","og_description":"rein - regional - r\u00fcckfettend: Pflegende Seifen von Naturparkf\u00fchrer Prof. Dr. Manfred Krautter","og_url":"https:\/\/www.naturparkmagazin.de\/schwaebisch-fraenkischer-wald\/natuerlich-schoen-mit-professor-krautters-seifen\/","og_site_name":"Naturpark Schw\u00e4bisch-Fr\u00e4nkischer Wald","article_author":"https:\/\/www.facebook.com\/naturparkSFW","article_published_time":"2020-11-13T10:00:50+00:00","article_modified_time":"2020-11-13T05:45:23+00:00","og_image":[{"width":200,"height":200,"url":"https:\/\/www.naturparkmagazin.de\/schwaebisch-fraenkischer-wald\/wp-content\/uploads\/sites\/34\/Lavendelseife1.jpg","type":"image\/jpeg"}],"author":"Naturpark-Team","twitter_misc":{"Verfasst von":"Naturpark-Team","Gesch\u00e4tzte Lesezeit":"2\u00a0Minuten"},"schema":{"@context":"https:\/\/schema.org","@graph":[{"@type":"WebPage","@id":"https:\/\/www.naturparkmagazin.de\/schwaebisch-fraenkischer-wald\/natuerlich-schoen-mit-professor-krautters-seifen\/","url":"https:\/\/www.naturparkmagazin.de\/schwaebisch-fraenkischer-wald\/natuerlich-schoen-mit-professor-krautters-seifen\/","name":"Nat\u00fcrlich sch\u00f6n mit Professor Krautters Seifen - Naturpark Schw\u00e4bisch-Fr\u00e4nkischer Wald","isPartOf":{"@id":"https:\/\/www.naturparkmagazin.de\/schwaebisch-fraenkischer-wald\/#website"},"datePublished":"2020-11-13T10:00:50+00:00","dateModified":"2020-11-13T05:45:23+00:00","author":{"@id":"https:\/\/www.naturparkmagazin.de\/schwaebisch-fraenkischer-wald\/#\/schema\/person\/f047a3702ae747fd7830cf8ac95e6066"},"breadcrumb":{"@id":"https:\/\/www.naturparkmagazin.de\/schwaebisch-fraenkischer-wald\/natuerlich-schoen-mit-professor-krautters-seifen\/#breadcrumb"},"inLanguage":"de","potentialAction":[{"@type":"ReadAction","target":["https:\/\/www.naturparkmagazin.de\/schwaebisch-fraenkischer-wald\/natuerlich-schoen-mit-professor-krautters-seifen\/"]}]},{"@type":"BreadcrumbList","@id":"https:\/\/www.naturparkmagazin.de\/schwaebisch-fraenkischer-wald\/natuerlich-schoen-mit-professor-krautters-seifen\/#breadcrumb","itemListElement":[{"@type":"ListItem","position":1,"name":"Home","item":"https:\/\/www.naturparkmagazin.de\/schwaebisch-fraenkischer-wald\/"},{"@type":"ListItem","position":2,"name":"Nat\u00fcrlich sch\u00f6n mit Professor Krautters Seifen"}]},{"@type":"WebSite","@id":"https:\/\/www.naturparkmagazin.de\/schwaebisch-fraenkischer-wald\/#website","url":"https:\/\/www.naturparkmagazin.de\/schwaebisch-fraenkischer-wald\/","name":"Naturpark Schw\u00e4bisch-Fr\u00e4nkischer Wald","description":"","potentialAction":[{"@type":"SearchAction","target":{"@type":"EntryPoint","urlTemplate":"https:\/\/www.naturparkmagazin.de\/schwaebisch-fraenkischer-wald\/?s={search_term_string}"},"query-input":"required name=search_term_string"}],"inLanguage":"de"},{"@type":"Person","@id":"https:\/\/www.naturparkmagazin.de\/schwaebisch-fraenkischer-wald\/#\/schema\/person\/f047a3702ae747fd7830cf8ac95e6066","name":"Naturpark-Team","sameAs":["http:\/\/www.naturpark-sfw.de","https:\/\/www.facebook.com\/naturparkSFW"],"url":"https:\/\/www.naturparkmagazin.de\/schwaebisch-fraenkischer-wald\/author\/bernharddrixler\/"}]}},"_links":{"self":[{"href":"https:\/\/www.naturparkmagazin.de\/schwaebisch-fraenkischer-wald\/wp-json\/wp\/v2\/posts\/9204"}],"collection":[{"href":"https:\/\/www.naturparkmagazin.de\/schwaebisch-fraenkischer-wald\/wp-json\/wp\/v2\/posts"}],"about":[{"href":"https:\/\/www.naturparkmagazin.de\/schwaebisch-fraenkischer-wald\/wp-json\/wp\/v2\/types\/post"}],"author":[{"embeddable":true,"href":"https:\/\/www.naturparkmagazin.de\/schwaebisch-fraenkischer-wald\/wp-json\/wp\/v2\/users\/25"}],"replies":[{"embeddable":true,"href":"https:\/\/www.naturparkmagazin.de\/schwaebisch-fraenkischer-wald\/wp-json\/wp\/v2\/comments?post=9204"}],"version-history":[{"count":5,"href":"https:\/\/www.naturparkmagazin.de\/schwaebisch-fraenkischer-wald\/wp-json\/wp\/v2\/posts\/9204\/revisions"}],"predecessor-version":[{"id":9236,"href":"https:\/\/www.naturparkmagazin.de\/schwaebisch-fraenkischer-wald\/wp-json\/wp\/v2\/posts\/9204\/revisions\/9236"}],"wp:featuredmedia":[{"embeddable":true,"href":"https:\/\/www.naturparkmagazin.de\/schwaebisch-fraenkischer-wald\/wp-json\/wp\/v2\/media\/9208"}],"wp:attachment":[{"href":"https:\/\/www.naturparkmagazin.de\/schwaebisch-fraenkischer-wald\/wp-json\/wp\/v2\/media?parent=9204"}],"wp:term":[{"taxonomy":"category","embeddable":true,"href":"https:\/\/www.naturparkmagazin.de\/schwaebisch-fraenkischer-wald\/wp-json\/wp\/v2\/categories?post=9204"},{"taxonomy":"post_tag","embeddable":true,"href":"https:\/\/www.naturparkmagazin.de\/schwaebisch-fraenkischer-wald\/wp-json\/wp\/v2\/tags?post=9204"}],"curies":[{"name":"wp","href":"https:\/\/api.w.org\/{rel}","templated":true}]}}