{"id":9210,"date":"2020-11-13T11:18:14","date_gmt":"2020-11-13T10:18:14","guid":{"rendered":"https:\/\/www.naturparkmagazin.de\/schwaebisch-fraenkischer-wald\/?p=9210"},"modified":"2020-11-11T11:46:13","modified_gmt":"2020-11-11T10:46:13","slug":"weitere-flyer-mit-rollstuhlgeeigneten-routen-fertiggestellt","status":"publish","type":"post","link":"https:\/\/www.naturparkmagazin.de\/schwaebisch-fraenkischer-wald\/weitere-flyer-mit-rollstuhlgeeigneten-routen-fertiggestellt\/","title":{"rendered":"Weitere Flyer mit rollstuhlgeeigneten Routen fertiggestellt"},"content":{"rendered":"<p>Die n\u00e4chsten vier Routen-Flyer der Inklusiven Wanderbotschafter\/-innen im Naturpark Schw\u00e4bisch-Fr\u00e4nkischer Wald sind ab sofort verf\u00fcgbar.<\/p>\n<p>In den Naturpark-Kommunen Obersulm, Fichtenberg, Schw\u00e4bisch Hall und Gro\u00dferlach-Grab bieten die abwechslungsreichen rollstuhlgeeigneten Routen vielf\u00e4ltige Ausblicke in die wundersch\u00f6ne Landschaft des Naturparks Schw\u00e4bisch-Fr\u00e4nkischer Wald.<\/p>\n<p><a href=\"https:\/\/www.naturparkmagazin.de\/schwaebisch-fraenkischer-wald\/wp-content\/uploads\/sites\/34\/Breitenauer_See.jpg\"><img decoding=\"async\" loading=\"lazy\" class=\"alignleft wp-image-9215 size-thumbnail\" src=\"https:\/\/www.naturparkmagazin.de\/schwaebisch-fraenkischer-wald\/wp-content\/uploads\/sites\/34\/Breitenauer_See-300x180.jpg\" alt=\"Breitenauer_See\" width=\"300\" height=\"180\" srcset=\"https:\/\/www.naturparkmagazin.de\/schwaebisch-fraenkischer-wald\/wp-content\/uploads\/sites\/34\/Breitenauer_See-300x180.jpg 300w, https:\/\/www.naturparkmagazin.de\/schwaebisch-fraenkischer-wald\/wp-content\/uploads\/sites\/34\/Breitenauer_See.jpg 500w, https:\/\/www.naturparkmagazin.de\/schwaebisch-fraenkischer-wald\/wp-content\/uploads\/sites\/34\/Breitenauer_See-200x120.jpg 200w\" sizes=\"(max-width: 300px) 100vw, 300px\" \/><\/a><a href=\"https:\/\/www.naturparkmagazin.de\/schwaebisch-fraenkischer-wald\/wp-content\/uploads\/sites\/34\/WB_6_Fichtenberg_Diebachsee-1.jpg\"> <img decoding=\"async\" loading=\"lazy\" class=\"alignleft wp-image-9217 size-thumbnail\" src=\"https:\/\/www.naturparkmagazin.de\/schwaebisch-fraenkischer-wald\/wp-content\/uploads\/sites\/34\/WB_6_Fichtenberg_Diebachsee-1-300x180.jpg\" alt=\"WB_Flyer_5_bis_8_2020_end.indd\" width=\"300\" height=\"180\" srcset=\"https:\/\/www.naturparkmagazin.de\/schwaebisch-fraenkischer-wald\/wp-content\/uploads\/sites\/34\/WB_6_Fichtenberg_Diebachsee-1-300x180.jpg 300w, https:\/\/www.naturparkmagazin.de\/schwaebisch-fraenkischer-wald\/wp-content\/uploads\/sites\/34\/WB_6_Fichtenberg_Diebachsee-1.jpg 500w, https:\/\/www.naturparkmagazin.de\/schwaebisch-fraenkischer-wald\/wp-content\/uploads\/sites\/34\/WB_6_Fichtenberg_Diebachsee-1-200x120.jpg 200w\" sizes=\"(max-width: 300px) 100vw, 300px\" \/><\/a><\/p>\n<p>&nbsp;<\/p>\n<p>&nbsp;<\/p>\n<p>&nbsp;<\/p>\n<p>&nbsp;<\/p>\n<p>Die Flyer zeichnen sich durch ein praktisches Din A5 Format aus und sind auf robustem, wasserabweisendem Papier gedruckt. Sie liegen in den jeweiligen Rath\u00e4usern bereit und k\u00f6nnen auf der Naturpark-Website unter <a href=\"https:\/\/www.naturpark-sfw.de\/informieren\/broschueren-bestellung\/\">https:\/\/www.naturpark-sfw.de\/informieren\/broschueren-bestellung\/<\/a> bestellt und auch heruntergeladen werden.<\/p>\n<p><a href=\"https:\/\/www.naturparkmagazin.de\/schwaebisch-fraenkischer-wald\/wp-content\/uploads\/sites\/34\/Breiteich.jpg\"><img decoding=\"async\" loading=\"lazy\" class=\"alignleft wp-image-9214 size-thumbnail\" src=\"https:\/\/www.naturparkmagazin.de\/schwaebisch-fraenkischer-wald\/wp-content\/uploads\/sites\/34\/Breiteich-300x180.jpg\" alt=\"Breiteich\" width=\"300\" height=\"180\" srcset=\"https:\/\/www.naturparkmagazin.de\/schwaebisch-fraenkischer-wald\/wp-content\/uploads\/sites\/34\/Breiteich-300x180.jpg 300w, https:\/\/www.naturparkmagazin.de\/schwaebisch-fraenkischer-wald\/wp-content\/uploads\/sites\/34\/Breiteich.jpg 500w, https:\/\/www.naturparkmagazin.de\/schwaebisch-fraenkischer-wald\/wp-content\/uploads\/sites\/34\/Breiteich-200x120.jpg 200w\" sizes=\"(max-width: 300px) 100vw, 300px\" \/><\/a><a href=\"https:\/\/www.naturparkmagazin.de\/schwaebisch-fraenkischer-wald\/wp-content\/uploads\/sites\/34\/Grab.jpg\"><img decoding=\"async\" loading=\"lazy\" class=\"alignleft wp-image-9216 size-thumbnail\" src=\"https:\/\/www.naturparkmagazin.de\/schwaebisch-fraenkischer-wald\/wp-content\/uploads\/sites\/34\/Grab-300x180.jpg\" alt=\"Grab\" width=\"300\" height=\"180\" srcset=\"https:\/\/www.naturparkmagazin.de\/schwaebisch-fraenkischer-wald\/wp-content\/uploads\/sites\/34\/Grab-300x180.jpg 300w, https:\/\/www.naturparkmagazin.de\/schwaebisch-fraenkischer-wald\/wp-content\/uploads\/sites\/34\/Grab.jpg 500w, https:\/\/www.naturparkmagazin.de\/schwaebisch-fraenkischer-wald\/wp-content\/uploads\/sites\/34\/Grab-200x120.jpg 200w\" sizes=\"(max-width: 300px) 100vw, 300px\" \/><\/a><\/p>\n<p>&nbsp;<\/p>\n<p>&nbsp;<\/p>\n<p>&nbsp;<\/p>\n<p>&nbsp;<\/p>\n<p>Derzeit befinden sich weitere vier Routen-Flyer in der Erstellungsphase.<\/p>\n<p>Die Aktion Mensch f\u00f6rdert das Projekt \u201eInklusive Wanderbotschafter\/innen im Naturpark Schw\u00e4bisch-Fr\u00e4nkischer Wald\u201c. Durch gepr\u00fcfte Wegstrecken soll Rollstuhlfahrerinnen\/-fahrern die selbstst\u00e4ndige Nutzung von Wanderwegen erm\u00f6glicht werden. Die ersten vier Routen-Flyer wurden nun ausgearbeitet und stehen allen Interessierten ab sofort zur Verf\u00fcgung. Die n\u00e4chsten Flyer in weiteren Naturpark-Kommunen sind bereits in Vorbereitung.<\/p>\n<p>Das Projekt ist auf drei Jahre angelegt und endet im Dezember 2020.<\/p>\n<p>Weitere Informationen:<\/p>\n<p>Ziel des Projekts ist es, die Teilhabe von Menschen mit Behinderung, insbesondere von mobilit\u00e4tseingeschr\u00e4nkten Menschen, im Bereich Freizeit und Naturerlebnisse zu erm\u00f6glichen. Hierf\u00fcr wurden ehrenamtliche Wanderbotschafter\/-innen geschult und mit einem Wander- und Erfassungspaket ausgestattet. Sie testeten und bewerteten Wege, die zuk\u00fcnftig als Wanderwege angeboten und ausgeschildert werden. Wichtigste Kriterien der Strecken sind, dass sie mit drei bis f\u00fcnf Kilometern L\u00e4nge kurz genug sind, um mit Rollst\u00fchlen und Gehhilfen auch eigenst\u00e4ndig nutzbar zu sein. Au\u00dferdem verf\u00fcgen sie \u00fcber Behindertenparkpl\u00e4tze und befinden sich in direkter N\u00e4he zu geeigneten Toiletten und\/oder Gastronomiebetrieben.<\/p>\n<p>Ma\u00dfnahmentr\u00e4ger ist der Bundesverband Selbsthilfe K\u00f6rperbehinderter (BSK). Als Projektpartner beteiligen sich der Naturpark Schw\u00e4bisch-Fr\u00e4nkischer Wald und der Kreisjugendring Rems-Murr.<\/p>\n","protected":false},"excerpt":{"rendered":"<p>vier neue Flyer mit abwechslungsreichen rollstuhlgeeigneten Routen<\/p>\n","protected":false},"author":25,"featured_media":9212,"comment_status":"open","ping_status":"open","sticky":false,"template":"","format":"standard","meta":[],"categories":[7],"tags":[],"yoast_head":"<!-- This site is optimized with the Yoast SEO plugin v19.10 - https:\/\/yoast.com\/wordpress\/plugins\/seo\/ -->\n<title>Weitere Flyer mit rollstuhlgeeigneten Routen fertiggestellt - Naturpark Schw\u00e4bisch-Fr\u00e4nkischer Wald<\/title>\n<meta name=\"robots\" content=\"index, follow, max-snippet:-1, max-image-preview:large, max-video-preview:-1\" \/>\n<link rel=\"canonical\" href=\"https:\/\/www.naturparkmagazin.de\/schwaebisch-fraenkischer-wald\/weitere-flyer-mit-rollstuhlgeeigneten-routen-fertiggestellt\/\" \/>\n<meta property=\"og:locale\" content=\"de_DE\" \/>\n<meta property=\"og:type\" content=\"article\" \/>\n<meta property=\"og:title\" content=\"Weitere Flyer mit rollstuhlgeeigneten Routen fertiggestellt - Naturpark Schw\u00e4bisch-Fr\u00e4nkischer Wald\" \/>\n<meta property=\"og:description\" content=\"vier neue Flyer mit abwechslungsreichen rollstuhlgeeigneten Routen\" \/>\n<meta property=\"og:url\" content=\"https:\/\/www.naturparkmagazin.de\/schwaebisch-fraenkischer-wald\/weitere-flyer-mit-rollstuhlgeeigneten-routen-fertiggestellt\/\" \/>\n<meta property=\"og:site_name\" content=\"Naturpark Schw\u00e4bisch-Fr\u00e4nkischer Wald\" \/>\n<meta property=\"article:author\" content=\"https:\/\/www.facebook.com\/naturparkSFW\" \/>\n<meta property=\"article:published_time\" content=\"2020-11-13T10:18:14+00:00\" \/>\n<meta property=\"article:modified_time\" content=\"2020-11-11T10:46:13+00:00\" \/>\n<meta property=\"og:image\" content=\"https:\/\/www.naturparkmagazin.de\/schwaebisch-fraenkischer-wald\/wp-content\/uploads\/sites\/34\/180414_Wanderbotschafter_Logo_farb.jpg\" \/>\n\t<meta property=\"og:image:width\" content=\"200\" \/>\n\t<meta property=\"og:image:height\" content=\"200\" \/>\n\t<meta property=\"og:image:type\" content=\"image\/jpeg\" \/>\n<meta name=\"author\" content=\"Naturpark-Team\" \/>\n<meta name=\"twitter:label1\" content=\"Verfasst von\" \/>\n\t<meta name=\"twitter:data1\" content=\"Naturpark-Team\" \/>\n\t<meta name=\"twitter:label2\" content=\"Gesch\u00e4tzte Lesezeit\" \/>\n\t<meta name=\"twitter:data2\" content=\"2\u00a0Minuten\" \/>\n<script type=\"application\/ld+json\" class=\"yoast-schema-graph\">{\"@context\":\"https:\/\/schema.org\",\"@graph\":[{\"@type\":\"WebPage\",\"@id\":\"https:\/\/www.naturparkmagazin.de\/schwaebisch-fraenkischer-wald\/weitere-flyer-mit-rollstuhlgeeigneten-routen-fertiggestellt\/\",\"url\":\"https:\/\/www.naturparkmagazin.de\/schwaebisch-fraenkischer-wald\/weitere-flyer-mit-rollstuhlgeeigneten-routen-fertiggestellt\/\",\"name\":\"Weitere Flyer mit rollstuhlgeeigneten Routen fertiggestellt - Naturpark Schw\u00e4bisch-Fr\u00e4nkischer Wald\",\"isPartOf\":{\"@id\":\"https:\/\/www.naturparkmagazin.de\/schwaebisch-fraenkischer-wald\/#website\"},\"datePublished\":\"2020-11-13T10:18:14+00:00\",\"dateModified\":\"2020-11-11T10:46:13+00:00\",\"author\":{\"@id\":\"https:\/\/www.naturparkmagazin.de\/schwaebisch-fraenkischer-wald\/#\/schema\/person\/f047a3702ae747fd7830cf8ac95e6066\"},\"breadcrumb\":{\"@id\":\"https:\/\/www.naturparkmagazin.de\/schwaebisch-fraenkischer-wald\/weitere-flyer-mit-rollstuhlgeeigneten-routen-fertiggestellt\/#breadcrumb\"},\"inLanguage\":\"de\",\"potentialAction\":[{\"@type\":\"ReadAction\",\"target\":[\"https:\/\/www.naturparkmagazin.de\/schwaebisch-fraenkischer-wald\/weitere-flyer-mit-rollstuhlgeeigneten-routen-fertiggestellt\/\"]}]},{\"@type\":\"BreadcrumbList\",\"@id\":\"https:\/\/www.naturparkmagazin.de\/schwaebisch-fraenkischer-wald\/weitere-flyer-mit-rollstuhlgeeigneten-routen-fertiggestellt\/#breadcrumb\",\"itemListElement\":[{\"@type\":\"ListItem\",\"position\":1,\"name\":\"Home\",\"item\":\"https:\/\/www.naturparkmagazin.de\/schwaebisch-fraenkischer-wald\/\"},{\"@type\":\"ListItem\",\"position\":2,\"name\":\"Weitere Flyer mit rollstuhlgeeigneten Routen fertiggestellt\"}]},{\"@type\":\"WebSite\",\"@id\":\"https:\/\/www.naturparkmagazin.de\/schwaebisch-fraenkischer-wald\/#website\",\"url\":\"https:\/\/www.naturparkmagazin.de\/schwaebisch-fraenkischer-wald\/\",\"name\":\"Naturpark Schw\u00e4bisch-Fr\u00e4nkischer Wald\",\"description\":\"\",\"potentialAction\":[{\"@type\":\"SearchAction\",\"target\":{\"@type\":\"EntryPoint\",\"urlTemplate\":\"https:\/\/www.naturparkmagazin.de\/schwaebisch-fraenkischer-wald\/?s={search_term_string}\"},\"query-input\":\"required name=search_term_string\"}],\"inLanguage\":\"de\"},{\"@type\":\"Person\",\"@id\":\"https:\/\/www.naturparkmagazin.de\/schwaebisch-fraenkischer-wald\/#\/schema\/person\/f047a3702ae747fd7830cf8ac95e6066\",\"name\":\"Naturpark-Team\",\"sameAs\":[\"http:\/\/www.naturpark-sfw.de\",\"https:\/\/www.facebook.com\/naturparkSFW\"],\"url\":\"https:\/\/www.naturparkmagazin.de\/schwaebisch-fraenkischer-wald\/author\/bernharddrixler\/\"}]}<\/script>\n<!-- \/ Yoast SEO plugin. -->","yoast_head_json":{"title":"Weitere Flyer mit rollstuhlgeeigneten Routen fertiggestellt - Naturpark Schw\u00e4bisch-Fr\u00e4nkischer Wald","robots":{"index":"index","follow":"follow","max-snippet":"max-snippet:-1","max-image-preview":"max-image-preview:large","max-video-preview":"max-video-preview:-1"},"canonical":"https:\/\/www.naturparkmagazin.de\/schwaebisch-fraenkischer-wald\/weitere-flyer-mit-rollstuhlgeeigneten-routen-fertiggestellt\/","og_locale":"de_DE","og_type":"article","og_title":"Weitere Flyer mit rollstuhlgeeigneten Routen fertiggestellt - Naturpark Schw\u00e4bisch-Fr\u00e4nkischer Wald","og_description":"vier neue Flyer mit abwechslungsreichen rollstuhlgeeigneten Routen","og_url":"https:\/\/www.naturparkmagazin.de\/schwaebisch-fraenkischer-wald\/weitere-flyer-mit-rollstuhlgeeigneten-routen-fertiggestellt\/","og_site_name":"Naturpark Schw\u00e4bisch-Fr\u00e4nkischer Wald","article_author":"https:\/\/www.facebook.com\/naturparkSFW","article_published_time":"2020-11-13T10:18:14+00:00","article_modified_time":"2020-11-11T10:46:13+00:00","og_image":[{"width":200,"height":200,"url":"https:\/\/www.naturparkmagazin.de\/schwaebisch-fraenkischer-wald\/wp-content\/uploads\/sites\/34\/180414_Wanderbotschafter_Logo_farb.jpg","type":"image\/jpeg"}],"author":"Naturpark-Team","twitter_misc":{"Verfasst von":"Naturpark-Team","Gesch\u00e4tzte Lesezeit":"2\u00a0Minuten"},"schema":{"@context":"https:\/\/schema.org","@graph":[{"@type":"WebPage","@id":"https:\/\/www.naturparkmagazin.de\/schwaebisch-fraenkischer-wald\/weitere-flyer-mit-rollstuhlgeeigneten-routen-fertiggestellt\/","url":"https:\/\/www.naturparkmagazin.de\/schwaebisch-fraenkischer-wald\/weitere-flyer-mit-rollstuhlgeeigneten-routen-fertiggestellt\/","name":"Weitere Flyer mit rollstuhlgeeigneten Routen fertiggestellt - Naturpark Schw\u00e4bisch-Fr\u00e4nkischer Wald","isPartOf":{"@id":"https:\/\/www.naturparkmagazin.de\/schwaebisch-fraenkischer-wald\/#website"},"datePublished":"2020-11-13T10:18:14+00:00","dateModified":"2020-11-11T10:46:13+00:00","author":{"@id":"https:\/\/www.naturparkmagazin.de\/schwaebisch-fraenkischer-wald\/#\/schema\/person\/f047a3702ae747fd7830cf8ac95e6066"},"breadcrumb":{"@id":"https:\/\/www.naturparkmagazin.de\/schwaebisch-fraenkischer-wald\/weitere-flyer-mit-rollstuhlgeeigneten-routen-fertiggestellt\/#breadcrumb"},"inLanguage":"de","potentialAction":[{"@type":"ReadAction","target":["https:\/\/www.naturparkmagazin.de\/schwaebisch-fraenkischer-wald\/weitere-flyer-mit-rollstuhlgeeigneten-routen-fertiggestellt\/"]}]},{"@type":"BreadcrumbList","@id":"https:\/\/www.naturparkmagazin.de\/schwaebisch-fraenkischer-wald\/weitere-flyer-mit-rollstuhlgeeigneten-routen-fertiggestellt\/#breadcrumb","itemListElement":[{"@type":"ListItem","position":1,"name":"Home","item":"https:\/\/www.naturparkmagazin.de\/schwaebisch-fraenkischer-wald\/"},{"@type":"ListItem","position":2,"name":"Weitere Flyer mit rollstuhlgeeigneten Routen fertiggestellt"}]},{"@type":"WebSite","@id":"https:\/\/www.naturparkmagazin.de\/schwaebisch-fraenkischer-wald\/#website","url":"https:\/\/www.naturparkmagazin.de\/schwaebisch-fraenkischer-wald\/","name":"Naturpark Schw\u00e4bisch-Fr\u00e4nkischer Wald","description":"","potentialAction":[{"@type":"SearchAction","target":{"@type":"EntryPoint","urlTemplate":"https:\/\/www.naturparkmagazin.de\/schwaebisch-fraenkischer-wald\/?s={search_term_string}"},"query-input":"required name=search_term_string"}],"inLanguage":"de"},{"@type":"Person","@id":"https:\/\/www.naturparkmagazin.de\/schwaebisch-fraenkischer-wald\/#\/schema\/person\/f047a3702ae747fd7830cf8ac95e6066","name":"Naturpark-Team","sameAs":["http:\/\/www.naturpark-sfw.de","https:\/\/www.facebook.com\/naturparkSFW"],"url":"https:\/\/www.naturparkmagazin.de\/schwaebisch-fraenkischer-wald\/author\/bernharddrixler\/"}]}},"_links":{"self":[{"href":"https:\/\/www.naturparkmagazin.de\/schwaebisch-fraenkischer-wald\/wp-json\/wp\/v2\/posts\/9210"}],"collection":[{"href":"https:\/\/www.naturparkmagazin.de\/schwaebisch-fraenkischer-wald\/wp-json\/wp\/v2\/posts"}],"about":[{"href":"https:\/\/www.naturparkmagazin.de\/schwaebisch-fraenkischer-wald\/wp-json\/wp\/v2\/types\/post"}],"author":[{"embeddable":true,"href":"https:\/\/www.naturparkmagazin.de\/schwaebisch-fraenkischer-wald\/wp-json\/wp\/v2\/users\/25"}],"replies":[{"embeddable":true,"href":"https:\/\/www.naturparkmagazin.de\/schwaebisch-fraenkischer-wald\/wp-json\/wp\/v2\/comments?post=9210"}],"version-history":[{"count":3,"href":"https:\/\/www.naturparkmagazin.de\/schwaebisch-fraenkischer-wald\/wp-json\/wp\/v2\/posts\/9210\/revisions"}],"predecessor-version":[{"id":9213,"href":"https:\/\/www.naturparkmagazin.de\/schwaebisch-fraenkischer-wald\/wp-json\/wp\/v2\/posts\/9210\/revisions\/9213"}],"wp:featuredmedia":[{"embeddable":true,"href":"https:\/\/www.naturparkmagazin.de\/schwaebisch-fraenkischer-wald\/wp-json\/wp\/v2\/media\/9212"}],"wp:attachment":[{"href":"https:\/\/www.naturparkmagazin.de\/schwaebisch-fraenkischer-wald\/wp-json\/wp\/v2\/media?parent=9210"}],"wp:term":[{"taxonomy":"category","embeddable":true,"href":"https:\/\/www.naturparkmagazin.de\/schwaebisch-fraenkischer-wald\/wp-json\/wp\/v2\/categories?post=9210"},{"taxonomy":"post_tag","embeddable":true,"href":"https:\/\/www.naturparkmagazin.de\/schwaebisch-fraenkischer-wald\/wp-json\/wp\/v2\/tags?post=9210"}],"curies":[{"name":"wp","href":"https:\/\/api.w.org\/{rel}","templated":true}]}}