{"id":9225,"date":"2020-11-13T14:01:38","date_gmt":"2020-11-13T13:01:38","guid":{"rendered":"https:\/\/www.naturparkmagazin.de\/schwaebisch-fraenkischer-wald\/?p=9225"},"modified":"2020-11-11T14:07:06","modified_gmt":"2020-11-11T13:07:06","slug":"naturparke-veroeffentlichen-insektenfibel-fuer-kinder","status":"publish","type":"post","link":"https:\/\/www.naturparkmagazin.de\/schwaebisch-fraenkischer-wald\/naturparke-veroeffentlichen-insektenfibel-fuer-kinder\/","title":{"rendered":"Naturparke ver\u00f6ffentlichen Insektenfibel f\u00fcr Kinder"},"content":{"rendered":"<p>Gemeinsam haben die Naturparke Baden-W\u00fcrttemberg eine Insektenfibel f\u00fcr Kinder ab 7\u00a0Jahren erstellt. <a href=\"https:\/\/www.naturparkmagazin.de\/schwaebisch-fraenkischer-wald\/wp-content\/uploads\/sites\/34\/2020_11_Bluehende_NPBW_Insektenfibel_1.jpg\"><img decoding=\"async\" loading=\"lazy\" class=\"alignright size-full wp-image-9226\" src=\"https:\/\/www.naturparkmagazin.de\/schwaebisch-fraenkischer-wald\/wp-content\/uploads\/sites\/34\/2020_11_Bluehende_NPBW_Insektenfibel_1.jpg\" alt=\"Insektenfibel\" width=\"300\" height=\"500\" srcset=\"https:\/\/www.naturparkmagazin.de\/schwaebisch-fraenkischer-wald\/wp-content\/uploads\/sites\/34\/2020_11_Bluehende_NPBW_Insektenfibel_1.jpg 300w, https:\/\/www.naturparkmagazin.de\/schwaebisch-fraenkischer-wald\/wp-content\/uploads\/sites\/34\/2020_11_Bluehende_NPBW_Insektenfibel_1-200x333.jpg 200w\" sizes=\"(max-width: 300px) 100vw, 300px\" \/><\/a><\/p>\n<p>In der Fibel kann Spannendes \u00fcber Wildinsekten (vor-)gelesen werden, viele Mitmach-Aktionen rufen dazu auf, Insekten im Freien zu erleben. Die Insektenfibel ist ebenso wie die Bl\u00fchfibel in allen Naturparken Baden-W\u00fcrttembergs kostenlos erh\u00e4ltlich und kann unter <a href=\"http:\/\/www.bluehende-naturparke.de\" target=\"_blank\">www.bluehende-naturparke.de<\/a> heruntergeladen werden.<\/p>\n<p><strong>Was bietet die Fibel?<\/strong><\/p>\n<p>Aufgelockert durch viele Illustrationen, werden zu Beginn der Fibel einige Besonderheiten der Insekten erkl\u00e4rt. Facettenaugen, Mundwerkzeuge und die Entwicklung von der Larve zum Insekt sind nach den ersten Seiten nicht mehr fremd. Nach und nach stellen sich die Insektengruppen der Bienen, Schmetterlinge, Heuschrecken, K\u00e4fer und der M\u00fccken und Fliegen vor. Mindestens je ein dazugeh\u00f6riges Wildinsekt wird genauer unter die Lupe genommen. Die Fibel bietet ebenso viele Mitmach-Aktionen wie Informationen und l\u00e4dt zum Beobachten, Retten, Malen, Erkunden, Spielen, R\u00e4tseln und Basteln ein.<\/p>\n<p><strong>Wie kann die Fibel eingesetzt werden?<\/strong><\/p>\n<p>Das Projekt \u201eBl\u00fchende Naturparke\u201c ruft dazu auf, Kinder regelm\u00e4\u00dfig mit dem Leben auf Wildblumenwiesen vertraut zu machen. Vorschulkinder k\u00f6nnen mit Hilfe der Bl\u00fchfibel einige Bl\u00fchpflanzen kennenlernen, Grundschulkinder lernen durch die Insektenfibel spielerisch h\u00e4ufige Insektenarten zu bestimmen. Trotz kindgerechten Inhalten ist die Begleitung durch einen Erwachsenen sinnvoll.<\/p>\n<hr \/>\n<p><strong>Das Projekt \u201eBl\u00fchende Naturparke\u201c im \u00dcberblick:<\/strong><\/p>\n<p>Im Rahmen einer landesweiten Kampagne engagieren sich die Naturparke Baden-W\u00fcrttembergs f\u00fcr den Insektenschutz.<\/p>\n<p>Insekten ben\u00f6tigen geeigneten Lebensraum und ganzj\u00e4hrige Nahrungsquellen. Die Suche nach einem geeigneten Habitat mit ausreichend Futterquellen kann sich insbesondere f\u00fcr spezialisierte Arten als schwierig darstellen. \u00dcber das Projekt Bl\u00fchende Naturparke werden Fl\u00e4chen wieder artenreicher, indem sie mit standortangepassten, gebietsheimischen und mehrj\u00e4hrigen Wildblumensamen einges\u00e4t werden und\/oder das Pflegemanagement umgestellt wird. Vielf\u00e4ltige Bl\u00fchwiesen mit einem breiten Nahrungsangebot f\u00fcr Insekten sollen durch diese Initiative entstehen. Zur Projektteilnahme sind alle eingeladen: St\u00e4dte und Gemeinden, Unternehmen, Landwirte und Privatleute. Egal ob gro\u00dfe oder kleine Fl\u00e4che: jede neue Wildblumenwiese stellt einen Trittstein mit wertvollem Habitat dar!<\/p>\n<p>Mindestens ebenso wichtig f\u00fcr die Naturparke ist die Sensibilisierung der Gesellschaft f\u00fcr den Insektenschutz. So bieten die Naturparke beispielsweise Lehr- und Informationsveranstaltungen an, binden Schulen oder Kinderg\u00e4rten in das aktive Anlegen von Wildblumenwiesen ein und stellen umweltp\u00e4dagogisches Material bereit.<\/p>\n<p>Mehr Informationen zum Projekt und den Teilnahmem\u00f6glichkeiten gibt es unter <a href=\"http:\/\/www.bluehende-naturparke.de\" target=\"_blank\">www.bluehende-naturparke.de<\/a> oder <a href=\"mailto:info@bluehende-naturparke.de\" target=\"_blank\">info@bluehende-naturparke.de<\/a>.<\/p>\n<p><strong>Ansprechpartnerin:<\/strong><\/p>\n<p>Julia Mack, Projektmanagement Bl\u00fchende Naturparke<\/p>\n<p>c\/o Naturpark Schwarzwald Mitte\/Nord<\/p>\n<p>E-Mail: <a href=\"mailto:info@bluehende-naturparke.de\" target=\"_blank\">info@bluehende-naturparke.de<\/a><\/p>\n<p>Lisa-Marie Funke, Projektmanagerin Naturpark Schw\u00e4bisch-Fr\u00e4nkischer Wald<\/p>\n<p>E-Mail: <a href=\"mailto:lisa-marie.funke@naturpark-sfw.de\" target=\"_blank\">lisa-marie.funke@naturpark-sfw.de<\/a><\/p>\n","protected":false},"excerpt":{"rendered":"<p>beobachten &#8211; verstehen &#8211; kreativ werden<\/p>\n","protected":false},"author":25,"featured_media":9227,"comment_status":"open","ping_status":"open","sticky":false,"template":"","format":"standard","meta":[],"categories":[7],"tags":[],"yoast_head":"<!-- This site is optimized with the Yoast SEO plugin v19.10 - https:\/\/yoast.com\/wordpress\/plugins\/seo\/ -->\n<title>Naturparke ver\u00f6ffentlichen Insektenfibel f\u00fcr Kinder - Naturpark Schw\u00e4bisch-Fr\u00e4nkischer Wald<\/title>\n<meta name=\"robots\" content=\"index, follow, max-snippet:-1, max-image-preview:large, max-video-preview:-1\" \/>\n<link rel=\"canonical\" href=\"https:\/\/www.naturparkmagazin.de\/schwaebisch-fraenkischer-wald\/naturparke-veroeffentlichen-insektenfibel-fuer-kinder\/\" \/>\n<meta property=\"og:locale\" content=\"de_DE\" \/>\n<meta property=\"og:type\" content=\"article\" \/>\n<meta property=\"og:title\" content=\"Naturparke ver\u00f6ffentlichen Insektenfibel f\u00fcr Kinder - Naturpark Schw\u00e4bisch-Fr\u00e4nkischer Wald\" \/>\n<meta property=\"og:description\" content=\"beobachten - verstehen - kreativ werden\" \/>\n<meta property=\"og:url\" content=\"https:\/\/www.naturparkmagazin.de\/schwaebisch-fraenkischer-wald\/naturparke-veroeffentlichen-insektenfibel-fuer-kinder\/\" \/>\n<meta property=\"og:site_name\" content=\"Naturpark Schw\u00e4bisch-Fr\u00e4nkischer Wald\" \/>\n<meta property=\"article:author\" content=\"https:\/\/www.facebook.com\/naturparkSFW\" \/>\n<meta property=\"article:published_time\" content=\"2020-11-13T13:01:38+00:00\" \/>\n<meta property=\"article:modified_time\" content=\"2020-11-11T13:07:06+00:00\" \/>\n<meta property=\"og:image\" content=\"https:\/\/www.naturparkmagazin.de\/schwaebisch-fraenkischer-wald\/wp-content\/uploads\/sites\/34\/2020_11_Bluehende_NPBW_Insektenfibel_11.jpg\" \/>\n\t<meta property=\"og:image:width\" content=\"200\" \/>\n\t<meta property=\"og:image:height\" content=\"200\" \/>\n\t<meta property=\"og:image:type\" content=\"image\/jpeg\" \/>\n<meta name=\"author\" content=\"Naturpark-Team\" \/>\n<meta name=\"twitter:label1\" content=\"Verfasst von\" \/>\n\t<meta name=\"twitter:data1\" content=\"Naturpark-Team\" \/>\n\t<meta name=\"twitter:label2\" content=\"Gesch\u00e4tzte Lesezeit\" \/>\n\t<meta name=\"twitter:data2\" content=\"2\u00a0Minuten\" \/>\n<script type=\"application\/ld+json\" class=\"yoast-schema-graph\">{\"@context\":\"https:\/\/schema.org\",\"@graph\":[{\"@type\":\"WebPage\",\"@id\":\"https:\/\/www.naturparkmagazin.de\/schwaebisch-fraenkischer-wald\/naturparke-veroeffentlichen-insektenfibel-fuer-kinder\/\",\"url\":\"https:\/\/www.naturparkmagazin.de\/schwaebisch-fraenkischer-wald\/naturparke-veroeffentlichen-insektenfibel-fuer-kinder\/\",\"name\":\"Naturparke ver\u00f6ffentlichen Insektenfibel f\u00fcr Kinder - Naturpark Schw\u00e4bisch-Fr\u00e4nkischer Wald\",\"isPartOf\":{\"@id\":\"https:\/\/www.naturparkmagazin.de\/schwaebisch-fraenkischer-wald\/#website\"},\"datePublished\":\"2020-11-13T13:01:38+00:00\",\"dateModified\":\"2020-11-11T13:07:06+00:00\",\"author\":{\"@id\":\"https:\/\/www.naturparkmagazin.de\/schwaebisch-fraenkischer-wald\/#\/schema\/person\/f047a3702ae747fd7830cf8ac95e6066\"},\"breadcrumb\":{\"@id\":\"https:\/\/www.naturparkmagazin.de\/schwaebisch-fraenkischer-wald\/naturparke-veroeffentlichen-insektenfibel-fuer-kinder\/#breadcrumb\"},\"inLanguage\":\"de\",\"potentialAction\":[{\"@type\":\"ReadAction\",\"target\":[\"https:\/\/www.naturparkmagazin.de\/schwaebisch-fraenkischer-wald\/naturparke-veroeffentlichen-insektenfibel-fuer-kinder\/\"]}]},{\"@type\":\"BreadcrumbList\",\"@id\":\"https:\/\/www.naturparkmagazin.de\/schwaebisch-fraenkischer-wald\/naturparke-veroeffentlichen-insektenfibel-fuer-kinder\/#breadcrumb\",\"itemListElement\":[{\"@type\":\"ListItem\",\"position\":1,\"name\":\"Home\",\"item\":\"https:\/\/www.naturparkmagazin.de\/schwaebisch-fraenkischer-wald\/\"},{\"@type\":\"ListItem\",\"position\":2,\"name\":\"Naturparke ver\u00f6ffentlichen Insektenfibel f\u00fcr Kinder\"}]},{\"@type\":\"WebSite\",\"@id\":\"https:\/\/www.naturparkmagazin.de\/schwaebisch-fraenkischer-wald\/#website\",\"url\":\"https:\/\/www.naturparkmagazin.de\/schwaebisch-fraenkischer-wald\/\",\"name\":\"Naturpark Schw\u00e4bisch-Fr\u00e4nkischer Wald\",\"description\":\"\",\"potentialAction\":[{\"@type\":\"SearchAction\",\"target\":{\"@type\":\"EntryPoint\",\"urlTemplate\":\"https:\/\/www.naturparkmagazin.de\/schwaebisch-fraenkischer-wald\/?s={search_term_string}\"},\"query-input\":\"required name=search_term_string\"}],\"inLanguage\":\"de\"},{\"@type\":\"Person\",\"@id\":\"https:\/\/www.naturparkmagazin.de\/schwaebisch-fraenkischer-wald\/#\/schema\/person\/f047a3702ae747fd7830cf8ac95e6066\",\"name\":\"Naturpark-Team\",\"sameAs\":[\"http:\/\/www.naturpark-sfw.de\",\"https:\/\/www.facebook.com\/naturparkSFW\"],\"url\":\"https:\/\/www.naturparkmagazin.de\/schwaebisch-fraenkischer-wald\/author\/bernharddrixler\/\"}]}<\/script>\n<!-- \/ Yoast SEO plugin. -->","yoast_head_json":{"title":"Naturparke ver\u00f6ffentlichen Insektenfibel f\u00fcr Kinder - Naturpark Schw\u00e4bisch-Fr\u00e4nkischer Wald","robots":{"index":"index","follow":"follow","max-snippet":"max-snippet:-1","max-image-preview":"max-image-preview:large","max-video-preview":"max-video-preview:-1"},"canonical":"https:\/\/www.naturparkmagazin.de\/schwaebisch-fraenkischer-wald\/naturparke-veroeffentlichen-insektenfibel-fuer-kinder\/","og_locale":"de_DE","og_type":"article","og_title":"Naturparke ver\u00f6ffentlichen Insektenfibel f\u00fcr Kinder - Naturpark Schw\u00e4bisch-Fr\u00e4nkischer Wald","og_description":"beobachten - verstehen - kreativ werden","og_url":"https:\/\/www.naturparkmagazin.de\/schwaebisch-fraenkischer-wald\/naturparke-veroeffentlichen-insektenfibel-fuer-kinder\/","og_site_name":"Naturpark Schw\u00e4bisch-Fr\u00e4nkischer Wald","article_author":"https:\/\/www.facebook.com\/naturparkSFW","article_published_time":"2020-11-13T13:01:38+00:00","article_modified_time":"2020-11-11T13:07:06+00:00","og_image":[{"width":200,"height":200,"url":"https:\/\/www.naturparkmagazin.de\/schwaebisch-fraenkischer-wald\/wp-content\/uploads\/sites\/34\/2020_11_Bluehende_NPBW_Insektenfibel_11.jpg","type":"image\/jpeg"}],"author":"Naturpark-Team","twitter_misc":{"Verfasst von":"Naturpark-Team","Gesch\u00e4tzte Lesezeit":"2\u00a0Minuten"},"schema":{"@context":"https:\/\/schema.org","@graph":[{"@type":"WebPage","@id":"https:\/\/www.naturparkmagazin.de\/schwaebisch-fraenkischer-wald\/naturparke-veroeffentlichen-insektenfibel-fuer-kinder\/","url":"https:\/\/www.naturparkmagazin.de\/schwaebisch-fraenkischer-wald\/naturparke-veroeffentlichen-insektenfibel-fuer-kinder\/","name":"Naturparke ver\u00f6ffentlichen Insektenfibel f\u00fcr Kinder - Naturpark Schw\u00e4bisch-Fr\u00e4nkischer Wald","isPartOf":{"@id":"https:\/\/www.naturparkmagazin.de\/schwaebisch-fraenkischer-wald\/#website"},"datePublished":"2020-11-13T13:01:38+00:00","dateModified":"2020-11-11T13:07:06+00:00","author":{"@id":"https:\/\/www.naturparkmagazin.de\/schwaebisch-fraenkischer-wald\/#\/schema\/person\/f047a3702ae747fd7830cf8ac95e6066"},"breadcrumb":{"@id":"https:\/\/www.naturparkmagazin.de\/schwaebisch-fraenkischer-wald\/naturparke-veroeffentlichen-insektenfibel-fuer-kinder\/#breadcrumb"},"inLanguage":"de","potentialAction":[{"@type":"ReadAction","target":["https:\/\/www.naturparkmagazin.de\/schwaebisch-fraenkischer-wald\/naturparke-veroeffentlichen-insektenfibel-fuer-kinder\/"]}]},{"@type":"BreadcrumbList","@id":"https:\/\/www.naturparkmagazin.de\/schwaebisch-fraenkischer-wald\/naturparke-veroeffentlichen-insektenfibel-fuer-kinder\/#breadcrumb","itemListElement":[{"@type":"ListItem","position":1,"name":"Home","item":"https:\/\/www.naturparkmagazin.de\/schwaebisch-fraenkischer-wald\/"},{"@type":"ListItem","position":2,"name":"Naturparke ver\u00f6ffentlichen Insektenfibel f\u00fcr Kinder"}]},{"@type":"WebSite","@id":"https:\/\/www.naturparkmagazin.de\/schwaebisch-fraenkischer-wald\/#website","url":"https:\/\/www.naturparkmagazin.de\/schwaebisch-fraenkischer-wald\/","name":"Naturpark Schw\u00e4bisch-Fr\u00e4nkischer Wald","description":"","potentialAction":[{"@type":"SearchAction","target":{"@type":"EntryPoint","urlTemplate":"https:\/\/www.naturparkmagazin.de\/schwaebisch-fraenkischer-wald\/?s={search_term_string}"},"query-input":"required name=search_term_string"}],"inLanguage":"de"},{"@type":"Person","@id":"https:\/\/www.naturparkmagazin.de\/schwaebisch-fraenkischer-wald\/#\/schema\/person\/f047a3702ae747fd7830cf8ac95e6066","name":"Naturpark-Team","sameAs":["http:\/\/www.naturpark-sfw.de","https:\/\/www.facebook.com\/naturparkSFW"],"url":"https:\/\/www.naturparkmagazin.de\/schwaebisch-fraenkischer-wald\/author\/bernharddrixler\/"}]}},"_links":{"self":[{"href":"https:\/\/www.naturparkmagazin.de\/schwaebisch-fraenkischer-wald\/wp-json\/wp\/v2\/posts\/9225"}],"collection":[{"href":"https:\/\/www.naturparkmagazin.de\/schwaebisch-fraenkischer-wald\/wp-json\/wp\/v2\/posts"}],"about":[{"href":"https:\/\/www.naturparkmagazin.de\/schwaebisch-fraenkischer-wald\/wp-json\/wp\/v2\/types\/post"}],"author":[{"embeddable":true,"href":"https:\/\/www.naturparkmagazin.de\/schwaebisch-fraenkischer-wald\/wp-json\/wp\/v2\/users\/25"}],"replies":[{"embeddable":true,"href":"https:\/\/www.naturparkmagazin.de\/schwaebisch-fraenkischer-wald\/wp-json\/wp\/v2\/comments?post=9225"}],"version-history":[{"count":1,"href":"https:\/\/www.naturparkmagazin.de\/schwaebisch-fraenkischer-wald\/wp-json\/wp\/v2\/posts\/9225\/revisions"}],"predecessor-version":[{"id":9228,"href":"https:\/\/www.naturparkmagazin.de\/schwaebisch-fraenkischer-wald\/wp-json\/wp\/v2\/posts\/9225\/revisions\/9228"}],"wp:featuredmedia":[{"embeddable":true,"href":"https:\/\/www.naturparkmagazin.de\/schwaebisch-fraenkischer-wald\/wp-json\/wp\/v2\/media\/9227"}],"wp:attachment":[{"href":"https:\/\/www.naturparkmagazin.de\/schwaebisch-fraenkischer-wald\/wp-json\/wp\/v2\/media?parent=9225"}],"wp:term":[{"taxonomy":"category","embeddable":true,"href":"https:\/\/www.naturparkmagazin.de\/schwaebisch-fraenkischer-wald\/wp-json\/wp\/v2\/categories?post=9225"},{"taxonomy":"post_tag","embeddable":true,"href":"https:\/\/www.naturparkmagazin.de\/schwaebisch-fraenkischer-wald\/wp-json\/wp\/v2\/tags?post=9225"}],"curies":[{"name":"wp","href":"https:\/\/api.w.org\/{rel}","templated":true}]}}