{"id":9297,"date":"2021-01-15T12:22:12","date_gmt":"2021-01-15T11:22:12","guid":{"rendered":"https:\/\/www.naturparkmagazin.de\/schwaebisch-fraenkischer-wald\/?p=9297"},"modified":"2021-01-28T16:50:26","modified_gmt":"2021-01-28T15:50:26","slug":"abgesagt-naturpark-aktiv-2021-winterschlaf-winterurlaub-winterpelz","status":"publish","type":"post","link":"https:\/\/www.naturparkmagazin.de\/schwaebisch-fraenkischer-wald\/abgesagt-naturpark-aktiv-2021-winterschlaf-winterurlaub-winterpelz\/","title":{"rendered":"ABGESAGT &#8211; Naturpark aktiv 2021 &#8211; Winterschlaf &#8211; Winterurlaub &#8211; Winterpelz"},"content":{"rendered":"<ol start=\"14\">\n<li>Februar \u2013 Sonntag\n<div id=\"attachment_9298\" style=\"width: 310px\" class=\"wp-caption alignright\"><a href=\"https:\/\/www.naturparkmagazin.de\/schwaebisch-fraenkischer-wald\/wp-content\/uploads\/sites\/34\/210214_NPaktiv_Reiss.jpg\"><img aria-describedby=\"caption-attachment-9298\" decoding=\"async\" loading=\"lazy\" class=\"wp-image-9298 size-full\" src=\"https:\/\/www.naturparkmagazin.de\/schwaebisch-fraenkischer-wald\/wp-content\/uploads\/sites\/34\/210214_NPaktiv_Reiss.jpg\" alt=\"Winterschlaf - Winterurlaub - Winterpelz\" width=\"300\" height=\"500\" srcset=\"https:\/\/www.naturparkmagazin.de\/schwaebisch-fraenkischer-wald\/wp-content\/uploads\/sites\/34\/210214_NPaktiv_Reiss.jpg 300w, https:\/\/www.naturparkmagazin.de\/schwaebisch-fraenkischer-wald\/wp-content\/uploads\/sites\/34\/210214_NPaktiv_Reiss-200x333.jpg 200w\" sizes=\"(max-width: 300px) 100vw, 300px\" \/><\/a><p id=\"caption-attachment-9298\" class=\"wp-caption-text\">Winterschlaf &#8211; Winterurlaub &#8211; Winterpelz &#8211; Copyright: Reiss<\/p><\/div><\/li>\n<\/ol>\n<p>Es geht raus aus der warmen Stube und rein in den winterlichen W\u00fcstenroter Wald mit Naturparkf\u00fchrerin Sabine Reiss. Was machen unsere Tiere im Wald in der kalten Jahreszeit? Wer legt Vorr\u00e4te an und wer h\u00e4lt Winterschlaf? Wer zieht in den S\u00fcden und wer bleibt da? Die Teilnehmer machen sich auf eine spannende Spurensuche.<\/p>\n<ul>\n<li>Start: 14 Uhr<\/li>\n<li>Treffpunkt: W\u00fcstenrot, Parkplatz Wellingtonien, Wellingtonienstra\u00dfe<\/li>\n<li>Dauer: Ca. 2,5 Stunden<\/li>\n<li>Kosten: 6 \u20ac\/Person, Kinder bis 12 Jahre kostenlos<\/li>\n<li>Anmeldung bis 13. Februar<\/li>\n<li>0 71 30 \/ 40 35 88<\/li>\n<li><a href=\"mailto:reiss@die-naturparkfuehrer.de\">reiss@die-naturparkfuehrer.de<\/a><\/li>\n<\/ul>\n","protected":false},"excerpt":{"rendered":"<p>14.02.: rein in den winterlichen W\u00fcstenroter Wald mit Naturparkf\u00fchrerin Sabine<\/p>\n","protected":false},"author":25,"featured_media":9299,"comment_status":"open","ping_status":"open","sticky":false,"template":"","format":"standard","meta":[],"categories":[11],"tags":[2083],"yoast_head":"<!-- This site is optimized with the Yoast SEO plugin v19.10 - https:\/\/yoast.com\/wordpress\/plugins\/seo\/ -->\n<title>ABGESAGT - Naturpark aktiv 2021 - Winterschlaf - Winterurlaub - Winterpelz - Naturpark Schw\u00e4bisch-Fr\u00e4nkischer Wald<\/title>\n<meta name=\"robots\" content=\"index, follow, max-snippet:-1, max-image-preview:large, max-video-preview:-1\" \/>\n<link rel=\"canonical\" href=\"https:\/\/www.naturparkmagazin.de\/schwaebisch-fraenkischer-wald\/abgesagt-naturpark-aktiv-2021-winterschlaf-winterurlaub-winterpelz\/\" \/>\n<meta property=\"og:locale\" content=\"de_DE\" \/>\n<meta property=\"og:type\" content=\"article\" \/>\n<meta property=\"og:title\" content=\"ABGESAGT - Naturpark aktiv 2021 - Winterschlaf - Winterurlaub - Winterpelz - Naturpark Schw\u00e4bisch-Fr\u00e4nkischer Wald\" \/>\n<meta property=\"og:description\" content=\"14.02.: rein in den winterlichen W\u00fcstenroter Wald mit Naturparkf\u00fchrerin Sabine\" \/>\n<meta property=\"og:url\" content=\"https:\/\/www.naturparkmagazin.de\/schwaebisch-fraenkischer-wald\/abgesagt-naturpark-aktiv-2021-winterschlaf-winterurlaub-winterpelz\/\" \/>\n<meta property=\"og:site_name\" content=\"Naturpark Schw\u00e4bisch-Fr\u00e4nkischer Wald\" \/>\n<meta property=\"article:author\" content=\"https:\/\/www.facebook.com\/naturparkSFW\" \/>\n<meta property=\"article:published_time\" content=\"2021-01-15T11:22:12+00:00\" \/>\n<meta property=\"article:modified_time\" content=\"2021-01-28T15:50:26+00:00\" \/>\n<meta property=\"og:image\" content=\"https:\/\/www.naturparkmagazin.de\/schwaebisch-fraenkischer-wald\/wp-content\/uploads\/sites\/34\/210214_NPaktiv_Reiss1.jpg\" \/>\n\t<meta property=\"og:image:width\" content=\"200\" \/>\n\t<meta property=\"og:image:height\" content=\"200\" \/>\n\t<meta property=\"og:image:type\" content=\"image\/jpeg\" \/>\n<meta name=\"author\" content=\"Naturpark-Team\" \/>\n<meta name=\"twitter:label1\" content=\"Verfasst von\" \/>\n\t<meta name=\"twitter:data1\" content=\"Naturpark-Team\" \/>\n<script type=\"application\/ld+json\" class=\"yoast-schema-graph\">{\"@context\":\"https:\/\/schema.org\",\"@graph\":[{\"@type\":\"WebPage\",\"@id\":\"https:\/\/www.naturparkmagazin.de\/schwaebisch-fraenkischer-wald\/abgesagt-naturpark-aktiv-2021-winterschlaf-winterurlaub-winterpelz\/\",\"url\":\"https:\/\/www.naturparkmagazin.de\/schwaebisch-fraenkischer-wald\/abgesagt-naturpark-aktiv-2021-winterschlaf-winterurlaub-winterpelz\/\",\"name\":\"ABGESAGT - Naturpark aktiv 2021 - Winterschlaf - Winterurlaub - Winterpelz - Naturpark Schw\u00e4bisch-Fr\u00e4nkischer Wald\",\"isPartOf\":{\"@id\":\"https:\/\/www.naturparkmagazin.de\/schwaebisch-fraenkischer-wald\/#website\"},\"datePublished\":\"2021-01-15T11:22:12+00:00\",\"dateModified\":\"2021-01-28T15:50:26+00:00\",\"author\":{\"@id\":\"https:\/\/www.naturparkmagazin.de\/schwaebisch-fraenkischer-wald\/#\/schema\/person\/f047a3702ae747fd7830cf8ac95e6066\"},\"breadcrumb\":{\"@id\":\"https:\/\/www.naturparkmagazin.de\/schwaebisch-fraenkischer-wald\/abgesagt-naturpark-aktiv-2021-winterschlaf-winterurlaub-winterpelz\/#breadcrumb\"},\"inLanguage\":\"de\",\"potentialAction\":[{\"@type\":\"ReadAction\",\"target\":[\"https:\/\/www.naturparkmagazin.de\/schwaebisch-fraenkischer-wald\/abgesagt-naturpark-aktiv-2021-winterschlaf-winterurlaub-winterpelz\/\"]}]},{\"@type\":\"BreadcrumbList\",\"@id\":\"https:\/\/www.naturparkmagazin.de\/schwaebisch-fraenkischer-wald\/abgesagt-naturpark-aktiv-2021-winterschlaf-winterurlaub-winterpelz\/#breadcrumb\",\"itemListElement\":[{\"@type\":\"ListItem\",\"position\":1,\"name\":\"Home\",\"item\":\"https:\/\/www.naturparkmagazin.de\/schwaebisch-fraenkischer-wald\/\"},{\"@type\":\"ListItem\",\"position\":2,\"name\":\"ABGESAGT &#8211; Naturpark aktiv 2021 &#8211; Winterschlaf &#8211; Winterurlaub &#8211; Winterpelz\"}]},{\"@type\":\"WebSite\",\"@id\":\"https:\/\/www.naturparkmagazin.de\/schwaebisch-fraenkischer-wald\/#website\",\"url\":\"https:\/\/www.naturparkmagazin.de\/schwaebisch-fraenkischer-wald\/\",\"name\":\"Naturpark Schw\u00e4bisch-Fr\u00e4nkischer Wald\",\"description\":\"\",\"potentialAction\":[{\"@type\":\"SearchAction\",\"target\":{\"@type\":\"EntryPoint\",\"urlTemplate\":\"https:\/\/www.naturparkmagazin.de\/schwaebisch-fraenkischer-wald\/?s={search_term_string}\"},\"query-input\":\"required name=search_term_string\"}],\"inLanguage\":\"de\"},{\"@type\":\"Person\",\"@id\":\"https:\/\/www.naturparkmagazin.de\/schwaebisch-fraenkischer-wald\/#\/schema\/person\/f047a3702ae747fd7830cf8ac95e6066\",\"name\":\"Naturpark-Team\",\"sameAs\":[\"http:\/\/www.naturpark-sfw.de\",\"https:\/\/www.facebook.com\/naturparkSFW\"],\"url\":\"https:\/\/www.naturparkmagazin.de\/schwaebisch-fraenkischer-wald\/author\/bernharddrixler\/\"}]}<\/script>\n<!-- \/ Yoast SEO plugin. -->","yoast_head_json":{"title":"ABGESAGT - Naturpark aktiv 2021 - Winterschlaf - Winterurlaub - Winterpelz - Naturpark Schw\u00e4bisch-Fr\u00e4nkischer Wald","robots":{"index":"index","follow":"follow","max-snippet":"max-snippet:-1","max-image-preview":"max-image-preview:large","max-video-preview":"max-video-preview:-1"},"canonical":"https:\/\/www.naturparkmagazin.de\/schwaebisch-fraenkischer-wald\/abgesagt-naturpark-aktiv-2021-winterschlaf-winterurlaub-winterpelz\/","og_locale":"de_DE","og_type":"article","og_title":"ABGESAGT - Naturpark aktiv 2021 - Winterschlaf - Winterurlaub - Winterpelz - Naturpark Schw\u00e4bisch-Fr\u00e4nkischer Wald","og_description":"14.02.: rein in den winterlichen W\u00fcstenroter Wald mit Naturparkf\u00fchrerin Sabine","og_url":"https:\/\/www.naturparkmagazin.de\/schwaebisch-fraenkischer-wald\/abgesagt-naturpark-aktiv-2021-winterschlaf-winterurlaub-winterpelz\/","og_site_name":"Naturpark Schw\u00e4bisch-Fr\u00e4nkischer Wald","article_author":"https:\/\/www.facebook.com\/naturparkSFW","article_published_time":"2021-01-15T11:22:12+00:00","article_modified_time":"2021-01-28T15:50:26+00:00","og_image":[{"width":200,"height":200,"url":"https:\/\/www.naturparkmagazin.de\/schwaebisch-fraenkischer-wald\/wp-content\/uploads\/sites\/34\/210214_NPaktiv_Reiss1.jpg","type":"image\/jpeg"}],"author":"Naturpark-Team","twitter_misc":{"Verfasst von":"Naturpark-Team"},"schema":{"@context":"https:\/\/schema.org","@graph":[{"@type":"WebPage","@id":"https:\/\/www.naturparkmagazin.de\/schwaebisch-fraenkischer-wald\/abgesagt-naturpark-aktiv-2021-winterschlaf-winterurlaub-winterpelz\/","url":"https:\/\/www.naturparkmagazin.de\/schwaebisch-fraenkischer-wald\/abgesagt-naturpark-aktiv-2021-winterschlaf-winterurlaub-winterpelz\/","name":"ABGESAGT - Naturpark aktiv 2021 - Winterschlaf - Winterurlaub - Winterpelz - Naturpark Schw\u00e4bisch-Fr\u00e4nkischer Wald","isPartOf":{"@id":"https:\/\/www.naturparkmagazin.de\/schwaebisch-fraenkischer-wald\/#website"},"datePublished":"2021-01-15T11:22:12+00:00","dateModified":"2021-01-28T15:50:26+00:00","author":{"@id":"https:\/\/www.naturparkmagazin.de\/schwaebisch-fraenkischer-wald\/#\/schema\/person\/f047a3702ae747fd7830cf8ac95e6066"},"breadcrumb":{"@id":"https:\/\/www.naturparkmagazin.de\/schwaebisch-fraenkischer-wald\/abgesagt-naturpark-aktiv-2021-winterschlaf-winterurlaub-winterpelz\/#breadcrumb"},"inLanguage":"de","potentialAction":[{"@type":"ReadAction","target":["https:\/\/www.naturparkmagazin.de\/schwaebisch-fraenkischer-wald\/abgesagt-naturpark-aktiv-2021-winterschlaf-winterurlaub-winterpelz\/"]}]},{"@type":"BreadcrumbList","@id":"https:\/\/www.naturparkmagazin.de\/schwaebisch-fraenkischer-wald\/abgesagt-naturpark-aktiv-2021-winterschlaf-winterurlaub-winterpelz\/#breadcrumb","itemListElement":[{"@type":"ListItem","position":1,"name":"Home","item":"https:\/\/www.naturparkmagazin.de\/schwaebisch-fraenkischer-wald\/"},{"@type":"ListItem","position":2,"name":"ABGESAGT &#8211; Naturpark aktiv 2021 &#8211; Winterschlaf &#8211; Winterurlaub &#8211; Winterpelz"}]},{"@type":"WebSite","@id":"https:\/\/www.naturparkmagazin.de\/schwaebisch-fraenkischer-wald\/#website","url":"https:\/\/www.naturparkmagazin.de\/schwaebisch-fraenkischer-wald\/","name":"Naturpark Schw\u00e4bisch-Fr\u00e4nkischer Wald","description":"","potentialAction":[{"@type":"SearchAction","target":{"@type":"EntryPoint","urlTemplate":"https:\/\/www.naturparkmagazin.de\/schwaebisch-fraenkischer-wald\/?s={search_term_string}"},"query-input":"required name=search_term_string"}],"inLanguage":"de"},{"@type":"Person","@id":"https:\/\/www.naturparkmagazin.de\/schwaebisch-fraenkischer-wald\/#\/schema\/person\/f047a3702ae747fd7830cf8ac95e6066","name":"Naturpark-Team","sameAs":["http:\/\/www.naturpark-sfw.de","https:\/\/www.facebook.com\/naturparkSFW"],"url":"https:\/\/www.naturparkmagazin.de\/schwaebisch-fraenkischer-wald\/author\/bernharddrixler\/"}]}},"_links":{"self":[{"href":"https:\/\/www.naturparkmagazin.de\/schwaebisch-fraenkischer-wald\/wp-json\/wp\/v2\/posts\/9297"}],"collection":[{"href":"https:\/\/www.naturparkmagazin.de\/schwaebisch-fraenkischer-wald\/wp-json\/wp\/v2\/posts"}],"about":[{"href":"https:\/\/www.naturparkmagazin.de\/schwaebisch-fraenkischer-wald\/wp-json\/wp\/v2\/types\/post"}],"author":[{"embeddable":true,"href":"https:\/\/www.naturparkmagazin.de\/schwaebisch-fraenkischer-wald\/wp-json\/wp\/v2\/users\/25"}],"replies":[{"embeddable":true,"href":"https:\/\/www.naturparkmagazin.de\/schwaebisch-fraenkischer-wald\/wp-json\/wp\/v2\/comments?post=9297"}],"version-history":[{"count":5,"href":"https:\/\/www.naturparkmagazin.de\/schwaebisch-fraenkischer-wald\/wp-json\/wp\/v2\/posts\/9297\/revisions"}],"predecessor-version":[{"id":9694,"href":"https:\/\/www.naturparkmagazin.de\/schwaebisch-fraenkischer-wald\/wp-json\/wp\/v2\/posts\/9297\/revisions\/9694"}],"wp:featuredmedia":[{"embeddable":true,"href":"https:\/\/www.naturparkmagazin.de\/schwaebisch-fraenkischer-wald\/wp-json\/wp\/v2\/media\/9299"}],"wp:attachment":[{"href":"https:\/\/www.naturparkmagazin.de\/schwaebisch-fraenkischer-wald\/wp-json\/wp\/v2\/media?parent=9297"}],"wp:term":[{"taxonomy":"category","embeddable":true,"href":"https:\/\/www.naturparkmagazin.de\/schwaebisch-fraenkischer-wald\/wp-json\/wp\/v2\/categories?post=9297"},{"taxonomy":"post_tag","embeddable":true,"href":"https:\/\/www.naturparkmagazin.de\/schwaebisch-fraenkischer-wald\/wp-json\/wp\/v2\/tags?post=9297"}],"curies":[{"name":"wp","href":"https:\/\/api.w.org\/{rel}","templated":true}]}}