{"id":9414,"date":"2021-03-15T10:15:46","date_gmt":"2021-03-15T09:15:46","guid":{"rendered":"https:\/\/www.naturparkmagazin.de\/schwaebisch-fraenkischer-wald\/?p=9414"},"modified":"2021-03-16T16:42:32","modified_gmt":"2021-03-16T15:42:32","slug":"naturpark-aktiv-2021-essbare-blueten-sammeln-verarbeiten-und-verkosten","status":"publish","type":"post","link":"https:\/\/www.naturparkmagazin.de\/schwaebisch-fraenkischer-wald\/naturpark-aktiv-2021-essbare-blueten-sammeln-verarbeiten-und-verkosten\/","title":{"rendered":"Naturpark aktiv 2021 &#8211; Essbare Bl\u00fcten sammeln, verarbeiten und verkosten"},"content":{"rendered":"<ol start=\"25\">\n<li>April \u2013 Sonntag\n<div id=\"attachment_9415\" style=\"width: 310px\" class=\"wp-caption alignright\"><a href=\"https:\/\/www.naturparkmagazin.de\/schwaebisch-fraenkischer-wald\/wp-content\/uploads\/sites\/34\/210425_NPaktiv_Bohn.jpg\"><img aria-describedby=\"caption-attachment-9415\" decoding=\"async\" loading=\"lazy\" class=\"wp-image-9415 size-full\" src=\"https:\/\/www.naturparkmagazin.de\/schwaebisch-fraenkischer-wald\/wp-content\/uploads\/sites\/34\/210425_NPaktiv_Bohn.jpg\" alt=\"Naturpark aktiv 2021 - Essbare Bl\u00fcten sammeln, verarbeiten und verkosten\" width=\"300\" height=\"500\" srcset=\"https:\/\/www.naturparkmagazin.de\/schwaebisch-fraenkischer-wald\/wp-content\/uploads\/sites\/34\/210425_NPaktiv_Bohn.jpg 300w, https:\/\/www.naturparkmagazin.de\/schwaebisch-fraenkischer-wald\/wp-content\/uploads\/sites\/34\/210425_NPaktiv_Bohn-200x333.jpg 200w\" sizes=\"(max-width: 300px) 100vw, 300px\" \/><\/a><p id=\"caption-attachment-9415\" class=\"wp-caption-text\">\u00a9 Naturpark SFW Archiv<\/p><\/div><\/li>\n<\/ol>\n<p>Diese Familientour mit Naturparkf\u00fchrerin Ruth Bohn verl\u00e4uft auf einer abwechslungsreichen Strecke durchs Fornsbacher Honigt\u00e4le. Begleitet von feinem Bl\u00fctenduft bestimmen und sammeln die Teilnehmer Wildbl\u00fcten, die dann mit frischem Bauernbrot verkostet werden. Au\u00dferdem kann gegen Ende aus den gesammelten Bl\u00fcten ein Bl\u00fctensalz hergestellt werden.<\/p>\n<ul>\n<li>Start: 14 Uhr<\/li>\n<li>Treffpunkt: Murrhardt-Fornsbach, Parkplatz am Fornsbacher Waldsee<\/li>\n<li>Dauer: Ca. 3 Stunden<\/li>\n<li>Kosten: 9 \u20ac\/Person, Kinder bis 6 Jahre 5 \u20ac<\/li>\n<li>Anmeldung bis 21. April<\/li>\n<li>Getr\u00e4nke f\u00fcr unterwegs und Schraubglas f\u00fcr Bl\u00fctensalz mitbringen<\/li>\n<li>Rollstuhlgerecht\/Kinderwagentauglich<\/li>\n<li>0 71 84 \/ 21 98<\/li>\n<li><a href=\"mailto:bohn@die-naturparkfuehrer.de\">bohn@die-naturparkfuehrer.de<\/a><\/li>\n<\/ul>\n<p>Die Touren finden vorbehaltlich der weiteren Corona-Entwicklungen statt. Bitte informieren Sie sich bei den jeweiligen Naturparkf\u00fchrer*innen!<\/p>\n","protected":false},"excerpt":{"rendered":"<p>25.04.: Familientour mit Naturparkf\u00fchrerin Ruth Bohn<\/p>\n","protected":false},"author":25,"featured_media":9416,"comment_status":"open","ping_status":"open","sticky":false,"template":"","format":"standard","meta":[],"categories":[11],"tags":[2083],"yoast_head":"<!-- This site is optimized with the Yoast SEO plugin v19.10 - https:\/\/yoast.com\/wordpress\/plugins\/seo\/ -->\n<title>Naturpark aktiv 2021 - Essbare Bl\u00fcten sammeln, verarbeiten und verkosten - Naturpark Schw\u00e4bisch-Fr\u00e4nkischer Wald<\/title>\n<meta name=\"robots\" content=\"index, follow, max-snippet:-1, max-image-preview:large, max-video-preview:-1\" \/>\n<link rel=\"canonical\" href=\"https:\/\/www.naturparkmagazin.de\/schwaebisch-fraenkischer-wald\/naturpark-aktiv-2021-essbare-blueten-sammeln-verarbeiten-und-verkosten\/\" \/>\n<meta property=\"og:locale\" content=\"de_DE\" \/>\n<meta property=\"og:type\" content=\"article\" \/>\n<meta property=\"og:title\" content=\"Naturpark aktiv 2021 - Essbare Bl\u00fcten sammeln, verarbeiten und verkosten - Naturpark Schw\u00e4bisch-Fr\u00e4nkischer Wald\" \/>\n<meta property=\"og:description\" content=\"25.04.: Familientour mit Naturparkf\u00fchrerin Ruth Bohn\" \/>\n<meta property=\"og:url\" content=\"https:\/\/www.naturparkmagazin.de\/schwaebisch-fraenkischer-wald\/naturpark-aktiv-2021-essbare-blueten-sammeln-verarbeiten-und-verkosten\/\" \/>\n<meta property=\"og:site_name\" content=\"Naturpark Schw\u00e4bisch-Fr\u00e4nkischer Wald\" \/>\n<meta property=\"article:author\" content=\"https:\/\/www.facebook.com\/naturparkSFW\" \/>\n<meta property=\"article:published_time\" content=\"2021-03-15T09:15:46+00:00\" \/>\n<meta property=\"article:modified_time\" content=\"2021-03-16T15:42:32+00:00\" \/>\n<meta property=\"og:image\" content=\"https:\/\/www.naturparkmagazin.de\/schwaebisch-fraenkischer-wald\/wp-content\/uploads\/sites\/34\/210425_NPaktiv_Bohn1.jpg\" \/>\n\t<meta property=\"og:image:width\" content=\"200\" \/>\n\t<meta property=\"og:image:height\" content=\"200\" \/>\n\t<meta property=\"og:image:type\" content=\"image\/jpeg\" \/>\n<meta name=\"author\" content=\"Naturpark-Team\" \/>\n<meta name=\"twitter:label1\" content=\"Verfasst von\" \/>\n\t<meta name=\"twitter:data1\" content=\"Naturpark-Team\" \/>\n\t<meta name=\"twitter:label2\" content=\"Gesch\u00e4tzte Lesezeit\" \/>\n\t<meta name=\"twitter:data2\" content=\"1\u00a0Minute\" \/>\n<script type=\"application\/ld+json\" class=\"yoast-schema-graph\">{\"@context\":\"https:\/\/schema.org\",\"@graph\":[{\"@type\":\"WebPage\",\"@id\":\"https:\/\/www.naturparkmagazin.de\/schwaebisch-fraenkischer-wald\/naturpark-aktiv-2021-essbare-blueten-sammeln-verarbeiten-und-verkosten\/\",\"url\":\"https:\/\/www.naturparkmagazin.de\/schwaebisch-fraenkischer-wald\/naturpark-aktiv-2021-essbare-blueten-sammeln-verarbeiten-und-verkosten\/\",\"name\":\"Naturpark aktiv 2021 - Essbare Bl\u00fcten sammeln, verarbeiten und verkosten - Naturpark Schw\u00e4bisch-Fr\u00e4nkischer Wald\",\"isPartOf\":{\"@id\":\"https:\/\/www.naturparkmagazin.de\/schwaebisch-fraenkischer-wald\/#website\"},\"datePublished\":\"2021-03-15T09:15:46+00:00\",\"dateModified\":\"2021-03-16T15:42:32+00:00\",\"author\":{\"@id\":\"https:\/\/www.naturparkmagazin.de\/schwaebisch-fraenkischer-wald\/#\/schema\/person\/f047a3702ae747fd7830cf8ac95e6066\"},\"breadcrumb\":{\"@id\":\"https:\/\/www.naturparkmagazin.de\/schwaebisch-fraenkischer-wald\/naturpark-aktiv-2021-essbare-blueten-sammeln-verarbeiten-und-verkosten\/#breadcrumb\"},\"inLanguage\":\"de\",\"potentialAction\":[{\"@type\":\"ReadAction\",\"target\":[\"https:\/\/www.naturparkmagazin.de\/schwaebisch-fraenkischer-wald\/naturpark-aktiv-2021-essbare-blueten-sammeln-verarbeiten-und-verkosten\/\"]}]},{\"@type\":\"BreadcrumbList\",\"@id\":\"https:\/\/www.naturparkmagazin.de\/schwaebisch-fraenkischer-wald\/naturpark-aktiv-2021-essbare-blueten-sammeln-verarbeiten-und-verkosten\/#breadcrumb\",\"itemListElement\":[{\"@type\":\"ListItem\",\"position\":1,\"name\":\"Home\",\"item\":\"https:\/\/www.naturparkmagazin.de\/schwaebisch-fraenkischer-wald\/\"},{\"@type\":\"ListItem\",\"position\":2,\"name\":\"Naturpark aktiv 2021 &#8211; Essbare Bl\u00fcten sammeln, verarbeiten und verkosten\"}]},{\"@type\":\"WebSite\",\"@id\":\"https:\/\/www.naturparkmagazin.de\/schwaebisch-fraenkischer-wald\/#website\",\"url\":\"https:\/\/www.naturparkmagazin.de\/schwaebisch-fraenkischer-wald\/\",\"name\":\"Naturpark Schw\u00e4bisch-Fr\u00e4nkischer Wald\",\"description\":\"\",\"potentialAction\":[{\"@type\":\"SearchAction\",\"target\":{\"@type\":\"EntryPoint\",\"urlTemplate\":\"https:\/\/www.naturparkmagazin.de\/schwaebisch-fraenkischer-wald\/?s={search_term_string}\"},\"query-input\":\"required name=search_term_string\"}],\"inLanguage\":\"de\"},{\"@type\":\"Person\",\"@id\":\"https:\/\/www.naturparkmagazin.de\/schwaebisch-fraenkischer-wald\/#\/schema\/person\/f047a3702ae747fd7830cf8ac95e6066\",\"name\":\"Naturpark-Team\",\"sameAs\":[\"http:\/\/www.naturpark-sfw.de\",\"https:\/\/www.facebook.com\/naturparkSFW\"],\"url\":\"https:\/\/www.naturparkmagazin.de\/schwaebisch-fraenkischer-wald\/author\/bernharddrixler\/\"}]}<\/script>\n<!-- \/ Yoast SEO plugin. -->","yoast_head_json":{"title":"Naturpark aktiv 2021 - Essbare Bl\u00fcten sammeln, verarbeiten und verkosten - Naturpark Schw\u00e4bisch-Fr\u00e4nkischer Wald","robots":{"index":"index","follow":"follow","max-snippet":"max-snippet:-1","max-image-preview":"max-image-preview:large","max-video-preview":"max-video-preview:-1"},"canonical":"https:\/\/www.naturparkmagazin.de\/schwaebisch-fraenkischer-wald\/naturpark-aktiv-2021-essbare-blueten-sammeln-verarbeiten-und-verkosten\/","og_locale":"de_DE","og_type":"article","og_title":"Naturpark aktiv 2021 - Essbare Bl\u00fcten sammeln, verarbeiten und verkosten - Naturpark Schw\u00e4bisch-Fr\u00e4nkischer Wald","og_description":"25.04.: Familientour mit Naturparkf\u00fchrerin Ruth Bohn","og_url":"https:\/\/www.naturparkmagazin.de\/schwaebisch-fraenkischer-wald\/naturpark-aktiv-2021-essbare-blueten-sammeln-verarbeiten-und-verkosten\/","og_site_name":"Naturpark Schw\u00e4bisch-Fr\u00e4nkischer Wald","article_author":"https:\/\/www.facebook.com\/naturparkSFW","article_published_time":"2021-03-15T09:15:46+00:00","article_modified_time":"2021-03-16T15:42:32+00:00","og_image":[{"width":200,"height":200,"url":"https:\/\/www.naturparkmagazin.de\/schwaebisch-fraenkischer-wald\/wp-content\/uploads\/sites\/34\/210425_NPaktiv_Bohn1.jpg","type":"image\/jpeg"}],"author":"Naturpark-Team","twitter_misc":{"Verfasst von":"Naturpark-Team","Gesch\u00e4tzte Lesezeit":"1\u00a0Minute"},"schema":{"@context":"https:\/\/schema.org","@graph":[{"@type":"WebPage","@id":"https:\/\/www.naturparkmagazin.de\/schwaebisch-fraenkischer-wald\/naturpark-aktiv-2021-essbare-blueten-sammeln-verarbeiten-und-verkosten\/","url":"https:\/\/www.naturparkmagazin.de\/schwaebisch-fraenkischer-wald\/naturpark-aktiv-2021-essbare-blueten-sammeln-verarbeiten-und-verkosten\/","name":"Naturpark aktiv 2021 - Essbare Bl\u00fcten sammeln, verarbeiten und verkosten - Naturpark Schw\u00e4bisch-Fr\u00e4nkischer Wald","isPartOf":{"@id":"https:\/\/www.naturparkmagazin.de\/schwaebisch-fraenkischer-wald\/#website"},"datePublished":"2021-03-15T09:15:46+00:00","dateModified":"2021-03-16T15:42:32+00:00","author":{"@id":"https:\/\/www.naturparkmagazin.de\/schwaebisch-fraenkischer-wald\/#\/schema\/person\/f047a3702ae747fd7830cf8ac95e6066"},"breadcrumb":{"@id":"https:\/\/www.naturparkmagazin.de\/schwaebisch-fraenkischer-wald\/naturpark-aktiv-2021-essbare-blueten-sammeln-verarbeiten-und-verkosten\/#breadcrumb"},"inLanguage":"de","potentialAction":[{"@type":"ReadAction","target":["https:\/\/www.naturparkmagazin.de\/schwaebisch-fraenkischer-wald\/naturpark-aktiv-2021-essbare-blueten-sammeln-verarbeiten-und-verkosten\/"]}]},{"@type":"BreadcrumbList","@id":"https:\/\/www.naturparkmagazin.de\/schwaebisch-fraenkischer-wald\/naturpark-aktiv-2021-essbare-blueten-sammeln-verarbeiten-und-verkosten\/#breadcrumb","itemListElement":[{"@type":"ListItem","position":1,"name":"Home","item":"https:\/\/www.naturparkmagazin.de\/schwaebisch-fraenkischer-wald\/"},{"@type":"ListItem","position":2,"name":"Naturpark aktiv 2021 &#8211; Essbare Bl\u00fcten sammeln, verarbeiten und verkosten"}]},{"@type":"WebSite","@id":"https:\/\/www.naturparkmagazin.de\/schwaebisch-fraenkischer-wald\/#website","url":"https:\/\/www.naturparkmagazin.de\/schwaebisch-fraenkischer-wald\/","name":"Naturpark Schw\u00e4bisch-Fr\u00e4nkischer Wald","description":"","potentialAction":[{"@type":"SearchAction","target":{"@type":"EntryPoint","urlTemplate":"https:\/\/www.naturparkmagazin.de\/schwaebisch-fraenkischer-wald\/?s={search_term_string}"},"query-input":"required name=search_term_string"}],"inLanguage":"de"},{"@type":"Person","@id":"https:\/\/www.naturparkmagazin.de\/schwaebisch-fraenkischer-wald\/#\/schema\/person\/f047a3702ae747fd7830cf8ac95e6066","name":"Naturpark-Team","sameAs":["http:\/\/www.naturpark-sfw.de","https:\/\/www.facebook.com\/naturparkSFW"],"url":"https:\/\/www.naturparkmagazin.de\/schwaebisch-fraenkischer-wald\/author\/bernharddrixler\/"}]}},"_links":{"self":[{"href":"https:\/\/www.naturparkmagazin.de\/schwaebisch-fraenkischer-wald\/wp-json\/wp\/v2\/posts\/9414"}],"collection":[{"href":"https:\/\/www.naturparkmagazin.de\/schwaebisch-fraenkischer-wald\/wp-json\/wp\/v2\/posts"}],"about":[{"href":"https:\/\/www.naturparkmagazin.de\/schwaebisch-fraenkischer-wald\/wp-json\/wp\/v2\/types\/post"}],"author":[{"embeddable":true,"href":"https:\/\/www.naturparkmagazin.de\/schwaebisch-fraenkischer-wald\/wp-json\/wp\/v2\/users\/25"}],"replies":[{"embeddable":true,"href":"https:\/\/www.naturparkmagazin.de\/schwaebisch-fraenkischer-wald\/wp-json\/wp\/v2\/comments?post=9414"}],"version-history":[{"count":4,"href":"https:\/\/www.naturparkmagazin.de\/schwaebisch-fraenkischer-wald\/wp-json\/wp\/v2\/posts\/9414\/revisions"}],"predecessor-version":[{"id":9985,"href":"https:\/\/www.naturparkmagazin.de\/schwaebisch-fraenkischer-wald\/wp-json\/wp\/v2\/posts\/9414\/revisions\/9985"}],"wp:featuredmedia":[{"embeddable":true,"href":"https:\/\/www.naturparkmagazin.de\/schwaebisch-fraenkischer-wald\/wp-json\/wp\/v2\/media\/9416"}],"wp:attachment":[{"href":"https:\/\/www.naturparkmagazin.de\/schwaebisch-fraenkischer-wald\/wp-json\/wp\/v2\/media?parent=9414"}],"wp:term":[{"taxonomy":"category","embeddable":true,"href":"https:\/\/www.naturparkmagazin.de\/schwaebisch-fraenkischer-wald\/wp-json\/wp\/v2\/categories?post=9414"},{"taxonomy":"post_tag","embeddable":true,"href":"https:\/\/www.naturparkmagazin.de\/schwaebisch-fraenkischer-wald\/wp-json\/wp\/v2\/tags?post=9414"}],"curies":[{"name":"wp","href":"https:\/\/api.w.org\/{rel}","templated":true}]}}