{"id":950,"date":"2014-08-18T18:04:56","date_gmt":"2014-08-18T16:04:56","guid":{"rendered":"http:\/\/www.naturparkmagazin.de\/schwaebisch-fraenkischer-wald\/?p=950"},"modified":"2014-08-27T11:53:32","modified_gmt":"2014-08-27T09:53:32","slug":"unterwegs-mit-den-naturparkfuehrern-im-monat-september","status":"publish","type":"post","link":"https:\/\/www.naturparkmagazin.de\/schwaebisch-fraenkischer-wald\/unterwegs-mit-den-naturparkfuehrern-im-monat-september\/","title":{"rendered":"Unterwegs mit den Naturparkf\u00fchrern im Monat September 2014"},"content":{"rendered":"<p>Seien Sie dabei, wenn die Naturparkf\u00fchrer einladen zu unvergesslichen Ausfl\u00fcgen, bei denen Sie die M\u00f6glichkeit haben in gem\u00fctlicher Runde viele neue Menschen kennenzulernen und viele sch\u00f6ne Dinge \u00fcber und aus dem Naturpark zu erfahren und\u00a0 zu entdecken. Es bereitet uns immer wieder Freude neue Menschen kennenzulernen und Ihnen den Naturpark ein St\u00fcck n\u00e4her zu bringen. Freuen Sie sich auf ein vielseitiges Angebot.<\/p>\n<p>&nbsp;<\/p>\n<p>Sonntag, 7. September<\/p>\n<p>Zwischen Wald und Wein rund ums St\u00e4dtle<a href=\"https:\/\/www.naturparkmagazin.de\/schwaebisch-fraenkischer-wald\/wp-content\/uploads\/sites\/34\/140406_Kuch.jpg\"><img decoding=\"async\" loading=\"lazy\" class=\"alignright size-thumbnail wp-image-669\" alt=\"Copyright: Naturpark Schw\u00e4bisch-Fr\u00e4nkischer Wald\" src=\"https:\/\/www.naturparkmagazin.de\/schwaebisch-fraenkischer-wald\/wp-content\/uploads\/sites\/34\/140406_Kuch-300x400.jpg\" width=\"300\" height=\"400\" srcset=\"https:\/\/www.naturparkmagazin.de\/schwaebisch-fraenkischer-wald\/wp-content\/uploads\/sites\/34\/140406_Kuch-300x400.jpg 300w, https:\/\/www.naturparkmagazin.de\/schwaebisch-fraenkischer-wald\/wp-content\/uploads\/sites\/34\/140406_Kuch-620x827.jpg 620w, https:\/\/www.naturparkmagazin.de\/schwaebisch-fraenkischer-wald\/wp-content\/uploads\/sites\/34\/140406_Kuch-500x667.jpg 500w, https:\/\/www.naturparkmagazin.de\/schwaebisch-fraenkischer-wald\/wp-content\/uploads\/sites\/34\/140406_Kuch-420x560.jpg 420w, https:\/\/www.naturparkmagazin.de\/schwaebisch-fraenkischer-wald\/wp-content\/uploads\/sites\/34\/140406_Kuch-135x180.jpg 135w, https:\/\/www.naturparkmagazin.de\/schwaebisch-fraenkischer-wald\/wp-content\/uploads\/sites\/34\/140406_Kuch-53x71.jpg 53w, https:\/\/www.naturparkmagazin.de\/schwaebisch-fraenkischer-wald\/wp-content\/uploads\/sites\/34\/140406_Kuch-670x893.jpg 670w, https:\/\/www.naturparkmagazin.de\/schwaebisch-fraenkischer-wald\/wp-content\/uploads\/sites\/34\/140406_Kuch-200x267.jpg 200w, https:\/\/www.naturparkmagazin.de\/schwaebisch-fraenkischer-wald\/wp-content\/uploads\/sites\/34\/140406_Kuch.jpg 750w\" sizes=\"(max-width: 300px) 100vw, 300px\" \/><\/a><\/p>\n<p>L\u00f6wensteiner Bergtour: Ein gem\u00fctliche Wanderung rund um das St\u00e4dtchen L\u00f6wenstein. \u00dcber den Burgwald und durch alte Streuobstwiesen und Schafweiden geht es hinauf zur L\u00f6wensteiner Aussichtsplatte. An der Lumpenlochh\u00f6hle vorbei gelangen wir dann zum Wohlfahrtsberg, dem Hausberg L\u00f6wensteins, mit grandiosem Blick zum St\u00e4dtle und ins Weinsberger Tal. Auf dem R\u00fcckweg durch die Weinberge gibt es zum Abschluss es ein Gl\u00e4schen Wein oder Traubensaft.<\/p>\n<p>Naturparkf\u00fchrerin Sabine R\u00fccker erwartet Sie um 14 Uhr in L\u00f6wenstein am Rathaus, Maybachstr. 32. Die Wanderung dauert ca. 3 Std. und kostet 7,50 \u20ac p. P., inkl. Umtrunk. Die Wanderung ist ca. 4 km lang und es gibt einige kleinere steile Anstiege zu bew\u00e4ltigen. Eine Anmeldung ist nicht erforderlich. Weitere Infos unter Tel.: 07130 \/ 40 11 20 oder E-Mail an: <a href=\"mailto:ruecker@die-naturparkfuehrer.de\">ruecker@die-naturparkfuehrer.de<\/a>.<\/p>\n<p>&nbsp;<\/p>\n<p>Sonntag, 7. September<\/p>\n<p>Mainhardter Grenzwege<\/p>\n<p>Durch die Gemarkung verliefen im Laufe der Jahrhunderte immer wieder &#8211; heute nahezu unsichtbar gewordene &#8211; Grenzen. Vom heutigen Welterbe Limes \u00fcber die Haller Landheg bis zum \u201eStock\u201c erobern wir uns das \u201ealte\u201c Mainhardt neu. Wir starten am Mainhardter Naturparkmarkt und wandern \u00fcber die Liebeslaube am Limes entlang zur Haller Landheg, weiter entlang der Fichtenberger Rot (FFH-Gebiet) zur Traubenm\u00fchle und \u00fcber Stock wieder zur\u00fcck zum Naturparkmarkt.<\/p>\n<p>Naturparkf\u00fchrerin Michaela K\u00f6hler erwartet Sie um 14 Uhr in Mainhardt-Ortsmitte auf dem Naturparkmarkt beim Info-Stand der Gemeinde. Die Wanderung dauert ca. 3 Std. und kostet 6 \u20ac p. P., Kinder 3 \u20ac. Bitte eine Tasse mitbringen. Anmeldung nicht erforderlich. Weitere Infos unter Tel.: 0160 \/ 35 57 831 oder E-Mail an: <a href=\"mailto:koehler@die-naturparkfuehrer.de\">koehler@die-naturparkfuehrer.de<\/a>.<\/p>\n<p>&nbsp;<\/p>\n<p>Sonntag, 14. September<\/p>\n<p>Die Nachtkobolde des Ebnisees<\/p>\n<p>Sehr zuverl\u00e4ssig sind die Wasserflederm\u00e4use, die entsprechende Witterung voraus gesetzt, gesehen und geh\u00f6rt werden k\u00f6nnen. Ein sp\u00e4tabendliches Abenteuer f\u00fcr die ganze Familie!<\/p>\n<p>Naturparkf\u00fchrer Albrecht P. Block erwartet Sie um 19.30 Uhr in Kaisersbach-Ebnisee an der Infoh\u00fctte bei der Bushaltestelle. Die F\u00fchrung dauert ca. 2,5 Std. und kostet 6 \u20ac p. P., f\u00fcr Kinder von 6 bis 14 Jahren nur 3 \u20ac. Die Fledermausf\u00fchrung ist ein leichter, ebenerdiger und barrierefreier Spazierweg um den See, auch ein barrierefreies WC ist am Ebnisee vorhanden. Bitte bringen Sie keine Taschenlampe und kein Blitzlicht mit, da dies die sensiblen Nachttiere st\u00f6ren k\u00f6nnte. Eine Anmeldung ist erforderlich. Weitere Infos unter Tel.: 07183 \/ 42 88 59 oder E-Mail an: <a href=\"mailto:block@die-naturparkfuehrer.de\">block@die-naturparkfuehrer.de<\/a>.<\/p>\n<p>&nbsp;<\/p>\n<p>Sonntag, 21. September<\/p>\n<p>R\u00e4uberwanderung<\/p>\n<p>Eine Tour f\u00fcr die ganze Familie im Spielwald: Wir besuchen eine Waldsiedlung, die noch heute ohne Strom ist. Spiele und M\u00e4rchen lassen uns in eine andere Welt eintauchen. Eine spannende Schatzsuche auf den Spuren der R\u00e4uber l\u00e4sst erahnen, wie das Leben dieser zwielichtigen Gestalten aussah. Den Abschluss bildet eine M\u00fchlenf\u00fchrung samt R\u00e4ubermahlzeit, die an der Kirchenkirnberger M\u00fchle erworben werden kann.<\/p>\n<p>Naturparkf\u00fchrerin Ruth Bohn erwartet Sie um14 Uhr in Murrhardt-Kirchenkirnberg, in der Ortsmitte, Parkplatz Gemeindehalle an der Limesbus-Haltestelle. Die bedingt kinderwagentaugliche Wanderung dauert ca. 3 Std. und kostet 8 \u20ac p. P., f\u00fcr Kinder nur 4 \u20ac, die. M\u00fchlenf\u00fchrung ist inklusive. Bringen Sie bitte Getr\u00e4nke f\u00fcr unterwegs mit. Anmeldung bis 20. September und weitere Infos unter Tel.: 07184 \/ 21 98 oder E-Mail an: <a href=\"mailto:bohn@die-naturparkfuehrer.de\">bohn@die-naturparkfuehrer.de<\/a>.<\/p>\n<p>&nbsp;<\/p>\n<p>Sonntag, 21. September<\/p>\n<p>Herbstbeginn nach alten Traditionen<\/p>\n<div id=\"attachment_231\" style=\"width: 310px\" class=\"wp-caption alignright\"><a href=\"https:\/\/www.naturparkmagazin.de\/schwaebisch-fraenkischer-wald\/wp-content\/uploads\/sites\/34\/NRo3yAHdJMJZG0zz4KKyuCQSVe51kTqgj_H-AXvjP-I.jpg\"><img aria-describedby=\"caption-attachment-231\" decoding=\"async\" loading=\"lazy\" class=\"size-thumbnail wp-image-231\" alt=\"(c) Riegenhof\" src=\"https:\/\/www.naturparkmagazin.de\/schwaebisch-fraenkischer-wald\/wp-content\/uploads\/sites\/34\/NRo3yAHdJMJZG0zz4KKyuCQSVe51kTqgj_H-AXvjP-I-300x199.jpg\" width=\"300\" height=\"199\" srcset=\"https:\/\/www.naturparkmagazin.de\/schwaebisch-fraenkischer-wald\/wp-content\/uploads\/sites\/34\/NRo3yAHdJMJZG0zz4KKyuCQSVe51kTqgj_H-AXvjP-I-300x199.jpg 300w, https:\/\/www.naturparkmagazin.de\/schwaebisch-fraenkischer-wald\/wp-content\/uploads\/sites\/34\/NRo3yAHdJMJZG0zz4KKyuCQSVe51kTqgj_H-AXvjP-I-620x412.jpg 620w, https:\/\/www.naturparkmagazin.de\/schwaebisch-fraenkischer-wald\/wp-content\/uploads\/sites\/34\/NRo3yAHdJMJZG0zz4KKyuCQSVe51kTqgj_H-AXvjP-I-940x625.jpg 940w, https:\/\/www.naturparkmagazin.de\/schwaebisch-fraenkischer-wald\/wp-content\/uploads\/sites\/34\/NRo3yAHdJMJZG0zz4KKyuCQSVe51kTqgj_H-AXvjP-I-670x445.jpg 670w, https:\/\/www.naturparkmagazin.de\/schwaebisch-fraenkischer-wald\/wp-content\/uploads\/sites\/34\/NRo3yAHdJMJZG0zz4KKyuCQSVe51kTqgj_H-AXvjP-I-200x133.jpg 200w, https:\/\/www.naturparkmagazin.de\/schwaebisch-fraenkischer-wald\/wp-content\/uploads\/sites\/34\/NRo3yAHdJMJZG0zz4KKyuCQSVe51kTqgj_H-AXvjP-I.jpg 1280w\" sizes=\"(max-width: 300px) 100vw, 300px\" \/><\/a><p id=\"caption-attachment-231\" class=\"wp-caption-text\">(c) Riegenhof<\/p><\/div>\n<p>Bereits in alten Zeiten feierten unsere Vorfahren den Wandel der Jahreszeiten im Einklang mit der sie umgebenden Natur. An diese Tradition schlie\u00dft diese Wanderung an. Wir begeben uns an ausgesuchten Pl\u00e4tzen mit Ritualen, Meditation und Geschichten auf die Suche nach unseren Wurzeln. Zum Abschluss besteht die M\u00f6glichkeit auf eine St\u00e4rkung durch Bewirtung am Lagerfeuer bei der Familie Braun.<\/p>\n<p>Naturparkf\u00fchrerin Edith Noak erwartet Sie um 17 Uhr in Mainhardt-Riegenhof auf dem Demeterhof Braun, Riegenhof 4. Die Wanderung dauert ca.2-3 Std. und kostet 5 \u20ac p. P., f\u00fcr Kinder nur 2,50 \u20ac, die Bewirtung auf dem Riegenhof geht auf eigene Kosten. Die Strecke ist nicht kinderwagentauglich. Anmeldung und weitere Infos unter Tel.: 07184 \/ 29 11 87 oder E-Mail an: <a href=\"mailto:noak@die-naturparkfuehrer.de\">noak@die-naturparkfuehrer.de<\/a>.<\/p>\n<p>&nbsp;<\/p>\n<p>Sonntag, 21. September<\/p>\n<p>Spa\u00df am Bach<\/p>\n<div id=\"attachment_189\" style=\"width: 293px\" class=\"wp-caption alignright\"><a href=\"https:\/\/www.naturparkmagazin.de\/schwaebisch-fraenkischer-wald\/wp-content\/uploads\/sites\/34\/130608_Boll-255_klein.jpg\"><img aria-describedby=\"caption-attachment-189\" decoding=\"async\" loading=\"lazy\" class=\"size-full wp-image-189\" alt=\"(c) Naturpark Schw\u00e4bisch-Fr\u00e4nkischer Wald\" src=\"https:\/\/www.naturparkmagazin.de\/schwaebisch-fraenkischer-wald\/wp-content\/uploads\/sites\/34\/130608_Boll-255_klein.jpg\" width=\"283\" height=\"189\" srcset=\"https:\/\/www.naturparkmagazin.de\/schwaebisch-fraenkischer-wald\/wp-content\/uploads\/sites\/34\/130608_Boll-255_klein.jpg 283w, https:\/\/www.naturparkmagazin.de\/schwaebisch-fraenkischer-wald\/wp-content\/uploads\/sites\/34\/130608_Boll-255_klein-200x134.jpg 200w\" sizes=\"(max-width: 283px) 100vw, 283px\" \/><\/a><p id=\"caption-attachment-189\" class=\"wp-caption-text\">(c) Naturpark Schw\u00e4bisch-Fr\u00e4nkischer Wald<\/p><\/div>\n<p>Am Tag des Schw\u00e4bischen Waldes ist wieder Action im WieslaufCamp angesagt. Nach einer Renaturierungsma\u00dfnahme zeigen sich Wieslauf und das Camp im neuen Kleid, es gibt ein Entenrennen auf der Wieslauf, Sport und Spiel am Bach, Bastelangebote, Leckeres vom Lagerfeuer und aus dem Suppentopf, Spiele, Action in der Natur und \u00dcberraschungen. Ein besonderes Erlebnis f\u00fcr Erwachsene, Familien und Gruppen!<\/p>\n<p>Naturparkf\u00fchrer Walter Hieber erwartet Sie ab 13 Uhr in Rudersberg-Oberndorf, an der (Wald-) Bushaltestelle Grauhaldenhof bzw. am Waldbahn-Haltepunkt Oberndorf beim WieslaufCamp bei Burgh\u00f6fle. Die offene Veranstaltung von 13 bis 17 Uhr ist je nach Angebot kostenpflichtig. Barrierefreiheit garantiert. Einer Anmeldung bedarf es nicht. Weitere Infos unter Tel.: 07182 \/ 93 56 97 oder E-Mail an: <a href=\"mailto:hieber@die-naturparkfuehrer.de\">hieber@die-naturparkfuehrer.de<\/a>.<\/p>\n<p>&nbsp;<\/p>\n<p>Sonntag, 21. September<\/p>\n<p>Von Glasmachern, K\u00f6hlern und Silbersch\u00e4tzen<\/p>\n<p>Auf den Spuren des alten Waldgewerbes durchstreifen die Teilnehmer die W\u00e4lder um W\u00fcstenrot und erfahren dabei mehr \u00fcber die l\u00e4ngst vergessene Glasmacherzunft im Schw\u00e4bisch-Fr\u00e4nkischen Wald und welche wahren Sch\u00e4tze der Wald verbirgt. Die F\u00fchrung findet im Rahmen der Veranstaltung \u201eTag des Schw\u00e4bischen Waldes statt\u201c.<\/p>\n<p>Naturparkf\u00fchrerin Petra Kuch erwartet Sie um 15 Uhr in W\u00fcstenrot am Wanderparkplatz Wellingtonien. Die Wanderung dauert ca. 2,5 Std. und kostet 6 \u20ac p. P., Kinder sind frei. Die Strecke ist nicht barrierefrei und nicht kinderwagentauglich, eine Anmeldung nicht erforderlich. Weitere Infos unter:\u00a0 <a href=\"http:\/\/www.wald-safari.de\">www.wald-safari.de<\/a> oder E-Mail an: <a href=\"mailto:kuch@die-naturparkfuehrer.de\">kuch@die-naturparkfuehrer.de<\/a>.<\/p>\n<p>&nbsp;<\/p>\n<p>Sonntag, 28. September<\/p>\n<p>Was ist eigentlich ein Pilz?<\/p>\n<p>Biologie, \u00d6kologie und gastronomischer Wert der gefundenen Pilzarten werden auf dieser Familien-Exkursion sachlich erl\u00e4utert. Nach der Exkursion wird eine kleine Pilzschau mit dem Sammelergebnis durchgef\u00fchrt.<\/p>\n<p>Naturparkf\u00fchrer Albrecht P. Block erwartet Sie um 13 Uhr in Alth\u00fctte am Spiel- und Grillplatz Steinbachtal, L 1120 Richtung Ebni. Die Wanderung dauert ca. 3-4 Stunden und kostet 8 \u20ac p. P., f\u00fcr Kinder bis 14 Jahren 4 \u20ac. Die Strecke ist nicht barrierefrei, da es teilweise querwaldein geht. Bitte bringen Sie ein Vesper und Getr\u00e4nk sowie Sammelk\u00f6rbchen und Messer mit. Anmeldung und weitere Infos unter Tel.: 07183 \/ 42 88 59 oder E-Mail an: <a href=\"mailto:block@die-naturparkf\u00fchrer.de\">block@die-naturparkf\u00fchrer.de<\/a>.<\/p>\n<p>&nbsp;<\/p>\n<p>Sonntag, 28. September<\/p>\n<p>Am Limes im Welzheimer Wald<a href=\"https:\/\/www.naturparkmagazin.de\/schwaebisch-fraenkischer-wald\/wp-content\/uploads\/sites\/34\/NPSFW_Limes_Grab.jpg\"><img decoding=\"async\" loading=\"lazy\" class=\"alignright size-thumbnail wp-image-801\" alt=\"NPSFW_Limes_Grab\" src=\"https:\/\/www.naturparkmagazin.de\/schwaebisch-fraenkischer-wald\/wp-content\/uploads\/sites\/34\/NPSFW_Limes_Grab-300x225.jpg\" width=\"300\" height=\"225\" srcset=\"https:\/\/www.naturparkmagazin.de\/schwaebisch-fraenkischer-wald\/wp-content\/uploads\/sites\/34\/NPSFW_Limes_Grab-300x225.jpg 300w, https:\/\/www.naturparkmagazin.de\/schwaebisch-fraenkischer-wald\/wp-content\/uploads\/sites\/34\/NPSFW_Limes_Grab-620x465.jpg 620w, https:\/\/www.naturparkmagazin.de\/schwaebisch-fraenkischer-wald\/wp-content\/uploads\/sites\/34\/NPSFW_Limes_Grab-940x705.jpg 940w, https:\/\/www.naturparkmagazin.de\/schwaebisch-fraenkischer-wald\/wp-content\/uploads\/sites\/34\/NPSFW_Limes_Grab-580x435.jpg 580w, https:\/\/www.naturparkmagazin.de\/schwaebisch-fraenkischer-wald\/wp-content\/uploads\/sites\/34\/NPSFW_Limes_Grab-420x315.jpg 420w, https:\/\/www.naturparkmagazin.de\/schwaebisch-fraenkischer-wald\/wp-content\/uploads\/sites\/34\/NPSFW_Limes_Grab-180x135.jpg 180w, https:\/\/www.naturparkmagazin.de\/schwaebisch-fraenkischer-wald\/wp-content\/uploads\/sites\/34\/NPSFW_Limes_Grab-95x71.jpg 95w, https:\/\/www.naturparkmagazin.de\/schwaebisch-fraenkischer-wald\/wp-content\/uploads\/sites\/34\/NPSFW_Limes_Grab-670x503.jpg 670w, https:\/\/www.naturparkmagazin.de\/schwaebisch-fraenkischer-wald\/wp-content\/uploads\/sites\/34\/NPSFW_Limes_Grab-200x150.jpg 200w\" sizes=\"(max-width: 300px) 100vw, 300px\" \/><\/a><\/p>\n<p>Eine Wanderung auf R\u00f6merspuren entlang des Welterbes Limes, der einstigen Grenze des Imperium Romanum. Unterwegs besichtigen wir das Fundament eines Wachturms, zwei kleine und ein gro\u00dfes Kastell. Unser Naturparkf\u00fchrer kennt sich aus: er ist auch Limes-Cicerone. Zum Ausgangspunkt fahren wir mit dem Waldbus.<\/p>\n<p>Naturparkf\u00fchrer Steffen Felger erwartet Sie um 9 Uhr in Kaisersbach-Eulenhof am Wanderparkplatz und der Limes- und Waldbus-Haltestelle nahe dem Ebniseekreisel. Die nur f\u00fcr Erwachsene geeignete Wanderung dauert ca. 3 Std., (exkl. Besichtigung Ostkastell Welzheim) und kostet Sie 6 \u20ac zuz\u00fcglich dem Fahrpreis f\u00fcr den Waldbus. Einer Anmeldung bedarf es nicht. Weitere Infos unter Tel.: 07134 \/\u00a0 91 89 004 oder E-Mail an: <a href=\"mailto:felger@die-naturparkfuehrer.de\">felger@die-naturparkfuehrer.de<\/a>.<\/p>\n<p>&nbsp;<\/p>\n<p>&nbsp;<\/p>\n<p>&nbsp;<\/p>\n<p>&nbsp;<\/p>\n<p>&nbsp;<\/p>\n<p>&nbsp;<\/p>\n<p>&nbsp;<\/p>\n<p>&nbsp;<\/p>\n<p>&nbsp;<\/p>\n<p>&nbsp;<\/p>\n<p>&nbsp;<\/p>\n","protected":false},"excerpt":{"rendered":"<p>Seien Sie dabei, wenn die Naturparkf\u00fchrer einladen zu unvergesslichen Ausfl\u00fcgen, bei denen Sie die M\u00f6glichkeit haben in gem\u00fctlicher Runde viele neue Menschen kennenzulernen und viele sch\u00f6ne Dinge \u00fcber und aus dem Naturpark zu erfahren und  zu entdecken. <\/p>\n","protected":false},"author":25,"featured_media":880,"comment_status":"open","ping_status":"open","sticky":false,"template":"","format":"standard","meta":[],"categories":[11],"tags":[186],"yoast_head":"<!-- This site is optimized with the Yoast SEO plugin v19.10 - https:\/\/yoast.com\/wordpress\/plugins\/seo\/ -->\n<title>Unterwegs mit den Naturparkf\u00fchrern im Monat September 2014 - Naturpark Schw\u00e4bisch-Fr\u00e4nkischer Wald<\/title>\n<meta name=\"robots\" content=\"index, follow, max-snippet:-1, max-image-preview:large, max-video-preview:-1\" \/>\n<link rel=\"canonical\" href=\"https:\/\/www.naturparkmagazin.de\/schwaebisch-fraenkischer-wald\/unterwegs-mit-den-naturparkfuehrern-im-monat-september\/\" \/>\n<meta property=\"og:locale\" content=\"de_DE\" \/>\n<meta property=\"og:type\" content=\"article\" \/>\n<meta property=\"og:title\" content=\"Unterwegs mit den Naturparkf\u00fchrern im Monat September 2014 - Naturpark Schw\u00e4bisch-Fr\u00e4nkischer Wald\" \/>\n<meta property=\"og:description\" content=\"Seien Sie dabei, wenn die Naturparkf\u00fchrer einladen zu unvergesslichen Ausfl\u00fcgen, bei denen Sie die M\u00f6glichkeit haben in gem\u00fctlicher Runde viele neue Menschen kennenzulernen und viele sch\u00f6ne Dinge \u00fcber und aus dem Naturpark zu erfahren und zu entdecken.\" \/>\n<meta property=\"og:url\" content=\"https:\/\/www.naturparkmagazin.de\/schwaebisch-fraenkischer-wald\/unterwegs-mit-den-naturparkfuehrern-im-monat-september\/\" \/>\n<meta property=\"og:site_name\" content=\"Naturpark Schw\u00e4bisch-Fr\u00e4nkischer Wald\" \/>\n<meta property=\"article:author\" content=\"https:\/\/www.facebook.com\/naturparkSFW\" \/>\n<meta property=\"article:published_time\" content=\"2014-08-18T16:04:56+00:00\" \/>\n<meta property=\"article:modified_time\" content=\"2014-08-27T09:53:32+00:00\" \/>\n<meta property=\"og:image\" content=\"https:\/\/www.naturparkmagazin.de\/schwaebisch-fraenkischer-wald\/wp-content\/uploads\/sites\/34\/2014_NPaktiv_Titel.jpg\" \/>\n\t<meta property=\"og:image:width\" content=\"298\" \/>\n\t<meta property=\"og:image:height\" content=\"573\" \/>\n\t<meta property=\"og:image:type\" content=\"image\/jpeg\" \/>\n<meta name=\"author\" content=\"Naturpark-Team\" \/>\n<meta name=\"twitter:label1\" content=\"Verfasst von\" \/>\n\t<meta name=\"twitter:data1\" content=\"Naturpark-Team\" \/>\n\t<meta name=\"twitter:label2\" content=\"Gesch\u00e4tzte Lesezeit\" \/>\n\t<meta name=\"twitter:data2\" content=\"6\u00a0Minuten\" \/>\n<script type=\"application\/ld+json\" class=\"yoast-schema-graph\">{\"@context\":\"https:\/\/schema.org\",\"@graph\":[{\"@type\":\"WebPage\",\"@id\":\"https:\/\/www.naturparkmagazin.de\/schwaebisch-fraenkischer-wald\/unterwegs-mit-den-naturparkfuehrern-im-monat-september\/\",\"url\":\"https:\/\/www.naturparkmagazin.de\/schwaebisch-fraenkischer-wald\/unterwegs-mit-den-naturparkfuehrern-im-monat-september\/\",\"name\":\"Unterwegs mit den Naturparkf\u00fchrern im Monat September 2014 - Naturpark Schw\u00e4bisch-Fr\u00e4nkischer Wald\",\"isPartOf\":{\"@id\":\"https:\/\/www.naturparkmagazin.de\/schwaebisch-fraenkischer-wald\/#website\"},\"datePublished\":\"2014-08-18T16:04:56+00:00\",\"dateModified\":\"2014-08-27T09:53:32+00:00\",\"author\":{\"@id\":\"https:\/\/www.naturparkmagazin.de\/schwaebisch-fraenkischer-wald\/#\/schema\/person\/f047a3702ae747fd7830cf8ac95e6066\"},\"breadcrumb\":{\"@id\":\"https:\/\/www.naturparkmagazin.de\/schwaebisch-fraenkischer-wald\/unterwegs-mit-den-naturparkfuehrern-im-monat-september\/#breadcrumb\"},\"inLanguage\":\"de\",\"potentialAction\":[{\"@type\":\"ReadAction\",\"target\":[\"https:\/\/www.naturparkmagazin.de\/schwaebisch-fraenkischer-wald\/unterwegs-mit-den-naturparkfuehrern-im-monat-september\/\"]}]},{\"@type\":\"BreadcrumbList\",\"@id\":\"https:\/\/www.naturparkmagazin.de\/schwaebisch-fraenkischer-wald\/unterwegs-mit-den-naturparkfuehrern-im-monat-september\/#breadcrumb\",\"itemListElement\":[{\"@type\":\"ListItem\",\"position\":1,\"name\":\"Home\",\"item\":\"https:\/\/www.naturparkmagazin.de\/schwaebisch-fraenkischer-wald\/\"},{\"@type\":\"ListItem\",\"position\":2,\"name\":\"Unterwegs mit den Naturparkf\u00fchrern im Monat September 2014\"}]},{\"@type\":\"WebSite\",\"@id\":\"https:\/\/www.naturparkmagazin.de\/schwaebisch-fraenkischer-wald\/#website\",\"url\":\"https:\/\/www.naturparkmagazin.de\/schwaebisch-fraenkischer-wald\/\",\"name\":\"Naturpark Schw\u00e4bisch-Fr\u00e4nkischer Wald\",\"description\":\"\",\"potentialAction\":[{\"@type\":\"SearchAction\",\"target\":{\"@type\":\"EntryPoint\",\"urlTemplate\":\"https:\/\/www.naturparkmagazin.de\/schwaebisch-fraenkischer-wald\/?s={search_term_string}\"},\"query-input\":\"required name=search_term_string\"}],\"inLanguage\":\"de\"},{\"@type\":\"Person\",\"@id\":\"https:\/\/www.naturparkmagazin.de\/schwaebisch-fraenkischer-wald\/#\/schema\/person\/f047a3702ae747fd7830cf8ac95e6066\",\"name\":\"Naturpark-Team\",\"sameAs\":[\"http:\/\/www.naturpark-sfw.de\",\"https:\/\/www.facebook.com\/naturparkSFW\"],\"url\":\"https:\/\/www.naturparkmagazin.de\/schwaebisch-fraenkischer-wald\/author\/bernharddrixler\/\"}]}<\/script>\n<!-- \/ Yoast SEO plugin. -->","yoast_head_json":{"title":"Unterwegs mit den Naturparkf\u00fchrern im Monat September 2014 - Naturpark Schw\u00e4bisch-Fr\u00e4nkischer Wald","robots":{"index":"index","follow":"follow","max-snippet":"max-snippet:-1","max-image-preview":"max-image-preview:large","max-video-preview":"max-video-preview:-1"},"canonical":"https:\/\/www.naturparkmagazin.de\/schwaebisch-fraenkischer-wald\/unterwegs-mit-den-naturparkfuehrern-im-monat-september\/","og_locale":"de_DE","og_type":"article","og_title":"Unterwegs mit den Naturparkf\u00fchrern im Monat September 2014 - Naturpark Schw\u00e4bisch-Fr\u00e4nkischer Wald","og_description":"Seien Sie dabei, wenn die Naturparkf\u00fchrer einladen zu unvergesslichen Ausfl\u00fcgen, bei denen Sie die M\u00f6glichkeit haben in gem\u00fctlicher Runde viele neue Menschen kennenzulernen und viele sch\u00f6ne Dinge \u00fcber und aus dem Naturpark zu erfahren und zu entdecken.","og_url":"https:\/\/www.naturparkmagazin.de\/schwaebisch-fraenkischer-wald\/unterwegs-mit-den-naturparkfuehrern-im-monat-september\/","og_site_name":"Naturpark Schw\u00e4bisch-Fr\u00e4nkischer Wald","article_author":"https:\/\/www.facebook.com\/naturparkSFW","article_published_time":"2014-08-18T16:04:56+00:00","article_modified_time":"2014-08-27T09:53:32+00:00","og_image":[{"width":298,"height":573,"url":"https:\/\/www.naturparkmagazin.de\/schwaebisch-fraenkischer-wald\/wp-content\/uploads\/sites\/34\/2014_NPaktiv_Titel.jpg","type":"image\/jpeg"}],"author":"Naturpark-Team","twitter_misc":{"Verfasst von":"Naturpark-Team","Gesch\u00e4tzte Lesezeit":"6\u00a0Minuten"},"schema":{"@context":"https:\/\/schema.org","@graph":[{"@type":"WebPage","@id":"https:\/\/www.naturparkmagazin.de\/schwaebisch-fraenkischer-wald\/unterwegs-mit-den-naturparkfuehrern-im-monat-september\/","url":"https:\/\/www.naturparkmagazin.de\/schwaebisch-fraenkischer-wald\/unterwegs-mit-den-naturparkfuehrern-im-monat-september\/","name":"Unterwegs mit den Naturparkf\u00fchrern im Monat September 2014 - Naturpark Schw\u00e4bisch-Fr\u00e4nkischer Wald","isPartOf":{"@id":"https:\/\/www.naturparkmagazin.de\/schwaebisch-fraenkischer-wald\/#website"},"datePublished":"2014-08-18T16:04:56+00:00","dateModified":"2014-08-27T09:53:32+00:00","author":{"@id":"https:\/\/www.naturparkmagazin.de\/schwaebisch-fraenkischer-wald\/#\/schema\/person\/f047a3702ae747fd7830cf8ac95e6066"},"breadcrumb":{"@id":"https:\/\/www.naturparkmagazin.de\/schwaebisch-fraenkischer-wald\/unterwegs-mit-den-naturparkfuehrern-im-monat-september\/#breadcrumb"},"inLanguage":"de","potentialAction":[{"@type":"ReadAction","target":["https:\/\/www.naturparkmagazin.de\/schwaebisch-fraenkischer-wald\/unterwegs-mit-den-naturparkfuehrern-im-monat-september\/"]}]},{"@type":"BreadcrumbList","@id":"https:\/\/www.naturparkmagazin.de\/schwaebisch-fraenkischer-wald\/unterwegs-mit-den-naturparkfuehrern-im-monat-september\/#breadcrumb","itemListElement":[{"@type":"ListItem","position":1,"name":"Home","item":"https:\/\/www.naturparkmagazin.de\/schwaebisch-fraenkischer-wald\/"},{"@type":"ListItem","position":2,"name":"Unterwegs mit den Naturparkf\u00fchrern im Monat September 2014"}]},{"@type":"WebSite","@id":"https:\/\/www.naturparkmagazin.de\/schwaebisch-fraenkischer-wald\/#website","url":"https:\/\/www.naturparkmagazin.de\/schwaebisch-fraenkischer-wald\/","name":"Naturpark Schw\u00e4bisch-Fr\u00e4nkischer Wald","description":"","potentialAction":[{"@type":"SearchAction","target":{"@type":"EntryPoint","urlTemplate":"https:\/\/www.naturparkmagazin.de\/schwaebisch-fraenkischer-wald\/?s={search_term_string}"},"query-input":"required name=search_term_string"}],"inLanguage":"de"},{"@type":"Person","@id":"https:\/\/www.naturparkmagazin.de\/schwaebisch-fraenkischer-wald\/#\/schema\/person\/f047a3702ae747fd7830cf8ac95e6066","name":"Naturpark-Team","sameAs":["http:\/\/www.naturpark-sfw.de","https:\/\/www.facebook.com\/naturparkSFW"],"url":"https:\/\/www.naturparkmagazin.de\/schwaebisch-fraenkischer-wald\/author\/bernharddrixler\/"}]}},"_links":{"self":[{"href":"https:\/\/www.naturparkmagazin.de\/schwaebisch-fraenkischer-wald\/wp-json\/wp\/v2\/posts\/950"}],"collection":[{"href":"https:\/\/www.naturparkmagazin.de\/schwaebisch-fraenkischer-wald\/wp-json\/wp\/v2\/posts"}],"about":[{"href":"https:\/\/www.naturparkmagazin.de\/schwaebisch-fraenkischer-wald\/wp-json\/wp\/v2\/types\/post"}],"author":[{"embeddable":true,"href":"https:\/\/www.naturparkmagazin.de\/schwaebisch-fraenkischer-wald\/wp-json\/wp\/v2\/users\/25"}],"replies":[{"embeddable":true,"href":"https:\/\/www.naturparkmagazin.de\/schwaebisch-fraenkischer-wald\/wp-json\/wp\/v2\/comments?post=950"}],"version-history":[{"count":2,"href":"https:\/\/www.naturparkmagazin.de\/schwaebisch-fraenkischer-wald\/wp-json\/wp\/v2\/posts\/950\/revisions"}],"predecessor-version":[{"id":953,"href":"https:\/\/www.naturparkmagazin.de\/schwaebisch-fraenkischer-wald\/wp-json\/wp\/v2\/posts\/950\/revisions\/953"}],"wp:featuredmedia":[{"embeddable":true,"href":"https:\/\/www.naturparkmagazin.de\/schwaebisch-fraenkischer-wald\/wp-json\/wp\/v2\/media\/880"}],"wp:attachment":[{"href":"https:\/\/www.naturparkmagazin.de\/schwaebisch-fraenkischer-wald\/wp-json\/wp\/v2\/media?parent=950"}],"wp:term":[{"taxonomy":"category","embeddable":true,"href":"https:\/\/www.naturparkmagazin.de\/schwaebisch-fraenkischer-wald\/wp-json\/wp\/v2\/categories?post=950"},{"taxonomy":"post_tag","embeddable":true,"href":"https:\/\/www.naturparkmagazin.de\/schwaebisch-fraenkischer-wald\/wp-json\/wp\/v2\/tags?post=950"}],"curies":[{"name":"wp","href":"https:\/\/api.w.org\/{rel}","templated":true}]}}